{"id":12853,"date":"2020-09-30T18:23:20","date_gmt":"2020-09-30T16:23:20","guid":{"rendered":"https:\/\/www.naturparkmagazin.de\/vdn\/?p=12853"},"modified":"2020-10-19T11:51:19","modified_gmt":"2020-10-19T09:51:19","slug":"kaiserlicher-ausflug-zum-kyffhaeuser-denkmal","status":"publish","type":"post","link":"https:\/\/www.naturparkmagazin.de\/vdn\/kaiserlicher-ausflug-zum-kyffhaeuser-denkmal\/","title":{"rendered":"Kaiserlicher Ausflug zum Kyffh\u00e4user-Denkmal"},"content":{"rendered":"<p>&nbsp;<\/p>\n<div id=\"attachment_12854\" style=\"width: 310px\" class=\"wp-caption alignnone\"><a href=\"https:\/\/www.naturparkmagazin.de\/vdn\/wp-content\/uploads\/sites\/3\/Kyffh\u00e4userdenkmal-von-A.-Jungb.jpg\"><img aria-describedby=\"caption-attachment-12854\" decoding=\"async\" loading=\"lazy\" class=\"size-full wp-image-12854\" src=\"https:\/\/www.naturparkmagazin.de\/vdn\/wp-content\/uploads\/sites\/3\/Kyffh\u00e4userdenkmal-von-A.-Jungb.jpg\" alt=\"Kyffh\u00e4userdenkmal \u00a9 A. Jung\" width=\"300\" height=\"500\" srcset=\"https:\/\/www.naturparkmagazin.de\/vdn\/wp-content\/uploads\/sites\/3\/Kyffh\u00e4userdenkmal-von-A.-Jungb.jpg 300w, https:\/\/www.naturparkmagazin.de\/vdn\/wp-content\/uploads\/sites\/3\/Kyffh\u00e4userdenkmal-von-A.-Jungb-200x333.jpg 200w\" sizes=\"(max-width: 300px) 100vw, 300px\" \/><\/a><p id=\"caption-attachment-12854\" class=\"wp-caption-text\">Kyffh\u00e4userdenkmal \u00a9 A. Jung<\/p><\/div>\n<p>Sie wollen Geschichte, Kultur und Natur an einem Ort erleben? Mit dem Kyffh\u00e4user-Denkmal und dem umliegenden Kyffh\u00e4usergebirge gibt es diesen Ort.<\/p>\n<p>Von weitem sichtbar ragt auf dem 457 Meter hohen Bergsporn des Kyffh\u00e4usergebirges seit Jahrhunderten die Reichsburg Kyffhausen empor. Nicht erst mit dem Bau des 1896 fertigstellten Kyffh\u00e4user-Denkmals zu Ehren Kaiser Wilhelm I. ist dieser Ort von nationalgeschichtlicher Bedeutung. Nachdem Kaiser Friedrich I. auf dem Kreuzzug nach Jerusalem im Jahr 1190 den Tod fand, entstand eine der sch\u00f6nsten und romantischsten Sagen im deutschen Sprachraum: die Sage vom schlafenden Kaiser Barbarossa, der tief im Kyffh\u00e4usergebirge schl\u00e4ft und auf seine R\u00fcckkehr wartet.<\/p>\n<p>&nbsp;<\/p>\n<div id=\"attachment_12856\" style=\"width: 510px\" class=\"wp-caption alignnone\"><a href=\"https:\/\/www.naturparkmagazin.de\/vdn\/wp-content\/uploads\/sites\/3\/Kraniche-vorm-Kyffh\u00e4userdenkmal-Heiko-Kolbeb.jpg\"><img aria-describedby=\"caption-attachment-12856\" decoding=\"async\" loading=\"lazy\" class=\"size-full wp-image-12856\" src=\"https:\/\/www.naturparkmagazin.de\/vdn\/wp-content\/uploads\/sites\/3\/Kraniche-vorm-Kyffh\u00e4userdenkmal-Heiko-Kolbeb.jpg\" alt=\"Kraniche vorm Kyffh\u00e4userdenkmal \u00a9 Heiko Kolbe\" width=\"500\" height=\"300\" srcset=\"https:\/\/www.naturparkmagazin.de\/vdn\/wp-content\/uploads\/sites\/3\/Kraniche-vorm-Kyffh\u00e4userdenkmal-Heiko-Kolbeb.jpg 500w, https:\/\/www.naturparkmagazin.de\/vdn\/wp-content\/uploads\/sites\/3\/Kraniche-vorm-Kyffh\u00e4userdenkmal-Heiko-Kolbeb-300x180.jpg 300w, https:\/\/www.naturparkmagazin.de\/vdn\/wp-content\/uploads\/sites\/3\/Kraniche-vorm-Kyffh\u00e4userdenkmal-Heiko-Kolbeb-200x120.jpg 200w\" sizes=\"(max-width: 500px) 100vw, 500px\" \/><\/a><p id=\"caption-attachment-12856\" class=\"wp-caption-text\">Kraniche vorm Kyffh\u00e4userdenkmal \u00a9 Heiko Kolbe<\/p><\/div>\n<p>Erkunden Sie das Areal um die alte Reichsburg und begleiten Sie den Ritter auf einer F\u00fchrung im historischen Gewand. Erfahren Sie, wie das Leben auf der mittelalterlichen Burg einst war, staunen Sie \u00fcber die Architektur des Kyffh\u00e4user-Denkmals und fahren Sie virtuell in den mit 176 Metern tiefsten Burgbrunnen der Welt hinab. Doch ganz besonders halten Sie Ausschau nach den Raben. Der Sage um den schlafenden Kaiser Friedrich I. Barbarossa nach, wacht er alle hundert Jahre auf und schickt den Zwerg Alberich hinaus, um festzustellen, ob die Raben noch fliegen und er weitere hundert Jahre schlafen muss.<\/p>\n<p>Lassen Sie sich in den Bann ziehen! Es gibt viel zu entdecken!<\/p>\n<p>&nbsp;<\/p>\n<p><strong>\u00d6ffnungszeiten<\/strong><\/p>\n<p>April \u2013 Oktober\u00a0\u00a0\u00a0\u00a0\u00a0\u00a0\u00a0\u00a0 t\u00e4glich 9:30 bis 18:00 Uhr<\/p>\n<p>November \u2013 M\u00e4rz\u00a0\u00a0\u00a0 t\u00e4glich 10:00 bis 17:00 Uhr<\/p>\n<p>Letzter Einlass 30 Minuten vor Schlie\u00dfung;<\/p>\n<ol start=\"24\">\n<li>Dezember geschlossen<\/li>\n<\/ol>\n<p>&nbsp;<\/p>\n","protected":false},"excerpt":{"rendered":"<p>Sie wollen Geschichte, Kultur und Natur an einem Ort erleben? Mit dem Kyffh\u00e4user-Denkmal und dem umliegenden Kyffh\u00e4usergebirge gibt es diesen Ort<\/p>\n","protected":false},"author":73,"featured_media":12855,"comment_status":"open","ping_status":"open","sticky":false,"template":"","format":"standard","meta":{"_links_to":"","_links_to_target":""},"categories":[8],"tags":[2216,2215,2217,2214,2212,2211,2213],"yoast_head":"<!-- This site is optimized with the Yoast SEO plugin v19.10 - https:\/\/yoast.com\/wordpress\/plugins\/seo\/ -->\n<title>Kaiserlicher Ausflug zum Kyffh\u00e4user-Denkmal<\/title>\n<meta name=\"description\" content=\"Sie wollen Geschichte, Kultur und Natur an einem Ort erleben? Mit dem Kyffh\u00e4user-Denkmal und dem umliegenden Kyffh\u00e4usergebirge gibt es diesen Ort\" \/>\n<meta name=\"robots\" content=\"index, follow, max-snippet:-1, max-image-preview:large, max-video-preview:-1\" \/>\n<link rel=\"canonical\" href=\"https:\/\/www.naturparkmagazin.de\/vdn\/kaiserlicher-ausflug-zum-kyffhaeuser-denkmal\/\" \/>\n<meta property=\"og:locale\" content=\"de_DE\" \/>\n<meta property=\"og:type\" content=\"article\" \/>\n<meta property=\"og:title\" content=\"Kaiserlicher Ausflug zum Kyffh\u00e4user-Denkmal\" \/>\n<meta property=\"og:description\" content=\"Sie wollen Geschichte, Kultur und Natur an einem Ort erleben? Mit dem Kyffh\u00e4user-Denkmal und dem umliegenden Kyffh\u00e4usergebirge gibt es diesen Ort\" \/>\n<meta property=\"og:url\" content=\"https:\/\/www.naturparkmagazin.de\/vdn\/kaiserlicher-ausflug-zum-kyffhaeuser-denkmal\/\" \/>\n<meta property=\"og:site_name\" content=\"Verband Deutscher Naturparke\" \/>\n<meta property=\"article:published_time\" content=\"2020-09-30T16:23:20+00:00\" \/>\n<meta property=\"article:modified_time\" content=\"2020-10-19T09:51:19+00:00\" \/>\n<meta property=\"og:image\" content=\"https:\/\/www.naturparkmagazin.de\/vdn\/wp-content\/uploads\/sites\/3\/Kyffh\u00e4userdenkmal-von-A.-Jungbf.jpg\" \/>\n\t<meta property=\"og:image:width\" content=\"200\" \/>\n\t<meta property=\"og:image:height\" content=\"200\" \/>\n\t<meta property=\"og:image:type\" content=\"image\/jpeg\" \/>\n<meta name=\"author\" content=\"manuelamerz\" \/>\n<meta name=\"twitter:label1\" content=\"Verfasst von\" \/>\n\t<meta name=\"twitter:data1\" content=\"manuelamerz\" \/>\n\t<meta name=\"twitter:label2\" content=\"Gesch\u00e4tzte Lesezeit\" \/>\n\t<meta name=\"twitter:data2\" content=\"1\u00a0Minute\" \/>\n<script type=\"application\/ld+json\" class=\"yoast-schema-graph\">{\"@context\":\"https:\/\/schema.org\",\"@graph\":[{\"@type\":\"WebPage\",\"@id\":\"https:\/\/www.naturparkmagazin.de\/vdn\/kaiserlicher-ausflug-zum-kyffhaeuser-denkmal\/\",\"url\":\"https:\/\/www.naturparkmagazin.de\/vdn\/kaiserlicher-ausflug-zum-kyffhaeuser-denkmal\/\",\"name\":\"Kaiserlicher Ausflug zum Kyffh\u00e4user-Denkmal\",\"isPartOf\":{\"@id\":\"https:\/\/www.naturparkmagazin.de\/vdn\/#website\"},\"datePublished\":\"2020-09-30T16:23:20+00:00\",\"dateModified\":\"2020-10-19T09:51:19+00:00\",\"author\":{\"@id\":\"https:\/\/www.naturparkmagazin.de\/vdn\/#\/schema\/person\/3cff9b8773ed55f0189255fa9adfd57c\"},\"description\":\"Sie wollen Geschichte, Kultur und Natur an einem Ort erleben? Mit dem Kyffh\u00e4user-Denkmal und dem umliegenden Kyffh\u00e4usergebirge gibt es diesen Ort\",\"breadcrumb\":{\"@id\":\"https:\/\/www.naturparkmagazin.de\/vdn\/kaiserlicher-ausflug-zum-kyffhaeuser-denkmal\/#breadcrumb\"},\"inLanguage\":\"de\",\"potentialAction\":[{\"@type\":\"ReadAction\",\"target\":[\"https:\/\/www.naturparkmagazin.de\/vdn\/kaiserlicher-ausflug-zum-kyffhaeuser-denkmal\/\"]}]},{\"@type\":\"BreadcrumbList\",\"@id\":\"https:\/\/www.naturparkmagazin.de\/vdn\/kaiserlicher-ausflug-zum-kyffhaeuser-denkmal\/#breadcrumb\",\"itemListElement\":[{\"@type\":\"ListItem\",\"position\":1,\"name\":\"Home\",\"item\":\"https:\/\/www.naturparkmagazin.de\/vdn\/\"},{\"@type\":\"ListItem\",\"position\":2,\"name\":\"Kaiserlicher Ausflug zum Kyffh\u00e4user-Denkmal\"}]},{\"@type\":\"WebSite\",\"@id\":\"https:\/\/www.naturparkmagazin.de\/vdn\/#website\",\"url\":\"https:\/\/www.naturparkmagazin.de\/vdn\/\",\"name\":\"Verband Deutscher Naturparke\",\"description\":\"Eine weitere Naturparkmagazin.de Netzwerk Seite\",\"potentialAction\":[{\"@type\":\"SearchAction\",\"target\":{\"@type\":\"EntryPoint\",\"urlTemplate\":\"https:\/\/www.naturparkmagazin.de\/vdn\/?s={search_term_string}\"},\"query-input\":\"required name=search_term_string\"}],\"inLanguage\":\"de\"},{\"@type\":\"Person\",\"@id\":\"https:\/\/www.naturparkmagazin.de\/vdn\/#\/schema\/person\/3cff9b8773ed55f0189255fa9adfd57c\",\"name\":\"manuelamerz\",\"url\":\"https:\/\/www.naturparkmagazin.de\/vdn\/author\/manuelamerz\/\"}]}<\/script>\n<!-- \/ Yoast SEO plugin. -->","yoast_head_json":{"title":"Kaiserlicher Ausflug zum Kyffh\u00e4user-Denkmal","description":"Sie wollen Geschichte, Kultur und Natur an einem Ort erleben? Mit dem Kyffh\u00e4user-Denkmal und dem umliegenden Kyffh\u00e4usergebirge gibt es diesen Ort","robots":{"index":"index","follow":"follow","max-snippet":"max-snippet:-1","max-image-preview":"max-image-preview:large","max-video-preview":"max-video-preview:-1"},"canonical":"https:\/\/www.naturparkmagazin.de\/vdn\/kaiserlicher-ausflug-zum-kyffhaeuser-denkmal\/","og_locale":"de_DE","og_type":"article","og_title":"Kaiserlicher Ausflug zum Kyffh\u00e4user-Denkmal","og_description":"Sie wollen Geschichte, Kultur und Natur an einem Ort erleben? Mit dem Kyffh\u00e4user-Denkmal und dem umliegenden Kyffh\u00e4usergebirge gibt es diesen Ort","og_url":"https:\/\/www.naturparkmagazin.de\/vdn\/kaiserlicher-ausflug-zum-kyffhaeuser-denkmal\/","og_site_name":"Verband Deutscher Naturparke","article_published_time":"2020-09-30T16:23:20+00:00","article_modified_time":"2020-10-19T09:51:19+00:00","og_image":[{"width":200,"height":200,"url":"https:\/\/www.naturparkmagazin.de\/vdn\/wp-content\/uploads\/sites\/3\/Kyffh\u00e4userdenkmal-von-A.-Jungbf.jpg","type":"image\/jpeg"}],"author":"manuelamerz","twitter_misc":{"Verfasst von":"manuelamerz","Gesch\u00e4tzte Lesezeit":"1\u00a0Minute"},"schema":{"@context":"https:\/\/schema.org","@graph":[{"@type":"WebPage","@id":"https:\/\/www.naturparkmagazin.de\/vdn\/kaiserlicher-ausflug-zum-kyffhaeuser-denkmal\/","url":"https:\/\/www.naturparkmagazin.de\/vdn\/kaiserlicher-ausflug-zum-kyffhaeuser-denkmal\/","name":"Kaiserlicher Ausflug zum Kyffh\u00e4user-Denkmal","isPartOf":{"@id":"https:\/\/www.naturparkmagazin.de\/vdn\/#website"},"datePublished":"2020-09-30T16:23:20+00:00","dateModified":"2020-10-19T09:51:19+00:00","author":{"@id":"https:\/\/www.naturparkmagazin.de\/vdn\/#\/schema\/person\/3cff9b8773ed55f0189255fa9adfd57c"},"description":"Sie wollen Geschichte, Kultur und Natur an einem Ort erleben? Mit dem Kyffh\u00e4user-Denkmal und dem umliegenden Kyffh\u00e4usergebirge gibt es diesen Ort","breadcrumb":{"@id":"https:\/\/www.naturparkmagazin.de\/vdn\/kaiserlicher-ausflug-zum-kyffhaeuser-denkmal\/#breadcrumb"},"inLanguage":"de","potentialAction":[{"@type":"ReadAction","target":["https:\/\/www.naturparkmagazin.de\/vdn\/kaiserlicher-ausflug-zum-kyffhaeuser-denkmal\/"]}]},{"@type":"BreadcrumbList","@id":"https:\/\/www.naturparkmagazin.de\/vdn\/kaiserlicher-ausflug-zum-kyffhaeuser-denkmal\/#breadcrumb","itemListElement":[{"@type":"ListItem","position":1,"name":"Home","item":"https:\/\/www.naturparkmagazin.de\/vdn\/"},{"@type":"ListItem","position":2,"name":"Kaiserlicher Ausflug zum Kyffh\u00e4user-Denkmal"}]},{"@type":"WebSite","@id":"https:\/\/www.naturparkmagazin.de\/vdn\/#website","url":"https:\/\/www.naturparkmagazin.de\/vdn\/","name":"Verband Deutscher Naturparke","description":"Eine weitere Naturparkmagazin.de Netzwerk Seite","potentialAction":[{"@type":"SearchAction","target":{"@type":"EntryPoint","urlTemplate":"https:\/\/www.naturparkmagazin.de\/vdn\/?s={search_term_string}"},"query-input":"required name=search_term_string"}],"inLanguage":"de"},{"@type":"Person","@id":"https:\/\/www.naturparkmagazin.de\/vdn\/#\/schema\/person\/3cff9b8773ed55f0189255fa9adfd57c","name":"manuelamerz","url":"https:\/\/www.naturparkmagazin.de\/vdn\/author\/manuelamerz\/"}]}},"_links":{"self":[{"href":"https:\/\/www.naturparkmagazin.de\/vdn\/wp-json\/wp\/v2\/posts\/12853"}],"collection":[{"href":"https:\/\/www.naturparkmagazin.de\/vdn\/wp-json\/wp\/v2\/posts"}],"about":[{"href":"https:\/\/www.naturparkmagazin.de\/vdn\/wp-json\/wp\/v2\/types\/post"}],"author":[{"embeddable":true,"href":"https:\/\/www.naturparkmagazin.de\/vdn\/wp-json\/wp\/v2\/users\/73"}],"replies":[{"embeddable":true,"href":"https:\/\/www.naturparkmagazin.de\/vdn\/wp-json\/wp\/v2\/comments?post=12853"}],"version-history":[{"count":2,"href":"https:\/\/www.naturparkmagazin.de\/vdn\/wp-json\/wp\/v2\/posts\/12853\/revisions"}],"predecessor-version":[{"id":12860,"href":"https:\/\/www.naturparkmagazin.de\/vdn\/wp-json\/wp\/v2\/posts\/12853\/revisions\/12860"}],"wp:featuredmedia":[{"embeddable":true,"href":"https:\/\/www.naturparkmagazin.de\/vdn\/wp-json\/wp\/v2\/media\/12855"}],"wp:attachment":[{"href":"https:\/\/www.naturparkmagazin.de\/vdn\/wp-json\/wp\/v2\/media?parent=12853"}],"wp:term":[{"taxonomy":"category","embeddable":true,"href":"https:\/\/www.naturparkmagazin.de\/vdn\/wp-json\/wp\/v2\/categories?post=12853"},{"taxonomy":"post_tag","embeddable":true,"href":"https:\/\/www.naturparkmagazin.de\/vdn\/wp-json\/wp\/v2\/tags?post=12853"}],"curies":[{"name":"wp","href":"https:\/\/api.w.org\/{rel}","templated":true}]}}