{"id":13113,"date":"2020-11-13T08:50:43","date_gmt":"2020-11-13T07:50:43","guid":{"rendered":"https:\/\/www.naturparkmagazin.de\/vdn\/?p=13113"},"modified":"2020-12-11T15:35:15","modified_gmt":"2020-12-11T14:35:15","slug":"tradition-trotz-pandemie","status":"publish","type":"post","link":"https:\/\/www.naturparkmagazin.de\/vdn\/tradition-trotz-pandemie\/","title":{"rendered":"Tradition trotz Pandemie"},"content":{"rendered":"<div id=\"attachment_13165\" style=\"width: 510px\" class=\"wp-caption aligncenter\"><a href=\"https:\/\/www.naturparkmagazin.de\/vdn\/wp-content\/uploads\/sites\/3\/DSC_0448beitrag.jpg\"><img aria-describedby=\"caption-attachment-13165\" decoding=\"async\" loading=\"lazy\" class=\"size-full wp-image-13165\" src=\"https:\/\/www.naturparkmagazin.de\/vdn\/wp-content\/uploads\/sites\/3\/DSC_0448beitrag.jpg\" alt=\"Copyright: Naturpark Dahme-Heideseen\" width=\"500\" height=\"300\" srcset=\"https:\/\/www.naturparkmagazin.de\/vdn\/wp-content\/uploads\/sites\/3\/DSC_0448beitrag.jpg 500w, https:\/\/www.naturparkmagazin.de\/vdn\/wp-content\/uploads\/sites\/3\/DSC_0448beitrag-300x180.jpg 300w, https:\/\/www.naturparkmagazin.de\/vdn\/wp-content\/uploads\/sites\/3\/DSC_0448beitrag-200x120.jpg 200w\" sizes=\"(max-width: 500px) 100vw, 500px\" \/><\/a><p id=\"caption-attachment-13165\" class=\"wp-caption-text\">Copyright: Naturpark Dahme-Heideseen<\/p><\/div>\n<p>Seit dem Jahr 2002 stellt in jedem Jahr ein Naturpark gemeinsam mit dem Verband Deutscher Naturparke einen Weihnachtsbaum f\u00fcr die Mitglieder und Mitarbeitenden des Deutschen Bundestags auf. Der diesj\u00e4hrige Baum kommt aus dem Naturpark Dahme-Heideseen. Sch\u00fclerinnen und Sch\u00fcler der Naturpark-Grundschule Prieros hatten mit selbst gebasteltem Baumbehang dem diesj\u00e4hrigen Weihnachtsbaum im Bundestag ein buntes Kleid verpasst.<\/p>\n<div id=\"attachment_13166\" style=\"width: 410px\" class=\"wp-caption aligncenter\"><a href=\"https:\/\/www.naturparkmagazin.de\/vdn\/wp-content\/uploads\/sites\/3\/dsc07175-ps-2-skal-beitrag.jpg\"><img aria-describedby=\"caption-attachment-13166\" decoding=\"async\" loading=\"lazy\" class=\"size-full wp-image-13166\" src=\"https:\/\/www.naturparkmagazin.de\/vdn\/wp-content\/uploads\/sites\/3\/dsc07175-ps-2-skal-beitrag.jpg\" alt=\"Copyright: Naturpark Dahme-Heideseen\" width=\"400\" height=\"500\" srcset=\"https:\/\/www.naturparkmagazin.de\/vdn\/wp-content\/uploads\/sites\/3\/dsc07175-ps-2-skal-beitrag.jpg 400w, https:\/\/www.naturparkmagazin.de\/vdn\/wp-content\/uploads\/sites\/3\/dsc07175-ps-2-skal-beitrag-300x375.jpg 300w, https:\/\/www.naturparkmagazin.de\/vdn\/wp-content\/uploads\/sites\/3\/dsc07175-ps-2-skal-beitrag-200x250.jpg 200w\" sizes=\"(max-width: 400px) 100vw, 400px\" \/><\/a><p id=\"caption-attachment-13166\" class=\"wp-caption-text\">Copyright: Naturpark Dahme-Heideseen<\/p><\/div>\n<p>\u00dcberreicht wurde die f\u00fcnf Meter hohe Tanne vom Leiter des Naturparks Dahme-Heideseen, Gunnar Heyne, gemeinsam mit dem Pr\u00e4sidenten des Verbandes Deutscher Naturparke e. V. (VDN), Friedel Heuwinkel, an den Vizepr\u00e4sidenten des Deutschen Bundestages, Wolfgang Kubicki, MdB sowie an Jana Schimke, MdB, die ihren Wahlkreis im Naturpark Dahme-Heideseen hat und auch Botschafterin des Naturparks ist. Aufgrund der Corona-Pandemie konnten die Sch\u00fclerinnen und Sch\u00fcler aus Prieros bei der Veranstaltung leider nicht dabei sein. Der Naturpark Dahme-Heideseen ist einer von elf Naturparken in Brandenburg.<\/p>\n<p>\u201eWir freuen uns\u201c, betonte Gunnar Heyne, \u201edass mit unserem Weihnachtsbaum in den n\u00e4chsten Wochen ein St\u00fcck Naturpark Dahme-Heideseen im Deutschen Bundestag steht und zur weihnachtlichen Stimmung beitragen kann.&#8220; \u201eDeutschland besitzt mit aktuell 103 Naturparken eine starke Naturparkbewegung, die auf 28% der Fl\u00e4che Deutschlands mit ihrer Arbeit einen wichtigen Beitrag f\u00fcr eine nachhaltige Regionalentwicklung, zum Erhalt der biologischen Vielfalt sowie zum Klimaschutz leistet\u201c, erg\u00e4nzte Friedel Heuwinkel bei der \u00dcbergabe des Weihnachtsbaumes. \u201eDieser sch\u00f6ne Baum steht symbolisch f\u00fcr die Leistungen der deutschen Naturparke f\u00fcr Mensch und Natur\u201c, so Heuwinkel weiter. Gestiftet wurde der diesj\u00e4hrige Baum von der Hatzfeldt-Wildenburg\u00b4schen Verwaltung aus ihrem Forstrevier Massow.<\/p>\n<p>&gt;&gt;<strong><a href=\"https:\/\/www.naturparke.de\/fileadmin\/files\/public\/Aktuelles\/Pressemitteilungen_pdf\/Pressemitteilung_Weihnachtsbaum_2020_final.pdf\" target=\"_blank\"> Hier<\/a><\/strong> k\u00f6nnen Sie die Pressemitteilung downloaden<\/p>\n<p>&nbsp;<\/p>\n","protected":false},"excerpt":{"rendered":"<p>Ein Weihnachtsbaum aus dem Naturpark Dahme-Heideseen schm\u00fcckt zur Adventszeit den Deutschen Bundestag.<\/p>\n","protected":false},"author":73,"featured_media":13167,"comment_status":"open","ping_status":"open","sticky":false,"template":"","format":"standard","meta":{"_links_to":"","_links_to_target":""},"categories":[7],"tags":[788,1445,2309,2311,592,2312,1054,786,2310],"yoast_head":"<!-- This site is optimized with the Yoast SEO plugin v19.10 - https:\/\/yoast.com\/wordpress\/plugins\/seo\/ -->\n<title>Tradition trotz Pandemie<\/title>\n<meta name=\"description\" content=\"Ein Weihnachtsbaum aus dem Naturpark Dahme-Heideseen schm\u00fcckt zur Adventszeit den Deutschen Bundestag.\" \/>\n<meta name=\"robots\" content=\"index, follow, max-snippet:-1, max-image-preview:large, max-video-preview:-1\" \/>\n<link rel=\"canonical\" href=\"https:\/\/www.naturparkmagazin.de\/vdn\/tradition-trotz-pandemie\/\" \/>\n<meta property=\"og:locale\" content=\"de_DE\" \/>\n<meta property=\"og:type\" content=\"article\" \/>\n<meta property=\"og:title\" content=\"Tradition trotz Pandemie\" \/>\n<meta property=\"og:description\" content=\"Ein Weihnachtsbaum aus dem Naturpark Dahme-Heideseen schm\u00fcckt zur Adventszeit den Deutschen Bundestag.\" \/>\n<meta property=\"og:url\" content=\"https:\/\/www.naturparkmagazin.de\/vdn\/tradition-trotz-pandemie\/\" \/>\n<meta property=\"og:site_name\" content=\"Verband Deutscher Naturparke\" \/>\n<meta property=\"article:published_time\" content=\"2020-11-13T07:50:43+00:00\" \/>\n<meta property=\"article:modified_time\" content=\"2020-12-11T14:35:15+00:00\" \/>\n<meta property=\"og:image\" content=\"https:\/\/www.naturparkmagazin.de\/vdn\/wp-content\/uploads\/sites\/3\/DSC_0448beitragsbild.jpg\" \/>\n\t<meta property=\"og:image:width\" content=\"200\" \/>\n\t<meta property=\"og:image:height\" content=\"200\" \/>\n\t<meta property=\"og:image:type\" content=\"image\/jpeg\" \/>\n<meta name=\"author\" content=\"manuelamerz\" \/>\n<meta name=\"twitter:label1\" content=\"Verfasst von\" \/>\n\t<meta name=\"twitter:data1\" content=\"manuelamerz\" \/>\n\t<meta name=\"twitter:label2\" content=\"Gesch\u00e4tzte Lesezeit\" \/>\n\t<meta name=\"twitter:data2\" content=\"1\u00a0Minute\" \/>\n<script type=\"application\/ld+json\" class=\"yoast-schema-graph\">{\"@context\":\"https:\/\/schema.org\",\"@graph\":[{\"@type\":\"WebPage\",\"@id\":\"https:\/\/www.naturparkmagazin.de\/vdn\/tradition-trotz-pandemie\/\",\"url\":\"https:\/\/www.naturparkmagazin.de\/vdn\/tradition-trotz-pandemie\/\",\"name\":\"Tradition trotz Pandemie\",\"isPartOf\":{\"@id\":\"https:\/\/www.naturparkmagazin.de\/vdn\/#website\"},\"datePublished\":\"2020-11-13T07:50:43+00:00\",\"dateModified\":\"2020-12-11T14:35:15+00:00\",\"author\":{\"@id\":\"https:\/\/www.naturparkmagazin.de\/vdn\/#\/schema\/person\/3cff9b8773ed55f0189255fa9adfd57c\"},\"description\":\"Ein Weihnachtsbaum aus dem Naturpark Dahme-Heideseen schm\u00fcckt zur Adventszeit den Deutschen Bundestag.\",\"breadcrumb\":{\"@id\":\"https:\/\/www.naturparkmagazin.de\/vdn\/tradition-trotz-pandemie\/#breadcrumb\"},\"inLanguage\":\"de\",\"potentialAction\":[{\"@type\":\"ReadAction\",\"target\":[\"https:\/\/www.naturparkmagazin.de\/vdn\/tradition-trotz-pandemie\/\"]}]},{\"@type\":\"BreadcrumbList\",\"@id\":\"https:\/\/www.naturparkmagazin.de\/vdn\/tradition-trotz-pandemie\/#breadcrumb\",\"itemListElement\":[{\"@type\":\"ListItem\",\"position\":1,\"name\":\"Home\",\"item\":\"https:\/\/www.naturparkmagazin.de\/vdn\/\"},{\"@type\":\"ListItem\",\"position\":2,\"name\":\"Tradition trotz Pandemie\"}]},{\"@type\":\"WebSite\",\"@id\":\"https:\/\/www.naturparkmagazin.de\/vdn\/#website\",\"url\":\"https:\/\/www.naturparkmagazin.de\/vdn\/\",\"name\":\"Verband Deutscher Naturparke\",\"description\":\"Eine weitere Naturparkmagazin.de Netzwerk Seite\",\"potentialAction\":[{\"@type\":\"SearchAction\",\"target\":{\"@type\":\"EntryPoint\",\"urlTemplate\":\"https:\/\/www.naturparkmagazin.de\/vdn\/?s={search_term_string}\"},\"query-input\":\"required name=search_term_string\"}],\"inLanguage\":\"de\"},{\"@type\":\"Person\",\"@id\":\"https:\/\/www.naturparkmagazin.de\/vdn\/#\/schema\/person\/3cff9b8773ed55f0189255fa9adfd57c\",\"name\":\"manuelamerz\",\"url\":\"https:\/\/www.naturparkmagazin.de\/vdn\/author\/manuelamerz\/\"}]}<\/script>\n<!-- \/ Yoast SEO plugin. -->","yoast_head_json":{"title":"Tradition trotz Pandemie","description":"Ein Weihnachtsbaum aus dem Naturpark Dahme-Heideseen schm\u00fcckt zur Adventszeit den Deutschen Bundestag.","robots":{"index":"index","follow":"follow","max-snippet":"max-snippet:-1","max-image-preview":"max-image-preview:large","max-video-preview":"max-video-preview:-1"},"canonical":"https:\/\/www.naturparkmagazin.de\/vdn\/tradition-trotz-pandemie\/","og_locale":"de_DE","og_type":"article","og_title":"Tradition trotz Pandemie","og_description":"Ein Weihnachtsbaum aus dem Naturpark Dahme-Heideseen schm\u00fcckt zur Adventszeit den Deutschen Bundestag.","og_url":"https:\/\/www.naturparkmagazin.de\/vdn\/tradition-trotz-pandemie\/","og_site_name":"Verband Deutscher Naturparke","article_published_time":"2020-11-13T07:50:43+00:00","article_modified_time":"2020-12-11T14:35:15+00:00","og_image":[{"width":200,"height":200,"url":"https:\/\/www.naturparkmagazin.de\/vdn\/wp-content\/uploads\/sites\/3\/DSC_0448beitragsbild.jpg","type":"image\/jpeg"}],"author":"manuelamerz","twitter_misc":{"Verfasst von":"manuelamerz","Gesch\u00e4tzte Lesezeit":"1\u00a0Minute"},"schema":{"@context":"https:\/\/schema.org","@graph":[{"@type":"WebPage","@id":"https:\/\/www.naturparkmagazin.de\/vdn\/tradition-trotz-pandemie\/","url":"https:\/\/www.naturparkmagazin.de\/vdn\/tradition-trotz-pandemie\/","name":"Tradition trotz Pandemie","isPartOf":{"@id":"https:\/\/www.naturparkmagazin.de\/vdn\/#website"},"datePublished":"2020-11-13T07:50:43+00:00","dateModified":"2020-12-11T14:35:15+00:00","author":{"@id":"https:\/\/www.naturparkmagazin.de\/vdn\/#\/schema\/person\/3cff9b8773ed55f0189255fa9adfd57c"},"description":"Ein Weihnachtsbaum aus dem Naturpark Dahme-Heideseen schm\u00fcckt zur Adventszeit den Deutschen Bundestag.","breadcrumb":{"@id":"https:\/\/www.naturparkmagazin.de\/vdn\/tradition-trotz-pandemie\/#breadcrumb"},"inLanguage":"de","potentialAction":[{"@type":"ReadAction","target":["https:\/\/www.naturparkmagazin.de\/vdn\/tradition-trotz-pandemie\/"]}]},{"@type":"BreadcrumbList","@id":"https:\/\/www.naturparkmagazin.de\/vdn\/tradition-trotz-pandemie\/#breadcrumb","itemListElement":[{"@type":"ListItem","position":1,"name":"Home","item":"https:\/\/www.naturparkmagazin.de\/vdn\/"},{"@type":"ListItem","position":2,"name":"Tradition trotz Pandemie"}]},{"@type":"WebSite","@id":"https:\/\/www.naturparkmagazin.de\/vdn\/#website","url":"https:\/\/www.naturparkmagazin.de\/vdn\/","name":"Verband Deutscher Naturparke","description":"Eine weitere Naturparkmagazin.de Netzwerk Seite","potentialAction":[{"@type":"SearchAction","target":{"@type":"EntryPoint","urlTemplate":"https:\/\/www.naturparkmagazin.de\/vdn\/?s={search_term_string}"},"query-input":"required name=search_term_string"}],"inLanguage":"de"},{"@type":"Person","@id":"https:\/\/www.naturparkmagazin.de\/vdn\/#\/schema\/person\/3cff9b8773ed55f0189255fa9adfd57c","name":"manuelamerz","url":"https:\/\/www.naturparkmagazin.de\/vdn\/author\/manuelamerz\/"}]}},"_links":{"self":[{"href":"https:\/\/www.naturparkmagazin.de\/vdn\/wp-json\/wp\/v2\/posts\/13113"}],"collection":[{"href":"https:\/\/www.naturparkmagazin.de\/vdn\/wp-json\/wp\/v2\/posts"}],"about":[{"href":"https:\/\/www.naturparkmagazin.de\/vdn\/wp-json\/wp\/v2\/types\/post"}],"author":[{"embeddable":true,"href":"https:\/\/www.naturparkmagazin.de\/vdn\/wp-json\/wp\/v2\/users\/73"}],"replies":[{"embeddable":true,"href":"https:\/\/www.naturparkmagazin.de\/vdn\/wp-json\/wp\/v2\/comments?post=13113"}],"version-history":[{"count":8,"href":"https:\/\/www.naturparkmagazin.de\/vdn\/wp-json\/wp\/v2\/posts\/13113\/revisions"}],"predecessor-version":[{"id":13170,"href":"https:\/\/www.naturparkmagazin.de\/vdn\/wp-json\/wp\/v2\/posts\/13113\/revisions\/13170"}],"wp:featuredmedia":[{"embeddable":true,"href":"https:\/\/www.naturparkmagazin.de\/vdn\/wp-json\/wp\/v2\/media\/13167"}],"wp:attachment":[{"href":"https:\/\/www.naturparkmagazin.de\/vdn\/wp-json\/wp\/v2\/media?parent=13113"}],"wp:term":[{"taxonomy":"category","embeddable":true,"href":"https:\/\/www.naturparkmagazin.de\/vdn\/wp-json\/wp\/v2\/categories?post=13113"},{"taxonomy":"post_tag","embeddable":true,"href":"https:\/\/www.naturparkmagazin.de\/vdn\/wp-json\/wp\/v2\/tags?post=13113"}],"curies":[{"name":"wp","href":"https:\/\/api.w.org\/{rel}","templated":true}]}}