{"id":13193,"date":"2020-12-31T12:57:07","date_gmt":"2020-12-31T11:57:07","guid":{"rendered":"https:\/\/www.naturparkmagazin.de\/vdn\/?p=13193"},"modified":"2021-01-11T10:56:47","modified_gmt":"2021-01-11T09:56:47","slug":"naturpark-noerdlicher-oberpfaelzer-wald","status":"publish","type":"post","link":"https:\/\/www.naturparkmagazin.de\/vdn\/naturpark-noerdlicher-oberpfaelzer-wald\/","title":{"rendered":"Naturpark N\u00f6rdlicher Oberpf\u00e4lzer Wald"},"content":{"rendered":"<div id=\"attachment_13196\" style=\"width: 510px\" class=\"wp-caption alignnone\"><a href=\"https:\/\/www.naturparkmagazin.de\/vdn\/wp-content\/uploads\/sites\/3\/burgruine-flossenbrg-vor-untergehender-sonneb.jpg\"><img aria-describedby=\"caption-attachment-13196\" decoding=\"async\" loading=\"lazy\" class=\"size-full wp-image-13196\" src=\"https:\/\/www.naturparkmagazin.de\/vdn\/wp-content\/uploads\/sites\/3\/burgruine-flossenbrg-vor-untergehender-sonneb.jpg\" alt=\"Burgruine vor untergehender Sonne \u00a9 VDN\/Norbert Schreiber\" width=\"500\" height=\"300\" srcset=\"https:\/\/www.naturparkmagazin.de\/vdn\/wp-content\/uploads\/sites\/3\/burgruine-flossenbrg-vor-untergehender-sonneb.jpg 500w, https:\/\/www.naturparkmagazin.de\/vdn\/wp-content\/uploads\/sites\/3\/burgruine-flossenbrg-vor-untergehender-sonneb-300x180.jpg 300w, https:\/\/www.naturparkmagazin.de\/vdn\/wp-content\/uploads\/sites\/3\/burgruine-flossenbrg-vor-untergehender-sonneb-200x120.jpg 200w\" sizes=\"(max-width: 500px) 100vw, 500px\" \/><\/a><p id=\"caption-attachment-13196\" class=\"wp-caption-text\">Burgruine vor untergehender Sonne \u00a9 VDN\/Norbert Schreiber<\/p><\/div>\n<p>Kaum ein anderer Naturpark in Deutschland ist so reich strukturiert wie der 1975 gegr\u00fcndete N\u00f6rdliche Oberpf\u00e4lzer Wald. Er bildet das Herzst\u00fcck des Landkreises Neustadt a.d. Waldnaab, der kreisfreien Stadt Weiden i.d. OPf sowie Teilen des Landkreises Tirschenreuth.<\/p>\n<p>Mit dem tiefsten Loch der Erde, dem sch\u00f6nsten Basaltkegel Europas, dem l\u00e4ngsten Bahntrassenradweg Bayerns und der sch\u00f6nsten Burgruine der Oberpfalz reichen sich hier viele Superlative die Hand. So bietet er als ausgezeichneter deutscher &#8222;Qualit\u00e4tsnaturpark&#8220; sowie langj\u00e4hriger Partner der Umweltdachmarke<a href=\"http:\/\/www.viabono.de\" target=\"_blank\"> &#8222;Viabono- Reisen nat\u00fcrlich genie\u00dfen&#8220;<\/a> im Reigen der Nationalen Naturlandschaften seinen G\u00e4sten ein bereits mehrfach ausgezeichnetes umweltorientiertes Erholungsangebot.<\/p>\n<p>&nbsp;<\/p>\n<div id=\"attachment_13197\" style=\"width: 510px\" class=\"wp-caption alignnone\"><a href=\"https:\/\/www.naturparkmagazin.de\/vdn\/wp-content\/uploads\/sites\/3\/img-6790-1-2-easyhdr-001b.jpg\"><img aria-describedby=\"caption-attachment-13197\" decoding=\"async\" loading=\"lazy\" class=\"size-full wp-image-13197\" src=\"https:\/\/www.naturparkmagazin.de\/vdn\/wp-content\/uploads\/sites\/3\/img-6790-1-2-easyhdr-001b.jpg\" alt=\"Hessenreuther Wald \u00a9 VDN\/Werner Schuster\" width=\"500\" height=\"300\" srcset=\"https:\/\/www.naturparkmagazin.de\/vdn\/wp-content\/uploads\/sites\/3\/img-6790-1-2-easyhdr-001b.jpg 500w, https:\/\/www.naturparkmagazin.de\/vdn\/wp-content\/uploads\/sites\/3\/img-6790-1-2-easyhdr-001b-300x180.jpg 300w, https:\/\/www.naturparkmagazin.de\/vdn\/wp-content\/uploads\/sites\/3\/img-6790-1-2-easyhdr-001b-200x120.jpg 200w\" sizes=\"(max-width: 500px) 100vw, 500px\" \/><\/a><p id=\"caption-attachment-13197\" class=\"wp-caption-text\">Hessenreuther Wald \u00a9 VDN\/Werner Schuster<\/p><\/div>\n<p>Naturpark ist sicherlich mehr als nur eine Gebietsbezeichnung; der Naturpark N\u00f6rdlicher Oberpf\u00e4lzer Wald ist Heimat vieler unterschiedlicher Interessen von Menschen, die dort leben und arbeiten, wo andere Urlaub machen und gilt als Geheimtipp f\u00fcr Naturliebhaber, die das Besondere suchen, die gerne weitab von gro\u00dfen Tourismusstr\u00f6men Zwiesprache mit der Natur halten und einfach mal die Seele baumeln lassen wollen.<\/p>\n<p>Das Gebiet umfasst den gesamten Landkreis Neustadt a.d. Waldnaab, s\u00fcdliche Teile des Landkreises Tirschenreuth und die Stadt Weiden i.d. OPf. mit einer Gesamtfl\u00e4che von rund 138.000 ha.<\/p>\n<p>Harmonisch f\u00fcgen sich D\u00f6rfer und St\u00e4dte in die gewachsene Mittelgebirgslandschaft ein. In den T\u00e4lern finden sich Teiche und Flussauen, deren Lebensgemeinschaften vielerorts besonderen Schutz genie\u00dfen. Sie verleihen dem Menschen schnell das Gef\u00fchl von Heimat und lassen jahrhundertealte Erfahrungswerte mit dem Umgang von Landschaft erahnen.<\/p>\n<p>&nbsp;<\/p>\n<div id=\"attachment_13198\" style=\"width: 510px\" class=\"wp-caption alignnone\"><a href=\"https:\/\/www.naturparkmagazin.de\/vdn\/wp-content\/uploads\/sites\/3\/Kappl_35b.jpg\"><img aria-describedby=\"caption-attachment-13198\" decoding=\"async\" loading=\"lazy\" class=\"size-full wp-image-13198\" src=\"https:\/\/www.naturparkmagazin.de\/vdn\/wp-content\/uploads\/sites\/3\/Kappl_35b.jpg\" alt=\"Kappl \u00a9 VDN\/Johann Schuster\" width=\"500\" height=\"300\" srcset=\"https:\/\/www.naturparkmagazin.de\/vdn\/wp-content\/uploads\/sites\/3\/Kappl_35b.jpg 500w, https:\/\/www.naturparkmagazin.de\/vdn\/wp-content\/uploads\/sites\/3\/Kappl_35b-300x180.jpg 300w, https:\/\/www.naturparkmagazin.de\/vdn\/wp-content\/uploads\/sites\/3\/Kappl_35b-200x120.jpg 200w\" sizes=\"(max-width: 500px) 100vw, 500px\" \/><\/a><p id=\"caption-attachment-13198\" class=\"wp-caption-text\">Kappl \u00a9 VDN\/Johann Schuster<\/p><\/div>\n<p>Zusammen mit den benachbarten Naturparken Fichtelgebirge, Steinwald und Oberpf\u00e4lzer Wald bildet der Naturpark N\u00f6rdlicher Oberpf\u00e4lzer Wald ein gr\u00fcnes Band entlang der Grenze zum tschechischen Nachbarn.<\/p>\n<p>Das Bild des \u00f6stlichen Teils des Naturparks bestimmen bewaldete R\u00fccken mit kleinen Bacht\u00e4lchen, Weihern und feuchten bis moorigen Wiesen. W\u00e4hrend im Zentrum des dortigen Naturparkgebiets Agrarland dominiert, wechseln sich weiter \u00f6stlich offene Rodungsinseln und Waldmassive ab. Und nach Westen hin erstreckt sich das Gebiet ab einer markanten geologischen Bruchkante (\u201eFr\u00e4nkische Linie&#8220;) weit in das Oberpf\u00e4lzer H\u00fcgelland hinein. Gespeist von zahlreichen B\u00e4chen durchflie\u00dfen es u.a. die Waldnaab und die Haidenaab. Ihre fr\u00fcher ungemeine Bedeutung als Verkehrsachsen lie\u00df dort viele Orte, in denen heute noch zahllose historische Kulturdenkm\u00e4ler zu bewundern sind, entstehen.<\/p>\n<p>&nbsp;<\/p>\n<div id=\"attachment_13199\" style=\"width: 510px\" class=\"wp-caption alignnone\"><a href=\"https:\/\/www.naturparkmagazin.de\/vdn\/wp-content\/uploads\/sites\/3\/1-p1660687-8-9-tm-wb-npb.jpg\"><img aria-describedby=\"caption-attachment-13199\" decoding=\"async\" loading=\"lazy\" class=\"size-full wp-image-13199\" src=\"https:\/\/www.naturparkmagazin.de\/vdn\/wp-content\/uploads\/sites\/3\/1-p1660687-8-9-tm-wb-npb.jpg\" alt=\"Himmels-Steine \u00a9 VDN\/dietmar tunk\" width=\"500\" height=\"300\" srcset=\"https:\/\/www.naturparkmagazin.de\/vdn\/wp-content\/uploads\/sites\/3\/1-p1660687-8-9-tm-wb-npb.jpg 500w, https:\/\/www.naturparkmagazin.de\/vdn\/wp-content\/uploads\/sites\/3\/1-p1660687-8-9-tm-wb-npb-300x180.jpg 300w, https:\/\/www.naturparkmagazin.de\/vdn\/wp-content\/uploads\/sites\/3\/1-p1660687-8-9-tm-wb-npb-200x120.jpg 200w\" sizes=\"(max-width: 500px) 100vw, 500px\" \/><\/a><p id=\"caption-attachment-13199\" class=\"wp-caption-text\">Himmels-Steine \u00a9 VDN\/dietmar tunk<\/p><\/div>\n<p>Eine geologische Besonderheit allemal sind die in Zusammenhang mit dem terti\u00e4ren Vulkanismus entstandenen Basaltkegel. Mit dem Parkstein, den Kulmen, dem K\u00fchh\u00fcbel und einigen anderen Erhebungen liegt hier das s\u00fcdlichste Vulkangebiet Bayerns.<\/p>\n<p>Erholungssuchende haben vielf\u00e4ltige M\u00f6glichkeiten sich in dieser vielf\u00e4ltigen Landschaft zu entspannen und zu regenerieren.<\/p>\n<p>Der Naturpark tr\u00e4gt daf\u00fcr Sorge, dass Natur und Kultur auch k\u00fcnftig im Einklang sind, dass die vielf\u00e4ltigen Landschaften mit ihrem hohen Artenpotential weiterhin als unerl\u00e4sslich wichtige Standortfaktoren z\u00e4hlen.<\/p>\n<p>&nbsp;<\/p>\n<p>&nbsp;<\/p>\n","protected":false},"excerpt":{"rendered":"<p>Stille Weiherlandschaften wechseln mit ausgedehnten Forstgebieten, bizarre Felslandschaften mit wildromantischen Bacht\u00e4lern. Dieses rund 138.000 Hektar gro\u00dfe Gebiet im Herzen Europas mit seinen vielen sanften H\u00fcgeln ist ein wahrer Geheimtipp.<\/p>\n","protected":false},"author":73,"featured_media":13195,"comment_status":"open","ping_status":"open","sticky":false,"template":"","format":"standard","meta":{"_links_to":"","_links_to_target":""},"categories":[15],"tags":[2354,2351,2336,2355,2356,2352,2358,2350,3154,2353,2357,583],"yoast_head":"<!-- This site is optimized with the Yoast SEO plugin v19.10 - https:\/\/yoast.com\/wordpress\/plugins\/seo\/ -->\n<title>Naturpark N\u00f6rdlicher Oberpf\u00e4lzer Wald<\/title>\n<meta name=\"description\" content=\"Stille Weiherlandschaften wechseln mit ausgedehnten Forstgebieten, bizarre Felslandschaften mit wildromantischen Bacht\u00e4lern. Dieses rund 138.000 Hektar gro\u00dfe Gebiet im Herzen Europas mit seinen vielen sanften H\u00fcgeln ist ein wahrer Geheimtipp.\" \/>\n<meta name=\"robots\" content=\"index, follow, max-snippet:-1, max-image-preview:large, max-video-preview:-1\" \/>\n<link rel=\"canonical\" href=\"https:\/\/www.naturparkmagazin.de\/vdn\/naturpark-noerdlicher-oberpfaelzer-wald\/\" \/>\n<meta property=\"og:locale\" content=\"de_DE\" \/>\n<meta property=\"og:type\" content=\"article\" \/>\n<meta property=\"og:title\" content=\"Naturpark N\u00f6rdlicher Oberpf\u00e4lzer Wald\" \/>\n<meta property=\"og:description\" content=\"Stille Weiherlandschaften wechseln mit ausgedehnten Forstgebieten, bizarre Felslandschaften mit wildromantischen Bacht\u00e4lern. Dieses rund 138.000 Hektar gro\u00dfe Gebiet im Herzen Europas mit seinen vielen sanften H\u00fcgeln ist ein wahrer Geheimtipp.\" \/>\n<meta property=\"og:url\" content=\"https:\/\/www.naturparkmagazin.de\/vdn\/naturpark-noerdlicher-oberpfaelzer-wald\/\" \/>\n<meta property=\"og:site_name\" content=\"Verband Deutscher Naturparke\" \/>\n<meta property=\"article:published_time\" content=\"2020-12-31T11:57:07+00:00\" \/>\n<meta property=\"article:modified_time\" content=\"2021-01-11T09:56:47+00:00\" \/>\n<meta property=\"og:image\" content=\"https:\/\/www.naturparkmagazin.de\/vdn\/wp-content\/uploads\/sites\/3\/burgruine-flossenbrg-vor-untergehender-sonnebf.jpg\" \/>\n\t<meta property=\"og:image:width\" content=\"200\" \/>\n\t<meta property=\"og:image:height\" content=\"200\" \/>\n\t<meta property=\"og:image:type\" content=\"image\/jpeg\" \/>\n<meta name=\"author\" content=\"manuelamerz\" \/>\n<meta name=\"twitter:label1\" content=\"Verfasst von\" \/>\n\t<meta name=\"twitter:data1\" content=\"manuelamerz\" \/>\n\t<meta name=\"twitter:label2\" content=\"Gesch\u00e4tzte Lesezeit\" \/>\n\t<meta name=\"twitter:data2\" content=\"3\u00a0Minuten\" \/>\n<script type=\"application\/ld+json\" class=\"yoast-schema-graph\">{\"@context\":\"https:\/\/schema.org\",\"@graph\":[{\"@type\":\"WebPage\",\"@id\":\"https:\/\/www.naturparkmagazin.de\/vdn\/naturpark-noerdlicher-oberpfaelzer-wald\/\",\"url\":\"https:\/\/www.naturparkmagazin.de\/vdn\/naturpark-noerdlicher-oberpfaelzer-wald\/\",\"name\":\"Naturpark N\u00f6rdlicher Oberpf\u00e4lzer Wald\",\"isPartOf\":{\"@id\":\"https:\/\/www.naturparkmagazin.de\/vdn\/#website\"},\"datePublished\":\"2020-12-31T11:57:07+00:00\",\"dateModified\":\"2021-01-11T09:56:47+00:00\",\"author\":{\"@id\":\"https:\/\/www.naturparkmagazin.de\/vdn\/#\/schema\/person\/3cff9b8773ed55f0189255fa9adfd57c\"},\"description\":\"Stille Weiherlandschaften wechseln mit ausgedehnten Forstgebieten, bizarre Felslandschaften mit wildromantischen Bacht\u00e4lern. Dieses rund 138.000 Hektar gro\u00dfe Gebiet im Herzen Europas mit seinen vielen sanften H\u00fcgeln ist ein wahrer Geheimtipp.\",\"breadcrumb\":{\"@id\":\"https:\/\/www.naturparkmagazin.de\/vdn\/naturpark-noerdlicher-oberpfaelzer-wald\/#breadcrumb\"},\"inLanguage\":\"de\",\"potentialAction\":[{\"@type\":\"ReadAction\",\"target\":[\"https:\/\/www.naturparkmagazin.de\/vdn\/naturpark-noerdlicher-oberpfaelzer-wald\/\"]}]},{\"@type\":\"BreadcrumbList\",\"@id\":\"https:\/\/www.naturparkmagazin.de\/vdn\/naturpark-noerdlicher-oberpfaelzer-wald\/#breadcrumb\",\"itemListElement\":[{\"@type\":\"ListItem\",\"position\":1,\"name\":\"Home\",\"item\":\"https:\/\/www.naturparkmagazin.de\/vdn\/\"},{\"@type\":\"ListItem\",\"position\":2,\"name\":\"Naturpark N\u00f6rdlicher Oberpf\u00e4lzer Wald\"}]},{\"@type\":\"WebSite\",\"@id\":\"https:\/\/www.naturparkmagazin.de\/vdn\/#website\",\"url\":\"https:\/\/www.naturparkmagazin.de\/vdn\/\",\"name\":\"Verband Deutscher Naturparke\",\"description\":\"Eine weitere Naturparkmagazin.de Netzwerk Seite\",\"potentialAction\":[{\"@type\":\"SearchAction\",\"target\":{\"@type\":\"EntryPoint\",\"urlTemplate\":\"https:\/\/www.naturparkmagazin.de\/vdn\/?s={search_term_string}\"},\"query-input\":\"required name=search_term_string\"}],\"inLanguage\":\"de\"},{\"@type\":\"Person\",\"@id\":\"https:\/\/www.naturparkmagazin.de\/vdn\/#\/schema\/person\/3cff9b8773ed55f0189255fa9adfd57c\",\"name\":\"manuelamerz\",\"url\":\"https:\/\/www.naturparkmagazin.de\/vdn\/author\/manuelamerz\/\"}]}<\/script>\n<!-- \/ Yoast SEO plugin. -->","yoast_head_json":{"title":"Naturpark N\u00f6rdlicher Oberpf\u00e4lzer Wald","description":"Stille Weiherlandschaften wechseln mit ausgedehnten Forstgebieten, bizarre Felslandschaften mit wildromantischen Bacht\u00e4lern. Dieses rund 138.000 Hektar gro\u00dfe Gebiet im Herzen Europas mit seinen vielen sanften H\u00fcgeln ist ein wahrer Geheimtipp.","robots":{"index":"index","follow":"follow","max-snippet":"max-snippet:-1","max-image-preview":"max-image-preview:large","max-video-preview":"max-video-preview:-1"},"canonical":"https:\/\/www.naturparkmagazin.de\/vdn\/naturpark-noerdlicher-oberpfaelzer-wald\/","og_locale":"de_DE","og_type":"article","og_title":"Naturpark N\u00f6rdlicher Oberpf\u00e4lzer Wald","og_description":"Stille Weiherlandschaften wechseln mit ausgedehnten Forstgebieten, bizarre Felslandschaften mit wildromantischen Bacht\u00e4lern. Dieses rund 138.000 Hektar gro\u00dfe Gebiet im Herzen Europas mit seinen vielen sanften H\u00fcgeln ist ein wahrer Geheimtipp.","og_url":"https:\/\/www.naturparkmagazin.de\/vdn\/naturpark-noerdlicher-oberpfaelzer-wald\/","og_site_name":"Verband Deutscher Naturparke","article_published_time":"2020-12-31T11:57:07+00:00","article_modified_time":"2021-01-11T09:56:47+00:00","og_image":[{"width":200,"height":200,"url":"https:\/\/www.naturparkmagazin.de\/vdn\/wp-content\/uploads\/sites\/3\/burgruine-flossenbrg-vor-untergehender-sonnebf.jpg","type":"image\/jpeg"}],"author":"manuelamerz","twitter_misc":{"Verfasst von":"manuelamerz","Gesch\u00e4tzte Lesezeit":"3\u00a0Minuten"},"schema":{"@context":"https:\/\/schema.org","@graph":[{"@type":"WebPage","@id":"https:\/\/www.naturparkmagazin.de\/vdn\/naturpark-noerdlicher-oberpfaelzer-wald\/","url":"https:\/\/www.naturparkmagazin.de\/vdn\/naturpark-noerdlicher-oberpfaelzer-wald\/","name":"Naturpark N\u00f6rdlicher Oberpf\u00e4lzer Wald","isPartOf":{"@id":"https:\/\/www.naturparkmagazin.de\/vdn\/#website"},"datePublished":"2020-12-31T11:57:07+00:00","dateModified":"2021-01-11T09:56:47+00:00","author":{"@id":"https:\/\/www.naturparkmagazin.de\/vdn\/#\/schema\/person\/3cff9b8773ed55f0189255fa9adfd57c"},"description":"Stille Weiherlandschaften wechseln mit ausgedehnten Forstgebieten, bizarre Felslandschaften mit wildromantischen Bacht\u00e4lern. Dieses rund 138.000 Hektar gro\u00dfe Gebiet im Herzen Europas mit seinen vielen sanften H\u00fcgeln ist ein wahrer Geheimtipp.","breadcrumb":{"@id":"https:\/\/www.naturparkmagazin.de\/vdn\/naturpark-noerdlicher-oberpfaelzer-wald\/#breadcrumb"},"inLanguage":"de","potentialAction":[{"@type":"ReadAction","target":["https:\/\/www.naturparkmagazin.de\/vdn\/naturpark-noerdlicher-oberpfaelzer-wald\/"]}]},{"@type":"BreadcrumbList","@id":"https:\/\/www.naturparkmagazin.de\/vdn\/naturpark-noerdlicher-oberpfaelzer-wald\/#breadcrumb","itemListElement":[{"@type":"ListItem","position":1,"name":"Home","item":"https:\/\/www.naturparkmagazin.de\/vdn\/"},{"@type":"ListItem","position":2,"name":"Naturpark N\u00f6rdlicher Oberpf\u00e4lzer Wald"}]},{"@type":"WebSite","@id":"https:\/\/www.naturparkmagazin.de\/vdn\/#website","url":"https:\/\/www.naturparkmagazin.de\/vdn\/","name":"Verband Deutscher Naturparke","description":"Eine weitere Naturparkmagazin.de Netzwerk Seite","potentialAction":[{"@type":"SearchAction","target":{"@type":"EntryPoint","urlTemplate":"https:\/\/www.naturparkmagazin.de\/vdn\/?s={search_term_string}"},"query-input":"required name=search_term_string"}],"inLanguage":"de"},{"@type":"Person","@id":"https:\/\/www.naturparkmagazin.de\/vdn\/#\/schema\/person\/3cff9b8773ed55f0189255fa9adfd57c","name":"manuelamerz","url":"https:\/\/www.naturparkmagazin.de\/vdn\/author\/manuelamerz\/"}]}},"_links":{"self":[{"href":"https:\/\/www.naturparkmagazin.de\/vdn\/wp-json\/wp\/v2\/posts\/13193"}],"collection":[{"href":"https:\/\/www.naturparkmagazin.de\/vdn\/wp-json\/wp\/v2\/posts"}],"about":[{"href":"https:\/\/www.naturparkmagazin.de\/vdn\/wp-json\/wp\/v2\/types\/post"}],"author":[{"embeddable":true,"href":"https:\/\/www.naturparkmagazin.de\/vdn\/wp-json\/wp\/v2\/users\/73"}],"replies":[{"embeddable":true,"href":"https:\/\/www.naturparkmagazin.de\/vdn\/wp-json\/wp\/v2\/comments?post=13193"}],"version-history":[{"count":3,"href":"https:\/\/www.naturparkmagazin.de\/vdn\/wp-json\/wp\/v2\/posts\/13193\/revisions"}],"predecessor-version":[{"id":13255,"href":"https:\/\/www.naturparkmagazin.de\/vdn\/wp-json\/wp\/v2\/posts\/13193\/revisions\/13255"}],"wp:featuredmedia":[{"embeddable":true,"href":"https:\/\/www.naturparkmagazin.de\/vdn\/wp-json\/wp\/v2\/media\/13195"}],"wp:attachment":[{"href":"https:\/\/www.naturparkmagazin.de\/vdn\/wp-json\/wp\/v2\/media?parent=13193"}],"wp:term":[{"taxonomy":"category","embeddable":true,"href":"https:\/\/www.naturparkmagazin.de\/vdn\/wp-json\/wp\/v2\/categories?post=13193"},{"taxonomy":"post_tag","embeddable":true,"href":"https:\/\/www.naturparkmagazin.de\/vdn\/wp-json\/wp\/v2\/tags?post=13193"}],"curies":[{"name":"wp","href":"https:\/\/api.w.org\/{rel}","templated":true}]}}