{"id":13222,"date":"2020-12-31T13:46:26","date_gmt":"2020-12-31T12:46:26","guid":{"rendered":"https:\/\/www.naturparkmagazin.de\/vdn\/?p=13222"},"modified":"2021-01-11T10:54:43","modified_gmt":"2021-01-11T09:54:43","slug":"der-rauhe-kulm","status":"publish","type":"post","link":"https:\/\/www.naturparkmagazin.de\/vdn\/der-rauhe-kulm\/","title":{"rendered":"Der Rauhe Kulm"},"content":{"rendered":"<div id=\"attachment_13223\" style=\"width: 510px\" class=\"wp-caption alignnone\"><a href=\"https:\/\/www.naturparkmagazin.de\/vdn\/wp-content\/uploads\/sites\/3\/Rauher-Kulm-Alois-Laumer-Weiden-i.d.-OPfb.jpg\"><img aria-describedby=\"caption-attachment-13223\" decoding=\"async\" loading=\"lazy\" class=\"size-full wp-image-13223\" src=\"https:\/\/www.naturparkmagazin.de\/vdn\/wp-content\/uploads\/sites\/3\/Rauher-Kulm-Alois-Laumer-Weiden-i.d.-OPfb.jpg\" alt=\"Rauher Kulm \u00a9 Alois Laumer\" width=\"500\" height=\"300\" srcset=\"https:\/\/www.naturparkmagazin.de\/vdn\/wp-content\/uploads\/sites\/3\/Rauher-Kulm-Alois-Laumer-Weiden-i.d.-OPfb.jpg 500w, https:\/\/www.naturparkmagazin.de\/vdn\/wp-content\/uploads\/sites\/3\/Rauher-Kulm-Alois-Laumer-Weiden-i.d.-OPfb-300x180.jpg 300w, https:\/\/www.naturparkmagazin.de\/vdn\/wp-content\/uploads\/sites\/3\/Rauher-Kulm-Alois-Laumer-Weiden-i.d.-OPfb-200x120.jpg 200w\" sizes=\"(max-width: 500px) 100vw, 500px\" \/><\/a><p id=\"caption-attachment-13223\" class=\"wp-caption-text\">Rauher Kulm \u00a9 Alois Laumer<\/p><\/div>\n<p>Der Vulkankegel des Rauhen Kulm erhebt sich weithin sichtbar mit 682.5 m Meeresh\u00f6he empor und ist einer der imposantesten Basaltberge Bayerns. Der Rauhe Kulm, seit 1949 als Naturdenkmal gesch\u00fctzt, ist ein Vulkan der nie zum Ausbruch kam. Die Basaltblockhalde sowie die historischen Felsenkeller rund um den Berg bieten Lebensraum f\u00fcr seltene Tier- und Pflanzenarten.<\/p>\n<p>2013 setzte er sich beim Wettbewerb, um das sch\u00f6nste Naturwunder durch.<\/p>\n<p>Die Wanderwege rund um den Rauhen Kulm halten so manchen sch\u00f6nen Ausblick und die ein oder andere naturkundliche \u00dcberraschung bereit. Auf Tafeln finden Sie interessante Informationen zur Natur und Landschaft.\nDer Espanweg f\u00fchrt Sie durch Hecken, Streuobstwiesen und anderen naturnahen Biotopen, die naturschutzfachlich von Interesse sind. An anderen weiteren Stellen k\u00f6nnen Sie sich \u00fcber Quellb\u00e4che oder naturnahe W\u00e4lder und deren Bedeutung f\u00fcr Tiere und Pflanzen informieren.<\/p>\n<p>\u00dcber den Kulmsteig geht es hinauf zum 25 Meter hohen Aussichtsturm auf dem markanten Basaltkegel.<\/p>\n<p>F\u00fcr Radfahrer bietet sich die <a href=\"https:\/\/www.oberpfaelzerwald.de\/oberpfaelzer-radl-welt\">Oberpf\u00e4lzer Radl-Welt<\/a> mit der Erlebniswelt \u201eVulkane und Erdgeschichte\u201c zum Entdecken an.<\/p>\n<p>&nbsp;<\/p>\n","protected":false},"excerpt":{"rendered":"<p>2013 wurde er zum sch\u00f6nsten Naturwunder Deutschlands gek\u00fcrt: Der Rauhe Kulm &#8211; ein Vulkan, der nie ausgebrochen ist. <\/p>\n","protected":false},"author":73,"featured_media":13224,"comment_status":"open","ping_status":"open","sticky":false,"template":"","format":"standard","meta":{"_links_to":"","_links_to_target":""},"categories":[8],"tags":[],"yoast_head":"<!-- This site is optimized with the Yoast SEO plugin v19.10 - https:\/\/yoast.com\/wordpress\/plugins\/seo\/ -->\n<title>Der Rauhe Kulm<\/title>\n<meta name=\"description\" content=\"2013 wurde er zum sch\u00f6nsten Naturwunder Deutschlands gek\u00fcrt: Der Rauhe Kulm - ein Vulkan, der nie ausgebrochen ist.\" \/>\n<meta name=\"robots\" content=\"index, follow, max-snippet:-1, max-image-preview:large, max-video-preview:-1\" \/>\n<link rel=\"canonical\" href=\"https:\/\/www.naturparkmagazin.de\/vdn\/der-rauhe-kulm\/\" \/>\n<meta property=\"og:locale\" content=\"de_DE\" \/>\n<meta property=\"og:type\" content=\"article\" \/>\n<meta property=\"og:title\" content=\"Der Rauhe Kulm\" \/>\n<meta property=\"og:description\" content=\"2013 wurde er zum sch\u00f6nsten Naturwunder Deutschlands gek\u00fcrt: Der Rauhe Kulm - ein Vulkan, der nie ausgebrochen ist.\" \/>\n<meta property=\"og:url\" content=\"https:\/\/www.naturparkmagazin.de\/vdn\/der-rauhe-kulm\/\" \/>\n<meta property=\"og:site_name\" content=\"Verband Deutscher Naturparke\" \/>\n<meta property=\"article:published_time\" content=\"2020-12-31T12:46:26+00:00\" \/>\n<meta property=\"article:modified_time\" content=\"2021-01-11T09:54:43+00:00\" \/>\n<meta property=\"og:image\" content=\"https:\/\/www.naturparkmagazin.de\/vdn\/wp-content\/uploads\/sites\/3\/Rauher-Kulm-Alois-Laumer-Weiden-i.d.-OPfbf.jpg\" \/>\n\t<meta property=\"og:image:width\" content=\"200\" \/>\n\t<meta property=\"og:image:height\" content=\"200\" \/>\n\t<meta property=\"og:image:type\" content=\"image\/jpeg\" \/>\n<meta name=\"author\" content=\"manuelamerz\" \/>\n<meta name=\"twitter:label1\" content=\"Verfasst von\" \/>\n\t<meta name=\"twitter:data1\" content=\"manuelamerz\" \/>\n\t<meta name=\"twitter:label2\" content=\"Gesch\u00e4tzte Lesezeit\" \/>\n\t<meta name=\"twitter:data2\" content=\"1\u00a0Minute\" \/>\n<script type=\"application\/ld+json\" class=\"yoast-schema-graph\">{\"@context\":\"https:\/\/schema.org\",\"@graph\":[{\"@type\":\"WebPage\",\"@id\":\"https:\/\/www.naturparkmagazin.de\/vdn\/der-rauhe-kulm\/\",\"url\":\"https:\/\/www.naturparkmagazin.de\/vdn\/der-rauhe-kulm\/\",\"name\":\"Der Rauhe Kulm\",\"isPartOf\":{\"@id\":\"https:\/\/www.naturparkmagazin.de\/vdn\/#website\"},\"datePublished\":\"2020-12-31T12:46:26+00:00\",\"dateModified\":\"2021-01-11T09:54:43+00:00\",\"author\":{\"@id\":\"https:\/\/www.naturparkmagazin.de\/vdn\/#\/schema\/person\/3cff9b8773ed55f0189255fa9adfd57c\"},\"description\":\"2013 wurde er zum sch\u00f6nsten Naturwunder Deutschlands gek\u00fcrt: Der Rauhe Kulm - ein Vulkan, der nie ausgebrochen ist.\",\"breadcrumb\":{\"@id\":\"https:\/\/www.naturparkmagazin.de\/vdn\/der-rauhe-kulm\/#breadcrumb\"},\"inLanguage\":\"de\",\"potentialAction\":[{\"@type\":\"ReadAction\",\"target\":[\"https:\/\/www.naturparkmagazin.de\/vdn\/der-rauhe-kulm\/\"]}]},{\"@type\":\"BreadcrumbList\",\"@id\":\"https:\/\/www.naturparkmagazin.de\/vdn\/der-rauhe-kulm\/#breadcrumb\",\"itemListElement\":[{\"@type\":\"ListItem\",\"position\":1,\"name\":\"Home\",\"item\":\"https:\/\/www.naturparkmagazin.de\/vdn\/\"},{\"@type\":\"ListItem\",\"position\":2,\"name\":\"Der Rauhe Kulm\"}]},{\"@type\":\"WebSite\",\"@id\":\"https:\/\/www.naturparkmagazin.de\/vdn\/#website\",\"url\":\"https:\/\/www.naturparkmagazin.de\/vdn\/\",\"name\":\"Verband Deutscher Naturparke\",\"description\":\"Eine weitere Naturparkmagazin.de Netzwerk Seite\",\"potentialAction\":[{\"@type\":\"SearchAction\",\"target\":{\"@type\":\"EntryPoint\",\"urlTemplate\":\"https:\/\/www.naturparkmagazin.de\/vdn\/?s={search_term_string}\"},\"query-input\":\"required name=search_term_string\"}],\"inLanguage\":\"de\"},{\"@type\":\"Person\",\"@id\":\"https:\/\/www.naturparkmagazin.de\/vdn\/#\/schema\/person\/3cff9b8773ed55f0189255fa9adfd57c\",\"name\":\"manuelamerz\",\"url\":\"https:\/\/www.naturparkmagazin.de\/vdn\/author\/manuelamerz\/\"}]}<\/script>\n<!-- \/ Yoast SEO plugin. -->","yoast_head_json":{"title":"Der Rauhe Kulm","description":"2013 wurde er zum sch\u00f6nsten Naturwunder Deutschlands gek\u00fcrt: Der Rauhe Kulm - ein Vulkan, der nie ausgebrochen ist.","robots":{"index":"index","follow":"follow","max-snippet":"max-snippet:-1","max-image-preview":"max-image-preview:large","max-video-preview":"max-video-preview:-1"},"canonical":"https:\/\/www.naturparkmagazin.de\/vdn\/der-rauhe-kulm\/","og_locale":"de_DE","og_type":"article","og_title":"Der Rauhe Kulm","og_description":"2013 wurde er zum sch\u00f6nsten Naturwunder Deutschlands gek\u00fcrt: Der Rauhe Kulm - ein Vulkan, der nie ausgebrochen ist.","og_url":"https:\/\/www.naturparkmagazin.de\/vdn\/der-rauhe-kulm\/","og_site_name":"Verband Deutscher Naturparke","article_published_time":"2020-12-31T12:46:26+00:00","article_modified_time":"2021-01-11T09:54:43+00:00","og_image":[{"width":200,"height":200,"url":"https:\/\/www.naturparkmagazin.de\/vdn\/wp-content\/uploads\/sites\/3\/Rauher-Kulm-Alois-Laumer-Weiden-i.d.-OPfbf.jpg","type":"image\/jpeg"}],"author":"manuelamerz","twitter_misc":{"Verfasst von":"manuelamerz","Gesch\u00e4tzte Lesezeit":"1\u00a0Minute"},"schema":{"@context":"https:\/\/schema.org","@graph":[{"@type":"WebPage","@id":"https:\/\/www.naturparkmagazin.de\/vdn\/der-rauhe-kulm\/","url":"https:\/\/www.naturparkmagazin.de\/vdn\/der-rauhe-kulm\/","name":"Der Rauhe Kulm","isPartOf":{"@id":"https:\/\/www.naturparkmagazin.de\/vdn\/#website"},"datePublished":"2020-12-31T12:46:26+00:00","dateModified":"2021-01-11T09:54:43+00:00","author":{"@id":"https:\/\/www.naturparkmagazin.de\/vdn\/#\/schema\/person\/3cff9b8773ed55f0189255fa9adfd57c"},"description":"2013 wurde er zum sch\u00f6nsten Naturwunder Deutschlands gek\u00fcrt: Der Rauhe Kulm - ein Vulkan, der nie ausgebrochen ist.","breadcrumb":{"@id":"https:\/\/www.naturparkmagazin.de\/vdn\/der-rauhe-kulm\/#breadcrumb"},"inLanguage":"de","potentialAction":[{"@type":"ReadAction","target":["https:\/\/www.naturparkmagazin.de\/vdn\/der-rauhe-kulm\/"]}]},{"@type":"BreadcrumbList","@id":"https:\/\/www.naturparkmagazin.de\/vdn\/der-rauhe-kulm\/#breadcrumb","itemListElement":[{"@type":"ListItem","position":1,"name":"Home","item":"https:\/\/www.naturparkmagazin.de\/vdn\/"},{"@type":"ListItem","position":2,"name":"Der Rauhe Kulm"}]},{"@type":"WebSite","@id":"https:\/\/www.naturparkmagazin.de\/vdn\/#website","url":"https:\/\/www.naturparkmagazin.de\/vdn\/","name":"Verband Deutscher Naturparke","description":"Eine weitere Naturparkmagazin.de Netzwerk Seite","potentialAction":[{"@type":"SearchAction","target":{"@type":"EntryPoint","urlTemplate":"https:\/\/www.naturparkmagazin.de\/vdn\/?s={search_term_string}"},"query-input":"required name=search_term_string"}],"inLanguage":"de"},{"@type":"Person","@id":"https:\/\/www.naturparkmagazin.de\/vdn\/#\/schema\/person\/3cff9b8773ed55f0189255fa9adfd57c","name":"manuelamerz","url":"https:\/\/www.naturparkmagazin.de\/vdn\/author\/manuelamerz\/"}]}},"_links":{"self":[{"href":"https:\/\/www.naturparkmagazin.de\/vdn\/wp-json\/wp\/v2\/posts\/13222"}],"collection":[{"href":"https:\/\/www.naturparkmagazin.de\/vdn\/wp-json\/wp\/v2\/posts"}],"about":[{"href":"https:\/\/www.naturparkmagazin.de\/vdn\/wp-json\/wp\/v2\/types\/post"}],"author":[{"embeddable":true,"href":"https:\/\/www.naturparkmagazin.de\/vdn\/wp-json\/wp\/v2\/users\/73"}],"replies":[{"embeddable":true,"href":"https:\/\/www.naturparkmagazin.de\/vdn\/wp-json\/wp\/v2\/comments?post=13222"}],"version-history":[{"count":4,"href":"https:\/\/www.naturparkmagazin.de\/vdn\/wp-json\/wp\/v2\/posts\/13222\/revisions"}],"predecessor-version":[{"id":13256,"href":"https:\/\/www.naturparkmagazin.de\/vdn\/wp-json\/wp\/v2\/posts\/13222\/revisions\/13256"}],"wp:featuredmedia":[{"embeddable":true,"href":"https:\/\/www.naturparkmagazin.de\/vdn\/wp-json\/wp\/v2\/media\/13224"}],"wp:attachment":[{"href":"https:\/\/www.naturparkmagazin.de\/vdn\/wp-json\/wp\/v2\/media?parent=13222"}],"wp:term":[{"taxonomy":"category","embeddable":true,"href":"https:\/\/www.naturparkmagazin.de\/vdn\/wp-json\/wp\/v2\/categories?post=13222"},{"taxonomy":"post_tag","embeddable":true,"href":"https:\/\/www.naturparkmagazin.de\/vdn\/wp-json\/wp\/v2\/tags?post=13222"}],"curies":[{"name":"wp","href":"https:\/\/api.w.org\/{rel}","templated":true}]}}