{"id":13238,"date":"2020-12-31T13:29:08","date_gmt":"2020-12-31T12:29:08","guid":{"rendered":"https:\/\/www.naturparkmagazin.de\/vdn\/?p=13238"},"modified":"2021-01-11T10:57:35","modified_gmt":"2021-01-11T09:57:35","slug":"naturschutzgebiet-doost","status":"publish","type":"post","link":"https:\/\/www.naturparkmagazin.de\/vdn\/naturschutzgebiet-doost\/","title":{"rendered":"Naturschutzgebiet Doost"},"content":{"rendered":"<div id=\"attachment_13239\" style=\"width: 510px\" class=\"wp-caption alignnone\"><a href=\"https:\/\/www.naturparkmagazin.de\/vdn\/wp-content\/uploads\/sites\/3\/Tourismuszentrum-Oberpf\u00e4lzer-Wald-Doost_B.jpg\"><img aria-describedby=\"caption-attachment-13239\" decoding=\"async\" loading=\"lazy\" class=\"size-full wp-image-13239\" src=\"https:\/\/www.naturparkmagazin.de\/vdn\/wp-content\/uploads\/sites\/3\/Tourismuszentrum-Oberpf\u00e4lzer-Wald-Doost_B.jpg\" alt=\"Tourismuszentrum Oberpf\u00e4lzer Wald Doost \u00a9 Tourismuszentrum Oberpf\u00e4lzer Wald Doost\" width=\"500\" height=\"300\" srcset=\"https:\/\/www.naturparkmagazin.de\/vdn\/wp-content\/uploads\/sites\/3\/Tourismuszentrum-Oberpf\u00e4lzer-Wald-Doost_B.jpg 500w, https:\/\/www.naturparkmagazin.de\/vdn\/wp-content\/uploads\/sites\/3\/Tourismuszentrum-Oberpf\u00e4lzer-Wald-Doost_B-300x180.jpg 300w, https:\/\/www.naturparkmagazin.de\/vdn\/wp-content\/uploads\/sites\/3\/Tourismuszentrum-Oberpf\u00e4lzer-Wald-Doost_B-200x120.jpg 200w\" sizes=\"(max-width: 500px) 100vw, 500px\" \/><\/a><p id=\"caption-attachment-13239\" class=\"wp-caption-text\">Tourismuszentrum Oberpf\u00e4lzer Wald Doost \u00a9 Tourismuszentrum Oberpf\u00e4lzer Wald Doost<\/p><\/div>\n<p>Das rund 11 Hektar gro\u00dfe <a href=\"https:\/\/www.naturpark-now.de\/default.asp?SID=MCN74MCX\">Naturschutzgebiet Doost<\/a> bei Diepoldsreuth ist nicht nur das \u00e4lteste seines Zeichens in der Oberpfalz; es fasziniert vielmehr mit einer einzigartigen Felsblocklandschaft. Auf rund 500 Metern L\u00e4nge t\u00fcrmen sich gewaltige Gesteinsbrocken \u00fcber dem Grund der Girnitz auf.<\/p>\n<p>Der hier vorherrschende Kristallgranit ist ein hartes, sehr grobk\u00f6rniges Gestein, durchzogen von vielen waagrechten und senkrechten Kl\u00fcften. Zwischen Quarz und dunklem Glimmer liegen viele Feldspaltkristalle.<\/p>\n<p>Es ist wohl einzigartig wie hier das Wasser, oft unsichtbar tief, unter den rundlichen Granitbl\u00f6cken gurgelt und sch\u00e4umt.<\/p>\n<p>An den m\u00e4\u00dfig steilen Talh\u00e4ngen, wo sich ebenfalls in einem regelrechten Gewirr mehr oder minder gro\u00dfe runde Granitbl\u00f6cke t\u00fcmmeln, spitzen im Fr\u00fchjahr die Maigl\u00f6ckchen hervor. Und wenn in dieser Jahreszeit das Wasser buchst\u00e4blich durch den Wald \u201etost&#8220;, kann man unschwer erahnen, wie der Doost zu seinem Namen gekommen sein k\u00f6nnte.<\/p>\n<p>Tats\u00e4chlich sieht man an einem gro\u00dfen langen Granitblock merkw\u00fcrdige Aush\u00f6hlungen (sog. Teufels-Butterfass). Sie sollen von Kr\u00e4ften der Unterwelt und nicht vom Wasser in Verbindung mit Sand und Ger\u00f6ll geschaffen worden sein.<\/p>\n<p>&nbsp;<\/p>\n","protected":false},"excerpt":{"rendered":"<p>Wer abseits gro\u00dfer Menschenmassen auf Entdeckungsreise gehen will, ist am Doost bei Diepoldsreuth genau richtig. <\/p>\n","protected":false},"author":73,"featured_media":13240,"comment_status":"open","ping_status":"open","sticky":false,"template":"","format":"standard","meta":{"_links_to":"","_links_to_target":""},"categories":[617],"tags":[2366,2350,2365,41],"yoast_head":"<!-- This site is optimized with the Yoast SEO plugin v19.10 - https:\/\/yoast.com\/wordpress\/plugins\/seo\/ -->\n<title>Naturschutzgebiet Doost<\/title>\n<meta name=\"description\" content=\"Wer abseits gro\u00dfer Menschenmassen auf Entdeckungsreise gehen will, ist am Doost bei Diepoldsreuth genau richtig.\" \/>\n<meta name=\"robots\" content=\"index, follow, max-snippet:-1, max-image-preview:large, max-video-preview:-1\" \/>\n<link rel=\"canonical\" href=\"https:\/\/www.naturparkmagazin.de\/vdn\/naturschutzgebiet-doost\/\" \/>\n<meta property=\"og:locale\" content=\"de_DE\" \/>\n<meta property=\"og:type\" content=\"article\" \/>\n<meta property=\"og:title\" content=\"Naturschutzgebiet Doost\" \/>\n<meta property=\"og:description\" content=\"Wer abseits gro\u00dfer Menschenmassen auf Entdeckungsreise gehen will, ist am Doost bei Diepoldsreuth genau richtig.\" \/>\n<meta property=\"og:url\" content=\"https:\/\/www.naturparkmagazin.de\/vdn\/naturschutzgebiet-doost\/\" \/>\n<meta property=\"og:site_name\" content=\"Verband Deutscher Naturparke\" \/>\n<meta property=\"article:published_time\" content=\"2020-12-31T12:29:08+00:00\" \/>\n<meta property=\"article:modified_time\" content=\"2021-01-11T09:57:35+00:00\" \/>\n<meta property=\"og:image\" content=\"https:\/\/www.naturparkmagazin.de\/vdn\/wp-content\/uploads\/sites\/3\/Tourismuszentrum-Oberpf\u00e4lzer-Wald-Doost_Bf.jpg\" \/>\n\t<meta property=\"og:image:width\" content=\"200\" \/>\n\t<meta property=\"og:image:height\" content=\"200\" \/>\n\t<meta property=\"og:image:type\" content=\"image\/jpeg\" \/>\n<meta name=\"author\" content=\"manuelamerz\" \/>\n<meta name=\"twitter:label1\" content=\"Verfasst von\" \/>\n\t<meta name=\"twitter:data1\" content=\"manuelamerz\" \/>\n\t<meta name=\"twitter:label2\" content=\"Gesch\u00e4tzte Lesezeit\" \/>\n\t<meta name=\"twitter:data2\" content=\"1\u00a0Minute\" \/>\n<script type=\"application\/ld+json\" class=\"yoast-schema-graph\">{\"@context\":\"https:\/\/schema.org\",\"@graph\":[{\"@type\":\"WebPage\",\"@id\":\"https:\/\/www.naturparkmagazin.de\/vdn\/naturschutzgebiet-doost\/\",\"url\":\"https:\/\/www.naturparkmagazin.de\/vdn\/naturschutzgebiet-doost\/\",\"name\":\"Naturschutzgebiet Doost\",\"isPartOf\":{\"@id\":\"https:\/\/www.naturparkmagazin.de\/vdn\/#website\"},\"datePublished\":\"2020-12-31T12:29:08+00:00\",\"dateModified\":\"2021-01-11T09:57:35+00:00\",\"author\":{\"@id\":\"https:\/\/www.naturparkmagazin.de\/vdn\/#\/schema\/person\/3cff9b8773ed55f0189255fa9adfd57c\"},\"description\":\"Wer abseits gro\u00dfer Menschenmassen auf Entdeckungsreise gehen will, ist am Doost bei Diepoldsreuth genau richtig.\",\"breadcrumb\":{\"@id\":\"https:\/\/www.naturparkmagazin.de\/vdn\/naturschutzgebiet-doost\/#breadcrumb\"},\"inLanguage\":\"de\",\"potentialAction\":[{\"@type\":\"ReadAction\",\"target\":[\"https:\/\/www.naturparkmagazin.de\/vdn\/naturschutzgebiet-doost\/\"]}]},{\"@type\":\"BreadcrumbList\",\"@id\":\"https:\/\/www.naturparkmagazin.de\/vdn\/naturschutzgebiet-doost\/#breadcrumb\",\"itemListElement\":[{\"@type\":\"ListItem\",\"position\":1,\"name\":\"Home\",\"item\":\"https:\/\/www.naturparkmagazin.de\/vdn\/\"},{\"@type\":\"ListItem\",\"position\":2,\"name\":\"Naturschutzgebiet Doost\"}]},{\"@type\":\"WebSite\",\"@id\":\"https:\/\/www.naturparkmagazin.de\/vdn\/#website\",\"url\":\"https:\/\/www.naturparkmagazin.de\/vdn\/\",\"name\":\"Verband Deutscher Naturparke\",\"description\":\"Eine weitere Naturparkmagazin.de Netzwerk Seite\",\"potentialAction\":[{\"@type\":\"SearchAction\",\"target\":{\"@type\":\"EntryPoint\",\"urlTemplate\":\"https:\/\/www.naturparkmagazin.de\/vdn\/?s={search_term_string}\"},\"query-input\":\"required name=search_term_string\"}],\"inLanguage\":\"de\"},{\"@type\":\"Person\",\"@id\":\"https:\/\/www.naturparkmagazin.de\/vdn\/#\/schema\/person\/3cff9b8773ed55f0189255fa9adfd57c\",\"name\":\"manuelamerz\",\"url\":\"https:\/\/www.naturparkmagazin.de\/vdn\/author\/manuelamerz\/\"}]}<\/script>\n<!-- \/ Yoast SEO plugin. -->","yoast_head_json":{"title":"Naturschutzgebiet Doost","description":"Wer abseits gro\u00dfer Menschenmassen auf Entdeckungsreise gehen will, ist am Doost bei Diepoldsreuth genau richtig.","robots":{"index":"index","follow":"follow","max-snippet":"max-snippet:-1","max-image-preview":"max-image-preview:large","max-video-preview":"max-video-preview:-1"},"canonical":"https:\/\/www.naturparkmagazin.de\/vdn\/naturschutzgebiet-doost\/","og_locale":"de_DE","og_type":"article","og_title":"Naturschutzgebiet Doost","og_description":"Wer abseits gro\u00dfer Menschenmassen auf Entdeckungsreise gehen will, ist am Doost bei Diepoldsreuth genau richtig.","og_url":"https:\/\/www.naturparkmagazin.de\/vdn\/naturschutzgebiet-doost\/","og_site_name":"Verband Deutscher Naturparke","article_published_time":"2020-12-31T12:29:08+00:00","article_modified_time":"2021-01-11T09:57:35+00:00","og_image":[{"width":200,"height":200,"url":"https:\/\/www.naturparkmagazin.de\/vdn\/wp-content\/uploads\/sites\/3\/Tourismuszentrum-Oberpf\u00e4lzer-Wald-Doost_Bf.jpg","type":"image\/jpeg"}],"author":"manuelamerz","twitter_misc":{"Verfasst von":"manuelamerz","Gesch\u00e4tzte Lesezeit":"1\u00a0Minute"},"schema":{"@context":"https:\/\/schema.org","@graph":[{"@type":"WebPage","@id":"https:\/\/www.naturparkmagazin.de\/vdn\/naturschutzgebiet-doost\/","url":"https:\/\/www.naturparkmagazin.de\/vdn\/naturschutzgebiet-doost\/","name":"Naturschutzgebiet Doost","isPartOf":{"@id":"https:\/\/www.naturparkmagazin.de\/vdn\/#website"},"datePublished":"2020-12-31T12:29:08+00:00","dateModified":"2021-01-11T09:57:35+00:00","author":{"@id":"https:\/\/www.naturparkmagazin.de\/vdn\/#\/schema\/person\/3cff9b8773ed55f0189255fa9adfd57c"},"description":"Wer abseits gro\u00dfer Menschenmassen auf Entdeckungsreise gehen will, ist am Doost bei Diepoldsreuth genau richtig.","breadcrumb":{"@id":"https:\/\/www.naturparkmagazin.de\/vdn\/naturschutzgebiet-doost\/#breadcrumb"},"inLanguage":"de","potentialAction":[{"@type":"ReadAction","target":["https:\/\/www.naturparkmagazin.de\/vdn\/naturschutzgebiet-doost\/"]}]},{"@type":"BreadcrumbList","@id":"https:\/\/www.naturparkmagazin.de\/vdn\/naturschutzgebiet-doost\/#breadcrumb","itemListElement":[{"@type":"ListItem","position":1,"name":"Home","item":"https:\/\/www.naturparkmagazin.de\/vdn\/"},{"@type":"ListItem","position":2,"name":"Naturschutzgebiet Doost"}]},{"@type":"WebSite","@id":"https:\/\/www.naturparkmagazin.de\/vdn\/#website","url":"https:\/\/www.naturparkmagazin.de\/vdn\/","name":"Verband Deutscher Naturparke","description":"Eine weitere Naturparkmagazin.de Netzwerk Seite","potentialAction":[{"@type":"SearchAction","target":{"@type":"EntryPoint","urlTemplate":"https:\/\/www.naturparkmagazin.de\/vdn\/?s={search_term_string}"},"query-input":"required name=search_term_string"}],"inLanguage":"de"},{"@type":"Person","@id":"https:\/\/www.naturparkmagazin.de\/vdn\/#\/schema\/person\/3cff9b8773ed55f0189255fa9adfd57c","name":"manuelamerz","url":"https:\/\/www.naturparkmagazin.de\/vdn\/author\/manuelamerz\/"}]}},"_links":{"self":[{"href":"https:\/\/www.naturparkmagazin.de\/vdn\/wp-json\/wp\/v2\/posts\/13238"}],"collection":[{"href":"https:\/\/www.naturparkmagazin.de\/vdn\/wp-json\/wp\/v2\/posts"}],"about":[{"href":"https:\/\/www.naturparkmagazin.de\/vdn\/wp-json\/wp\/v2\/types\/post"}],"author":[{"embeddable":true,"href":"https:\/\/www.naturparkmagazin.de\/vdn\/wp-json\/wp\/v2\/users\/73"}],"replies":[{"embeddable":true,"href":"https:\/\/www.naturparkmagazin.de\/vdn\/wp-json\/wp\/v2\/comments?post=13238"}],"version-history":[{"count":2,"href":"https:\/\/www.naturparkmagazin.de\/vdn\/wp-json\/wp\/v2\/posts\/13238\/revisions"}],"predecessor-version":[{"id":13242,"href":"https:\/\/www.naturparkmagazin.de\/vdn\/wp-json\/wp\/v2\/posts\/13238\/revisions\/13242"}],"wp:featuredmedia":[{"embeddable":true,"href":"https:\/\/www.naturparkmagazin.de\/vdn\/wp-json\/wp\/v2\/media\/13240"}],"wp:attachment":[{"href":"https:\/\/www.naturparkmagazin.de\/vdn\/wp-json\/wp\/v2\/media?parent=13238"}],"wp:term":[{"taxonomy":"category","embeddable":true,"href":"https:\/\/www.naturparkmagazin.de\/vdn\/wp-json\/wp\/v2\/categories?post=13238"},{"taxonomy":"post_tag","embeddable":true,"href":"https:\/\/www.naturparkmagazin.de\/vdn\/wp-json\/wp\/v2\/tags?post=13238"}],"curies":[{"name":"wp","href":"https:\/\/api.w.org\/{rel}","templated":true}]}}