{"id":13269,"date":"2021-01-14T13:09:48","date_gmt":"2021-01-14T12:09:48","guid":{"rendered":"https:\/\/www.naturparkmagazin.de\/vdn\/?p=13269"},"modified":"2021-01-14T14:56:10","modified_gmt":"2021-01-14T13:56:10","slug":"10-jahre-gruenland-spessart-da-ist-draussen-drin","status":"publish","type":"post","link":"https:\/\/www.naturparkmagazin.de\/vdn\/10-jahre-gruenland-spessart-da-ist-draussen-drin\/","title":{"rendered":"10 Jahre \u201eGr\u00fcnland Spessart \u2013 Da ist drau\u00dfen drin!\u201c"},"content":{"rendered":"<p><a href=\"https:\/\/www.naturparkmagazin.de\/vdn\/wp-content\/uploads\/sites\/3\/GS_logo_4c_braun_gruenb.jpg\"><img decoding=\"async\" loading=\"lazy\" class=\"wp-image-13273 size-full\" src=\"https:\/\/www.naturparkmagazin.de\/vdn\/wp-content\/uploads\/sites\/3\/GS_logo_4c_braun_gruenb.jpg\" alt=\"Logo Gr\u00fcnland Spessart\" width=\"500\" height=\"300\" srcset=\"https:\/\/www.naturparkmagazin.de\/vdn\/wp-content\/uploads\/sites\/3\/GS_logo_4c_braun_gruenb.jpg 500w, https:\/\/www.naturparkmagazin.de\/vdn\/wp-content\/uploads\/sites\/3\/GS_logo_4c_braun_gruenb-300x180.jpg 300w, https:\/\/www.naturparkmagazin.de\/vdn\/wp-content\/uploads\/sites\/3\/GS_logo_4c_braun_gruenb-200x120.jpg 200w\" sizes=\"(max-width: 500px) 100vw, 500px\" \/><\/a><\/p>\n<p>Extensiv genutzte Wiesen und Weiden sind neben den ausgedehnten Laubw\u00e4ldern pr\u00e4gende Elemente des Naturparks Spessarts. Erhalt und Pflege dieser wertvollen Biotope und Kulturlandschaftselemente &#8211; und damit verbunden die F\u00f6rderung einer angepassten Bewirtschaftung &#8211; sind wichtige Aufgaben des Naturparks und seiner Partner.<\/p>\n<p>&nbsp;<\/p>\n<div id=\"attachment_13275\" style=\"width: 510px\" class=\"wp-caption alignnone\"><a href=\"https:\/\/www.naturparkmagazin.de\/vdn\/wp-content\/uploads\/sites\/3\/Betrieb-Orth-Rothenbuch-Foto-Claudia-Hahn-19b.jpg\"><img aria-describedby=\"caption-attachment-13275\" decoding=\"async\" loading=\"lazy\" class=\"size-full wp-image-13275\" src=\"https:\/\/www.naturparkmagazin.de\/vdn\/wp-content\/uploads\/sites\/3\/Betrieb-Orth-Rothenbuch-Foto-Claudia-Hahn-19b.jpg\" alt=\"Betrieb Orth Rothenbuch \u00a9  Claudia Hahn \" width=\"500\" height=\"300\" srcset=\"https:\/\/www.naturparkmagazin.de\/vdn\/wp-content\/uploads\/sites\/3\/Betrieb-Orth-Rothenbuch-Foto-Claudia-Hahn-19b.jpg 500w, https:\/\/www.naturparkmagazin.de\/vdn\/wp-content\/uploads\/sites\/3\/Betrieb-Orth-Rothenbuch-Foto-Claudia-Hahn-19b-300x180.jpg 300w, https:\/\/www.naturparkmagazin.de\/vdn\/wp-content\/uploads\/sites\/3\/Betrieb-Orth-Rothenbuch-Foto-Claudia-Hahn-19b-200x120.jpg 200w\" sizes=\"(max-width: 500px) 100vw, 500px\" \/><\/a><p id=\"caption-attachment-13275\" class=\"wp-caption-text\">Betrieb Orth Rothenbuch \u00a9 Claudia Hahn<\/p><\/div>\n<p>Der Naturpark Spessart e.V. hat daher bereits 2009 gemeinsam mit Partnern aus Landwirtschaft und Regionalentwicklung ein Vermarktungskonzept f\u00fcr Weideprodukte aus dem Spessart entwickeln lassen. 2011 wurde dann die l\u00e4nder\u00fcbergreifende Vermarktungsinitiative Gr\u00fcnland Spessart e.V. gegr\u00fcndet. Erzeuger, Metzgereien und Gastronomen aus dem bayerischen und hessischen Spessart haben sich hier zusammengeschlossen, um gemeinsam Fleisch- und Wurstwaren aus regionaler Weidehaltung unter dem Qualit\u00e4tssiegel \u201eGr\u00fcnland Spessart &#8211; Da ist drau\u00dfen drin!\u201c zu vermarkten.<\/p>\n<p>&nbsp;<\/p>\n<p>Die strengen Gr\u00fcnland Spessart-Qualit\u00e4tskriterien garantieren eine naturvertr\u00e4gliche, tiergerechte Weidehaltung mit gentechnikfreiem Futter aus der Region, kurze Transportwege und eine regionale, handwerkliche Verarbeitung. Vermarktet werden ausschlie\u00dflich Tiere, die im Naturpark Spessart geboren und aufgewachsen sind. Die zertifizierten Mitgliedsbetriebe \u2013 darunter sowohl konventionell wirtschaftende Familienbetriebe als auch Biobetriebe &#8211; werden regelm\u00e4\u00dfig von unabh\u00e4ngigen Kontrollinstituten gepr\u00fcft.<\/p>\n<p>&nbsp;<\/p>\n<div id=\"attachment_13274\" style=\"width: 510px\" class=\"wp-caption alignnone\"><a href=\"https:\/\/www.naturparkmagazin.de\/vdn\/wp-content\/uploads\/sites\/3\/Betrieb-Georg-Stegmann-Foto-Charlotte-St\u00f6rch-2b.jpg\"><img aria-describedby=\"caption-attachment-13274\" decoding=\"async\" loading=\"lazy\" class=\"size-full wp-image-13274\" src=\"https:\/\/www.naturparkmagazin.de\/vdn\/wp-content\/uploads\/sites\/3\/Betrieb-Georg-Stegmann-Foto-Charlotte-St\u00f6rch-2b.jpg\" alt=\"Betrieb Georg Stegmann \u00a9  Charlotte St\u00f6rch \" width=\"500\" height=\"300\" srcset=\"https:\/\/www.naturparkmagazin.de\/vdn\/wp-content\/uploads\/sites\/3\/Betrieb-Georg-Stegmann-Foto-Charlotte-St\u00f6rch-2b.jpg 500w, https:\/\/www.naturparkmagazin.de\/vdn\/wp-content\/uploads\/sites\/3\/Betrieb-Georg-Stegmann-Foto-Charlotte-St\u00f6rch-2b-300x180.jpg 300w, https:\/\/www.naturparkmagazin.de\/vdn\/wp-content\/uploads\/sites\/3\/Betrieb-Georg-Stegmann-Foto-Charlotte-St\u00f6rch-2b-200x120.jpg 200w\" sizes=\"(max-width: 500px) 100vw, 500px\" \/><\/a><p id=\"caption-attachment-13274\" class=\"wp-caption-text\">Betrieb Georg Stegmann \u00a9 Charlotte St\u00f6rch<\/p><\/div>\n<p>Rinder, Schafe, Ziegen und Wasserb\u00fcffel erhalten so auf nat\u00fcrliche Weise die artenreichen Gr\u00fcnlandbiotope im Naturpark. Deren Spektrum reicht von ehemaligen W\u00e4sserwiesen und Streuobstwiesen \u00fcber Flachlandm\u00e4hwiesen bis hin zu Feucht- und Nasswiesen. Davon profitieren zahlreiche gef\u00e4hrdete und seltene Arten wie die Schachblume, Ameisenbl\u00e4ulinge oder das Breitbl\u00e4ttrige Knabenkraut.<\/p>\n<p>&nbsp;<\/p>\n<div id=\"attachment_13276\" style=\"width: 510px\" class=\"wp-caption alignnone\"><a href=\"https:\/\/www.naturparkmagazin.de\/vdn\/wp-content\/uploads\/sites\/3\/Sch\u00e4ferei-Dieter-Michler-2019-Foto-Alessa-Panarotto-3b.jpg\"><img aria-describedby=\"caption-attachment-13276\" decoding=\"async\" loading=\"lazy\" class=\"size-full wp-image-13276\" src=\"https:\/\/www.naturparkmagazin.de\/vdn\/wp-content\/uploads\/sites\/3\/Sch\u00e4ferei-Dieter-Michler-2019-Foto-Alessa-Panarotto-3b.jpg\" alt=\"Sch\u00e4ferei Dieter Michler 2019 \u00a9 Alessa Panarotto\" width=\"500\" height=\"300\" srcset=\"https:\/\/www.naturparkmagazin.de\/vdn\/wp-content\/uploads\/sites\/3\/Sch\u00e4ferei-Dieter-Michler-2019-Foto-Alessa-Panarotto-3b.jpg 500w, https:\/\/www.naturparkmagazin.de\/vdn\/wp-content\/uploads\/sites\/3\/Sch\u00e4ferei-Dieter-Michler-2019-Foto-Alessa-Panarotto-3b-300x180.jpg 300w, https:\/\/www.naturparkmagazin.de\/vdn\/wp-content\/uploads\/sites\/3\/Sch\u00e4ferei-Dieter-Michler-2019-Foto-Alessa-Panarotto-3b-200x120.jpg 200w\" sizes=\"(max-width: 500px) 100vw, 500px\" \/><\/a><p id=\"caption-attachment-13276\" class=\"wp-caption-text\">Sch\u00e4ferei Dieter Michler 2019 \u00a9 Alessa Panarotto<\/p><\/div>\n<p>Die Gr\u00fcnland-Spessart-Produkte werden von den Erzeugern \u00fcberwiegend als Fleischpakete direkt ab Hof vermarktet, dazu wird auch der Gr\u00fcnland Spessart Online-Shop genutzt. Auch ausgesuchte Metzgereien und Gastronomen haben Fleisch und Wurstwaren der Vermarktungsinitiative im Angebot. Seit zwei Jahren kooperiert Gr\u00fcnland Spessart zudem bei der Vermarktung von L\u00e4mmern mit EDEKA S\u00fcdwest.<\/p>\n<p>&nbsp;<\/p>\n<p>Oliver Kaiser, Gesch\u00e4ftsf\u00fchrer des Naturparks Spessart und Mitinitiator der Vermarktungsinitiative, res\u00fcmiert: \u201eMit der Marke Gr\u00fcnland Spessart kommen wir dem Wunsch einer wachsenden Zahl von Konsumenten entgegen, die regional und nachhaltig produzierte Lebensmittel kaufen m\u00f6chten. Dieser Trend hat sich durch Corona nochmal verst\u00e4rkt.\u201c Kaiser hofft, dass zuk\u00fcnftig noch mehr Erzeugerbetriebe f\u00fcr die Marke gewonnen werden k\u00f6nnen, um der steigenden Nachfrage gerecht werden zu k\u00f6nnen.<\/p>\n<p>&nbsp;<\/p>\n<div id=\"attachment_13277\" style=\"width: 510px\" class=\"wp-caption alignnone\"><a href=\"https:\/\/www.naturparkmagazin.de\/vdn\/wp-content\/uploads\/sites\/3\/Produktbild-Gruenland-Spessart-Foto-Marie-Rothenb\u00fccherb.jpg\"><img aria-describedby=\"caption-attachment-13277\" decoding=\"async\" loading=\"lazy\" class=\"size-full wp-image-13277\" src=\"https:\/\/www.naturparkmagazin.de\/vdn\/wp-content\/uploads\/sites\/3\/Produktbild-Gruenland-Spessart-Foto-Marie-Rothenb\u00fccherb.jpg\" alt=\"Produktbild Gruenland Spessart \u00a9 Marie Rothenb\u00fccher\" width=\"500\" height=\"300\" srcset=\"https:\/\/www.naturparkmagazin.de\/vdn\/wp-content\/uploads\/sites\/3\/Produktbild-Gruenland-Spessart-Foto-Marie-Rothenb\u00fccherb.jpg 500w, https:\/\/www.naturparkmagazin.de\/vdn\/wp-content\/uploads\/sites\/3\/Produktbild-Gruenland-Spessart-Foto-Marie-Rothenb\u00fccherb-300x180.jpg 300w, https:\/\/www.naturparkmagazin.de\/vdn\/wp-content\/uploads\/sites\/3\/Produktbild-Gruenland-Spessart-Foto-Marie-Rothenb\u00fccherb-200x120.jpg 200w\" sizes=\"(max-width: 500px) 100vw, 500px\" \/><\/a><p id=\"caption-attachment-13277\" class=\"wp-caption-text\">Produktbild Gruenland Spessart \u00a9 Marie Rothenb\u00fccher<\/p><\/div>\n<p>Weitere Informationen zu Gr\u00fcnland Spessart und seinen zertifizierten Mitgliedsbetrieben gibt es unter <a href=\"http:\/\/www.gruenland-spessart.de\">www.gruenland-spessart.de<\/a>.<\/p>\n<p>&nbsp;<\/p>\n<p>&nbsp;<\/p>\n<p>&nbsp;<\/p>\n","protected":false},"excerpt":{"rendered":"<p>Erzeuger, Metzgereien und Gastronomen aus dem Naturpark Spessart haben sich 2011 zu einer Vermarktungsinitiative zusammengeschlossen, um gemeinsam Fleisch- und Wurstwaren aus regionaler Weidehaltung zu vermarkten.<\/p>\n","protected":false},"author":73,"featured_media":13270,"comment_status":"open","ping_status":"open","sticky":false,"template":"","format":"standard","meta":{"_links_to":"","_links_to_target":""},"categories":[51],"tags":[2373,2368,2374,2371,2369,2370,1490,2372],"yoast_head":"<!-- This site is optimized with the Yoast SEO plugin v19.10 - https:\/\/yoast.com\/wordpress\/plugins\/seo\/ -->\n<title>10 Jahre \u201eGr\u00fcnland Spessart \u2013 Da ist drau\u00dfen drin!\u201c<\/title>\n<meta name=\"description\" content=\"Erzeuger, Metzgereien und Gastronomen aus dem Naturpark Spessart haben sich 2011 zu einer Vermarktungsinitiative zusammengeschlossen, um gemeinsam Fleisch- und Wurstwaren aus regionaler Weidehaltung zu vermarkten.\" \/>\n<meta name=\"robots\" content=\"index, follow, max-snippet:-1, max-image-preview:large, max-video-preview:-1\" \/>\n<link rel=\"canonical\" href=\"https:\/\/www.naturparkmagazin.de\/vdn\/10-jahre-gruenland-spessart-da-ist-draussen-drin\/\" \/>\n<meta property=\"og:locale\" content=\"de_DE\" \/>\n<meta property=\"og:type\" content=\"article\" \/>\n<meta property=\"og:title\" content=\"10 Jahre \u201eGr\u00fcnland Spessart \u2013 Da ist drau\u00dfen drin!\u201c\" \/>\n<meta property=\"og:description\" content=\"Erzeuger, Metzgereien und Gastronomen aus dem Naturpark Spessart haben sich 2011 zu einer Vermarktungsinitiative zusammengeschlossen, um gemeinsam Fleisch- und Wurstwaren aus regionaler Weidehaltung zu vermarkten.\" \/>\n<meta property=\"og:url\" content=\"https:\/\/www.naturparkmagazin.de\/vdn\/10-jahre-gruenland-spessart-da-ist-draussen-drin\/\" \/>\n<meta property=\"og:site_name\" content=\"Verband Deutscher Naturparke\" \/>\n<meta property=\"article:published_time\" content=\"2021-01-14T12:09:48+00:00\" \/>\n<meta property=\"article:modified_time\" content=\"2021-01-14T13:56:10+00:00\" \/>\n<meta property=\"og:image\" content=\"https:\/\/www.naturparkmagazin.de\/vdn\/wp-content\/uploads\/sites\/3\/GS_logo_4c_braun_gruenbf.jpg\" \/>\n\t<meta property=\"og:image:width\" content=\"200\" \/>\n\t<meta property=\"og:image:height\" content=\"200\" \/>\n\t<meta property=\"og:image:type\" content=\"image\/jpeg\" \/>\n<meta name=\"author\" content=\"manuelamerz\" \/>\n<meta name=\"twitter:label1\" content=\"Verfasst von\" \/>\n\t<meta name=\"twitter:data1\" content=\"manuelamerz\" \/>\n\t<meta name=\"twitter:label2\" content=\"Gesch\u00e4tzte Lesezeit\" \/>\n\t<meta name=\"twitter:data2\" content=\"2\u00a0Minuten\" \/>\n<script type=\"application\/ld+json\" class=\"yoast-schema-graph\">{\"@context\":\"https:\/\/schema.org\",\"@graph\":[{\"@type\":\"WebPage\",\"@id\":\"https:\/\/www.naturparkmagazin.de\/vdn\/10-jahre-gruenland-spessart-da-ist-draussen-drin\/\",\"url\":\"https:\/\/www.naturparkmagazin.de\/vdn\/10-jahre-gruenland-spessart-da-ist-draussen-drin\/\",\"name\":\"10 Jahre \u201eGr\u00fcnland Spessart \u2013 Da ist drau\u00dfen drin!\u201c\",\"isPartOf\":{\"@id\":\"https:\/\/www.naturparkmagazin.de\/vdn\/#website\"},\"datePublished\":\"2021-01-14T12:09:48+00:00\",\"dateModified\":\"2021-01-14T13:56:10+00:00\",\"author\":{\"@id\":\"https:\/\/www.naturparkmagazin.de\/vdn\/#\/schema\/person\/3cff9b8773ed55f0189255fa9adfd57c\"},\"description\":\"Erzeuger, Metzgereien und Gastronomen aus dem Naturpark Spessart haben sich 2011 zu einer Vermarktungsinitiative zusammengeschlossen, um gemeinsam Fleisch- und Wurstwaren aus regionaler Weidehaltung zu vermarkten.\",\"breadcrumb\":{\"@id\":\"https:\/\/www.naturparkmagazin.de\/vdn\/10-jahre-gruenland-spessart-da-ist-draussen-drin\/#breadcrumb\"},\"inLanguage\":\"de\",\"potentialAction\":[{\"@type\":\"ReadAction\",\"target\":[\"https:\/\/www.naturparkmagazin.de\/vdn\/10-jahre-gruenland-spessart-da-ist-draussen-drin\/\"]}]},{\"@type\":\"BreadcrumbList\",\"@id\":\"https:\/\/www.naturparkmagazin.de\/vdn\/10-jahre-gruenland-spessart-da-ist-draussen-drin\/#breadcrumb\",\"itemListElement\":[{\"@type\":\"ListItem\",\"position\":1,\"name\":\"Home\",\"item\":\"https:\/\/www.naturparkmagazin.de\/vdn\/\"},{\"@type\":\"ListItem\",\"position\":2,\"name\":\"10 Jahre \u201eGr\u00fcnland Spessart \u2013 Da ist drau\u00dfen drin!\u201c\"}]},{\"@type\":\"WebSite\",\"@id\":\"https:\/\/www.naturparkmagazin.de\/vdn\/#website\",\"url\":\"https:\/\/www.naturparkmagazin.de\/vdn\/\",\"name\":\"Verband Deutscher Naturparke\",\"description\":\"Eine weitere Naturparkmagazin.de Netzwerk Seite\",\"potentialAction\":[{\"@type\":\"SearchAction\",\"target\":{\"@type\":\"EntryPoint\",\"urlTemplate\":\"https:\/\/www.naturparkmagazin.de\/vdn\/?s={search_term_string}\"},\"query-input\":\"required name=search_term_string\"}],\"inLanguage\":\"de\"},{\"@type\":\"Person\",\"@id\":\"https:\/\/www.naturparkmagazin.de\/vdn\/#\/schema\/person\/3cff9b8773ed55f0189255fa9adfd57c\",\"name\":\"manuelamerz\",\"url\":\"https:\/\/www.naturparkmagazin.de\/vdn\/author\/manuelamerz\/\"}]}<\/script>\n<!-- \/ Yoast SEO plugin. -->","yoast_head_json":{"title":"10 Jahre \u201eGr\u00fcnland Spessart \u2013 Da ist drau\u00dfen drin!\u201c","description":"Erzeuger, Metzgereien und Gastronomen aus dem Naturpark Spessart haben sich 2011 zu einer Vermarktungsinitiative zusammengeschlossen, um gemeinsam Fleisch- und Wurstwaren aus regionaler Weidehaltung zu vermarkten.","robots":{"index":"index","follow":"follow","max-snippet":"max-snippet:-1","max-image-preview":"max-image-preview:large","max-video-preview":"max-video-preview:-1"},"canonical":"https:\/\/www.naturparkmagazin.de\/vdn\/10-jahre-gruenland-spessart-da-ist-draussen-drin\/","og_locale":"de_DE","og_type":"article","og_title":"10 Jahre \u201eGr\u00fcnland Spessart \u2013 Da ist drau\u00dfen drin!\u201c","og_description":"Erzeuger, Metzgereien und Gastronomen aus dem Naturpark Spessart haben sich 2011 zu einer Vermarktungsinitiative zusammengeschlossen, um gemeinsam Fleisch- und Wurstwaren aus regionaler Weidehaltung zu vermarkten.","og_url":"https:\/\/www.naturparkmagazin.de\/vdn\/10-jahre-gruenland-spessart-da-ist-draussen-drin\/","og_site_name":"Verband Deutscher Naturparke","article_published_time":"2021-01-14T12:09:48+00:00","article_modified_time":"2021-01-14T13:56:10+00:00","og_image":[{"width":200,"height":200,"url":"https:\/\/www.naturparkmagazin.de\/vdn\/wp-content\/uploads\/sites\/3\/GS_logo_4c_braun_gruenbf.jpg","type":"image\/jpeg"}],"author":"manuelamerz","twitter_misc":{"Verfasst von":"manuelamerz","Gesch\u00e4tzte Lesezeit":"2\u00a0Minuten"},"schema":{"@context":"https:\/\/schema.org","@graph":[{"@type":"WebPage","@id":"https:\/\/www.naturparkmagazin.de\/vdn\/10-jahre-gruenland-spessart-da-ist-draussen-drin\/","url":"https:\/\/www.naturparkmagazin.de\/vdn\/10-jahre-gruenland-spessart-da-ist-draussen-drin\/","name":"10 Jahre \u201eGr\u00fcnland Spessart \u2013 Da ist drau\u00dfen drin!\u201c","isPartOf":{"@id":"https:\/\/www.naturparkmagazin.de\/vdn\/#website"},"datePublished":"2021-01-14T12:09:48+00:00","dateModified":"2021-01-14T13:56:10+00:00","author":{"@id":"https:\/\/www.naturparkmagazin.de\/vdn\/#\/schema\/person\/3cff9b8773ed55f0189255fa9adfd57c"},"description":"Erzeuger, Metzgereien und Gastronomen aus dem Naturpark Spessart haben sich 2011 zu einer Vermarktungsinitiative zusammengeschlossen, um gemeinsam Fleisch- und Wurstwaren aus regionaler Weidehaltung zu vermarkten.","breadcrumb":{"@id":"https:\/\/www.naturparkmagazin.de\/vdn\/10-jahre-gruenland-spessart-da-ist-draussen-drin\/#breadcrumb"},"inLanguage":"de","potentialAction":[{"@type":"ReadAction","target":["https:\/\/www.naturparkmagazin.de\/vdn\/10-jahre-gruenland-spessart-da-ist-draussen-drin\/"]}]},{"@type":"BreadcrumbList","@id":"https:\/\/www.naturparkmagazin.de\/vdn\/10-jahre-gruenland-spessart-da-ist-draussen-drin\/#breadcrumb","itemListElement":[{"@type":"ListItem","position":1,"name":"Home","item":"https:\/\/www.naturparkmagazin.de\/vdn\/"},{"@type":"ListItem","position":2,"name":"10 Jahre \u201eGr\u00fcnland Spessart \u2013 Da ist drau\u00dfen drin!\u201c"}]},{"@type":"WebSite","@id":"https:\/\/www.naturparkmagazin.de\/vdn\/#website","url":"https:\/\/www.naturparkmagazin.de\/vdn\/","name":"Verband Deutscher Naturparke","description":"Eine weitere Naturparkmagazin.de Netzwerk Seite","potentialAction":[{"@type":"SearchAction","target":{"@type":"EntryPoint","urlTemplate":"https:\/\/www.naturparkmagazin.de\/vdn\/?s={search_term_string}"},"query-input":"required name=search_term_string"}],"inLanguage":"de"},{"@type":"Person","@id":"https:\/\/www.naturparkmagazin.de\/vdn\/#\/schema\/person\/3cff9b8773ed55f0189255fa9adfd57c","name":"manuelamerz","url":"https:\/\/www.naturparkmagazin.de\/vdn\/author\/manuelamerz\/"}]}},"_links":{"self":[{"href":"https:\/\/www.naturparkmagazin.de\/vdn\/wp-json\/wp\/v2\/posts\/13269"}],"collection":[{"href":"https:\/\/www.naturparkmagazin.de\/vdn\/wp-json\/wp\/v2\/posts"}],"about":[{"href":"https:\/\/www.naturparkmagazin.de\/vdn\/wp-json\/wp\/v2\/types\/post"}],"author":[{"embeddable":true,"href":"https:\/\/www.naturparkmagazin.de\/vdn\/wp-json\/wp\/v2\/users\/73"}],"replies":[{"embeddable":true,"href":"https:\/\/www.naturparkmagazin.de\/vdn\/wp-json\/wp\/v2\/comments?post=13269"}],"version-history":[{"count":5,"href":"https:\/\/www.naturparkmagazin.de\/vdn\/wp-json\/wp\/v2\/posts\/13269\/revisions"}],"predecessor-version":[{"id":13280,"href":"https:\/\/www.naturparkmagazin.de\/vdn\/wp-json\/wp\/v2\/posts\/13269\/revisions\/13280"}],"wp:featuredmedia":[{"embeddable":true,"href":"https:\/\/www.naturparkmagazin.de\/vdn\/wp-json\/wp\/v2\/media\/13270"}],"wp:attachment":[{"href":"https:\/\/www.naturparkmagazin.de\/vdn\/wp-json\/wp\/v2\/media?parent=13269"}],"wp:term":[{"taxonomy":"category","embeddable":true,"href":"https:\/\/www.naturparkmagazin.de\/vdn\/wp-json\/wp\/v2\/categories?post=13269"},{"taxonomy":"post_tag","embeddable":true,"href":"https:\/\/www.naturparkmagazin.de\/vdn\/wp-json\/wp\/v2\/tags?post=13269"}],"curies":[{"name":"wp","href":"https:\/\/api.w.org\/{rel}","templated":true}]}}