{"id":13286,"date":"2021-01-31T14:59:29","date_gmt":"2021-01-31T13:59:29","guid":{"rendered":"https:\/\/www.naturparkmagazin.de\/vdn\/?p=13286"},"modified":"2021-02-15T11:26:41","modified_gmt":"2021-02-15T10:26:41","slug":"4-phase-der-qualitaetsoffensive-naturparke-startet","status":"publish","type":"post","link":"https:\/\/www.naturparkmagazin.de\/vdn\/4-phase-der-qualitaetsoffensive-naturparke-startet\/","title":{"rendered":"4. Phase der \u201eQualit\u00e4tsoffensive Naturparke\u201c startet"},"content":{"rendered":"<div id=\"attachment_13288\" style=\"width: 630px\" class=\"wp-caption alignnone\"><a href=\"https:\/\/www.naturparkmagazin.de\/vdn\/wp-content\/uploads\/sites\/3\/Titel.jpg\"><img aria-describedby=\"caption-attachment-13288\" decoding=\"async\" loading=\"lazy\" class=\"size-medium wp-image-13288\" src=\"https:\/\/www.naturparkmagazin.de\/vdn\/wp-content\/uploads\/sites\/3\/Titel-620x878.jpg\" alt=\"Titel des aktuellen Kriterienkatalogs &quot;Qualit\u00e4tsoffensive Naturparke&quot; 2020\" width=\"620\" height=\"878\" srcset=\"https:\/\/www.naturparkmagazin.de\/vdn\/wp-content\/uploads\/sites\/3\/Titel-620x878.jpg 620w, https:\/\/www.naturparkmagazin.de\/vdn\/wp-content\/uploads\/sites\/3\/Titel-300x425.jpg 300w, https:\/\/www.naturparkmagazin.de\/vdn\/wp-content\/uploads\/sites\/3\/Titel-200x283.jpg 200w, https:\/\/www.naturparkmagazin.de\/vdn\/wp-content\/uploads\/sites\/3\/Titel.jpg 644w\" sizes=\"(max-width: 620px) 100vw, 620px\" \/><\/a><p id=\"caption-attachment-13288\" class=\"wp-caption-text\">Titel des aktuellen Kriterienkatalogs &#8222;Qualit\u00e4tsoffensive Naturparke&#8220; 2020. Foto: VDN<\/p><\/div>\n<p>Die \u201eQualit\u00e4tsoffensive Naturparke\u201c ist f\u00fcr die Naturparke ein wertvolles Instrument zur Selbsteinsch\u00e4tzung und kontinuierlichen Verbesserung der Qualit\u00e4t ihrer Arbeit. Im Zentrum stehen Kriterien, die die Qualit\u00e4t der bisherigen Naturparkarbeit und deren Ver\u00e4nderungen in bestimmten Zeitabschnitten \u201emessbar\u201c machen. Mit Hilfe der Qualit\u00e4tsoffensive bietet der VDN den Naturparken ein Management-Instrument zur Ermittlung der St\u00e4rken und Schw\u00e4chen, erm\u00f6glicht eine zielgerichtete Weiterentwicklung der Naturparke und initiiert einen dauerhaften Prozess der Qualit\u00e4tsentwicklung.<\/p>\n<p>Der Qualit\u00e4tsoffensive zugrundeliegende Kriterienkatalog beinhaltet 92 Bewertungs-Fragen zu den Handlungsfeldern Management und Organisation, Naturschutz und Landschaftspflege, Erholung und nachhaltiger Tourismus, Bildung f\u00fcr nachhaltige Entwicklung und Umweltbildung sowie nachhaltige Regionalentwicklung. Au\u00dferdem enth\u00e4lt er einen Naturpark-Steckbrief, der grundlegende Informationen \u00fcber den Naturpark erfasst.<\/p>\n<p>Neben dem Kriterienkatalog bilden die Qualit\u00e4ts-Scouts das Herzst\u00fcck der \u201eQualit\u00e4tsoffensive Naturparke\u201c. Sie bereisen die teilnehmenden Naturparke und beraten sie qualifiziert und partnerschaftlich. So erhalten die Naturparke konkrete Anregungen f\u00fcr die Weiterentwicklung ihrer Arbeit.<\/p>\n<p>Naturparke, die von den max. 500 m\u00f6glichen Punkte 300 Punkte erreichen, werden als \u201eQualit\u00e4ts-Naturpark\u201c ausgezeichnet.<\/p>\n<p>Weitere Infos zur Qualit\u00e4tsoffensive finden Sie unter: <a href=\"https:\/\/www.naturparke.de\/aufgaben-ziele\/management\/qualitaetsoffensive-naturparke.html\" target=\"_blank\">https:\/\/www.naturparke.de\/aufgaben-ziele\/management\/qualitaetsoffensive-naturparke.html<\/a><\/p>\n<p><a href=\"https:\/\/www.naturparke.de\/service\/infothek.html\" target=\"_blank\">Link zum Kriterienkatalog als pdf<\/a> oder <a href=\"https:\/\/www.naturparke.de\/service\/bestellungen.html\" target=\"_blank\">zum Bestellen in unserer Infothek<\/a>.<\/p>\n<p>&nbsp;<\/p>\n","protected":false},"excerpt":{"rendered":"<p>Die \u201eQualit\u00e4tsoffensive Naturparke\u201c startet in diesem Jahr mit einem \u00fcberarbeiteten Kriterienkatalog in ihre vierte Phase.<\/p>\n","protected":false},"author":73,"featured_media":13296,"comment_status":"open","ping_status":"open","sticky":false,"template":"","format":"standard","meta":{"_links_to":"","_links_to_target":""},"categories":[7],"tags":[2378,2377,81,643],"yoast_head":"<!-- This site is optimized with the Yoast SEO plugin v19.10 - https:\/\/yoast.com\/wordpress\/plugins\/seo\/ -->\n<title>4. Phase der \u201eQualit\u00e4tsoffensive Naturparke\u201c startet<\/title>\n<meta name=\"description\" content=\"Die \u201eQualit\u00e4tsoffensive Naturparke\u201c startet in diesem Jahr mit einem \u00fcberarbeiteten Kriterienkatalog in ihre vierte Phase.\" \/>\n<meta name=\"robots\" content=\"index, follow, max-snippet:-1, max-image-preview:large, max-video-preview:-1\" \/>\n<link rel=\"canonical\" href=\"https:\/\/www.naturparkmagazin.de\/vdn\/4-phase-der-qualitaetsoffensive-naturparke-startet\/\" \/>\n<meta property=\"og:locale\" content=\"de_DE\" \/>\n<meta property=\"og:type\" content=\"article\" \/>\n<meta property=\"og:title\" content=\"4. Phase der \u201eQualit\u00e4tsoffensive Naturparke\u201c startet\" \/>\n<meta property=\"og:description\" content=\"Die \u201eQualit\u00e4tsoffensive Naturparke\u201c startet in diesem Jahr mit einem \u00fcberarbeiteten Kriterienkatalog in ihre vierte Phase.\" \/>\n<meta property=\"og:url\" content=\"https:\/\/www.naturparkmagazin.de\/vdn\/4-phase-der-qualitaetsoffensive-naturparke-startet\/\" \/>\n<meta property=\"og:site_name\" content=\"Verband Deutscher Naturparke\" \/>\n<meta property=\"article:published_time\" content=\"2021-01-31T13:59:29+00:00\" \/>\n<meta property=\"article:modified_time\" content=\"2021-02-15T10:26:41+00:00\" \/>\n<meta property=\"og:image\" content=\"https:\/\/www.naturparkmagazin.de\/vdn\/wp-content\/uploads\/sites\/3\/Titel1.jpg\" \/>\n\t<meta property=\"og:image:width\" content=\"200\" \/>\n\t<meta property=\"og:image:height\" content=\"200\" \/>\n\t<meta property=\"og:image:type\" content=\"image\/jpeg\" \/>\n<meta name=\"author\" content=\"manuelamerz\" \/>\n<meta name=\"twitter:label1\" content=\"Verfasst von\" \/>\n\t<meta name=\"twitter:data1\" content=\"manuelamerz\" \/>\n\t<meta name=\"twitter:label2\" content=\"Gesch\u00e4tzte Lesezeit\" \/>\n\t<meta name=\"twitter:data2\" content=\"1\u00a0Minute\" \/>\n<script type=\"application\/ld+json\" class=\"yoast-schema-graph\">{\"@context\":\"https:\/\/schema.org\",\"@graph\":[{\"@type\":\"WebPage\",\"@id\":\"https:\/\/www.naturparkmagazin.de\/vdn\/4-phase-der-qualitaetsoffensive-naturparke-startet\/\",\"url\":\"https:\/\/www.naturparkmagazin.de\/vdn\/4-phase-der-qualitaetsoffensive-naturparke-startet\/\",\"name\":\"4. Phase der \u201eQualit\u00e4tsoffensive Naturparke\u201c startet\",\"isPartOf\":{\"@id\":\"https:\/\/www.naturparkmagazin.de\/vdn\/#website\"},\"datePublished\":\"2021-01-31T13:59:29+00:00\",\"dateModified\":\"2021-02-15T10:26:41+00:00\",\"author\":{\"@id\":\"https:\/\/www.naturparkmagazin.de\/vdn\/#\/schema\/person\/3cff9b8773ed55f0189255fa9adfd57c\"},\"description\":\"Die \u201eQualit\u00e4tsoffensive Naturparke\u201c startet in diesem Jahr mit einem \u00fcberarbeiteten Kriterienkatalog in ihre vierte Phase.\",\"breadcrumb\":{\"@id\":\"https:\/\/www.naturparkmagazin.de\/vdn\/4-phase-der-qualitaetsoffensive-naturparke-startet\/#breadcrumb\"},\"inLanguage\":\"de\",\"potentialAction\":[{\"@type\":\"ReadAction\",\"target\":[\"https:\/\/www.naturparkmagazin.de\/vdn\/4-phase-der-qualitaetsoffensive-naturparke-startet\/\"]}]},{\"@type\":\"BreadcrumbList\",\"@id\":\"https:\/\/www.naturparkmagazin.de\/vdn\/4-phase-der-qualitaetsoffensive-naturparke-startet\/#breadcrumb\",\"itemListElement\":[{\"@type\":\"ListItem\",\"position\":1,\"name\":\"Home\",\"item\":\"https:\/\/www.naturparkmagazin.de\/vdn\/\"},{\"@type\":\"ListItem\",\"position\":2,\"name\":\"4. Phase der \u201eQualit\u00e4tsoffensive Naturparke\u201c startet\"}]},{\"@type\":\"WebSite\",\"@id\":\"https:\/\/www.naturparkmagazin.de\/vdn\/#website\",\"url\":\"https:\/\/www.naturparkmagazin.de\/vdn\/\",\"name\":\"Verband Deutscher Naturparke\",\"description\":\"Eine weitere Naturparkmagazin.de Netzwerk Seite\",\"potentialAction\":[{\"@type\":\"SearchAction\",\"target\":{\"@type\":\"EntryPoint\",\"urlTemplate\":\"https:\/\/www.naturparkmagazin.de\/vdn\/?s={search_term_string}\"},\"query-input\":\"required name=search_term_string\"}],\"inLanguage\":\"de\"},{\"@type\":\"Person\",\"@id\":\"https:\/\/www.naturparkmagazin.de\/vdn\/#\/schema\/person\/3cff9b8773ed55f0189255fa9adfd57c\",\"name\":\"manuelamerz\",\"url\":\"https:\/\/www.naturparkmagazin.de\/vdn\/author\/manuelamerz\/\"}]}<\/script>\n<!-- \/ Yoast SEO plugin. -->","yoast_head_json":{"title":"4. Phase der \u201eQualit\u00e4tsoffensive Naturparke\u201c startet","description":"Die \u201eQualit\u00e4tsoffensive Naturparke\u201c startet in diesem Jahr mit einem \u00fcberarbeiteten Kriterienkatalog in ihre vierte Phase.","robots":{"index":"index","follow":"follow","max-snippet":"max-snippet:-1","max-image-preview":"max-image-preview:large","max-video-preview":"max-video-preview:-1"},"canonical":"https:\/\/www.naturparkmagazin.de\/vdn\/4-phase-der-qualitaetsoffensive-naturparke-startet\/","og_locale":"de_DE","og_type":"article","og_title":"4. Phase der \u201eQualit\u00e4tsoffensive Naturparke\u201c startet","og_description":"Die \u201eQualit\u00e4tsoffensive Naturparke\u201c startet in diesem Jahr mit einem \u00fcberarbeiteten Kriterienkatalog in ihre vierte Phase.","og_url":"https:\/\/www.naturparkmagazin.de\/vdn\/4-phase-der-qualitaetsoffensive-naturparke-startet\/","og_site_name":"Verband Deutscher Naturparke","article_published_time":"2021-01-31T13:59:29+00:00","article_modified_time":"2021-02-15T10:26:41+00:00","og_image":[{"width":200,"height":200,"url":"https:\/\/www.naturparkmagazin.de\/vdn\/wp-content\/uploads\/sites\/3\/Titel1.jpg","type":"image\/jpeg"}],"author":"manuelamerz","twitter_misc":{"Verfasst von":"manuelamerz","Gesch\u00e4tzte Lesezeit":"1\u00a0Minute"},"schema":{"@context":"https:\/\/schema.org","@graph":[{"@type":"WebPage","@id":"https:\/\/www.naturparkmagazin.de\/vdn\/4-phase-der-qualitaetsoffensive-naturparke-startet\/","url":"https:\/\/www.naturparkmagazin.de\/vdn\/4-phase-der-qualitaetsoffensive-naturparke-startet\/","name":"4. Phase der \u201eQualit\u00e4tsoffensive Naturparke\u201c startet","isPartOf":{"@id":"https:\/\/www.naturparkmagazin.de\/vdn\/#website"},"datePublished":"2021-01-31T13:59:29+00:00","dateModified":"2021-02-15T10:26:41+00:00","author":{"@id":"https:\/\/www.naturparkmagazin.de\/vdn\/#\/schema\/person\/3cff9b8773ed55f0189255fa9adfd57c"},"description":"Die \u201eQualit\u00e4tsoffensive Naturparke\u201c startet in diesem Jahr mit einem \u00fcberarbeiteten Kriterienkatalog in ihre vierte Phase.","breadcrumb":{"@id":"https:\/\/www.naturparkmagazin.de\/vdn\/4-phase-der-qualitaetsoffensive-naturparke-startet\/#breadcrumb"},"inLanguage":"de","potentialAction":[{"@type":"ReadAction","target":["https:\/\/www.naturparkmagazin.de\/vdn\/4-phase-der-qualitaetsoffensive-naturparke-startet\/"]}]},{"@type":"BreadcrumbList","@id":"https:\/\/www.naturparkmagazin.de\/vdn\/4-phase-der-qualitaetsoffensive-naturparke-startet\/#breadcrumb","itemListElement":[{"@type":"ListItem","position":1,"name":"Home","item":"https:\/\/www.naturparkmagazin.de\/vdn\/"},{"@type":"ListItem","position":2,"name":"4. Phase der \u201eQualit\u00e4tsoffensive Naturparke\u201c startet"}]},{"@type":"WebSite","@id":"https:\/\/www.naturparkmagazin.de\/vdn\/#website","url":"https:\/\/www.naturparkmagazin.de\/vdn\/","name":"Verband Deutscher Naturparke","description":"Eine weitere Naturparkmagazin.de Netzwerk Seite","potentialAction":[{"@type":"SearchAction","target":{"@type":"EntryPoint","urlTemplate":"https:\/\/www.naturparkmagazin.de\/vdn\/?s={search_term_string}"},"query-input":"required name=search_term_string"}],"inLanguage":"de"},{"@type":"Person","@id":"https:\/\/www.naturparkmagazin.de\/vdn\/#\/schema\/person\/3cff9b8773ed55f0189255fa9adfd57c","name":"manuelamerz","url":"https:\/\/www.naturparkmagazin.de\/vdn\/author\/manuelamerz\/"}]}},"_links":{"self":[{"href":"https:\/\/www.naturparkmagazin.de\/vdn\/wp-json\/wp\/v2\/posts\/13286"}],"collection":[{"href":"https:\/\/www.naturparkmagazin.de\/vdn\/wp-json\/wp\/v2\/posts"}],"about":[{"href":"https:\/\/www.naturparkmagazin.de\/vdn\/wp-json\/wp\/v2\/types\/post"}],"author":[{"embeddable":true,"href":"https:\/\/www.naturparkmagazin.de\/vdn\/wp-json\/wp\/v2\/users\/73"}],"replies":[{"embeddable":true,"href":"https:\/\/www.naturparkmagazin.de\/vdn\/wp-json\/wp\/v2\/comments?post=13286"}],"version-history":[{"count":4,"href":"https:\/\/www.naturparkmagazin.de\/vdn\/wp-json\/wp\/v2\/posts\/13286\/revisions"}],"predecessor-version":[{"id":13340,"href":"https:\/\/www.naturparkmagazin.de\/vdn\/wp-json\/wp\/v2\/posts\/13286\/revisions\/13340"}],"wp:featuredmedia":[{"embeddable":true,"href":"https:\/\/www.naturparkmagazin.de\/vdn\/wp-json\/wp\/v2\/media\/13296"}],"wp:attachment":[{"href":"https:\/\/www.naturparkmagazin.de\/vdn\/wp-json\/wp\/v2\/media?parent=13286"}],"wp:term":[{"taxonomy":"category","embeddable":true,"href":"https:\/\/www.naturparkmagazin.de\/vdn\/wp-json\/wp\/v2\/categories?post=13286"},{"taxonomy":"post_tag","embeddable":true,"href":"https:\/\/www.naturparkmagazin.de\/vdn\/wp-json\/wp\/v2\/tags?post=13286"}],"curies":[{"name":"wp","href":"https:\/\/api.w.org\/{rel}","templated":true}]}}