{"id":13369,"date":"2021-02-18T14:55:57","date_gmt":"2021-02-18T13:55:57","guid":{"rendered":"https:\/\/www.naturparkmagazin.de\/vdn\/?p=13369"},"modified":"2021-03-12T13:51:19","modified_gmt":"2021-03-12T12:51:19","slug":"fotowettbewerb-augenblick-natur-2021-startet","status":"publish","type":"post","link":"https:\/\/www.naturparkmagazin.de\/vdn\/fotowettbewerb-augenblick-natur-2021-startet\/","title":{"rendered":"Fotowettbewerb \u201eAugenblick Natur!\u201c 2021 startet"},"content":{"rendered":"<div id=\"attachment_13371\" style=\"width: 510px\" class=\"wp-caption alignnone\"><a href=\"https:\/\/www.naturparkmagazin.de\/vdn\/wp-content\/uploads\/sites\/3\/Logo-Fotowettbewerb_500x300px.jpg\"><img aria-describedby=\"caption-attachment-13371\" decoding=\"async\" loading=\"lazy\" class=\"size-full wp-image-13371\" src=\"https:\/\/www.naturparkmagazin.de\/vdn\/wp-content\/uploads\/sites\/3\/Logo-Fotowettbewerb_500x300px.jpg\" alt=\"\u00a9 VDN\" width=\"500\" height=\"300\" srcset=\"https:\/\/www.naturparkmagazin.de\/vdn\/wp-content\/uploads\/sites\/3\/Logo-Fotowettbewerb_500x300px.jpg 500w, https:\/\/www.naturparkmagazin.de\/vdn\/wp-content\/uploads\/sites\/3\/Logo-Fotowettbewerb_500x300px-300x180.jpg 300w, https:\/\/www.naturparkmagazin.de\/vdn\/wp-content\/uploads\/sites\/3\/Logo-Fotowettbewerb_500x300px-200x120.jpg 200w\" sizes=\"(max-width: 500px) 100vw, 500px\" \/><\/a><p id=\"caption-attachment-13371\" class=\"wp-caption-text\">\u00a9 VDN<\/p><\/div>\n<p>Naturfotografin Ulrike Sobick fing im Naturpark Rheinland einen solchen besonderen Moment ein, als ihr eine Smaragdeidechse vor die Linse kam. Als Sympathietr\u00e4gerin wirbt diese f\u00fcr den Fotowettbewerb \u201eAugenblick Natur!\u201c 2021 und die Entdeckung besonderer Momente in den Naturparken und Geoparks. Der Fotowettbewerb startet am 1. M\u00e4rz auf der Website <a href=\"http:\/\/www.naturparkfotos.de\">www.naturparkfotos.de<\/a>.<\/p>\n<p>Zielsetzung des Fotowettbewerbs &#8222;Augenblick Natur!\u201c 2021 ist es wieder, die einzigartige Vielfalt und Sch\u00f6nheit unserer heimatlichen Landschaften aufzuzeigen und die Naturparke sowie Geoparks mit ihren verschiedenen Facetten einer breiten \u00d6ffentlichkeit bekannt zu machen. Gesucht werden hierzu ausdrucksstarke Motive \u2013 jeweils aufgenommen aus der ganz pers\u00f6nlichen Perspektive der Besucher.<\/p>\n<p>Alle Bilder des Wettbewerbs werden auf einem eigens daf\u00fcr eingerichteten Internetportal auf der Website <a href=\"http:\/\/www.naturparkfotos.de\">www.naturparkfotos.de<\/a> ver\u00f6ffentlicht. Die 100 besten Bilder des Wettbewerbs werden monatlich von den Besuchern des Portals gew\u00e4hlt (vote per click). Aus diesen Top 100 w\u00e4hlt die dreik\u00f6pfige Jury jeden Monat die 10 besten aus. Die Monatssieger werden mit attraktiven Gewinnen pr\u00e4miert, der Jahressieger wird am Ende des Wettbewerbs mit einem Fotoworkshop mit dem Fotojournalisten und Naturfotografen Hans-Peter Schaub belohnt.<\/p>\n<p>Der Fotowettbewerb \u201eAugenblick Natur!\u201c wird seit 2007 von Kaufland unterst\u00fctzt. In diesem Jahr wird er pr\u00e4sentiert in Kooperation mit der Zeitschrift &#8222;NaturFoto&#8220;, der Firma Novoflex und Kaufland Foto mit freundlicher Unterst\u00fctzung von CEWE sowie dem Rheinwerk Verlag. Bis heute wurden von den Nutzern des Fotoportals www.naturparkfotos.de \u00fcber 150.000 Fotos eingestellt.<\/p>\n<p>Weitere Infos zum Wettbewerb erhalten Sie auf <a href=\"http:\/\/www.naturparkfotos.de\">www.naturparkfotos.de<\/a><\/p>\n<p>&nbsp;<\/p>\n","protected":false},"excerpt":{"rendered":"<p>\u201eDen besonderen Moment festhalten\u201c \u2013 so lautet das Motto des diesj\u00e4hrigen Fotowettbewerbs \u201eAugenblick Natur!\u201c des Verbands Deutscher Naturparke e.V. <\/p>\n","protected":false},"author":73,"featured_media":13370,"comment_status":"open","ping_status":"open","sticky":false,"template":"","format":"standard","meta":{"_links_to":"","_links_to_target":""},"categories":[7],"tags":[88,2388,2389,330,91,2225,3154,94],"yoast_head":"<!-- This site is optimized with the Yoast SEO plugin v19.10 - https:\/\/yoast.com\/wordpress\/plugins\/seo\/ -->\n<title>Fotowettbewerb \u201eAugenblick Natur!\u201c 2021 startet<\/title>\n<meta name=\"description\" content=\"\u201eDen besonderen Moment festhalten\u201c \u2013 so lautet das Motto des diesj\u00e4hrigen Fotowettbewerbs \u201eAugenblick Natur!\u201c des Verbands Deutscher Naturparke e.V.\" \/>\n<meta name=\"robots\" content=\"index, follow, max-snippet:-1, max-image-preview:large, max-video-preview:-1\" \/>\n<link rel=\"canonical\" href=\"https:\/\/www.naturparkmagazin.de\/vdn\/fotowettbewerb-augenblick-natur-2021-startet\/\" \/>\n<meta property=\"og:locale\" content=\"de_DE\" \/>\n<meta property=\"og:type\" content=\"article\" \/>\n<meta property=\"og:title\" content=\"Fotowettbewerb \u201eAugenblick Natur!\u201c 2021 startet\" \/>\n<meta property=\"og:description\" content=\"\u201eDen besonderen Moment festhalten\u201c \u2013 so lautet das Motto des diesj\u00e4hrigen Fotowettbewerbs \u201eAugenblick Natur!\u201c des Verbands Deutscher Naturparke e.V.\" \/>\n<meta property=\"og:url\" content=\"https:\/\/www.naturparkmagazin.de\/vdn\/fotowettbewerb-augenblick-natur-2021-startet\/\" \/>\n<meta property=\"og:site_name\" content=\"Verband Deutscher Naturparke\" \/>\n<meta property=\"article:published_time\" content=\"2021-02-18T13:55:57+00:00\" \/>\n<meta property=\"article:modified_time\" content=\"2021-03-12T12:51:19+00:00\" \/>\n<meta property=\"og:image\" content=\"https:\/\/www.naturparkmagazin.de\/vdn\/wp-content\/uploads\/sites\/3\/Logo-Fotowettbewerb_200x200px.jpg\" \/>\n\t<meta property=\"og:image:width\" content=\"200\" \/>\n\t<meta property=\"og:image:height\" content=\"200\" \/>\n\t<meta property=\"og:image:type\" content=\"image\/jpeg\" \/>\n<meta name=\"author\" content=\"manuelamerz\" \/>\n<meta name=\"twitter:label1\" content=\"Verfasst von\" \/>\n\t<meta name=\"twitter:data1\" content=\"manuelamerz\" \/>\n\t<meta name=\"twitter:label2\" content=\"Gesch\u00e4tzte Lesezeit\" \/>\n\t<meta name=\"twitter:data2\" content=\"1\u00a0Minute\" \/>\n<script type=\"application\/ld+json\" class=\"yoast-schema-graph\">{\"@context\":\"https:\/\/schema.org\",\"@graph\":[{\"@type\":\"WebPage\",\"@id\":\"https:\/\/www.naturparkmagazin.de\/vdn\/fotowettbewerb-augenblick-natur-2021-startet\/\",\"url\":\"https:\/\/www.naturparkmagazin.de\/vdn\/fotowettbewerb-augenblick-natur-2021-startet\/\",\"name\":\"Fotowettbewerb \u201eAugenblick Natur!\u201c 2021 startet\",\"isPartOf\":{\"@id\":\"https:\/\/www.naturparkmagazin.de\/vdn\/#website\"},\"datePublished\":\"2021-02-18T13:55:57+00:00\",\"dateModified\":\"2021-03-12T12:51:19+00:00\",\"author\":{\"@id\":\"https:\/\/www.naturparkmagazin.de\/vdn\/#\/schema\/person\/3cff9b8773ed55f0189255fa9adfd57c\"},\"description\":\"\u201eDen besonderen Moment festhalten\u201c \u2013 so lautet das Motto des diesj\u00e4hrigen Fotowettbewerbs \u201eAugenblick Natur!\u201c des Verbands Deutscher Naturparke e.V.\",\"breadcrumb\":{\"@id\":\"https:\/\/www.naturparkmagazin.de\/vdn\/fotowettbewerb-augenblick-natur-2021-startet\/#breadcrumb\"},\"inLanguage\":\"de\",\"potentialAction\":[{\"@type\":\"ReadAction\",\"target\":[\"https:\/\/www.naturparkmagazin.de\/vdn\/fotowettbewerb-augenblick-natur-2021-startet\/\"]}]},{\"@type\":\"BreadcrumbList\",\"@id\":\"https:\/\/www.naturparkmagazin.de\/vdn\/fotowettbewerb-augenblick-natur-2021-startet\/#breadcrumb\",\"itemListElement\":[{\"@type\":\"ListItem\",\"position\":1,\"name\":\"Home\",\"item\":\"https:\/\/www.naturparkmagazin.de\/vdn\/\"},{\"@type\":\"ListItem\",\"position\":2,\"name\":\"Fotowettbewerb \u201eAugenblick Natur!\u201c 2021 startet\"}]},{\"@type\":\"WebSite\",\"@id\":\"https:\/\/www.naturparkmagazin.de\/vdn\/#website\",\"url\":\"https:\/\/www.naturparkmagazin.de\/vdn\/\",\"name\":\"Verband Deutscher Naturparke\",\"description\":\"Eine weitere Naturparkmagazin.de Netzwerk Seite\",\"potentialAction\":[{\"@type\":\"SearchAction\",\"target\":{\"@type\":\"EntryPoint\",\"urlTemplate\":\"https:\/\/www.naturparkmagazin.de\/vdn\/?s={search_term_string}\"},\"query-input\":\"required name=search_term_string\"}],\"inLanguage\":\"de\"},{\"@type\":\"Person\",\"@id\":\"https:\/\/www.naturparkmagazin.de\/vdn\/#\/schema\/person\/3cff9b8773ed55f0189255fa9adfd57c\",\"name\":\"manuelamerz\",\"url\":\"https:\/\/www.naturparkmagazin.de\/vdn\/author\/manuelamerz\/\"}]}<\/script>\n<!-- \/ Yoast SEO plugin. -->","yoast_head_json":{"title":"Fotowettbewerb \u201eAugenblick Natur!\u201c 2021 startet","description":"\u201eDen besonderen Moment festhalten\u201c \u2013 so lautet das Motto des diesj\u00e4hrigen Fotowettbewerbs \u201eAugenblick Natur!\u201c des Verbands Deutscher Naturparke e.V.","robots":{"index":"index","follow":"follow","max-snippet":"max-snippet:-1","max-image-preview":"max-image-preview:large","max-video-preview":"max-video-preview:-1"},"canonical":"https:\/\/www.naturparkmagazin.de\/vdn\/fotowettbewerb-augenblick-natur-2021-startet\/","og_locale":"de_DE","og_type":"article","og_title":"Fotowettbewerb \u201eAugenblick Natur!\u201c 2021 startet","og_description":"\u201eDen besonderen Moment festhalten\u201c \u2013 so lautet das Motto des diesj\u00e4hrigen Fotowettbewerbs \u201eAugenblick Natur!\u201c des Verbands Deutscher Naturparke e.V.","og_url":"https:\/\/www.naturparkmagazin.de\/vdn\/fotowettbewerb-augenblick-natur-2021-startet\/","og_site_name":"Verband Deutscher Naturparke","article_published_time":"2021-02-18T13:55:57+00:00","article_modified_time":"2021-03-12T12:51:19+00:00","og_image":[{"width":200,"height":200,"url":"https:\/\/www.naturparkmagazin.de\/vdn\/wp-content\/uploads\/sites\/3\/Logo-Fotowettbewerb_200x200px.jpg","type":"image\/jpeg"}],"author":"manuelamerz","twitter_misc":{"Verfasst von":"manuelamerz","Gesch\u00e4tzte Lesezeit":"1\u00a0Minute"},"schema":{"@context":"https:\/\/schema.org","@graph":[{"@type":"WebPage","@id":"https:\/\/www.naturparkmagazin.de\/vdn\/fotowettbewerb-augenblick-natur-2021-startet\/","url":"https:\/\/www.naturparkmagazin.de\/vdn\/fotowettbewerb-augenblick-natur-2021-startet\/","name":"Fotowettbewerb \u201eAugenblick Natur!\u201c 2021 startet","isPartOf":{"@id":"https:\/\/www.naturparkmagazin.de\/vdn\/#website"},"datePublished":"2021-02-18T13:55:57+00:00","dateModified":"2021-03-12T12:51:19+00:00","author":{"@id":"https:\/\/www.naturparkmagazin.de\/vdn\/#\/schema\/person\/3cff9b8773ed55f0189255fa9adfd57c"},"description":"\u201eDen besonderen Moment festhalten\u201c \u2013 so lautet das Motto des diesj\u00e4hrigen Fotowettbewerbs \u201eAugenblick Natur!\u201c des Verbands Deutscher Naturparke e.V.","breadcrumb":{"@id":"https:\/\/www.naturparkmagazin.de\/vdn\/fotowettbewerb-augenblick-natur-2021-startet\/#breadcrumb"},"inLanguage":"de","potentialAction":[{"@type":"ReadAction","target":["https:\/\/www.naturparkmagazin.de\/vdn\/fotowettbewerb-augenblick-natur-2021-startet\/"]}]},{"@type":"BreadcrumbList","@id":"https:\/\/www.naturparkmagazin.de\/vdn\/fotowettbewerb-augenblick-natur-2021-startet\/#breadcrumb","itemListElement":[{"@type":"ListItem","position":1,"name":"Home","item":"https:\/\/www.naturparkmagazin.de\/vdn\/"},{"@type":"ListItem","position":2,"name":"Fotowettbewerb \u201eAugenblick Natur!\u201c 2021 startet"}]},{"@type":"WebSite","@id":"https:\/\/www.naturparkmagazin.de\/vdn\/#website","url":"https:\/\/www.naturparkmagazin.de\/vdn\/","name":"Verband Deutscher Naturparke","description":"Eine weitere Naturparkmagazin.de Netzwerk Seite","potentialAction":[{"@type":"SearchAction","target":{"@type":"EntryPoint","urlTemplate":"https:\/\/www.naturparkmagazin.de\/vdn\/?s={search_term_string}"},"query-input":"required name=search_term_string"}],"inLanguage":"de"},{"@type":"Person","@id":"https:\/\/www.naturparkmagazin.de\/vdn\/#\/schema\/person\/3cff9b8773ed55f0189255fa9adfd57c","name":"manuelamerz","url":"https:\/\/www.naturparkmagazin.de\/vdn\/author\/manuelamerz\/"}]}},"_links":{"self":[{"href":"https:\/\/www.naturparkmagazin.de\/vdn\/wp-json\/wp\/v2\/posts\/13369"}],"collection":[{"href":"https:\/\/www.naturparkmagazin.de\/vdn\/wp-json\/wp\/v2\/posts"}],"about":[{"href":"https:\/\/www.naturparkmagazin.de\/vdn\/wp-json\/wp\/v2\/types\/post"}],"author":[{"embeddable":true,"href":"https:\/\/www.naturparkmagazin.de\/vdn\/wp-json\/wp\/v2\/users\/73"}],"replies":[{"embeddable":true,"href":"https:\/\/www.naturparkmagazin.de\/vdn\/wp-json\/wp\/v2\/comments?post=13369"}],"version-history":[{"count":3,"href":"https:\/\/www.naturparkmagazin.de\/vdn\/wp-json\/wp\/v2\/posts\/13369\/revisions"}],"predecessor-version":[{"id":13442,"href":"https:\/\/www.naturparkmagazin.de\/vdn\/wp-json\/wp\/v2\/posts\/13369\/revisions\/13442"}],"wp:featuredmedia":[{"embeddable":true,"href":"https:\/\/www.naturparkmagazin.de\/vdn\/wp-json\/wp\/v2\/media\/13370"}],"wp:attachment":[{"href":"https:\/\/www.naturparkmagazin.de\/vdn\/wp-json\/wp\/v2\/media?parent=13369"}],"wp:term":[{"taxonomy":"category","embeddable":true,"href":"https:\/\/www.naturparkmagazin.de\/vdn\/wp-json\/wp\/v2\/categories?post=13369"},{"taxonomy":"post_tag","embeddable":true,"href":"https:\/\/www.naturparkmagazin.de\/vdn\/wp-json\/wp\/v2\/tags?post=13369"}],"curies":[{"name":"wp","href":"https:\/\/api.w.org\/{rel}","templated":true}]}}