{"id":13373,"date":"2021-02-22T12:48:02","date_gmt":"2021-02-22T11:48:02","guid":{"rendered":"https:\/\/www.naturparkmagazin.de\/vdn\/?p=13373"},"modified":"2021-02-25T09:44:54","modified_gmt":"2021-02-25T08:44:54","slug":"naturpark-oberpfaelzer-wald","status":"publish","type":"post","link":"https:\/\/www.naturparkmagazin.de\/vdn\/naturpark-oberpfaelzer-wald\/","title":{"rendered":"Naturpark Oberpf\u00e4lzer Wald"},"content":{"rendered":"<div id=\"attachment_13374\" style=\"width: 510px\" class=\"wp-caption alignnone\"><a href=\"https:\/\/www.naturparkmagazin.de\/vdn\/wp-content\/uploads\/sites\/3\/01_2-Bild_Oberpf\u00e4lzer-Wald_Weiter-Blick-\u00fcber-das-Waldmeer-am-Burgstall-Wildstein_Foto-Thomas-Kujat.jpg\"><img aria-describedby=\"caption-attachment-13374\" decoding=\"async\" loading=\"lazy\" class=\"wp-image-13374 size-full\" src=\"https:\/\/www.naturparkmagazin.de\/vdn\/wp-content\/uploads\/sites\/3\/01_2-Bild_Oberpf\u00e4lzer-Wald_Weiter-Blick-\u00fcber-das-Waldmeer-am-Burgstall-Wildstein_Foto-Thomas-Kujat.jpg\" alt=\"Weiter Blick \u00fcber das Waldmeer am Burgstall Wildstein \u00a9 Oberpf\u00e4lzer Wald, Thomas Kujat\" width=\"500\" height=\"300\" srcset=\"https:\/\/www.naturparkmagazin.de\/vdn\/wp-content\/uploads\/sites\/3\/01_2-Bild_Oberpf\u00e4lzer-Wald_Weiter-Blick-\u00fcber-das-Waldmeer-am-Burgstall-Wildstein_Foto-Thomas-Kujat.jpg 500w, https:\/\/www.naturparkmagazin.de\/vdn\/wp-content\/uploads\/sites\/3\/01_2-Bild_Oberpf\u00e4lzer-Wald_Weiter-Blick-\u00fcber-das-Waldmeer-am-Burgstall-Wildstein_Foto-Thomas-Kujat-300x180.jpg 300w, https:\/\/www.naturparkmagazin.de\/vdn\/wp-content\/uploads\/sites\/3\/01_2-Bild_Oberpf\u00e4lzer-Wald_Weiter-Blick-\u00fcber-das-Waldmeer-am-Burgstall-Wildstein_Foto-Thomas-Kujat-200x120.jpg 200w\" sizes=\"(max-width: 500px) 100vw, 500px\" \/><\/a><p id=\"caption-attachment-13374\" class=\"wp-caption-text\">Weiter Blick \u00fcber das Waldmeer am Burgstall Wildstein \u00a9 Oberpf\u00e4lzer Wald, Thomas Kujat<\/p><\/div>\n<p>Der Naturpark Oberpf\u00e4lzer Wald liegt im Herzen der Oberpfalz \/ Bayern. Er umfasst 81.700 ha in den mittleren, n\u00f6rdlichen und nord\u00f6stlichen Gemeinden des Landkreises Schwandorf. Im Osten, im Feriengebiet \u201eOberviechtacher und Sch\u00f6nseer Land\u201c, grenzt der Naturpark mit einer Mittelgebirgslandschaft entlang des Gr\u00fcnen Bandes an Tschechien an. Das Naturparkgebiet wird von einer ausgedehnten welligen bis h\u00fcgeligen Landschaft mit zahlreichen kleinen Fl\u00fcssen und B\u00e4chen gepr\u00e4gt. 45% des Naturparkgebietes sind bewaldet, auf rund 3\/4 dieser Fl\u00e4che dominieren Nadelh\u00f6lzer wie Fichte und Kiefer.<\/p>\n<p>&nbsp;<\/p>\n<div id=\"attachment_13378\" style=\"width: 510px\" class=\"wp-caption alignnone\"><a href=\"https:\/\/www.naturparkmagazin.de\/vdn\/wp-content\/uploads\/sites\/3\/01_3-2-Bild_Oberpf\u00e4lzer-Wald_Orchideenwiese_Foto-Markus-Kurz.jpg\"><img aria-describedby=\"caption-attachment-13378\" decoding=\"async\" loading=\"lazy\" class=\"wp-image-13378 size-full\" src=\"https:\/\/www.naturparkmagazin.de\/vdn\/wp-content\/uploads\/sites\/3\/01_3-2-Bild_Oberpf\u00e4lzer-Wald_Orchideenwiese_Foto-Markus-Kurz.jpg\" alt=\" Orchideenwiese \u00a9 Oberpf\u00e4lzer Wald, Markus Kurz\" width=\"500\" height=\"300\" srcset=\"https:\/\/www.naturparkmagazin.de\/vdn\/wp-content\/uploads\/sites\/3\/01_3-2-Bild_Oberpf\u00e4lzer-Wald_Orchideenwiese_Foto-Markus-Kurz.jpg 500w, https:\/\/www.naturparkmagazin.de\/vdn\/wp-content\/uploads\/sites\/3\/01_3-2-Bild_Oberpf\u00e4lzer-Wald_Orchideenwiese_Foto-Markus-Kurz-300x180.jpg 300w, https:\/\/www.naturparkmagazin.de\/vdn\/wp-content\/uploads\/sites\/3\/01_3-2-Bild_Oberpf\u00e4lzer-Wald_Orchideenwiese_Foto-Markus-Kurz-200x120.jpg 200w\" sizes=\"(max-width: 500px) 100vw, 500px\" \/><\/a><p id=\"caption-attachment-13378\" class=\"wp-caption-text\">Orchideenwiese \u00a9 Oberpf\u00e4lzer Wald, Markus Kurz<\/p><\/div>\n<p>Seltene Tierarten wie Schwarzstorch, Uhu, Fischotter oder Rohrdommel, die anderswo l\u00e4ngst verschwunden sind, finden im Naturpark noch einen Lebensraum. Auch besonders seltene Pflanzengesellschaften wie \u201eOrchideen- oder Enzianwiesen\u201c haben im Naturpark ihre Heimat. Diese extensiv genutzten und sowohl f\u00fcr das Landschaftsbild als auch f\u00fcr den Naturschutz besonders bedeutsamen Feuchtwiesen sind gerade an den Grenzertragsstandorten f\u00fcr die Landwirtschaft vorzufinden.<\/p>\n<p>&nbsp;<\/p>\n<div id=\"attachment_13379\" style=\"width: 510px\" class=\"wp-caption alignnone\"><a href=\"https:\/\/www.naturparkmagazin.de\/vdn\/wp-content\/uploads\/sites\/3\/01_4-Bild_Oberpf\u00e4lzer-Wald_Unterwegs-im-Prackendorfer-und-Kulzer-Moos_Foto-Thomas-Kujat.jpg\"><img aria-describedby=\"caption-attachment-13379\" decoding=\"async\" loading=\"lazy\" class=\"wp-image-13379 size-full\" src=\"https:\/\/www.naturparkmagazin.de\/vdn\/wp-content\/uploads\/sites\/3\/01_4-Bild_Oberpf\u00e4lzer-Wald_Unterwegs-im-Prackendorfer-und-Kulzer-Moos_Foto-Thomas-Kujat.jpg\" alt=\"Unterwegs im Prackendorfer und Kulzer Moos \u00a9 Oberpf\u00e4lzer Wald, Thomas Kujat\" width=\"500\" height=\"300\" srcset=\"https:\/\/www.naturparkmagazin.de\/vdn\/wp-content\/uploads\/sites\/3\/01_4-Bild_Oberpf\u00e4lzer-Wald_Unterwegs-im-Prackendorfer-und-Kulzer-Moos_Foto-Thomas-Kujat.jpg 500w, https:\/\/www.naturparkmagazin.de\/vdn\/wp-content\/uploads\/sites\/3\/01_4-Bild_Oberpf\u00e4lzer-Wald_Unterwegs-im-Prackendorfer-und-Kulzer-Moos_Foto-Thomas-Kujat-300x180.jpg 300w, https:\/\/www.naturparkmagazin.de\/vdn\/wp-content\/uploads\/sites\/3\/01_4-Bild_Oberpf\u00e4lzer-Wald_Unterwegs-im-Prackendorfer-und-Kulzer-Moos_Foto-Thomas-Kujat-200x120.jpg 200w\" sizes=\"(max-width: 500px) 100vw, 500px\" \/><\/a><p id=\"caption-attachment-13379\" class=\"wp-caption-text\">Unterwegs im Prackendorfer und Kulzer Moos \u00a9 Oberpf\u00e4lzer Wald, Thomas Kujat<\/p><\/div>\n<p>\u00dcberregional bedeutend ist das im Osten des Naturparkgebietes liegende \u201ePrackendorfer und Kulzer Moos\u201c, ein \u00fcber 80 Hektar gro\u00dfes Moorgebiet, das unter Naturschutz steht. Auf einem Moorlehrpfad besteht die M\u00f6glichkeit, in diese sch\u00fctzenswerte Welt einzutauchen. So kann man durch urw\u00fcchsigen Moorwald streifen, geheimnisvolle Moorgew\u00e4sser entdecken sowie auch einiges \u00fcber die fr\u00fchere Moornutzung erfahren.<\/p>\n<p>&nbsp;<\/p>\n<div id=\"attachment_13376\" style=\"width: 510px\" class=\"wp-caption alignnone\"><a href=\"https:\/\/www.naturparkmagazin.de\/vdn\/wp-content\/uploads\/sites\/3\/01_5-Bild_Oberpf\u00e4lzer-Wald_Wandern-auf-dem-Goldsteig_Foto-Thomas-Kujat.jpg\"><img aria-describedby=\"caption-attachment-13376\" decoding=\"async\" loading=\"lazy\" class=\"wp-image-13376 size-full\" src=\"https:\/\/www.naturparkmagazin.de\/vdn\/wp-content\/uploads\/sites\/3\/01_5-Bild_Oberpf\u00e4lzer-Wald_Wandern-auf-dem-Goldsteig_Foto-Thomas-Kujat.jpg\" alt=\"Wandern auf dem Goldsteig \u00a9 Oberpf\u00e4lzer Wald, Thomas Kujat\" width=\"500\" height=\"300\" srcset=\"https:\/\/www.naturparkmagazin.de\/vdn\/wp-content\/uploads\/sites\/3\/01_5-Bild_Oberpf\u00e4lzer-Wald_Wandern-auf-dem-Goldsteig_Foto-Thomas-Kujat.jpg 500w, https:\/\/www.naturparkmagazin.de\/vdn\/wp-content\/uploads\/sites\/3\/01_5-Bild_Oberpf\u00e4lzer-Wald_Wandern-auf-dem-Goldsteig_Foto-Thomas-Kujat-300x180.jpg 300w, https:\/\/www.naturparkmagazin.de\/vdn\/wp-content\/uploads\/sites\/3\/01_5-Bild_Oberpf\u00e4lzer-Wald_Wandern-auf-dem-Goldsteig_Foto-Thomas-Kujat-200x120.jpg 200w\" sizes=\"(max-width: 500px) 100vw, 500px\" \/><\/a><p id=\"caption-attachment-13376\" class=\"wp-caption-text\">Wandern auf dem Goldsteig \u00a9 Oberpf\u00e4lzer Wald, Thomas Kujat<\/p><\/div>\n<p>Die abwechslungsreiche, landwirtschaftlich gepr\u00e4gte Kulturlandschaft im Oberpf\u00e4lzer Wald bietet eine Vielzahl von M\u00f6glichkeiten zur Erholung. Auf zahlreichen markierten Wanderwegen ist f\u00fcr jeden Wanderfreund die passende Tour dabei. Neben verschiedenen Kurz- und Mehrtagestouren ist vor allem der Qualit\u00e4tswanderweg \u201eGoldsteig\u201c von Marktredwitz nach Passau ein Highlight, der auf fast 70 km durch den Naturpark Oberpf\u00e4lzer Wald f\u00fchrt. Das Natur-Navi &#8211; ein digitaler Hosentaschen-Guide f\u00fcr die Wanderplanung &#8211; bietet zu verschiedenen Natursch\u00f6nheiten am Goldsteig-Wegenetz spannende Informationen in Form von Audioguides. Mehr Informationen zum Natur-Navi finden Sie unter: <a href=\"http:\/\/www.oberpfaelzerwald.de\/natur-navi\">www.oberpfaelzerwald.de\/natur-navi<\/a><\/p>\n<p>&nbsp;<\/p>\n<div id=\"attachment_13377\" style=\"width: 510px\" class=\"wp-caption alignnone\"><a href=\"https:\/\/www.naturparkmagazin.de\/vdn\/wp-content\/uploads\/sites\/3\/01_6-Bild_Oberpf\u00e4lzer-Wald_Radeln-im-Naturpark-Oberpf\u00e4lzer-Wald_Foto-Thomas-Kujat.jpg\"><img aria-describedby=\"caption-attachment-13377\" decoding=\"async\" loading=\"lazy\" class=\"wp-image-13377 size-full\" src=\"https:\/\/www.naturparkmagazin.de\/vdn\/wp-content\/uploads\/sites\/3\/01_6-Bild_Oberpf\u00e4lzer-Wald_Radeln-im-Naturpark-Oberpf\u00e4lzer-Wald_Foto-Thomas-Kujat.jpg\" alt=\"Radeln im Naturpark Oberpf\u00e4lzer Wald \u00a9 Oberpf\u00e4lzer Wald , Thomas Kujat\" width=\"500\" height=\"300\" srcset=\"https:\/\/www.naturparkmagazin.de\/vdn\/wp-content\/uploads\/sites\/3\/01_6-Bild_Oberpf\u00e4lzer-Wald_Radeln-im-Naturpark-Oberpf\u00e4lzer-Wald_Foto-Thomas-Kujat.jpg 500w, https:\/\/www.naturparkmagazin.de\/vdn\/wp-content\/uploads\/sites\/3\/01_6-Bild_Oberpf\u00e4lzer-Wald_Radeln-im-Naturpark-Oberpf\u00e4lzer-Wald_Foto-Thomas-Kujat-300x180.jpg 300w, https:\/\/www.naturparkmagazin.de\/vdn\/wp-content\/uploads\/sites\/3\/01_6-Bild_Oberpf\u00e4lzer-Wald_Radeln-im-Naturpark-Oberpf\u00e4lzer-Wald_Foto-Thomas-Kujat-200x120.jpg 200w\" sizes=\"(max-width: 500px) 100vw, 500px\" \/><\/a><p id=\"caption-attachment-13377\" class=\"wp-caption-text\">Radeln im Naturpark Oberpf\u00e4lzer Wald \u00a9 Oberpf\u00e4lzer Wald , Thomas Kujat<\/p><\/div>\n<p>Aber auch Radler kommen voll auf ihre Kosten. Als Radweg verbindet der Bayerisch-B\u00f6hmische Freundschaftsweg \u00fcber Grenzen hinweg die St\u00e4dte Hor\u0161ovsk\u00fd T\u00fdn (Bischofteinitz) in B\u00f6hmen und Nabburg, davon durchgehend \u00fcber 45 Kilometer auf einer ehemaligen Bahntrasse. Die neue Oberpf\u00e4lzer Radl-Welt f\u00fchrt Radler auf der 155 km langen Erlebniswelt \u201eSagen &amp; Geschichten\u201c vorbei an Kirchen, Burgen und Ruinen durch die Geschichte des Naturparks. Auch hier hilft das Radl-Navi \u2013 ein digitaler Tourenplaner \u2013 bei der Routenfindung. Mehr Informationen zur Radl-Welt finden Sie unter: <a href=\"http:\/\/www.oberpfaelzerwald.de\/radl-welt\">www.oberpfaelzerwald.de\/radl-welt<\/a><\/p>\n<p>Zahlreiche alte Burgen pr\u00e4gen die Landschaft und so manches Stadtbild. Die Stadt Nabburg mit seinem Stadtkern z\u00e4hlt zu den am besten erhaltenen mittelalterlichen St\u00e4dten der Oberpfalz. Im Winter bieten die Langlaufzentren im Sch\u00f6nseer Land mit Lagen bis 900 m \u00fc. NN M\u00f6glichkeiten zum Langlaufskifahren.<\/p>\n<p>&nbsp;<\/p>\n<div id=\"attachment_13380\" style=\"width: 510px\" class=\"wp-caption alignnone\"><a href=\"https:\/\/www.naturparkmagazin.de\/vdn\/wp-content\/uploads\/sites\/3\/01_7-Bild_Oberpf\u00e4lzer-Wald_Burg-Haus-Murach-bei-Oberviechtach_Foto-Thomas-Kujat.jpg\"><img aria-describedby=\"caption-attachment-13380\" decoding=\"async\" loading=\"lazy\" class=\"wp-image-13380 size-full\" src=\"https:\/\/www.naturparkmagazin.de\/vdn\/wp-content\/uploads\/sites\/3\/01_7-Bild_Oberpf\u00e4lzer-Wald_Burg-Haus-Murach-bei-Oberviechtach_Foto-Thomas-Kujat.jpg\" alt=\" Burg Haus Murach bei Oberviechtach \u00a9 Oberpf\u00e4lzer Wald, Thomas Kujat\" width=\"500\" height=\"300\" srcset=\"https:\/\/www.naturparkmagazin.de\/vdn\/wp-content\/uploads\/sites\/3\/01_7-Bild_Oberpf\u00e4lzer-Wald_Burg-Haus-Murach-bei-Oberviechtach_Foto-Thomas-Kujat.jpg 500w, https:\/\/www.naturparkmagazin.de\/vdn\/wp-content\/uploads\/sites\/3\/01_7-Bild_Oberpf\u00e4lzer-Wald_Burg-Haus-Murach-bei-Oberviechtach_Foto-Thomas-Kujat-300x180.jpg 300w, https:\/\/www.naturparkmagazin.de\/vdn\/wp-content\/uploads\/sites\/3\/01_7-Bild_Oberpf\u00e4lzer-Wald_Burg-Haus-Murach-bei-Oberviechtach_Foto-Thomas-Kujat-200x120.jpg 200w\" sizes=\"(max-width: 500px) 100vw, 500px\" \/><\/a><p id=\"caption-attachment-13380\" class=\"wp-caption-text\">Burg Haus Murach bei Oberviechtach \u00a9 Oberpf\u00e4lzer Wald, Thomas Kujat<\/p><\/div>\n<p>&nbsp;<\/p>\n<p>Weitere Informationen erhalten Sie unter: <a href=\"http:\/\/www.naturpark-opf-wald.de\">www.naturpark-opf-wald.de<\/a> und <a href=\"http:\/\/www.oberpfaelzerwald.de\">www.oberpfaelzerwald.de<\/a><\/p>\n<p>&nbsp;<\/p>\n<p>&nbsp;<\/p>\n","protected":false},"excerpt":{"rendered":"<p>Der Naturpark Oberpf\u00e4lzer Wald liegt im Herzen der Oberpfalz im Bundesland Bayern. Zahlreiche kleine Fl\u00fcsse und B\u00e4che pr\u00e4gen die ausgedehnte wellige bis h\u00fcgelige Landschaft. Fast die H\u00e4lfte des Naturparkgebietes ist bewaldet, auf rund 3\/4 dieser Fl\u00e4che dominieren Nadelh\u00f6lzer wie Fichte und Kiefer. Wer nach Ruhe, unverf\u00e4lschter, nicht gek\u00fcnstelter Erholungslandschaft fernab von Massentourismus sucht, wird hier f\u00fcndig. Wanderer kommen auf regionalen, aber auch Fernwanderwegen voll auf ihre Kosten, w\u00e4hrend Radler auf den zahlreichen Radwegen entspannt die faszinierende Landschaft entdecken. <\/p>\n","protected":false},"author":73,"featured_media":13375,"comment_status":"open","ping_status":"open","sticky":false,"template":"","format":"standard","meta":{"_links_to":"","_links_to_target":""},"categories":[15],"tags":[2395,731,2392,2394,1270,2391,2393,2390,2396],"yoast_head":"<!-- This site is optimized with the Yoast SEO plugin v19.10 - https:\/\/yoast.com\/wordpress\/plugins\/seo\/ -->\n<title>Naturpark Oberpf\u00e4lzer Wald<\/title>\n<meta name=\"description\" content=\"Der Naturpark Oberpf\u00e4lzer Wald liegt im Herzen der Oberpfalz im Bundesland Bayern. Zahlreiche kleine Fl\u00fcsse und B\u00e4che pr\u00e4gen die ausgedehnte wellige bis h\u00fcgelige Landschaft. Fast die H\u00e4lfte des Naturparkgebietes ist bewaldet, auf rund 3\/4 dieser Fl\u00e4che dominieren Nadelh\u00f6lzer wie Fichte und Kiefer. Wer nach Ruhe, unverf\u00e4lschter, nicht gek\u00fcnstelter Erholungslandschaft fernab von Massentourismus sucht, wird hier f\u00fcndig. Wanderer kommen auf regionalen, aber auch Fernwanderwegen voll auf ihre Kosten, w\u00e4hrend Radler auf den zahlreichen Radwegen entspannt die faszinierende Landschaft entdecken.\" \/>\n<meta name=\"robots\" content=\"index, follow, max-snippet:-1, max-image-preview:large, max-video-preview:-1\" \/>\n<link rel=\"canonical\" href=\"https:\/\/www.naturparkmagazin.de\/vdn\/naturpark-oberpfaelzer-wald\/\" \/>\n<meta property=\"og:locale\" content=\"de_DE\" \/>\n<meta property=\"og:type\" content=\"article\" \/>\n<meta property=\"og:title\" content=\"Naturpark Oberpf\u00e4lzer Wald\" \/>\n<meta property=\"og:description\" content=\"Der Naturpark Oberpf\u00e4lzer Wald liegt im Herzen der Oberpfalz im Bundesland Bayern. Zahlreiche kleine Fl\u00fcsse und B\u00e4che pr\u00e4gen die ausgedehnte wellige bis h\u00fcgelige Landschaft. Fast die H\u00e4lfte des Naturparkgebietes ist bewaldet, auf rund 3\/4 dieser Fl\u00e4che dominieren Nadelh\u00f6lzer wie Fichte und Kiefer. Wer nach Ruhe, unverf\u00e4lschter, nicht gek\u00fcnstelter Erholungslandschaft fernab von Massentourismus sucht, wird hier f\u00fcndig. Wanderer kommen auf regionalen, aber auch Fernwanderwegen voll auf ihre Kosten, w\u00e4hrend Radler auf den zahlreichen Radwegen entspannt die faszinierende Landschaft entdecken.\" \/>\n<meta property=\"og:url\" content=\"https:\/\/www.naturparkmagazin.de\/vdn\/naturpark-oberpfaelzer-wald\/\" \/>\n<meta property=\"og:site_name\" content=\"Verband Deutscher Naturparke\" \/>\n<meta property=\"article:published_time\" content=\"2021-02-22T11:48:02+00:00\" \/>\n<meta property=\"article:modified_time\" content=\"2021-02-25T08:44:54+00:00\" \/>\n<meta property=\"og:image\" content=\"https:\/\/www.naturparkmagazin.de\/vdn\/wp-content\/uploads\/sites\/3\/01_2-Bild_Oberpf\u00e4lzer-Wald_Weiter-Blick-\u00fcber-das-Waldmeer-am-Burgstall-Wildstein_Foto-Thomas-Kujatbf.jpg\" \/>\n\t<meta property=\"og:image:width\" content=\"200\" \/>\n\t<meta property=\"og:image:height\" content=\"200\" \/>\n\t<meta property=\"og:image:type\" content=\"image\/jpeg\" \/>\n<meta name=\"author\" content=\"manuelamerz\" \/>\n<meta name=\"twitter:label1\" content=\"Verfasst von\" \/>\n\t<meta name=\"twitter:data1\" content=\"manuelamerz\" \/>\n\t<meta name=\"twitter:label2\" content=\"Gesch\u00e4tzte Lesezeit\" \/>\n\t<meta name=\"twitter:data2\" content=\"3\u00a0Minuten\" \/>\n<script type=\"application\/ld+json\" class=\"yoast-schema-graph\">{\"@context\":\"https:\/\/schema.org\",\"@graph\":[{\"@type\":\"WebPage\",\"@id\":\"https:\/\/www.naturparkmagazin.de\/vdn\/naturpark-oberpfaelzer-wald\/\",\"url\":\"https:\/\/www.naturparkmagazin.de\/vdn\/naturpark-oberpfaelzer-wald\/\",\"name\":\"Naturpark Oberpf\u00e4lzer Wald\",\"isPartOf\":{\"@id\":\"https:\/\/www.naturparkmagazin.de\/vdn\/#website\"},\"datePublished\":\"2021-02-22T11:48:02+00:00\",\"dateModified\":\"2021-02-25T08:44:54+00:00\",\"author\":{\"@id\":\"https:\/\/www.naturparkmagazin.de\/vdn\/#\/schema\/person\/3cff9b8773ed55f0189255fa9adfd57c\"},\"description\":\"Der Naturpark Oberpf\u00e4lzer Wald liegt im Herzen der Oberpfalz im Bundesland Bayern. Zahlreiche kleine Fl\u00fcsse und B\u00e4che pr\u00e4gen die ausgedehnte wellige bis h\u00fcgelige Landschaft. Fast die H\u00e4lfte des Naturparkgebietes ist bewaldet, auf rund 3\/4 dieser Fl\u00e4che dominieren Nadelh\u00f6lzer wie Fichte und Kiefer. Wer nach Ruhe, unverf\u00e4lschter, nicht gek\u00fcnstelter Erholungslandschaft fernab von Massentourismus sucht, wird hier f\u00fcndig. Wanderer kommen auf regionalen, aber auch Fernwanderwegen voll auf ihre Kosten, w\u00e4hrend Radler auf den zahlreichen Radwegen entspannt die faszinierende Landschaft entdecken.\",\"breadcrumb\":{\"@id\":\"https:\/\/www.naturparkmagazin.de\/vdn\/naturpark-oberpfaelzer-wald\/#breadcrumb\"},\"inLanguage\":\"de\",\"potentialAction\":[{\"@type\":\"ReadAction\",\"target\":[\"https:\/\/www.naturparkmagazin.de\/vdn\/naturpark-oberpfaelzer-wald\/\"]}]},{\"@type\":\"BreadcrumbList\",\"@id\":\"https:\/\/www.naturparkmagazin.de\/vdn\/naturpark-oberpfaelzer-wald\/#breadcrumb\",\"itemListElement\":[{\"@type\":\"ListItem\",\"position\":1,\"name\":\"Home\",\"item\":\"https:\/\/www.naturparkmagazin.de\/vdn\/\"},{\"@type\":\"ListItem\",\"position\":2,\"name\":\"Naturpark Oberpf\u00e4lzer Wald\"}]},{\"@type\":\"WebSite\",\"@id\":\"https:\/\/www.naturparkmagazin.de\/vdn\/#website\",\"url\":\"https:\/\/www.naturparkmagazin.de\/vdn\/\",\"name\":\"Verband Deutscher Naturparke\",\"description\":\"Eine weitere Naturparkmagazin.de Netzwerk Seite\",\"potentialAction\":[{\"@type\":\"SearchAction\",\"target\":{\"@type\":\"EntryPoint\",\"urlTemplate\":\"https:\/\/www.naturparkmagazin.de\/vdn\/?s={search_term_string}\"},\"query-input\":\"required name=search_term_string\"}],\"inLanguage\":\"de\"},{\"@type\":\"Person\",\"@id\":\"https:\/\/www.naturparkmagazin.de\/vdn\/#\/schema\/person\/3cff9b8773ed55f0189255fa9adfd57c\",\"name\":\"manuelamerz\",\"url\":\"https:\/\/www.naturparkmagazin.de\/vdn\/author\/manuelamerz\/\"}]}<\/script>\n<!-- \/ Yoast SEO plugin. -->","yoast_head_json":{"title":"Naturpark Oberpf\u00e4lzer Wald","description":"Der Naturpark Oberpf\u00e4lzer Wald liegt im Herzen der Oberpfalz im Bundesland Bayern. Zahlreiche kleine Fl\u00fcsse und B\u00e4che pr\u00e4gen die ausgedehnte wellige bis h\u00fcgelige Landschaft. Fast die H\u00e4lfte des Naturparkgebietes ist bewaldet, auf rund 3\/4 dieser Fl\u00e4che dominieren Nadelh\u00f6lzer wie Fichte und Kiefer. Wer nach Ruhe, unverf\u00e4lschter, nicht gek\u00fcnstelter Erholungslandschaft fernab von Massentourismus sucht, wird hier f\u00fcndig. Wanderer kommen auf regionalen, aber auch Fernwanderwegen voll auf ihre Kosten, w\u00e4hrend Radler auf den zahlreichen Radwegen entspannt die faszinierende Landschaft entdecken.","robots":{"index":"index","follow":"follow","max-snippet":"max-snippet:-1","max-image-preview":"max-image-preview:large","max-video-preview":"max-video-preview:-1"},"canonical":"https:\/\/www.naturparkmagazin.de\/vdn\/naturpark-oberpfaelzer-wald\/","og_locale":"de_DE","og_type":"article","og_title":"Naturpark Oberpf\u00e4lzer Wald","og_description":"Der Naturpark Oberpf\u00e4lzer Wald liegt im Herzen der Oberpfalz im Bundesland Bayern. Zahlreiche kleine Fl\u00fcsse und B\u00e4che pr\u00e4gen die ausgedehnte wellige bis h\u00fcgelige Landschaft. Fast die H\u00e4lfte des Naturparkgebietes ist bewaldet, auf rund 3\/4 dieser Fl\u00e4che dominieren Nadelh\u00f6lzer wie Fichte und Kiefer. Wer nach Ruhe, unverf\u00e4lschter, nicht gek\u00fcnstelter Erholungslandschaft fernab von Massentourismus sucht, wird hier f\u00fcndig. Wanderer kommen auf regionalen, aber auch Fernwanderwegen voll auf ihre Kosten, w\u00e4hrend Radler auf den zahlreichen Radwegen entspannt die faszinierende Landschaft entdecken.","og_url":"https:\/\/www.naturparkmagazin.de\/vdn\/naturpark-oberpfaelzer-wald\/","og_site_name":"Verband Deutscher Naturparke","article_published_time":"2021-02-22T11:48:02+00:00","article_modified_time":"2021-02-25T08:44:54+00:00","og_image":[{"width":200,"height":200,"url":"https:\/\/www.naturparkmagazin.de\/vdn\/wp-content\/uploads\/sites\/3\/01_2-Bild_Oberpf\u00e4lzer-Wald_Weiter-Blick-\u00fcber-das-Waldmeer-am-Burgstall-Wildstein_Foto-Thomas-Kujatbf.jpg","type":"image\/jpeg"}],"author":"manuelamerz","twitter_misc":{"Verfasst von":"manuelamerz","Gesch\u00e4tzte Lesezeit":"3\u00a0Minuten"},"schema":{"@context":"https:\/\/schema.org","@graph":[{"@type":"WebPage","@id":"https:\/\/www.naturparkmagazin.de\/vdn\/naturpark-oberpfaelzer-wald\/","url":"https:\/\/www.naturparkmagazin.de\/vdn\/naturpark-oberpfaelzer-wald\/","name":"Naturpark Oberpf\u00e4lzer Wald","isPartOf":{"@id":"https:\/\/www.naturparkmagazin.de\/vdn\/#website"},"datePublished":"2021-02-22T11:48:02+00:00","dateModified":"2021-02-25T08:44:54+00:00","author":{"@id":"https:\/\/www.naturparkmagazin.de\/vdn\/#\/schema\/person\/3cff9b8773ed55f0189255fa9adfd57c"},"description":"Der Naturpark Oberpf\u00e4lzer Wald liegt im Herzen der Oberpfalz im Bundesland Bayern. Zahlreiche kleine Fl\u00fcsse und B\u00e4che pr\u00e4gen die ausgedehnte wellige bis h\u00fcgelige Landschaft. Fast die H\u00e4lfte des Naturparkgebietes ist bewaldet, auf rund 3\/4 dieser Fl\u00e4che dominieren Nadelh\u00f6lzer wie Fichte und Kiefer. Wer nach Ruhe, unverf\u00e4lschter, nicht gek\u00fcnstelter Erholungslandschaft fernab von Massentourismus sucht, wird hier f\u00fcndig. Wanderer kommen auf regionalen, aber auch Fernwanderwegen voll auf ihre Kosten, w\u00e4hrend Radler auf den zahlreichen Radwegen entspannt die faszinierende Landschaft entdecken.","breadcrumb":{"@id":"https:\/\/www.naturparkmagazin.de\/vdn\/naturpark-oberpfaelzer-wald\/#breadcrumb"},"inLanguage":"de","potentialAction":[{"@type":"ReadAction","target":["https:\/\/www.naturparkmagazin.de\/vdn\/naturpark-oberpfaelzer-wald\/"]}]},{"@type":"BreadcrumbList","@id":"https:\/\/www.naturparkmagazin.de\/vdn\/naturpark-oberpfaelzer-wald\/#breadcrumb","itemListElement":[{"@type":"ListItem","position":1,"name":"Home","item":"https:\/\/www.naturparkmagazin.de\/vdn\/"},{"@type":"ListItem","position":2,"name":"Naturpark Oberpf\u00e4lzer Wald"}]},{"@type":"WebSite","@id":"https:\/\/www.naturparkmagazin.de\/vdn\/#website","url":"https:\/\/www.naturparkmagazin.de\/vdn\/","name":"Verband Deutscher Naturparke","description":"Eine weitere Naturparkmagazin.de Netzwerk Seite","potentialAction":[{"@type":"SearchAction","target":{"@type":"EntryPoint","urlTemplate":"https:\/\/www.naturparkmagazin.de\/vdn\/?s={search_term_string}"},"query-input":"required name=search_term_string"}],"inLanguage":"de"},{"@type":"Person","@id":"https:\/\/www.naturparkmagazin.de\/vdn\/#\/schema\/person\/3cff9b8773ed55f0189255fa9adfd57c","name":"manuelamerz","url":"https:\/\/www.naturparkmagazin.de\/vdn\/author\/manuelamerz\/"}]}},"_links":{"self":[{"href":"https:\/\/www.naturparkmagazin.de\/vdn\/wp-json\/wp\/v2\/posts\/13373"}],"collection":[{"href":"https:\/\/www.naturparkmagazin.de\/vdn\/wp-json\/wp\/v2\/posts"}],"about":[{"href":"https:\/\/www.naturparkmagazin.de\/vdn\/wp-json\/wp\/v2\/types\/post"}],"author":[{"embeddable":true,"href":"https:\/\/www.naturparkmagazin.de\/vdn\/wp-json\/wp\/v2\/users\/73"}],"replies":[{"embeddable":true,"href":"https:\/\/www.naturparkmagazin.de\/vdn\/wp-json\/wp\/v2\/comments?post=13373"}],"version-history":[{"count":6,"href":"https:\/\/www.naturparkmagazin.de\/vdn\/wp-json\/wp\/v2\/posts\/13373\/revisions"}],"predecessor-version":[{"id":13437,"href":"https:\/\/www.naturparkmagazin.de\/vdn\/wp-json\/wp\/v2\/posts\/13373\/revisions\/13437"}],"wp:featuredmedia":[{"embeddable":true,"href":"https:\/\/www.naturparkmagazin.de\/vdn\/wp-json\/wp\/v2\/media\/13375"}],"wp:attachment":[{"href":"https:\/\/www.naturparkmagazin.de\/vdn\/wp-json\/wp\/v2\/media?parent=13373"}],"wp:term":[{"taxonomy":"category","embeddable":true,"href":"https:\/\/www.naturparkmagazin.de\/vdn\/wp-json\/wp\/v2\/categories?post=13373"},{"taxonomy":"post_tag","embeddable":true,"href":"https:\/\/www.naturparkmagazin.de\/vdn\/wp-json\/wp\/v2\/tags?post=13373"}],"curies":[{"name":"wp","href":"https:\/\/api.w.org\/{rel}","templated":true}]}}