{"id":13388,"date":"2021-02-22T13:25:07","date_gmt":"2021-02-22T12:25:07","guid":{"rendered":"https:\/\/www.naturparkmagazin.de\/vdn\/?p=13388"},"modified":"2021-02-22T13:26:45","modified_gmt":"2021-02-22T12:26:45","slug":"pfalzgraf-johann-aus-neunburg-vorm-wald","status":"publish","type":"post","link":"https:\/\/www.naturparkmagazin.de\/vdn\/pfalzgraf-johann-aus-neunburg-vorm-wald\/","title":{"rendered":"Pfalzgraf Johann aus Neunburg vorm Wald"},"content":{"rendered":"<div id=\"attachment_13390\" style=\"width: 310px\" class=\"wp-caption alignnone\"><a href=\"https:\/\/www.naturparkmagazin.de\/vdn\/wp-content\/uploads\/sites\/3\/02_2-Bild_Prominent_Oberpf\u00e4lzer-Wald_Pfalzgraf-Johann_Bild-Wikipedia-Von-Autor-unbekannt-www.hussitenstaedte.net-Gemeinfrei.jpg\"><img aria-describedby=\"caption-attachment-13390\" decoding=\"async\" loading=\"lazy\" class=\"size-full wp-image-13390\" src=\"https:\/\/www.naturparkmagazin.de\/vdn\/wp-content\/uploads\/sites\/3\/02_2-Bild_Prominent_Oberpf\u00e4lzer-Wald_Pfalzgraf-Johann_Bild-Wikipedia-Von-Autor-unbekannt-www.hussitenstaedte.net-Gemeinfrei.jpg\" alt=\"Pfalzgraf Johann \u00a9 Wikipedia Von Autor unbekannt -www.hussitenstaedte.net Gemeinfrei\" width=\"300\" height=\"500\" srcset=\"https:\/\/www.naturparkmagazin.de\/vdn\/wp-content\/uploads\/sites\/3\/02_2-Bild_Prominent_Oberpf\u00e4lzer-Wald_Pfalzgraf-Johann_Bild-Wikipedia-Von-Autor-unbekannt-www.hussitenstaedte.net-Gemeinfrei.jpg 300w, https:\/\/www.naturparkmagazin.de\/vdn\/wp-content\/uploads\/sites\/3\/02_2-Bild_Prominent_Oberpf\u00e4lzer-Wald_Pfalzgraf-Johann_Bild-Wikipedia-Von-Autor-unbekannt-www.hussitenstaedte.net-Gemeinfrei-200x333.jpg 200w\" sizes=\"(max-width: 300px) 100vw, 300px\" \/><\/a><p id=\"caption-attachment-13390\" class=\"wp-caption-text\">Pfalzgraf Johann \u00a9 Wikipedia Von Autor unbekannt -www.hussitenstaedte.net Gemeinfrei<\/p><\/div>\n<p>Eine bedeutende historische Pers\u00f6nlichkeit in der Geschichte der Oberpfalz ist der Pfalzgraf Johann aus dem Hause Wittelsbach. Geboren wurde er 1383 in Neunburg vorm Wald als Sohn des sp\u00e4teren deutschen K\u00f6nigs Ruprecht I. von der Pfalz. Johanns Sohn wird als Christoph III. sp\u00e4ter zum K\u00f6nig von D\u00e4nemark, Schweden und Norwegen gekr\u00f6nt.<\/p>\n<p>In die Geschichte geht Johann ein mit dem Beinamen \u201eHussitengei\u00dfel\u201c oder \u201eHussitenhammer\u201c. Als der b\u00f6hmische Kirchengelehrte und Reformator Jan Hus 1415 f\u00fcr seine religi\u00f6sen \u00dcberzeugungen in Konstanz den Feuertod erlitten hatte, brachen in B\u00f6hmen und M\u00e4hren im 15. Jahrhundert die Hussitenkriege gegen die r\u00f6misch-katholische Kirche aus. Die Pl\u00fcnderungen und Verw\u00fcstungen von Kl\u00f6stern und St\u00e4dten dehnten sich auch auf die benachbarte Oberpfalz aus.<\/p>\n<p>&nbsp;<\/p>\n<div id=\"attachment_13391\" style=\"width: 510px\" class=\"wp-caption alignnone\"><a href=\"https:\/\/www.naturparkmagazin.de\/vdn\/wp-content\/uploads\/sites\/3\/02_5-Bild_Prominent_Hussenkrieg-2017-101_c-Stadt-Neunburg-vorm-Wald_Fotografin-Tanja-Kraus.jpg\"><img aria-describedby=\"caption-attachment-13391\" decoding=\"async\" loading=\"lazy\" class=\"size-full wp-image-13391\" src=\"https:\/\/www.naturparkmagazin.de\/vdn\/wp-content\/uploads\/sites\/3\/02_5-Bild_Prominent_Hussenkrieg-2017-101_c-Stadt-Neunburg-vorm-Wald_Fotografin-Tanja-Kraus.jpg\" alt=\"Hussenkrieg 2017 \u00a9 Stadt Neunburg vorm Wald - Fotografin Tanja Kraus\" width=\"500\" height=\"300\" srcset=\"https:\/\/www.naturparkmagazin.de\/vdn\/wp-content\/uploads\/sites\/3\/02_5-Bild_Prominent_Hussenkrieg-2017-101_c-Stadt-Neunburg-vorm-Wald_Fotografin-Tanja-Kraus.jpg 500w, https:\/\/www.naturparkmagazin.de\/vdn\/wp-content\/uploads\/sites\/3\/02_5-Bild_Prominent_Hussenkrieg-2017-101_c-Stadt-Neunburg-vorm-Wald_Fotografin-Tanja-Kraus-300x180.jpg 300w, https:\/\/www.naturparkmagazin.de\/vdn\/wp-content\/uploads\/sites\/3\/02_5-Bild_Prominent_Hussenkrieg-2017-101_c-Stadt-Neunburg-vorm-Wald_Fotografin-Tanja-Kraus-200x120.jpg 200w\" sizes=\"(max-width: 500px) 100vw, 500px\" \/><\/a><p id=\"caption-attachment-13391\" class=\"wp-caption-text\">Hussenkrieg 2017 \u00a9 Stadt Neunburg vorm Wald &#8211; Fotografin Tanja Kraus<\/p><\/div>\n<p>1433 entsandten die Hussiten, die das katholische Plze\u0148 (deutsch Pilsen, Tschechische Republik) belagerten, Truppen in die angrenzende Oberpfalz um gravierende Versorgungsengp\u00e4sse zu beheben. Pfalzgraf Johann gelang es trotz zahlenm\u00e4\u00dfiger Unterlegenheit, die in einer Wagenburg bei Hiltersried verschanzten Hussiten mit einem Heer aus Oberpf\u00e4lzer Rittern, B\u00fcrgern und Bauern am 21. September 1433 zu besiegen. Wenngleich dieser Erfolg nicht das Ende der Bedrohung darstellte, wurde er enthusiastisch gefeiert und zum Symbol daf\u00fcr, dass die Hussiten nicht g\u00e4nzlich unbesiegbar waren.<\/p>\n<p>&nbsp;<\/p>\n<div id=\"attachment_13392\" style=\"width: 510px\" class=\"wp-caption alignnone\"><a href=\"https:\/\/www.naturparkmagazin.de\/vdn\/wp-content\/uploads\/sites\/3\/02_3-Bild_Prominent_Burgfestspiele_1-c-Georg-Schmid.jpg\"><img aria-describedby=\"caption-attachment-13392\" decoding=\"async\" loading=\"lazy\" class=\"size-full wp-image-13392\" src=\"https:\/\/www.naturparkmagazin.de\/vdn\/wp-content\/uploads\/sites\/3\/02_3-Bild_Prominent_Burgfestspiele_1-c-Georg-Schmid.jpg\" alt=\"Burgfestspiele \u00a9 Georg Schmid\" width=\"500\" height=\"300\" srcset=\"https:\/\/www.naturparkmagazin.de\/vdn\/wp-content\/uploads\/sites\/3\/02_3-Bild_Prominent_Burgfestspiele_1-c-Georg-Schmid.jpg 500w, https:\/\/www.naturparkmagazin.de\/vdn\/wp-content\/uploads\/sites\/3\/02_3-Bild_Prominent_Burgfestspiele_1-c-Georg-Schmid-300x180.jpg 300w, https:\/\/www.naturparkmagazin.de\/vdn\/wp-content\/uploads\/sites\/3\/02_3-Bild_Prominent_Burgfestspiele_1-c-Georg-Schmid-200x120.jpg 200w\" sizes=\"(max-width: 500px) 100vw, 500px\" \/><\/a><p id=\"caption-attachment-13392\" class=\"wp-caption-text\">Burgfestspiele \u00a9 Georg Schmid<\/p><\/div>\n<p>Die Burgfestspiele \u201eVom Hussenkrieg\u201c im Burghof in Neunburg vorm Wald, der gr\u00f6\u00dften Stadt im Naturpark Oberpf\u00e4lzer Wald, erinnern allj\u00e4hrlich im Juli und August an die Hussitenkriege, vor allem an die Schlacht bei Hiltersried. Dem Publikum begegnen Adelige, Ritter, B\u00fcrger und Bauern, die versuchen, dem Dilemma der Menschen in Zeiten von Glaubenskriegen zu entkommen. Scharfe Wortgefechte, tragische Konflikte, temporeiche Kampfszenen sowie mittelalterliche Musik und die Originalit\u00e4t des Oberpf\u00e4lzer Dialektes pr\u00e4gen die Handlung. Die Zuschauer erwartet eine spannende Zeitreise ins Mittelalter, im Scheinwerferlicht wird ihnen ein bedeutsames Kapitel deutsch-tschechische Geschichte erz\u00e4hlt.<\/p>\n<p>Weitere Infos unter: <a href=\"http:\/\/www.neunburgvormwald.de\">www.neunburgvormwald.de<\/a> und <a href=\"http:\/\/www.burgfestspiele-neunburg.de\">www.burgfestspiele-neunburg.de<\/a><\/p>\n<p>&nbsp;<\/p>\n","protected":false},"excerpt":{"rendered":"<p>Eine bedeutende historische Pers\u00f6nlichkeit in der Geschichte der Oberpfalz ist der 1383 geborene Pfalzgraf Johann aus dem Hause Wittelsbach.<\/p>\n","protected":false},"author":73,"featured_media":13389,"comment_status":"open","ping_status":"open","sticky":false,"template":"","format":"standard","meta":{"_links_to":"","_links_to_target":""},"categories":[8],"tags":[2401,2398,2390,2397,2399,2400],"yoast_head":"<!-- This site is optimized with the Yoast SEO plugin v19.10 - https:\/\/yoast.com\/wordpress\/plugins\/seo\/ -->\n<title>Pfalzgraf Johann aus Neunburg vorm Wald<\/title>\n<meta name=\"description\" content=\"Eine bedeutende historische Pers\u00f6nlichkeit in der Geschichte der Oberpfalz ist der 1383 geborene Pfalzgraf Johann aus dem Hause Wittelsbach.\" \/>\n<meta name=\"robots\" content=\"index, follow, max-snippet:-1, max-image-preview:large, max-video-preview:-1\" \/>\n<link rel=\"canonical\" href=\"https:\/\/www.naturparkmagazin.de\/vdn\/pfalzgraf-johann-aus-neunburg-vorm-wald\/\" \/>\n<meta property=\"og:locale\" content=\"de_DE\" \/>\n<meta property=\"og:type\" content=\"article\" \/>\n<meta property=\"og:title\" content=\"Pfalzgraf Johann aus Neunburg vorm Wald\" \/>\n<meta property=\"og:description\" content=\"Eine bedeutende historische Pers\u00f6nlichkeit in der Geschichte der Oberpfalz ist der 1383 geborene Pfalzgraf Johann aus dem Hause Wittelsbach.\" \/>\n<meta property=\"og:url\" content=\"https:\/\/www.naturparkmagazin.de\/vdn\/pfalzgraf-johann-aus-neunburg-vorm-wald\/\" \/>\n<meta property=\"og:site_name\" content=\"Verband Deutscher Naturparke\" \/>\n<meta property=\"article:published_time\" content=\"2021-02-22T12:25:07+00:00\" \/>\n<meta property=\"article:modified_time\" content=\"2021-02-22T12:26:45+00:00\" \/>\n<meta property=\"og:image\" content=\"https:\/\/www.naturparkmagazin.de\/vdn\/wp-content\/uploads\/sites\/3\/02_2-Bild_Prominent_Oberpf\u00e4lzer-Wald_Pfalzgraf-Johann_Bild-Wikipedia-Von-Autor-unbekannt-www.hussitenstaedte.net-Gemeinfreibf.jpg\" \/>\n\t<meta property=\"og:image:width\" content=\"200\" \/>\n\t<meta property=\"og:image:height\" content=\"200\" \/>\n\t<meta property=\"og:image:type\" content=\"image\/jpeg\" \/>\n<meta name=\"author\" content=\"manuelamerz\" \/>\n<meta name=\"twitter:label1\" content=\"Verfasst von\" \/>\n\t<meta name=\"twitter:data1\" content=\"manuelamerz\" \/>\n\t<meta name=\"twitter:label2\" content=\"Gesch\u00e4tzte Lesezeit\" \/>\n\t<meta name=\"twitter:data2\" content=\"2\u00a0Minuten\" \/>\n<script type=\"application\/ld+json\" class=\"yoast-schema-graph\">{\"@context\":\"https:\/\/schema.org\",\"@graph\":[{\"@type\":\"WebPage\",\"@id\":\"https:\/\/www.naturparkmagazin.de\/vdn\/pfalzgraf-johann-aus-neunburg-vorm-wald\/\",\"url\":\"https:\/\/www.naturparkmagazin.de\/vdn\/pfalzgraf-johann-aus-neunburg-vorm-wald\/\",\"name\":\"Pfalzgraf Johann aus Neunburg vorm Wald\",\"isPartOf\":{\"@id\":\"https:\/\/www.naturparkmagazin.de\/vdn\/#website\"},\"datePublished\":\"2021-02-22T12:25:07+00:00\",\"dateModified\":\"2021-02-22T12:26:45+00:00\",\"author\":{\"@id\":\"https:\/\/www.naturparkmagazin.de\/vdn\/#\/schema\/person\/3cff9b8773ed55f0189255fa9adfd57c\"},\"description\":\"Eine bedeutende historische Pers\u00f6nlichkeit in der Geschichte der Oberpfalz ist der 1383 geborene Pfalzgraf Johann aus dem Hause Wittelsbach.\",\"breadcrumb\":{\"@id\":\"https:\/\/www.naturparkmagazin.de\/vdn\/pfalzgraf-johann-aus-neunburg-vorm-wald\/#breadcrumb\"},\"inLanguage\":\"de\",\"potentialAction\":[{\"@type\":\"ReadAction\",\"target\":[\"https:\/\/www.naturparkmagazin.de\/vdn\/pfalzgraf-johann-aus-neunburg-vorm-wald\/\"]}]},{\"@type\":\"BreadcrumbList\",\"@id\":\"https:\/\/www.naturparkmagazin.de\/vdn\/pfalzgraf-johann-aus-neunburg-vorm-wald\/#breadcrumb\",\"itemListElement\":[{\"@type\":\"ListItem\",\"position\":1,\"name\":\"Home\",\"item\":\"https:\/\/www.naturparkmagazin.de\/vdn\/\"},{\"@type\":\"ListItem\",\"position\":2,\"name\":\"Pfalzgraf Johann aus Neunburg vorm Wald\"}]},{\"@type\":\"WebSite\",\"@id\":\"https:\/\/www.naturparkmagazin.de\/vdn\/#website\",\"url\":\"https:\/\/www.naturparkmagazin.de\/vdn\/\",\"name\":\"Verband Deutscher Naturparke\",\"description\":\"Eine weitere Naturparkmagazin.de Netzwerk Seite\",\"potentialAction\":[{\"@type\":\"SearchAction\",\"target\":{\"@type\":\"EntryPoint\",\"urlTemplate\":\"https:\/\/www.naturparkmagazin.de\/vdn\/?s={search_term_string}\"},\"query-input\":\"required name=search_term_string\"}],\"inLanguage\":\"de\"},{\"@type\":\"Person\",\"@id\":\"https:\/\/www.naturparkmagazin.de\/vdn\/#\/schema\/person\/3cff9b8773ed55f0189255fa9adfd57c\",\"name\":\"manuelamerz\",\"url\":\"https:\/\/www.naturparkmagazin.de\/vdn\/author\/manuelamerz\/\"}]}<\/script>\n<!-- \/ Yoast SEO plugin. -->","yoast_head_json":{"title":"Pfalzgraf Johann aus Neunburg vorm Wald","description":"Eine bedeutende historische Pers\u00f6nlichkeit in der Geschichte der Oberpfalz ist der 1383 geborene Pfalzgraf Johann aus dem Hause Wittelsbach.","robots":{"index":"index","follow":"follow","max-snippet":"max-snippet:-1","max-image-preview":"max-image-preview:large","max-video-preview":"max-video-preview:-1"},"canonical":"https:\/\/www.naturparkmagazin.de\/vdn\/pfalzgraf-johann-aus-neunburg-vorm-wald\/","og_locale":"de_DE","og_type":"article","og_title":"Pfalzgraf Johann aus Neunburg vorm Wald","og_description":"Eine bedeutende historische Pers\u00f6nlichkeit in der Geschichte der Oberpfalz ist der 1383 geborene Pfalzgraf Johann aus dem Hause Wittelsbach.","og_url":"https:\/\/www.naturparkmagazin.de\/vdn\/pfalzgraf-johann-aus-neunburg-vorm-wald\/","og_site_name":"Verband Deutscher Naturparke","article_published_time":"2021-02-22T12:25:07+00:00","article_modified_time":"2021-02-22T12:26:45+00:00","og_image":[{"width":200,"height":200,"url":"https:\/\/www.naturparkmagazin.de\/vdn\/wp-content\/uploads\/sites\/3\/02_2-Bild_Prominent_Oberpf\u00e4lzer-Wald_Pfalzgraf-Johann_Bild-Wikipedia-Von-Autor-unbekannt-www.hussitenstaedte.net-Gemeinfreibf.jpg","type":"image\/jpeg"}],"author":"manuelamerz","twitter_misc":{"Verfasst von":"manuelamerz","Gesch\u00e4tzte Lesezeit":"2\u00a0Minuten"},"schema":{"@context":"https:\/\/schema.org","@graph":[{"@type":"WebPage","@id":"https:\/\/www.naturparkmagazin.de\/vdn\/pfalzgraf-johann-aus-neunburg-vorm-wald\/","url":"https:\/\/www.naturparkmagazin.de\/vdn\/pfalzgraf-johann-aus-neunburg-vorm-wald\/","name":"Pfalzgraf Johann aus Neunburg vorm Wald","isPartOf":{"@id":"https:\/\/www.naturparkmagazin.de\/vdn\/#website"},"datePublished":"2021-02-22T12:25:07+00:00","dateModified":"2021-02-22T12:26:45+00:00","author":{"@id":"https:\/\/www.naturparkmagazin.de\/vdn\/#\/schema\/person\/3cff9b8773ed55f0189255fa9adfd57c"},"description":"Eine bedeutende historische Pers\u00f6nlichkeit in der Geschichte der Oberpfalz ist der 1383 geborene Pfalzgraf Johann aus dem Hause Wittelsbach.","breadcrumb":{"@id":"https:\/\/www.naturparkmagazin.de\/vdn\/pfalzgraf-johann-aus-neunburg-vorm-wald\/#breadcrumb"},"inLanguage":"de","potentialAction":[{"@type":"ReadAction","target":["https:\/\/www.naturparkmagazin.de\/vdn\/pfalzgraf-johann-aus-neunburg-vorm-wald\/"]}]},{"@type":"BreadcrumbList","@id":"https:\/\/www.naturparkmagazin.de\/vdn\/pfalzgraf-johann-aus-neunburg-vorm-wald\/#breadcrumb","itemListElement":[{"@type":"ListItem","position":1,"name":"Home","item":"https:\/\/www.naturparkmagazin.de\/vdn\/"},{"@type":"ListItem","position":2,"name":"Pfalzgraf Johann aus Neunburg vorm Wald"}]},{"@type":"WebSite","@id":"https:\/\/www.naturparkmagazin.de\/vdn\/#website","url":"https:\/\/www.naturparkmagazin.de\/vdn\/","name":"Verband Deutscher Naturparke","description":"Eine weitere Naturparkmagazin.de Netzwerk Seite","potentialAction":[{"@type":"SearchAction","target":{"@type":"EntryPoint","urlTemplate":"https:\/\/www.naturparkmagazin.de\/vdn\/?s={search_term_string}"},"query-input":"required name=search_term_string"}],"inLanguage":"de"},{"@type":"Person","@id":"https:\/\/www.naturparkmagazin.de\/vdn\/#\/schema\/person\/3cff9b8773ed55f0189255fa9adfd57c","name":"manuelamerz","url":"https:\/\/www.naturparkmagazin.de\/vdn\/author\/manuelamerz\/"}]}},"_links":{"self":[{"href":"https:\/\/www.naturparkmagazin.de\/vdn\/wp-json\/wp\/v2\/posts\/13388"}],"collection":[{"href":"https:\/\/www.naturparkmagazin.de\/vdn\/wp-json\/wp\/v2\/posts"}],"about":[{"href":"https:\/\/www.naturparkmagazin.de\/vdn\/wp-json\/wp\/v2\/types\/post"}],"author":[{"embeddable":true,"href":"https:\/\/www.naturparkmagazin.de\/vdn\/wp-json\/wp\/v2\/users\/73"}],"replies":[{"embeddable":true,"href":"https:\/\/www.naturparkmagazin.de\/vdn\/wp-json\/wp\/v2\/comments?post=13388"}],"version-history":[{"count":3,"href":"https:\/\/www.naturparkmagazin.de\/vdn\/wp-json\/wp\/v2\/posts\/13388\/revisions"}],"predecessor-version":[{"id":13395,"href":"https:\/\/www.naturparkmagazin.de\/vdn\/wp-json\/wp\/v2\/posts\/13388\/revisions\/13395"}],"wp:featuredmedia":[{"embeddable":true,"href":"https:\/\/www.naturparkmagazin.de\/vdn\/wp-json\/wp\/v2\/media\/13389"}],"wp:attachment":[{"href":"https:\/\/www.naturparkmagazin.de\/vdn\/wp-json\/wp\/v2\/media?parent=13388"}],"wp:term":[{"taxonomy":"category","embeddable":true,"href":"https:\/\/www.naturparkmagazin.de\/vdn\/wp-json\/wp\/v2\/categories?post=13388"},{"taxonomy":"post_tag","embeddable":true,"href":"https:\/\/www.naturparkmagazin.de\/vdn\/wp-json\/wp\/v2\/tags?post=13388"}],"curies":[{"name":"wp","href":"https:\/\/api.w.org\/{rel}","templated":true}]}}