{"id":1352,"date":"2013-06-05T11:03:42","date_gmt":"2013-06-05T09:03:42","guid":{"rendered":"http:\/\/www.naturparkmagazin.de\/vdn\/?p=1352"},"modified":"2013-06-05T11:03:42","modified_gmt":"2013-06-05T09:03:42","slug":"oekologisch-wirtschaften-mit-alten-haustierrassen","status":"publish","type":"post","link":"https:\/\/www.naturparkmagazin.de\/vdn\/oekologisch-wirtschaften-mit-alten-haustierrassen\/","title":{"rendered":"\u00d6kologisch wirtschaften mit alten Haustierrassen"},"content":{"rendered":"<p><a href=\"https:\/\/www.naturparkmagazin.de\/holsteinische-schweiz\/wp-content\/uploads\/sites\/23\/Anglersattelschweine-Foto-S.-Koschinski1.jpg\"><img decoding=\"async\" loading=\"lazy\" class=\"alignleft size-thumbnail wp-image-284\" alt=\"Anglersattelschweine (Foto S. Koschinski)\" src=\"https:\/\/www.naturparkmagazin.de\/holsteinische-schweiz\/wp-content\/uploads\/sites\/23\/Anglersattelschweine-Foto-S.-Koschinski1-300x200.jpg\" width=\"300\" height=\"200\" \/><\/a>Am Samstag, 22. Juni, von 13 bis ca. 15 Uhr, l\u00e4dt Rolf Stoltenberg zu einer F\u00fchrung \u00fcber seinen Biolandhof Hohlegruft in Nehms ein. Der Betrieb liegt im Naturpark Holsteinische Schweiz und hat eine Gr\u00f6\u00dfe von 80 ha landwirtschaftliche Fl\u00e4che. Er wird seit 1998 nach Bioland-Richtlinien bewirtschaftet. Als Nutztier-Arche-Hof beherbergt er Anglersattelschweine und die vom Aussterben bedrohte H\u00fchnerrasse Deutscher Sperber. Bei der Betriebsf\u00fchrung soll die \u00f6kologische Bewirtschaftungsweise erl\u00e4utert werden. Eintritt frei!<\/p>\n<p>Treffpunkt: Hof Hohlegruft, Hohlegrufterstr. 4, 23813 Nehms<\/p>\n","protected":false},"excerpt":{"rendered":"<p>Am Samstag, 22. Juni, von 13 bis ca. 15 Uhr, l\u00e4dt Rolf Stoltenberg zu einer F\u00fchrung \u00fcber seinen Biolandhof Hohlegruft in Nehms ein. Der Betrieb liegt im Naturpark Holsteinische Schweiz und hat eine Gr\u00f6\u00dfe von 80 ha landwirtschaftliche Fl\u00e4che. Er wird seit 1998 nach Bioland-Richtlinien bewirtschaftet. Als Nutztier-Arche-Hof beherbergt er Anglersattelschweine und die vom Aussterben<\/p>\n","protected":false},"author":1,"featured_media":1353,"comment_status":"open","ping_status":"open","sticky":false,"template":"","format":"standard","meta":{"_links_to":"","_links_to_target":""},"categories":[11],"tags":[],"yoast_head":"<!-- This site is optimized with the Yoast SEO plugin v19.10 - https:\/\/yoast.com\/wordpress\/plugins\/seo\/ -->\n<title>\u00d6kologisch wirtschaften mit alten Haustierrassen<\/title>\n<meta name=\"description\" content=\"Am Samstag, 22. Juni, von 13 bis ca. 15 Uhr, l\u00e4dt Rolf Stoltenberg zu einer F\u00fchrung \u00fcber seinen Biolandhof Hohlegruft in Nehms ein. Der Betrieb liegt im\" \/>\n<meta name=\"robots\" content=\"index, follow, max-snippet:-1, max-image-preview:large, max-video-preview:-1\" \/>\n<link rel=\"canonical\" href=\"https:\/\/www.naturparkmagazin.de\/vdn\/oekologisch-wirtschaften-mit-alten-haustierrassen\/\" \/>\n<meta property=\"og:locale\" content=\"de_DE\" \/>\n<meta property=\"og:type\" content=\"article\" \/>\n<meta property=\"og:title\" content=\"\u00d6kologisch wirtschaften mit alten Haustierrassen\" \/>\n<meta property=\"og:description\" content=\"Am Samstag, 22. Juni, von 13 bis ca. 15 Uhr, l\u00e4dt Rolf Stoltenberg zu einer F\u00fchrung \u00fcber seinen Biolandhof Hohlegruft in Nehms ein. Der Betrieb liegt im\" \/>\n<meta property=\"og:url\" content=\"https:\/\/www.naturparkmagazin.de\/vdn\/oekologisch-wirtschaften-mit-alten-haustierrassen\/\" \/>\n<meta property=\"og:site_name\" content=\"Verband Deutscher Naturparke\" \/>\n<meta property=\"article:author\" content=\"http:\/\/www.facebook.com\/Naturparkmagazin\" \/>\n<meta property=\"article:published_time\" content=\"2013-06-05T09:03:42+00:00\" \/>\n<meta property=\"og:image\" content=\"https:\/\/www.naturparkmagazin.de\/vdn\/wp-content\/uploads\/sites\/3\/Anglersattelschweine-Foto-S.-Koschinski1.png\" \/>\n\t<meta property=\"og:image:width\" content=\"500\" \/>\n\t<meta property=\"og:image:height\" content=\"334\" \/>\n\t<meta property=\"og:image:type\" content=\"image\/png\" \/>\n<meta name=\"author\" content=\"Naturparkmagazin\" \/>\n<meta name=\"twitter:label1\" content=\"Verfasst von\" \/>\n\t<meta name=\"twitter:data1\" content=\"Naturparkmagazin\" \/>\n<script type=\"application\/ld+json\" class=\"yoast-schema-graph\">{\"@context\":\"https:\/\/schema.org\",\"@graph\":[{\"@type\":\"WebPage\",\"@id\":\"https:\/\/www.naturparkmagazin.de\/vdn\/oekologisch-wirtschaften-mit-alten-haustierrassen\/\",\"url\":\"https:\/\/www.naturparkmagazin.de\/vdn\/oekologisch-wirtschaften-mit-alten-haustierrassen\/\",\"name\":\"\u00d6kologisch wirtschaften mit alten Haustierrassen\",\"isPartOf\":{\"@id\":\"https:\/\/www.naturparkmagazin.de\/vdn\/#website\"},\"datePublished\":\"2013-06-05T09:03:42+00:00\",\"dateModified\":\"2013-06-05T09:03:42+00:00\",\"author\":{\"@id\":\"https:\/\/www.naturparkmagazin.de\/vdn\/#\/schema\/person\/78401f0ac30388d59dcde890ef16d102\"},\"description\":\"Am Samstag, 22. Juni, von 13 bis ca. 15 Uhr, l\u00e4dt Rolf Stoltenberg zu einer F\u00fchrung \u00fcber seinen Biolandhof Hohlegruft in Nehms ein. Der Betrieb liegt im\",\"breadcrumb\":{\"@id\":\"https:\/\/www.naturparkmagazin.de\/vdn\/oekologisch-wirtschaften-mit-alten-haustierrassen\/#breadcrumb\"},\"inLanguage\":\"de\",\"potentialAction\":[{\"@type\":\"ReadAction\",\"target\":[\"https:\/\/www.naturparkmagazin.de\/vdn\/oekologisch-wirtschaften-mit-alten-haustierrassen\/\"]}]},{\"@type\":\"BreadcrumbList\",\"@id\":\"https:\/\/www.naturparkmagazin.de\/vdn\/oekologisch-wirtschaften-mit-alten-haustierrassen\/#breadcrumb\",\"itemListElement\":[{\"@type\":\"ListItem\",\"position\":1,\"name\":\"Home\",\"item\":\"https:\/\/www.naturparkmagazin.de\/vdn\/\"},{\"@type\":\"ListItem\",\"position\":2,\"name\":\"\u00d6kologisch wirtschaften mit alten Haustierrassen\"}]},{\"@type\":\"WebSite\",\"@id\":\"https:\/\/www.naturparkmagazin.de\/vdn\/#website\",\"url\":\"https:\/\/www.naturparkmagazin.de\/vdn\/\",\"name\":\"Verband Deutscher Naturparke\",\"description\":\"Eine weitere Naturparkmagazin.de Netzwerk Seite\",\"potentialAction\":[{\"@type\":\"SearchAction\",\"target\":{\"@type\":\"EntryPoint\",\"urlTemplate\":\"https:\/\/www.naturparkmagazin.de\/vdn\/?s={search_term_string}\"},\"query-input\":\"required name=search_term_string\"}],\"inLanguage\":\"de\"},{\"@type\":\"Person\",\"@id\":\"https:\/\/www.naturparkmagazin.de\/vdn\/#\/schema\/person\/78401f0ac30388d59dcde890ef16d102\",\"name\":\"Naturparkmagazin\",\"sameAs\":[\"http:\/\/www.facebook.com\/Naturparkmagazin\",\"https:\/\/twitter.com\/naturparkmag\"],\"url\":\"https:\/\/www.naturparkmagazin.de\/vdn\/author\/novadmin\/\"}]}<\/script>\n<!-- \/ Yoast SEO plugin. -->","yoast_head_json":{"title":"\u00d6kologisch wirtschaften mit alten Haustierrassen","description":"Am Samstag, 22. Juni, von 13 bis ca. 15 Uhr, l\u00e4dt Rolf Stoltenberg zu einer F\u00fchrung \u00fcber seinen Biolandhof Hohlegruft in Nehms ein. Der Betrieb liegt im","robots":{"index":"index","follow":"follow","max-snippet":"max-snippet:-1","max-image-preview":"max-image-preview:large","max-video-preview":"max-video-preview:-1"},"canonical":"https:\/\/www.naturparkmagazin.de\/vdn\/oekologisch-wirtschaften-mit-alten-haustierrassen\/","og_locale":"de_DE","og_type":"article","og_title":"\u00d6kologisch wirtschaften mit alten Haustierrassen","og_description":"Am Samstag, 22. Juni, von 13 bis ca. 15 Uhr, l\u00e4dt Rolf Stoltenberg zu einer F\u00fchrung \u00fcber seinen Biolandhof Hohlegruft in Nehms ein. Der Betrieb liegt im","og_url":"https:\/\/www.naturparkmagazin.de\/vdn\/oekologisch-wirtschaften-mit-alten-haustierrassen\/","og_site_name":"Verband Deutscher Naturparke","article_author":"http:\/\/www.facebook.com\/Naturparkmagazin","article_published_time":"2013-06-05T09:03:42+00:00","og_image":[{"width":500,"height":334,"url":"https:\/\/www.naturparkmagazin.de\/vdn\/wp-content\/uploads\/sites\/3\/Anglersattelschweine-Foto-S.-Koschinski1.png","type":"image\/png"}],"author":"Naturparkmagazin","twitter_misc":{"Verfasst von":"Naturparkmagazin"},"schema":{"@context":"https:\/\/schema.org","@graph":[{"@type":"WebPage","@id":"https:\/\/www.naturparkmagazin.de\/vdn\/oekologisch-wirtschaften-mit-alten-haustierrassen\/","url":"https:\/\/www.naturparkmagazin.de\/vdn\/oekologisch-wirtschaften-mit-alten-haustierrassen\/","name":"\u00d6kologisch wirtschaften mit alten Haustierrassen","isPartOf":{"@id":"https:\/\/www.naturparkmagazin.de\/vdn\/#website"},"datePublished":"2013-06-05T09:03:42+00:00","dateModified":"2013-06-05T09:03:42+00:00","author":{"@id":"https:\/\/www.naturparkmagazin.de\/vdn\/#\/schema\/person\/78401f0ac30388d59dcde890ef16d102"},"description":"Am Samstag, 22. Juni, von 13 bis ca. 15 Uhr, l\u00e4dt Rolf Stoltenberg zu einer F\u00fchrung \u00fcber seinen Biolandhof Hohlegruft in Nehms ein. Der Betrieb liegt im","breadcrumb":{"@id":"https:\/\/www.naturparkmagazin.de\/vdn\/oekologisch-wirtschaften-mit-alten-haustierrassen\/#breadcrumb"},"inLanguage":"de","potentialAction":[{"@type":"ReadAction","target":["https:\/\/www.naturparkmagazin.de\/vdn\/oekologisch-wirtschaften-mit-alten-haustierrassen\/"]}]},{"@type":"BreadcrumbList","@id":"https:\/\/www.naturparkmagazin.de\/vdn\/oekologisch-wirtschaften-mit-alten-haustierrassen\/#breadcrumb","itemListElement":[{"@type":"ListItem","position":1,"name":"Home","item":"https:\/\/www.naturparkmagazin.de\/vdn\/"},{"@type":"ListItem","position":2,"name":"\u00d6kologisch wirtschaften mit alten Haustierrassen"}]},{"@type":"WebSite","@id":"https:\/\/www.naturparkmagazin.de\/vdn\/#website","url":"https:\/\/www.naturparkmagazin.de\/vdn\/","name":"Verband Deutscher Naturparke","description":"Eine weitere Naturparkmagazin.de Netzwerk Seite","potentialAction":[{"@type":"SearchAction","target":{"@type":"EntryPoint","urlTemplate":"https:\/\/www.naturparkmagazin.de\/vdn\/?s={search_term_string}"},"query-input":"required name=search_term_string"}],"inLanguage":"de"},{"@type":"Person","@id":"https:\/\/www.naturparkmagazin.de\/vdn\/#\/schema\/person\/78401f0ac30388d59dcde890ef16d102","name":"Naturparkmagazin","sameAs":["http:\/\/www.facebook.com\/Naturparkmagazin","https:\/\/twitter.com\/naturparkmag"],"url":"https:\/\/www.naturparkmagazin.de\/vdn\/author\/novadmin\/"}]}},"_links":{"self":[{"href":"https:\/\/www.naturparkmagazin.de\/vdn\/wp-json\/wp\/v2\/posts\/1352"}],"collection":[{"href":"https:\/\/www.naturparkmagazin.de\/vdn\/wp-json\/wp\/v2\/posts"}],"about":[{"href":"https:\/\/www.naturparkmagazin.de\/vdn\/wp-json\/wp\/v2\/types\/post"}],"author":[{"embeddable":true,"href":"https:\/\/www.naturparkmagazin.de\/vdn\/wp-json\/wp\/v2\/users\/1"}],"replies":[{"embeddable":true,"href":"https:\/\/www.naturparkmagazin.de\/vdn\/wp-json\/wp\/v2\/comments?post=1352"}],"version-history":[{"count":1,"href":"https:\/\/www.naturparkmagazin.de\/vdn\/wp-json\/wp\/v2\/posts\/1352\/revisions"}],"predecessor-version":[{"id":1354,"href":"https:\/\/www.naturparkmagazin.de\/vdn\/wp-json\/wp\/v2\/posts\/1352\/revisions\/1354"}],"wp:featuredmedia":[{"embeddable":true,"href":"https:\/\/www.naturparkmagazin.de\/vdn\/wp-json\/wp\/v2\/media\/1353"}],"wp:attachment":[{"href":"https:\/\/www.naturparkmagazin.de\/vdn\/wp-json\/wp\/v2\/media?parent=1352"}],"wp:term":[{"taxonomy":"category","embeddable":true,"href":"https:\/\/www.naturparkmagazin.de\/vdn\/wp-json\/wp\/v2\/categories?post=1352"},{"taxonomy":"post_tag","embeddable":true,"href":"https:\/\/www.naturparkmagazin.de\/vdn\/wp-json\/wp\/v2\/tags?post=1352"}],"curies":[{"name":"wp","href":"https:\/\/api.w.org\/{rel}","templated":true}]}}