{"id":13550,"date":"2021-04-30T18:20:21","date_gmt":"2021-04-30T16:20:21","guid":{"rendered":"https:\/\/www.naturparkmagazin.de\/vdn\/?p=13550"},"modified":"2021-05-17T12:29:02","modified_gmt":"2021-05-17T10:29:02","slug":"sonne-im-glas-unser-naturparkhonig","status":"publish","type":"post","link":"https:\/\/www.naturparkmagazin.de\/vdn\/sonne-im-glas-unser-naturparkhonig\/","title":{"rendered":"\u201eSonne im Glas\u201c \u2013 Unser Naturparkhonig"},"content":{"rendered":"<div id=\"attachment_13553\" style=\"width: 510px\" class=\"wp-caption alignnone\"><a href=\"https:\/\/www.naturparkmagazin.de\/vdn\/wp-content\/uploads\/sites\/3\/Naturparkhonig_AndreaBrodersenb1.jpg\"><img aria-describedby=\"caption-attachment-13553\" decoding=\"async\" loading=\"lazy\" class=\"size-full wp-image-13553\" src=\"https:\/\/www.naturparkmagazin.de\/vdn\/wp-content\/uploads\/sites\/3\/Naturparkhonig_AndreaBrodersenb1.jpg\" alt=\"Eine kleine Auswahl unseres Naturparkhonigs bekommt man im  BARNIM Panorama (Foto: Andrea Brodersen) \" width=\"500\" height=\"300\" srcset=\"https:\/\/www.naturparkmagazin.de\/vdn\/wp-content\/uploads\/sites\/3\/Naturparkhonig_AndreaBrodersenb1.jpg 500w, https:\/\/www.naturparkmagazin.de\/vdn\/wp-content\/uploads\/sites\/3\/Naturparkhonig_AndreaBrodersenb1-300x180.jpg 300w, https:\/\/www.naturparkmagazin.de\/vdn\/wp-content\/uploads\/sites\/3\/Naturparkhonig_AndreaBrodersenb1-200x120.jpg 200w\" sizes=\"(max-width: 500px) 100vw, 500px\" \/><\/a><p id=\"caption-attachment-13553\" class=\"wp-caption-text\">Eine kleine Auswahl unseres Naturparkhonigs bekommt man imBARNIM Panorama (Foto: Andrea Brodersen)<\/p><\/div>\n<p>Das Summen der Bienen ist f\u00fcr Thomas W\u00fcrfel und Maria von Schledorn von der <a href=\"https:\/\/buendnisjungelandwirtschaft.org\/mitglieder\/imkerei-schleusenhonig\" target=\"_blank\">Imkerei Schleusenhonig<\/a> Musik in den Ohren: \u201eWir freuen uns jedes Jahr auf die ersten Fr\u00fchlingstage, wenn die Bienen nach der langen Winterpause wieder das erste Mal fliegen.\u201c<\/p>\n<p>Ohne Liebe entsteht kein guter Honig. Unsere Naturparkimker hegen ihre Bienen und pflegen ihren Honig mit sehr viel Liebe und mit noch mehr fundiertem Wissen. Unverf\u00e4lschter Honig ist schon lange keine Selbstverst\u00e4ndlichkeit mehr! Nur durch die konsequente Einhaltung der ge\u00e4nderten Leits\u00e4tze und Qualit\u00e4tsstufen f\u00fcr Honige im Deutschen Lebensmittelbuch ist es den Naturparkimkern m\u00f6glich, Naturparkhonige zu produzieren, die bei Kennern und Genie\u00dfern sehr anerkannt und beliebt sind und dar\u00fcber hinaus den hohen Qualit\u00e4tskriterien entsprechen.<\/p>\n<p>Die Naturparkimker lassen ihre Bienen ausschlie\u00dflich im Naturpark ausschw\u00e4rmen und somit ist unser Naturparkhonig eine K\u00f6stlichkeit, die die vielf\u00e4ltige Landschaft des Naturparks geschmacklich erlebbar macht und gleichzeitig gesund ist.<\/p>\n<p>Ein Sonntagsfr\u00fchst\u00fcck mit knusprigen Br\u00f6tchen und Honig aus dem Naturpark Barnim \u2013 ein Genuss, den man sich nicht entgehen lassen sollte.<\/p>\n<p>Eine Auswahl an Naturparkhonigen sowie weitere Spezialit\u00e4ten aus dem Naturpark Barnim finden Sie im <strong><a href=\"https:\/\/www.barnim-naturpark.de\/themen\/ausflugsziele-erlebnisse\/barnim-panorama-naturparkzentrum-agrarmuseum-wandlitz\/\" target=\"_blank\">BARNIM PANORAMA Naturparkzentrum \u00b7 Agrarmuseum Wandlitz.<\/a> <\/strong><\/p>\n<p>&nbsp;<\/p>\n<p>&nbsp;<\/p>\n","protected":false},"excerpt":{"rendered":"<p>Ein Sonntagsfr\u00fchst\u00fcck mit knusprigen Br\u00f6tchen und Honig aus dem Naturpark Barnim \u2013 ein Genuss, den man sich nicht entgehen lassen sollte.<\/p>\n","protected":false},"author":73,"featured_media":13551,"comment_status":"open","ping_status":"open","sticky":false,"template":"","format":"standard","meta":{"_links_to":"","_links_to_target":""},"categories":[13],"tags":[2504,684,22,2500,691,2503,2501,2502],"yoast_head":"<!-- This site is optimized with the Yoast SEO plugin v19.10 - https:\/\/yoast.com\/wordpress\/plugins\/seo\/ -->\n<title>\u201eSonne im Glas\u201c \u2013 Unser Naturparkhonig<\/title>\n<meta name=\"description\" content=\"Ein Sonntagsfr\u00fchst\u00fcck mit knusprigen Br\u00f6tchen und Honig aus dem Naturpark Barnim \u2013 ein Genuss, den man sich nicht entgehen lassen sollte.\" \/>\n<meta name=\"robots\" content=\"index, follow, max-snippet:-1, max-image-preview:large, max-video-preview:-1\" \/>\n<link rel=\"canonical\" href=\"https:\/\/www.naturparkmagazin.de\/vdn\/sonne-im-glas-unser-naturparkhonig\/\" \/>\n<meta property=\"og:locale\" content=\"de_DE\" \/>\n<meta property=\"og:type\" content=\"article\" \/>\n<meta property=\"og:title\" content=\"\u201eSonne im Glas\u201c \u2013 Unser Naturparkhonig\" \/>\n<meta property=\"og:description\" content=\"Ein Sonntagsfr\u00fchst\u00fcck mit knusprigen Br\u00f6tchen und Honig aus dem Naturpark Barnim \u2013 ein Genuss, den man sich nicht entgehen lassen sollte.\" \/>\n<meta property=\"og:url\" content=\"https:\/\/www.naturparkmagazin.de\/vdn\/sonne-im-glas-unser-naturparkhonig\/\" \/>\n<meta property=\"og:site_name\" content=\"Verband Deutscher Naturparke\" \/>\n<meta property=\"article:published_time\" content=\"2021-04-30T16:20:21+00:00\" \/>\n<meta property=\"article:modified_time\" content=\"2021-05-17T10:29:02+00:00\" \/>\n<meta property=\"og:image\" content=\"https:\/\/www.naturparkmagazin.de\/vdn\/wp-content\/uploads\/sites\/3\/Naturparkhonig_AndreaBrodersenbf.jpg\" \/>\n\t<meta property=\"og:image:width\" content=\"200\" \/>\n\t<meta property=\"og:image:height\" content=\"200\" \/>\n\t<meta property=\"og:image:type\" content=\"image\/jpeg\" \/>\n<meta name=\"author\" content=\"manuelamerz\" \/>\n<meta name=\"twitter:label1\" content=\"Verfasst von\" \/>\n\t<meta name=\"twitter:data1\" content=\"manuelamerz\" \/>\n\t<meta name=\"twitter:label2\" content=\"Gesch\u00e4tzte Lesezeit\" \/>\n\t<meta name=\"twitter:data2\" content=\"1\u00a0Minute\" \/>\n<script type=\"application\/ld+json\" class=\"yoast-schema-graph\">{\"@context\":\"https:\/\/schema.org\",\"@graph\":[{\"@type\":\"WebPage\",\"@id\":\"https:\/\/www.naturparkmagazin.de\/vdn\/sonne-im-glas-unser-naturparkhonig\/\",\"url\":\"https:\/\/www.naturparkmagazin.de\/vdn\/sonne-im-glas-unser-naturparkhonig\/\",\"name\":\"\u201eSonne im Glas\u201c \u2013 Unser Naturparkhonig\",\"isPartOf\":{\"@id\":\"https:\/\/www.naturparkmagazin.de\/vdn\/#website\"},\"datePublished\":\"2021-04-30T16:20:21+00:00\",\"dateModified\":\"2021-05-17T10:29:02+00:00\",\"author\":{\"@id\":\"https:\/\/www.naturparkmagazin.de\/vdn\/#\/schema\/person\/3cff9b8773ed55f0189255fa9adfd57c\"},\"description\":\"Ein Sonntagsfr\u00fchst\u00fcck mit knusprigen Br\u00f6tchen und Honig aus dem Naturpark Barnim \u2013 ein Genuss, den man sich nicht entgehen lassen sollte.\",\"breadcrumb\":{\"@id\":\"https:\/\/www.naturparkmagazin.de\/vdn\/sonne-im-glas-unser-naturparkhonig\/#breadcrumb\"},\"inLanguage\":\"de\",\"potentialAction\":[{\"@type\":\"ReadAction\",\"target\":[\"https:\/\/www.naturparkmagazin.de\/vdn\/sonne-im-glas-unser-naturparkhonig\/\"]}]},{\"@type\":\"BreadcrumbList\",\"@id\":\"https:\/\/www.naturparkmagazin.de\/vdn\/sonne-im-glas-unser-naturparkhonig\/#breadcrumb\",\"itemListElement\":[{\"@type\":\"ListItem\",\"position\":1,\"name\":\"Home\",\"item\":\"https:\/\/www.naturparkmagazin.de\/vdn\/\"},{\"@type\":\"ListItem\",\"position\":2,\"name\":\"\u201eSonne im Glas\u201c \u2013 Unser Naturparkhonig\"}]},{\"@type\":\"WebSite\",\"@id\":\"https:\/\/www.naturparkmagazin.de\/vdn\/#website\",\"url\":\"https:\/\/www.naturparkmagazin.de\/vdn\/\",\"name\":\"Verband Deutscher Naturparke\",\"description\":\"Eine weitere Naturparkmagazin.de Netzwerk Seite\",\"potentialAction\":[{\"@type\":\"SearchAction\",\"target\":{\"@type\":\"EntryPoint\",\"urlTemplate\":\"https:\/\/www.naturparkmagazin.de\/vdn\/?s={search_term_string}\"},\"query-input\":\"required name=search_term_string\"}],\"inLanguage\":\"de\"},{\"@type\":\"Person\",\"@id\":\"https:\/\/www.naturparkmagazin.de\/vdn\/#\/schema\/person\/3cff9b8773ed55f0189255fa9adfd57c\",\"name\":\"manuelamerz\",\"url\":\"https:\/\/www.naturparkmagazin.de\/vdn\/author\/manuelamerz\/\"}]}<\/script>\n<!-- \/ Yoast SEO plugin. -->","yoast_head_json":{"title":"\u201eSonne im Glas\u201c \u2013 Unser Naturparkhonig","description":"Ein Sonntagsfr\u00fchst\u00fcck mit knusprigen Br\u00f6tchen und Honig aus dem Naturpark Barnim \u2013 ein Genuss, den man sich nicht entgehen lassen sollte.","robots":{"index":"index","follow":"follow","max-snippet":"max-snippet:-1","max-image-preview":"max-image-preview:large","max-video-preview":"max-video-preview:-1"},"canonical":"https:\/\/www.naturparkmagazin.de\/vdn\/sonne-im-glas-unser-naturparkhonig\/","og_locale":"de_DE","og_type":"article","og_title":"\u201eSonne im Glas\u201c \u2013 Unser Naturparkhonig","og_description":"Ein Sonntagsfr\u00fchst\u00fcck mit knusprigen Br\u00f6tchen und Honig aus dem Naturpark Barnim \u2013 ein Genuss, den man sich nicht entgehen lassen sollte.","og_url":"https:\/\/www.naturparkmagazin.de\/vdn\/sonne-im-glas-unser-naturparkhonig\/","og_site_name":"Verband Deutscher Naturparke","article_published_time":"2021-04-30T16:20:21+00:00","article_modified_time":"2021-05-17T10:29:02+00:00","og_image":[{"width":200,"height":200,"url":"https:\/\/www.naturparkmagazin.de\/vdn\/wp-content\/uploads\/sites\/3\/Naturparkhonig_AndreaBrodersenbf.jpg","type":"image\/jpeg"}],"author":"manuelamerz","twitter_misc":{"Verfasst von":"manuelamerz","Gesch\u00e4tzte Lesezeit":"1\u00a0Minute"},"schema":{"@context":"https:\/\/schema.org","@graph":[{"@type":"WebPage","@id":"https:\/\/www.naturparkmagazin.de\/vdn\/sonne-im-glas-unser-naturparkhonig\/","url":"https:\/\/www.naturparkmagazin.de\/vdn\/sonne-im-glas-unser-naturparkhonig\/","name":"\u201eSonne im Glas\u201c \u2013 Unser Naturparkhonig","isPartOf":{"@id":"https:\/\/www.naturparkmagazin.de\/vdn\/#website"},"datePublished":"2021-04-30T16:20:21+00:00","dateModified":"2021-05-17T10:29:02+00:00","author":{"@id":"https:\/\/www.naturparkmagazin.de\/vdn\/#\/schema\/person\/3cff9b8773ed55f0189255fa9adfd57c"},"description":"Ein Sonntagsfr\u00fchst\u00fcck mit knusprigen Br\u00f6tchen und Honig aus dem Naturpark Barnim \u2013 ein Genuss, den man sich nicht entgehen lassen sollte.","breadcrumb":{"@id":"https:\/\/www.naturparkmagazin.de\/vdn\/sonne-im-glas-unser-naturparkhonig\/#breadcrumb"},"inLanguage":"de","potentialAction":[{"@type":"ReadAction","target":["https:\/\/www.naturparkmagazin.de\/vdn\/sonne-im-glas-unser-naturparkhonig\/"]}]},{"@type":"BreadcrumbList","@id":"https:\/\/www.naturparkmagazin.de\/vdn\/sonne-im-glas-unser-naturparkhonig\/#breadcrumb","itemListElement":[{"@type":"ListItem","position":1,"name":"Home","item":"https:\/\/www.naturparkmagazin.de\/vdn\/"},{"@type":"ListItem","position":2,"name":"\u201eSonne im Glas\u201c \u2013 Unser Naturparkhonig"}]},{"@type":"WebSite","@id":"https:\/\/www.naturparkmagazin.de\/vdn\/#website","url":"https:\/\/www.naturparkmagazin.de\/vdn\/","name":"Verband Deutscher Naturparke","description":"Eine weitere Naturparkmagazin.de Netzwerk Seite","potentialAction":[{"@type":"SearchAction","target":{"@type":"EntryPoint","urlTemplate":"https:\/\/www.naturparkmagazin.de\/vdn\/?s={search_term_string}"},"query-input":"required name=search_term_string"}],"inLanguage":"de"},{"@type":"Person","@id":"https:\/\/www.naturparkmagazin.de\/vdn\/#\/schema\/person\/3cff9b8773ed55f0189255fa9adfd57c","name":"manuelamerz","url":"https:\/\/www.naturparkmagazin.de\/vdn\/author\/manuelamerz\/"}]}},"_links":{"self":[{"href":"https:\/\/www.naturparkmagazin.de\/vdn\/wp-json\/wp\/v2\/posts\/13550"}],"collection":[{"href":"https:\/\/www.naturparkmagazin.de\/vdn\/wp-json\/wp\/v2\/posts"}],"about":[{"href":"https:\/\/www.naturparkmagazin.de\/vdn\/wp-json\/wp\/v2\/types\/post"}],"author":[{"embeddable":true,"href":"https:\/\/www.naturparkmagazin.de\/vdn\/wp-json\/wp\/v2\/users\/73"}],"replies":[{"embeddable":true,"href":"https:\/\/www.naturparkmagazin.de\/vdn\/wp-json\/wp\/v2\/comments?post=13550"}],"version-history":[{"count":3,"href":"https:\/\/www.naturparkmagazin.de\/vdn\/wp-json\/wp\/v2\/posts\/13550\/revisions"}],"predecessor-version":[{"id":13556,"href":"https:\/\/www.naturparkmagazin.de\/vdn\/wp-json\/wp\/v2\/posts\/13550\/revisions\/13556"}],"wp:featuredmedia":[{"embeddable":true,"href":"https:\/\/www.naturparkmagazin.de\/vdn\/wp-json\/wp\/v2\/media\/13551"}],"wp:attachment":[{"href":"https:\/\/www.naturparkmagazin.de\/vdn\/wp-json\/wp\/v2\/media?parent=13550"}],"wp:term":[{"taxonomy":"category","embeddable":true,"href":"https:\/\/www.naturparkmagazin.de\/vdn\/wp-json\/wp\/v2\/categories?post=13550"},{"taxonomy":"post_tag","embeddable":true,"href":"https:\/\/www.naturparkmagazin.de\/vdn\/wp-json\/wp\/v2\/tags?post=13550"}],"curies":[{"name":"wp","href":"https:\/\/api.w.org\/{rel}","templated":true}]}}