{"id":13579,"date":"2021-04-27T12:53:53","date_gmt":"2021-04-27T10:53:53","guid":{"rendered":"https:\/\/www.naturparkmagazin.de\/vdn\/?p=13579"},"modified":"2021-04-27T13:17:14","modified_gmt":"2021-04-27T11:17:14","slug":"mit-bne-2030-in-die-zukunft","status":"publish","type":"post","link":"https:\/\/www.naturparkmagazin.de\/vdn\/mit-bne-2030-in-die-zukunft\/","title":{"rendered":"Mit BNE 2030 in die Zukunft"},"content":{"rendered":"<div id=\"attachment_13580\" style=\"width: 510px\" class=\"wp-caption alignnone\"><a href=\"https:\/\/www.naturparkmagazin.de\/vdn\/wp-content\/uploads\/sites\/3\/BNE-Flyerb.jpeg\"><img aria-describedby=\"caption-attachment-13580\" decoding=\"async\" loading=\"lazy\" class=\"size-full wp-image-13580\" src=\"https:\/\/www.naturparkmagazin.de\/vdn\/wp-content\/uploads\/sites\/3\/BNE-Flyerb.jpeg\" alt=\"BNE-Flyer \u00a9 NNL e.V.\" width=\"500\" height=\"300\" srcset=\"https:\/\/www.naturparkmagazin.de\/vdn\/wp-content\/uploads\/sites\/3\/BNE-Flyerb.jpeg 500w, https:\/\/www.naturparkmagazin.de\/vdn\/wp-content\/uploads\/sites\/3\/BNE-Flyerb-300x180.jpeg 300w, https:\/\/www.naturparkmagazin.de\/vdn\/wp-content\/uploads\/sites\/3\/BNE-Flyerb-200x120.jpeg 200w\" sizes=\"(max-width: 500px) 100vw, 500px\" \/><\/a><p id=\"caption-attachment-13580\" class=\"wp-caption-text\">BNE-Flyer \u00a9 NNL e.V.<\/p><\/div>\n<p>In diesem Jahr startet das neue, auf zehn Jahre angelegte <strong>UNESCO-Programm &#8222;Education for Sustainable Development: Towards Achieving the SDGs&#8220;<\/strong> \u2013 kurz <a href=\"https:\/\/www.naturparke.de\/unesco-aktionswochen-und-naturpark-wandertag-2021-im-mai-\/-online-tagung-im-juni-\/-personalwechsel.html?mid=###SYS_MAIL_ID###&amp;aC=###SYS_AUTHCODE###&amp;jumpurl=1\">&#8222;BNE 2030&#8220;<\/a>. Bei der <strong>globalen und virtuellen Auftaktkonferenz vom 17. bis 19. Mai 2021<\/strong> kommen Teilnehmende aus allen UNESCO-Weltregionen zusammen, um die &#8222;Decade of Action&#8220; zu BNE einzul\u00e4uten. Unter dem Motto &#8222;Mit BNE in die Zukunft \u2013 BNE 2030&#8220; findet im direkten Anschluss am 19. Mai 2021 der nationale Auftakt statt.<\/p>\n<p>Um die Zeit rund um die Konferenz zu gestalten und Bildung f\u00fcr nachhaltige Entwicklung (BNE) in die breite \u00d6ffentlichkeit zu tragen, bieten die <strong>BNE-Wochen vom 1. bis 31. Mai 2021<\/strong> nationalen Akteur*innen die Chance, einen Monat lang ihr Engagement f\u00fcr Nachhaltigkeit \u00f6ffentlich sichtbar zu machen und mit einer Veranstaltung einen offiziellen Beitrag zum Rahmenprogramm der Konferenz zu leisten.<\/p>\n<p>&nbsp;<\/p>\n<p><strong>Nationale Naturlandschaften als ideale Orte f\u00fcr BNE<\/strong><\/p>\n<p>Die Nationalen Naturlandschaften (Naturparke, Biosph\u00e4renreservate, Nationalparks) in Deutschland bieten mit ihren vielf\u00e4ltigen Naturr\u00e4umen und Entwicklungszielen einzigartige Voraussetzungen f\u00fcr Bildung f\u00fcr nachhaltige Entwicklung (BNE). Dank der Vernetzung und Kooperation mit lokalen und \u00fcberregionalen Partner*innen haben sich dort ideale Bildungslandschaften entwickelt. Diese zeichnen sich durch Kooperationen mit Kitas und Schulen und mit non-formalen und informellen Bildungsakteur*innen aus.<\/p>\n<p>In zwei separaten digitalen Vortr\u00e4gen stellen <strong>Nationale Naturlandschaften e. V.<\/strong> und <strong>Verband Deutscher Naturparke e. V.<\/strong> interessante Praxisbeispiele und die dazugeh\u00f6rigen Rahmenbedingungen vor. Beide kooperierenden Verb\u00e4nde m\u00f6chten dazu einladen, das Bildungsnetzwerk der Nationalen Naturlandschaften kennenzulernen, um die BNE-Landschaft der Zukunft gemeinsam zu gestalten.<\/p>\n<p>&nbsp;<\/p>\n<p><a href=\"https:\/\/www.naturparke.de\/service\/presse\/pressemitteilungen\/nachricht\/unesco-programm-bne-2030-vdn-ev-und-nnl-ev-starten-gemeinsames-bildungsnetzwerk-mit-2-online-vortraegen.html\" target=\"_blank\">Hier<\/a> finden Sie den Flyer mit allen Details zu Datum, Zeit und Anmeldung.<\/p>\n<p>&nbsp;<\/p>\n<p>&nbsp;<\/p>\n<p>&nbsp;<\/p>\n","protected":false},"excerpt":{"rendered":"<p>Im Rahmen des UNESCO-Programms \u201eESD for 2030\u201c planen VDN e.V. und NNL e.V. am 6. und 17. Mai 2021 zwei kostenlose BNE-Online-Seminare f\u00fcr BNE-Akteur*innen der Nationalen Naturlandschaften.<\/p>\n","protected":false},"author":73,"featured_media":13582,"comment_status":"open","ping_status":"open","sticky":false,"template":"","format":"standard","meta":{"_links_to":"","_links_to_target":""},"categories":[7],"tags":[674,2516,1229,2515,2511,2513,2514,2512,1054],"yoast_head":"<!-- This site is optimized with the Yoast SEO plugin v19.10 - https:\/\/yoast.com\/wordpress\/plugins\/seo\/ -->\n<title>Mit BNE 2030 in die Zukunft<\/title>\n<meta name=\"description\" content=\"Im Rahmen des UNESCO-Programms \u201eESD for 2030\u201c planen VDN e.V. und NNL e.V. am 6. und 17. Mai 2021 zwei kostenlose BNE-Online-Seminare f\u00fcr BNE-Akteur*innen der Nationalen Naturlandschaften.\" \/>\n<meta name=\"robots\" content=\"index, follow, max-snippet:-1, max-image-preview:large, max-video-preview:-1\" \/>\n<link rel=\"canonical\" href=\"https:\/\/www.naturparkmagazin.de\/vdn\/mit-bne-2030-in-die-zukunft\/\" \/>\n<meta property=\"og:locale\" content=\"de_DE\" \/>\n<meta property=\"og:type\" content=\"article\" \/>\n<meta property=\"og:title\" content=\"Mit BNE 2030 in die Zukunft\" \/>\n<meta property=\"og:description\" content=\"Im Rahmen des UNESCO-Programms \u201eESD for 2030\u201c planen VDN e.V. und NNL e.V. am 6. und 17. Mai 2021 zwei kostenlose BNE-Online-Seminare f\u00fcr BNE-Akteur*innen der Nationalen Naturlandschaften.\" \/>\n<meta property=\"og:url\" content=\"https:\/\/www.naturparkmagazin.de\/vdn\/mit-bne-2030-in-die-zukunft\/\" \/>\n<meta property=\"og:site_name\" content=\"Verband Deutscher Naturparke\" \/>\n<meta property=\"article:published_time\" content=\"2021-04-27T10:53:53+00:00\" \/>\n<meta property=\"article:modified_time\" content=\"2021-04-27T11:17:14+00:00\" \/>\n<meta property=\"og:image\" content=\"https:\/\/www.naturparkmagazin.de\/vdn\/wp-content\/uploads\/sites\/3\/BNE-Flyerbf.jpeg\" \/>\n\t<meta property=\"og:image:width\" content=\"200\" \/>\n\t<meta property=\"og:image:height\" content=\"200\" \/>\n\t<meta property=\"og:image:type\" content=\"image\/jpeg\" \/>\n<meta name=\"author\" content=\"manuelamerz\" \/>\n<meta name=\"twitter:label1\" content=\"Verfasst von\" \/>\n\t<meta name=\"twitter:data1\" content=\"manuelamerz\" \/>\n\t<meta name=\"twitter:label2\" content=\"Gesch\u00e4tzte Lesezeit\" \/>\n\t<meta name=\"twitter:data2\" content=\"1\u00a0Minute\" \/>\n<script type=\"application\/ld+json\" class=\"yoast-schema-graph\">{\"@context\":\"https:\/\/schema.org\",\"@graph\":[{\"@type\":\"WebPage\",\"@id\":\"https:\/\/www.naturparkmagazin.de\/vdn\/mit-bne-2030-in-die-zukunft\/\",\"url\":\"https:\/\/www.naturparkmagazin.de\/vdn\/mit-bne-2030-in-die-zukunft\/\",\"name\":\"Mit BNE 2030 in die Zukunft\",\"isPartOf\":{\"@id\":\"https:\/\/www.naturparkmagazin.de\/vdn\/#website\"},\"datePublished\":\"2021-04-27T10:53:53+00:00\",\"dateModified\":\"2021-04-27T11:17:14+00:00\",\"author\":{\"@id\":\"https:\/\/www.naturparkmagazin.de\/vdn\/#\/schema\/person\/3cff9b8773ed55f0189255fa9adfd57c\"},\"description\":\"Im Rahmen des UNESCO-Programms \u201eESD for 2030\u201c planen VDN e.V. und NNL e.V. am 6. und 17. Mai 2021 zwei kostenlose BNE-Online-Seminare f\u00fcr BNE-Akteur*innen der Nationalen Naturlandschaften.\",\"breadcrumb\":{\"@id\":\"https:\/\/www.naturparkmagazin.de\/vdn\/mit-bne-2030-in-die-zukunft\/#breadcrumb\"},\"inLanguage\":\"de\",\"potentialAction\":[{\"@type\":\"ReadAction\",\"target\":[\"https:\/\/www.naturparkmagazin.de\/vdn\/mit-bne-2030-in-die-zukunft\/\"]}]},{\"@type\":\"BreadcrumbList\",\"@id\":\"https:\/\/www.naturparkmagazin.de\/vdn\/mit-bne-2030-in-die-zukunft\/#breadcrumb\",\"itemListElement\":[{\"@type\":\"ListItem\",\"position\":1,\"name\":\"Home\",\"item\":\"https:\/\/www.naturparkmagazin.de\/vdn\/\"},{\"@type\":\"ListItem\",\"position\":2,\"name\":\"Mit BNE 2030 in die Zukunft\"}]},{\"@type\":\"WebSite\",\"@id\":\"https:\/\/www.naturparkmagazin.de\/vdn\/#website\",\"url\":\"https:\/\/www.naturparkmagazin.de\/vdn\/\",\"name\":\"Verband Deutscher Naturparke\",\"description\":\"Eine weitere Naturparkmagazin.de Netzwerk Seite\",\"potentialAction\":[{\"@type\":\"SearchAction\",\"target\":{\"@type\":\"EntryPoint\",\"urlTemplate\":\"https:\/\/www.naturparkmagazin.de\/vdn\/?s={search_term_string}\"},\"query-input\":\"required name=search_term_string\"}],\"inLanguage\":\"de\"},{\"@type\":\"Person\",\"@id\":\"https:\/\/www.naturparkmagazin.de\/vdn\/#\/schema\/person\/3cff9b8773ed55f0189255fa9adfd57c\",\"name\":\"manuelamerz\",\"url\":\"https:\/\/www.naturparkmagazin.de\/vdn\/author\/manuelamerz\/\"}]}<\/script>\n<!-- \/ Yoast SEO plugin. -->","yoast_head_json":{"title":"Mit BNE 2030 in die Zukunft","description":"Im Rahmen des UNESCO-Programms \u201eESD for 2030\u201c planen VDN e.V. und NNL e.V. am 6. und 17. Mai 2021 zwei kostenlose BNE-Online-Seminare f\u00fcr BNE-Akteur*innen der Nationalen Naturlandschaften.","robots":{"index":"index","follow":"follow","max-snippet":"max-snippet:-1","max-image-preview":"max-image-preview:large","max-video-preview":"max-video-preview:-1"},"canonical":"https:\/\/www.naturparkmagazin.de\/vdn\/mit-bne-2030-in-die-zukunft\/","og_locale":"de_DE","og_type":"article","og_title":"Mit BNE 2030 in die Zukunft","og_description":"Im Rahmen des UNESCO-Programms \u201eESD for 2030\u201c planen VDN e.V. und NNL e.V. am 6. und 17. Mai 2021 zwei kostenlose BNE-Online-Seminare f\u00fcr BNE-Akteur*innen der Nationalen Naturlandschaften.","og_url":"https:\/\/www.naturparkmagazin.de\/vdn\/mit-bne-2030-in-die-zukunft\/","og_site_name":"Verband Deutscher Naturparke","article_published_time":"2021-04-27T10:53:53+00:00","article_modified_time":"2021-04-27T11:17:14+00:00","og_image":[{"width":200,"height":200,"url":"https:\/\/www.naturparkmagazin.de\/vdn\/wp-content\/uploads\/sites\/3\/BNE-Flyerbf.jpeg","type":"image\/jpeg"}],"author":"manuelamerz","twitter_misc":{"Verfasst von":"manuelamerz","Gesch\u00e4tzte Lesezeit":"1\u00a0Minute"},"schema":{"@context":"https:\/\/schema.org","@graph":[{"@type":"WebPage","@id":"https:\/\/www.naturparkmagazin.de\/vdn\/mit-bne-2030-in-die-zukunft\/","url":"https:\/\/www.naturparkmagazin.de\/vdn\/mit-bne-2030-in-die-zukunft\/","name":"Mit BNE 2030 in die Zukunft","isPartOf":{"@id":"https:\/\/www.naturparkmagazin.de\/vdn\/#website"},"datePublished":"2021-04-27T10:53:53+00:00","dateModified":"2021-04-27T11:17:14+00:00","author":{"@id":"https:\/\/www.naturparkmagazin.de\/vdn\/#\/schema\/person\/3cff9b8773ed55f0189255fa9adfd57c"},"description":"Im Rahmen des UNESCO-Programms \u201eESD for 2030\u201c planen VDN e.V. und NNL e.V. am 6. und 17. Mai 2021 zwei kostenlose BNE-Online-Seminare f\u00fcr BNE-Akteur*innen der Nationalen Naturlandschaften.","breadcrumb":{"@id":"https:\/\/www.naturparkmagazin.de\/vdn\/mit-bne-2030-in-die-zukunft\/#breadcrumb"},"inLanguage":"de","potentialAction":[{"@type":"ReadAction","target":["https:\/\/www.naturparkmagazin.de\/vdn\/mit-bne-2030-in-die-zukunft\/"]}]},{"@type":"BreadcrumbList","@id":"https:\/\/www.naturparkmagazin.de\/vdn\/mit-bne-2030-in-die-zukunft\/#breadcrumb","itemListElement":[{"@type":"ListItem","position":1,"name":"Home","item":"https:\/\/www.naturparkmagazin.de\/vdn\/"},{"@type":"ListItem","position":2,"name":"Mit BNE 2030 in die Zukunft"}]},{"@type":"WebSite","@id":"https:\/\/www.naturparkmagazin.de\/vdn\/#website","url":"https:\/\/www.naturparkmagazin.de\/vdn\/","name":"Verband Deutscher Naturparke","description":"Eine weitere Naturparkmagazin.de Netzwerk Seite","potentialAction":[{"@type":"SearchAction","target":{"@type":"EntryPoint","urlTemplate":"https:\/\/www.naturparkmagazin.de\/vdn\/?s={search_term_string}"},"query-input":"required name=search_term_string"}],"inLanguage":"de"},{"@type":"Person","@id":"https:\/\/www.naturparkmagazin.de\/vdn\/#\/schema\/person\/3cff9b8773ed55f0189255fa9adfd57c","name":"manuelamerz","url":"https:\/\/www.naturparkmagazin.de\/vdn\/author\/manuelamerz\/"}]}},"_links":{"self":[{"href":"https:\/\/www.naturparkmagazin.de\/vdn\/wp-json\/wp\/v2\/posts\/13579"}],"collection":[{"href":"https:\/\/www.naturparkmagazin.de\/vdn\/wp-json\/wp\/v2\/posts"}],"about":[{"href":"https:\/\/www.naturparkmagazin.de\/vdn\/wp-json\/wp\/v2\/types\/post"}],"author":[{"embeddable":true,"href":"https:\/\/www.naturparkmagazin.de\/vdn\/wp-json\/wp\/v2\/users\/73"}],"replies":[{"embeddable":true,"href":"https:\/\/www.naturparkmagazin.de\/vdn\/wp-json\/wp\/v2\/comments?post=13579"}],"version-history":[{"count":1,"href":"https:\/\/www.naturparkmagazin.de\/vdn\/wp-json\/wp\/v2\/posts\/13579\/revisions"}],"predecessor-version":[{"id":13583,"href":"https:\/\/www.naturparkmagazin.de\/vdn\/wp-json\/wp\/v2\/posts\/13579\/revisions\/13583"}],"wp:featuredmedia":[{"embeddable":true,"href":"https:\/\/www.naturparkmagazin.de\/vdn\/wp-json\/wp\/v2\/media\/13582"}],"wp:attachment":[{"href":"https:\/\/www.naturparkmagazin.de\/vdn\/wp-json\/wp\/v2\/media?parent=13579"}],"wp:term":[{"taxonomy":"category","embeddable":true,"href":"https:\/\/www.naturparkmagazin.de\/vdn\/wp-json\/wp\/v2\/categories?post=13579"},{"taxonomy":"post_tag","embeddable":true,"href":"https:\/\/www.naturparkmagazin.de\/vdn\/wp-json\/wp\/v2\/tags?post=13579"}],"curies":[{"name":"wp","href":"https:\/\/api.w.org\/{rel}","templated":true}]}}