{"id":13584,"date":"2021-04-27T12:52:23","date_gmt":"2021-04-27T10:52:23","guid":{"rendered":"https:\/\/www.naturparkmagazin.de\/vdn\/?p=13584"},"modified":"2021-04-27T13:16:20","modified_gmt":"2021-04-27T11:16:20","slug":"35-deutscher-naturschutztag","status":"publish","type":"post","link":"https:\/\/www.naturparkmagazin.de\/vdn\/35-deutscher-naturschutztag\/","title":{"rendered":"35. Deutscher Naturschutztag"},"content":{"rendered":"<div id=\"attachment_13586\" style=\"width: 510px\" class=\"wp-caption alignnone\"><a href=\"https:\/\/www.naturparkmagazin.de\/vdn\/wp-content\/uploads\/sites\/3\/bannerb.jpeg\"><img aria-describedby=\"caption-attachment-13586\" decoding=\"async\" loading=\"lazy\" class=\"size-full wp-image-13586\" src=\"https:\/\/www.naturparkmagazin.de\/vdn\/wp-content\/uploads\/sites\/3\/bannerb.jpeg\" alt=\"\u00a9 DNT\" width=\"500\" height=\"191\" srcset=\"https:\/\/www.naturparkmagazin.de\/vdn\/wp-content\/uploads\/sites\/3\/bannerb.jpeg 500w, https:\/\/www.naturparkmagazin.de\/vdn\/wp-content\/uploads\/sites\/3\/bannerb-300x115.jpeg 300w, https:\/\/www.naturparkmagazin.de\/vdn\/wp-content\/uploads\/sites\/3\/bannerb-200x76.jpeg 200w\" sizes=\"(max-width: 500px) 100vw, 500px\" \/><\/a><p id=\"caption-attachment-13586\" class=\"wp-caption-text\">\u00a9 DNT<\/p><\/div>\n<p>Im Zuge der aktuellen Corona-Krise gewinnen grundlegende Themen wie Klimawandel, Natur- und Artenschutz weiter an Bedeutung. Die gro\u00dfen Herausforderungen in den Bereichen Gesundheit, Klima und biologischer Vielfalt brauchen eine Betrachtung aus Sicht des Naturschutzes, gerade auch vor dem Hintergrund des schnellen Wandels unserer St\u00e4dte und der l\u00e4ndlichen R\u00e4ume.<\/p>\n<p>Der dreit\u00e4gige 35. Deutsche Naturschutztag (DNT) wird sich diesen Themen widmen. Er sollte eigentlich als Hybridveranstaltung zum Teil in Wiesbaden stattfinden. Aufgrund der Corona-Pandemie wird er sich nun doch rein digital pr\u00e4sentieren. Digitale Fachforen und Events finden an den ersten beiden Tagen statt, die eigentlich live geplante &#8222;DNT B\u00fchne&#8220; zum Abschluss am 2.6.2021.<\/p>\n<p>Teilnehmende sind Naturschutzinteressierte aus Politik, Verwaltung, Planung, Ehrenamt und Wissenschaft. Der Deutsche Naturschutztag bietet traditionell Naturschutzverb\u00e4nden, Nonprofit-Organisationen oder sonstigen Einrichtungen, die sich mit Naturschutz(Themen) auseinandersetzen, die M\u00f6glichkeit, im Rahmen einer Ausstellung ihre Organisation, Arbeit , Themen, Projekte oder Exponate, vorzustellen: <a href=\"https:\/\/www.deutscher-naturschutztag.de\/programm\/ausstellung\">https:\/\/www.deutscher-naturschutztag.de\/programm\/ausstellung<\/a><\/p>\n<p>&nbsp;<\/p>\n<p>Das gesamte Programm kann <a href=\"https:\/\/www.deutscher-naturschutztag.de\/programm\" target=\"_blank\">hier<\/a> heruntergeladen werden:<\/p>\n<p>&nbsp;<\/p>\n<p>&nbsp;<\/p>\n","protected":false},"excerpt":{"rendered":"<p>Vom 31. Mai bis 2. Juni 2021 findet der deutschlandweit gr\u00f6\u00dfte Naturschutzkongress unter dem Motto \u201eSTADT-LAND-FLUSS &#8211; Welche Natur wollen wir?\u201c komplett digital statt. <\/p>\n","protected":false},"author":73,"featured_media":13585,"comment_status":"open","ping_status":"open","sticky":false,"template":"","format":"standard","meta":{"_links_to":"","_links_to_target":""},"categories":[7],"tags":[2517,87,2518,1380,2519,470,2520],"yoast_head":"<!-- This site is optimized with the Yoast SEO plugin v19.10 - https:\/\/yoast.com\/wordpress\/plugins\/seo\/ -->\n<title>35. Deutscher Naturschutztag<\/title>\n<meta name=\"description\" content=\"Vom 31. Mai bis 2. Juni 2021 findet der deutschlandweit gr\u00f6\u00dfte Naturschutzkongress unter dem Motto \u201eSTADT-LAND-FLUSS - Welche Natur wollen wir?\u201c komplett digital statt.\" \/>\n<meta name=\"robots\" content=\"index, follow, max-snippet:-1, max-image-preview:large, max-video-preview:-1\" \/>\n<link rel=\"canonical\" href=\"https:\/\/www.naturparkmagazin.de\/vdn\/35-deutscher-naturschutztag\/\" \/>\n<meta property=\"og:locale\" content=\"de_DE\" \/>\n<meta property=\"og:type\" content=\"article\" \/>\n<meta property=\"og:title\" content=\"35. Deutscher Naturschutztag\" \/>\n<meta property=\"og:description\" content=\"Vom 31. Mai bis 2. Juni 2021 findet der deutschlandweit gr\u00f6\u00dfte Naturschutzkongress unter dem Motto \u201eSTADT-LAND-FLUSS - Welche Natur wollen wir?\u201c komplett digital statt.\" \/>\n<meta property=\"og:url\" content=\"https:\/\/www.naturparkmagazin.de\/vdn\/35-deutscher-naturschutztag\/\" \/>\n<meta property=\"og:site_name\" content=\"Verband Deutscher Naturparke\" \/>\n<meta property=\"article:published_time\" content=\"2021-04-27T10:52:23+00:00\" \/>\n<meta property=\"article:modified_time\" content=\"2021-04-27T11:16:20+00:00\" \/>\n<meta property=\"og:image\" content=\"https:\/\/www.naturparkmagazin.de\/vdn\/wp-content\/uploads\/sites\/3\/Logo-35DNT_kompakt.jpg\" \/>\n\t<meta property=\"og:image:width\" content=\"886\" \/>\n\t<meta property=\"og:image:height\" content=\"945\" \/>\n\t<meta property=\"og:image:type\" content=\"image\/jpeg\" \/>\n<meta name=\"author\" content=\"manuelamerz\" \/>\n<meta name=\"twitter:label1\" content=\"Verfasst von\" \/>\n\t<meta name=\"twitter:data1\" content=\"manuelamerz\" \/>\n\t<meta name=\"twitter:label2\" content=\"Gesch\u00e4tzte Lesezeit\" \/>\n\t<meta name=\"twitter:data2\" content=\"1\u00a0Minute\" \/>\n<script type=\"application\/ld+json\" class=\"yoast-schema-graph\">{\"@context\":\"https:\/\/schema.org\",\"@graph\":[{\"@type\":\"WebPage\",\"@id\":\"https:\/\/www.naturparkmagazin.de\/vdn\/35-deutscher-naturschutztag\/\",\"url\":\"https:\/\/www.naturparkmagazin.de\/vdn\/35-deutscher-naturschutztag\/\",\"name\":\"35. Deutscher Naturschutztag\",\"isPartOf\":{\"@id\":\"https:\/\/www.naturparkmagazin.de\/vdn\/#website\"},\"datePublished\":\"2021-04-27T10:52:23+00:00\",\"dateModified\":\"2021-04-27T11:16:20+00:00\",\"author\":{\"@id\":\"https:\/\/www.naturparkmagazin.de\/vdn\/#\/schema\/person\/3cff9b8773ed55f0189255fa9adfd57c\"},\"description\":\"Vom 31. Mai bis 2. Juni 2021 findet der deutschlandweit gr\u00f6\u00dfte Naturschutzkongress unter dem Motto \u201eSTADT-LAND-FLUSS - Welche Natur wollen wir?\u201c komplett digital statt.\",\"breadcrumb\":{\"@id\":\"https:\/\/www.naturparkmagazin.de\/vdn\/35-deutscher-naturschutztag\/#breadcrumb\"},\"inLanguage\":\"de\",\"potentialAction\":[{\"@type\":\"ReadAction\",\"target\":[\"https:\/\/www.naturparkmagazin.de\/vdn\/35-deutscher-naturschutztag\/\"]}]},{\"@type\":\"BreadcrumbList\",\"@id\":\"https:\/\/www.naturparkmagazin.de\/vdn\/35-deutscher-naturschutztag\/#breadcrumb\",\"itemListElement\":[{\"@type\":\"ListItem\",\"position\":1,\"name\":\"Home\",\"item\":\"https:\/\/www.naturparkmagazin.de\/vdn\/\"},{\"@type\":\"ListItem\",\"position\":2,\"name\":\"35. Deutscher Naturschutztag\"}]},{\"@type\":\"WebSite\",\"@id\":\"https:\/\/www.naturparkmagazin.de\/vdn\/#website\",\"url\":\"https:\/\/www.naturparkmagazin.de\/vdn\/\",\"name\":\"Verband Deutscher Naturparke\",\"description\":\"Eine weitere Naturparkmagazin.de Netzwerk Seite\",\"potentialAction\":[{\"@type\":\"SearchAction\",\"target\":{\"@type\":\"EntryPoint\",\"urlTemplate\":\"https:\/\/www.naturparkmagazin.de\/vdn\/?s={search_term_string}\"},\"query-input\":\"required name=search_term_string\"}],\"inLanguage\":\"de\"},{\"@type\":\"Person\",\"@id\":\"https:\/\/www.naturparkmagazin.de\/vdn\/#\/schema\/person\/3cff9b8773ed55f0189255fa9adfd57c\",\"name\":\"manuelamerz\",\"url\":\"https:\/\/www.naturparkmagazin.de\/vdn\/author\/manuelamerz\/\"}]}<\/script>\n<!-- \/ Yoast SEO plugin. -->","yoast_head_json":{"title":"35. Deutscher Naturschutztag","description":"Vom 31. Mai bis 2. Juni 2021 findet der deutschlandweit gr\u00f6\u00dfte Naturschutzkongress unter dem Motto \u201eSTADT-LAND-FLUSS - Welche Natur wollen wir?\u201c komplett digital statt.","robots":{"index":"index","follow":"follow","max-snippet":"max-snippet:-1","max-image-preview":"max-image-preview:large","max-video-preview":"max-video-preview:-1"},"canonical":"https:\/\/www.naturparkmagazin.de\/vdn\/35-deutscher-naturschutztag\/","og_locale":"de_DE","og_type":"article","og_title":"35. Deutscher Naturschutztag","og_description":"Vom 31. Mai bis 2. Juni 2021 findet der deutschlandweit gr\u00f6\u00dfte Naturschutzkongress unter dem Motto \u201eSTADT-LAND-FLUSS - Welche Natur wollen wir?\u201c komplett digital statt.","og_url":"https:\/\/www.naturparkmagazin.de\/vdn\/35-deutscher-naturschutztag\/","og_site_name":"Verband Deutscher Naturparke","article_published_time":"2021-04-27T10:52:23+00:00","article_modified_time":"2021-04-27T11:16:20+00:00","og_image":[{"width":886,"height":945,"url":"https:\/\/www.naturparkmagazin.de\/vdn\/wp-content\/uploads\/sites\/3\/Logo-35DNT_kompakt.jpg","type":"image\/jpeg"}],"author":"manuelamerz","twitter_misc":{"Verfasst von":"manuelamerz","Gesch\u00e4tzte Lesezeit":"1\u00a0Minute"},"schema":{"@context":"https:\/\/schema.org","@graph":[{"@type":"WebPage","@id":"https:\/\/www.naturparkmagazin.de\/vdn\/35-deutscher-naturschutztag\/","url":"https:\/\/www.naturparkmagazin.de\/vdn\/35-deutscher-naturschutztag\/","name":"35. Deutscher Naturschutztag","isPartOf":{"@id":"https:\/\/www.naturparkmagazin.de\/vdn\/#website"},"datePublished":"2021-04-27T10:52:23+00:00","dateModified":"2021-04-27T11:16:20+00:00","author":{"@id":"https:\/\/www.naturparkmagazin.de\/vdn\/#\/schema\/person\/3cff9b8773ed55f0189255fa9adfd57c"},"description":"Vom 31. Mai bis 2. Juni 2021 findet der deutschlandweit gr\u00f6\u00dfte Naturschutzkongress unter dem Motto \u201eSTADT-LAND-FLUSS - Welche Natur wollen wir?\u201c komplett digital statt.","breadcrumb":{"@id":"https:\/\/www.naturparkmagazin.de\/vdn\/35-deutscher-naturschutztag\/#breadcrumb"},"inLanguage":"de","potentialAction":[{"@type":"ReadAction","target":["https:\/\/www.naturparkmagazin.de\/vdn\/35-deutscher-naturschutztag\/"]}]},{"@type":"BreadcrumbList","@id":"https:\/\/www.naturparkmagazin.de\/vdn\/35-deutscher-naturschutztag\/#breadcrumb","itemListElement":[{"@type":"ListItem","position":1,"name":"Home","item":"https:\/\/www.naturparkmagazin.de\/vdn\/"},{"@type":"ListItem","position":2,"name":"35. Deutscher Naturschutztag"}]},{"@type":"WebSite","@id":"https:\/\/www.naturparkmagazin.de\/vdn\/#website","url":"https:\/\/www.naturparkmagazin.de\/vdn\/","name":"Verband Deutscher Naturparke","description":"Eine weitere Naturparkmagazin.de Netzwerk Seite","potentialAction":[{"@type":"SearchAction","target":{"@type":"EntryPoint","urlTemplate":"https:\/\/www.naturparkmagazin.de\/vdn\/?s={search_term_string}"},"query-input":"required name=search_term_string"}],"inLanguage":"de"},{"@type":"Person","@id":"https:\/\/www.naturparkmagazin.de\/vdn\/#\/schema\/person\/3cff9b8773ed55f0189255fa9adfd57c","name":"manuelamerz","url":"https:\/\/www.naturparkmagazin.de\/vdn\/author\/manuelamerz\/"}]}},"_links":{"self":[{"href":"https:\/\/www.naturparkmagazin.de\/vdn\/wp-json\/wp\/v2\/posts\/13584"}],"collection":[{"href":"https:\/\/www.naturparkmagazin.de\/vdn\/wp-json\/wp\/v2\/posts"}],"about":[{"href":"https:\/\/www.naturparkmagazin.de\/vdn\/wp-json\/wp\/v2\/types\/post"}],"author":[{"embeddable":true,"href":"https:\/\/www.naturparkmagazin.de\/vdn\/wp-json\/wp\/v2\/users\/73"}],"replies":[{"embeddable":true,"href":"https:\/\/www.naturparkmagazin.de\/vdn\/wp-json\/wp\/v2\/comments?post=13584"}],"version-history":[{"count":1,"href":"https:\/\/www.naturparkmagazin.de\/vdn\/wp-json\/wp\/v2\/posts\/13584\/revisions"}],"predecessor-version":[{"id":13587,"href":"https:\/\/www.naturparkmagazin.de\/vdn\/wp-json\/wp\/v2\/posts\/13584\/revisions\/13587"}],"wp:featuredmedia":[{"embeddable":true,"href":"https:\/\/www.naturparkmagazin.de\/vdn\/wp-json\/wp\/v2\/media\/13585"}],"wp:attachment":[{"href":"https:\/\/www.naturparkmagazin.de\/vdn\/wp-json\/wp\/v2\/media?parent=13584"}],"wp:term":[{"taxonomy":"category","embeddable":true,"href":"https:\/\/www.naturparkmagazin.de\/vdn\/wp-json\/wp\/v2\/categories?post=13584"},{"taxonomy":"post_tag","embeddable":true,"href":"https:\/\/www.naturparkmagazin.de\/vdn\/wp-json\/wp\/v2\/tags?post=13584"}],"curies":[{"name":"wp","href":"https:\/\/api.w.org\/{rel}","templated":true}]}}