{"id":1361,"date":"2013-06-05T11:39:37","date_gmt":"2013-06-05T09:39:37","guid":{"rendered":"http:\/\/www.naturparkmagazin.de\/vdn\/?p=1361"},"modified":"2013-06-06T12:13:10","modified_gmt":"2013-06-06T10:13:10","slug":"30-juni-2013-pilgern-und-kirchenmusik","status":"publish","type":"post","link":"https:\/\/www.naturparkmagazin.de\/vdn\/30-juni-2013-pilgern-und-kirchenmusik\/","title":{"rendered":"30. Juni 2013 Pilgern und Kirchenmusik"},"content":{"rendered":"<p><a href=\"https:\/\/www.naturparkmagazin.de\/vdn\/wp-content\/uploads\/sites\/3\/800px-Bursfelde_021.jpg\"><img decoding=\"async\" loading=\"lazy\" class=\"aligncenter size-thumbnail wp-image-1362\" alt=\"800px-Bursfelde_021\" src=\"https:\/\/www.naturparkmagazin.de\/vdn\/wp-content\/uploads\/sites\/3\/800px-Bursfelde_021-300x225.jpg\" width=\"300\" height=\"225\" srcset=\"https:\/\/www.naturparkmagazin.de\/vdn\/wp-content\/uploads\/sites\/3\/800px-Bursfelde_021-300x225.jpg 300w, https:\/\/www.naturparkmagazin.de\/vdn\/wp-content\/uploads\/sites\/3\/800px-Bursfelde_021-620x465.jpg 620w, https:\/\/www.naturparkmagazin.de\/vdn\/wp-content\/uploads\/sites\/3\/800px-Bursfelde_021-580x435.jpg 580w, https:\/\/www.naturparkmagazin.de\/vdn\/wp-content\/uploads\/sites\/3\/800px-Bursfelde_021-420x315.jpg 420w, https:\/\/www.naturparkmagazin.de\/vdn\/wp-content\/uploads\/sites\/3\/800px-Bursfelde_021-180x135.jpg 180w, https:\/\/www.naturparkmagazin.de\/vdn\/wp-content\/uploads\/sites\/3\/800px-Bursfelde_021-95x71.jpg 95w, https:\/\/www.naturparkmagazin.de\/vdn\/wp-content\/uploads\/sites\/3\/800px-Bursfelde_021-670x503.jpg 670w, https:\/\/www.naturparkmagazin.de\/vdn\/wp-content\/uploads\/sites\/3\/800px-Bursfelde_021-200x150.jpg 200w, https:\/\/www.naturparkmagazin.de\/vdn\/wp-content\/uploads\/sites\/3\/800px-Bursfelde_021.jpg 800w\" sizes=\"(max-width: 300px) 100vw, 300px\" \/><\/a><\/p>\n<p>Die Stille der Natur erfahren Chorges\u00e4ngen lauschen!<\/p>\n<p>Genie\u00dfen Sie in der Klosterkirche Bursfelde den Chor Meum Canticum aus Braunschweig\u00a0 mit Kantor und Chorleiter Fritz Susat mit geistlichen Werken verschiedener Epochen!<\/p>\n<p>Die Wanderung mit einem Pilgerbegleiter verl\u00e4uft ab dem Kloster Bursfelde auf einem Teilst\u00fcck des \u00f6kumenischen Pilgerweges, der neugeschaffenen historischen Spuren von Loccum nach Volkenroda folgt. Wegkennzeichnung ist das Loccumer Zisterzienserkreuz.<\/p>\n<p><b>Treffpunkt: Klosterkirche Bursfelde, Klosterhof 5, 34346 Hann. M\u00fcnden-Bursfelde<\/b><\/p>\n<p><b>Sonntag, 30. Juni, 14.00 bis 15.00 Uhr kleine Pilgerwanderung rund um das Kloster; ca. 15.30 bis 16.30 Uhr Konzert in der Klosterkirche<\/b><\/p>\n<p><b>Referenten:<\/b> Pilgerbegleiter der Klosterkirche Bursfelde, Chor Meum Canticum<\/p>\n<p>Der Kostenbeitrag Pilgerwanderung und Konzert 8,00 \u20ac; Konzertbesuch 5,00 \u20ac<\/p>\n","protected":false},"excerpt":{"rendered":"<p>Die Stille der Natur erfahren Chorges\u00e4ngen lauschen! Genie\u00dfen Sie in der Klosterkirche Bursfelde den Chor Meum Canticum aus Braunschweig\u00a0 mit Kantor und Chorleiter Fritz Susat mit geistlichen Werken verschiedener Epochen! Die Wanderung mit einem Pilgerbegleiter verl\u00e4uft ab dem Kloster Bursfelde auf einem Teilst\u00fcck des \u00f6kumenischen Pilgerweges, der neugeschaffenen historischen Spuren von Loccum nach Volkenroda folgt.<\/p>\n","protected":false},"author":1,"featured_media":1362,"comment_status":"open","ping_status":"open","sticky":false,"template":"","format":"standard","meta":{"_links_to":"","_links_to_target":""},"categories":[11],"tags":[],"yoast_head":"<!-- This site is optimized with the Yoast SEO plugin v19.10 - https:\/\/yoast.com\/wordpress\/plugins\/seo\/ -->\n<title>30. Juni 2013 Pilgern und Kirchenmusik<\/title>\n<meta name=\"description\" content=\"Die Stille der Natur erfahren Chorges\u00e4ngen lauschen! Genie\u00dfen Sie in der Klosterkirche Bursfelde den Chor Meum Canticum aus Braunschweig\u00a0 mit Kantor und\" \/>\n<meta name=\"robots\" content=\"index, follow, max-snippet:-1, max-image-preview:large, max-video-preview:-1\" \/>\n<link rel=\"canonical\" href=\"https:\/\/www.naturparkmagazin.de\/vdn\/30-juni-2013-pilgern-und-kirchenmusik\/\" \/>\n<meta property=\"og:locale\" content=\"de_DE\" \/>\n<meta property=\"og:type\" content=\"article\" \/>\n<meta property=\"og:title\" content=\"30. Juni 2013 Pilgern und Kirchenmusik\" \/>\n<meta property=\"og:description\" content=\"Die Stille der Natur erfahren Chorges\u00e4ngen lauschen! Genie\u00dfen Sie in der Klosterkirche Bursfelde den Chor Meum Canticum aus Braunschweig\u00a0 mit Kantor und\" \/>\n<meta property=\"og:url\" content=\"https:\/\/www.naturparkmagazin.de\/vdn\/30-juni-2013-pilgern-und-kirchenmusik\/\" \/>\n<meta property=\"og:site_name\" content=\"Verband Deutscher Naturparke\" \/>\n<meta property=\"article:author\" content=\"http:\/\/www.facebook.com\/Naturparkmagazin\" \/>\n<meta property=\"article:published_time\" content=\"2013-06-05T09:39:37+00:00\" \/>\n<meta property=\"article:modified_time\" content=\"2013-06-06T10:13:10+00:00\" \/>\n<meta property=\"og:image\" content=\"https:\/\/www.naturparkmagazin.de\/vdn\/wp-content\/uploads\/sites\/3\/800px-Bursfelde_021.jpg\" \/>\n\t<meta property=\"og:image:width\" content=\"800\" \/>\n\t<meta property=\"og:image:height\" content=\"600\" \/>\n\t<meta property=\"og:image:type\" content=\"image\/jpeg\" \/>\n<meta name=\"author\" content=\"Naturparkmagazin\" \/>\n<meta name=\"twitter:label1\" content=\"Verfasst von\" \/>\n\t<meta name=\"twitter:data1\" content=\"Naturparkmagazin\" \/>\n\t<meta name=\"twitter:label2\" content=\"Gesch\u00e4tzte Lesezeit\" \/>\n\t<meta name=\"twitter:data2\" content=\"1\u00a0Minute\" \/>\n<script type=\"application\/ld+json\" class=\"yoast-schema-graph\">{\"@context\":\"https:\/\/schema.org\",\"@graph\":[{\"@type\":\"WebPage\",\"@id\":\"https:\/\/www.naturparkmagazin.de\/vdn\/30-juni-2013-pilgern-und-kirchenmusik\/\",\"url\":\"https:\/\/www.naturparkmagazin.de\/vdn\/30-juni-2013-pilgern-und-kirchenmusik\/\",\"name\":\"30. Juni 2013 Pilgern und Kirchenmusik\",\"isPartOf\":{\"@id\":\"https:\/\/www.naturparkmagazin.de\/vdn\/#website\"},\"datePublished\":\"2013-06-05T09:39:37+00:00\",\"dateModified\":\"2013-06-06T10:13:10+00:00\",\"author\":{\"@id\":\"https:\/\/www.naturparkmagazin.de\/vdn\/#\/schema\/person\/78401f0ac30388d59dcde890ef16d102\"},\"description\":\"Die Stille der Natur erfahren Chorges\u00e4ngen lauschen! Genie\u00dfen Sie in der Klosterkirche Bursfelde den Chor Meum Canticum aus Braunschweig\u00a0 mit Kantor und\",\"breadcrumb\":{\"@id\":\"https:\/\/www.naturparkmagazin.de\/vdn\/30-juni-2013-pilgern-und-kirchenmusik\/#breadcrumb\"},\"inLanguage\":\"de\",\"potentialAction\":[{\"@type\":\"ReadAction\",\"target\":[\"https:\/\/www.naturparkmagazin.de\/vdn\/30-juni-2013-pilgern-und-kirchenmusik\/\"]}]},{\"@type\":\"BreadcrumbList\",\"@id\":\"https:\/\/www.naturparkmagazin.de\/vdn\/30-juni-2013-pilgern-und-kirchenmusik\/#breadcrumb\",\"itemListElement\":[{\"@type\":\"ListItem\",\"position\":1,\"name\":\"Home\",\"item\":\"https:\/\/www.naturparkmagazin.de\/vdn\/\"},{\"@type\":\"ListItem\",\"position\":2,\"name\":\"30. Juni 2013 Pilgern und Kirchenmusik\"}]},{\"@type\":\"WebSite\",\"@id\":\"https:\/\/www.naturparkmagazin.de\/vdn\/#website\",\"url\":\"https:\/\/www.naturparkmagazin.de\/vdn\/\",\"name\":\"Verband Deutscher Naturparke\",\"description\":\"Eine weitere Naturparkmagazin.de Netzwerk Seite\",\"potentialAction\":[{\"@type\":\"SearchAction\",\"target\":{\"@type\":\"EntryPoint\",\"urlTemplate\":\"https:\/\/www.naturparkmagazin.de\/vdn\/?s={search_term_string}\"},\"query-input\":\"required name=search_term_string\"}],\"inLanguage\":\"de\"},{\"@type\":\"Person\",\"@id\":\"https:\/\/www.naturparkmagazin.de\/vdn\/#\/schema\/person\/78401f0ac30388d59dcde890ef16d102\",\"name\":\"Naturparkmagazin\",\"sameAs\":[\"http:\/\/www.facebook.com\/Naturparkmagazin\",\"https:\/\/twitter.com\/naturparkmag\"],\"url\":\"https:\/\/www.naturparkmagazin.de\/vdn\/author\/novadmin\/\"}]}<\/script>\n<!-- \/ Yoast SEO plugin. -->","yoast_head_json":{"title":"30. Juni 2013 Pilgern und Kirchenmusik","description":"Die Stille der Natur erfahren Chorges\u00e4ngen lauschen! Genie\u00dfen Sie in der Klosterkirche Bursfelde den Chor Meum Canticum aus Braunschweig\u00a0 mit Kantor und","robots":{"index":"index","follow":"follow","max-snippet":"max-snippet:-1","max-image-preview":"max-image-preview:large","max-video-preview":"max-video-preview:-1"},"canonical":"https:\/\/www.naturparkmagazin.de\/vdn\/30-juni-2013-pilgern-und-kirchenmusik\/","og_locale":"de_DE","og_type":"article","og_title":"30. Juni 2013 Pilgern und Kirchenmusik","og_description":"Die Stille der Natur erfahren Chorges\u00e4ngen lauschen! Genie\u00dfen Sie in der Klosterkirche Bursfelde den Chor Meum Canticum aus Braunschweig\u00a0 mit Kantor und","og_url":"https:\/\/www.naturparkmagazin.de\/vdn\/30-juni-2013-pilgern-und-kirchenmusik\/","og_site_name":"Verband Deutscher Naturparke","article_author":"http:\/\/www.facebook.com\/Naturparkmagazin","article_published_time":"2013-06-05T09:39:37+00:00","article_modified_time":"2013-06-06T10:13:10+00:00","og_image":[{"width":800,"height":600,"url":"https:\/\/www.naturparkmagazin.de\/vdn\/wp-content\/uploads\/sites\/3\/800px-Bursfelde_021.jpg","type":"image\/jpeg"}],"author":"Naturparkmagazin","twitter_misc":{"Verfasst von":"Naturparkmagazin","Gesch\u00e4tzte Lesezeit":"1\u00a0Minute"},"schema":{"@context":"https:\/\/schema.org","@graph":[{"@type":"WebPage","@id":"https:\/\/www.naturparkmagazin.de\/vdn\/30-juni-2013-pilgern-und-kirchenmusik\/","url":"https:\/\/www.naturparkmagazin.de\/vdn\/30-juni-2013-pilgern-und-kirchenmusik\/","name":"30. Juni 2013 Pilgern und Kirchenmusik","isPartOf":{"@id":"https:\/\/www.naturparkmagazin.de\/vdn\/#website"},"datePublished":"2013-06-05T09:39:37+00:00","dateModified":"2013-06-06T10:13:10+00:00","author":{"@id":"https:\/\/www.naturparkmagazin.de\/vdn\/#\/schema\/person\/78401f0ac30388d59dcde890ef16d102"},"description":"Die Stille der Natur erfahren Chorges\u00e4ngen lauschen! Genie\u00dfen Sie in der Klosterkirche Bursfelde den Chor Meum Canticum aus Braunschweig\u00a0 mit Kantor und","breadcrumb":{"@id":"https:\/\/www.naturparkmagazin.de\/vdn\/30-juni-2013-pilgern-und-kirchenmusik\/#breadcrumb"},"inLanguage":"de","potentialAction":[{"@type":"ReadAction","target":["https:\/\/www.naturparkmagazin.de\/vdn\/30-juni-2013-pilgern-und-kirchenmusik\/"]}]},{"@type":"BreadcrumbList","@id":"https:\/\/www.naturparkmagazin.de\/vdn\/30-juni-2013-pilgern-und-kirchenmusik\/#breadcrumb","itemListElement":[{"@type":"ListItem","position":1,"name":"Home","item":"https:\/\/www.naturparkmagazin.de\/vdn\/"},{"@type":"ListItem","position":2,"name":"30. Juni 2013 Pilgern und Kirchenmusik"}]},{"@type":"WebSite","@id":"https:\/\/www.naturparkmagazin.de\/vdn\/#website","url":"https:\/\/www.naturparkmagazin.de\/vdn\/","name":"Verband Deutscher Naturparke","description":"Eine weitere Naturparkmagazin.de Netzwerk Seite","potentialAction":[{"@type":"SearchAction","target":{"@type":"EntryPoint","urlTemplate":"https:\/\/www.naturparkmagazin.de\/vdn\/?s={search_term_string}"},"query-input":"required name=search_term_string"}],"inLanguage":"de"},{"@type":"Person","@id":"https:\/\/www.naturparkmagazin.de\/vdn\/#\/schema\/person\/78401f0ac30388d59dcde890ef16d102","name":"Naturparkmagazin","sameAs":["http:\/\/www.facebook.com\/Naturparkmagazin","https:\/\/twitter.com\/naturparkmag"],"url":"https:\/\/www.naturparkmagazin.de\/vdn\/author\/novadmin\/"}]}},"_links":{"self":[{"href":"https:\/\/www.naturparkmagazin.de\/vdn\/wp-json\/wp\/v2\/posts\/1361"}],"collection":[{"href":"https:\/\/www.naturparkmagazin.de\/vdn\/wp-json\/wp\/v2\/posts"}],"about":[{"href":"https:\/\/www.naturparkmagazin.de\/vdn\/wp-json\/wp\/v2\/types\/post"}],"author":[{"embeddable":true,"href":"https:\/\/www.naturparkmagazin.de\/vdn\/wp-json\/wp\/v2\/users\/1"}],"replies":[{"embeddable":true,"href":"https:\/\/www.naturparkmagazin.de\/vdn\/wp-json\/wp\/v2\/comments?post=1361"}],"version-history":[{"count":2,"href":"https:\/\/www.naturparkmagazin.de\/vdn\/wp-json\/wp\/v2\/posts\/1361\/revisions"}],"predecessor-version":[{"id":1388,"href":"https:\/\/www.naturparkmagazin.de\/vdn\/wp-json\/wp\/v2\/posts\/1361\/revisions\/1388"}],"wp:featuredmedia":[{"embeddable":true,"href":"https:\/\/www.naturparkmagazin.de\/vdn\/wp-json\/wp\/v2\/media\/1362"}],"wp:attachment":[{"href":"https:\/\/www.naturparkmagazin.de\/vdn\/wp-json\/wp\/v2\/media?parent=1361"}],"wp:term":[{"taxonomy":"category","embeddable":true,"href":"https:\/\/www.naturparkmagazin.de\/vdn\/wp-json\/wp\/v2\/categories?post=1361"},{"taxonomy":"post_tag","embeddable":true,"href":"https:\/\/www.naturparkmagazin.de\/vdn\/wp-json\/wp\/v2\/tags?post=1361"}],"curies":[{"name":"wp","href":"https:\/\/api.w.org\/{rel}","templated":true}]}}