{"id":13631,"date":"2021-05-25T13:00:17","date_gmt":"2021-05-25T11:00:17","guid":{"rendered":"https:\/\/www.naturparkmagazin.de\/vdn\/?p=13631"},"modified":"2021-05-27T13:58:45","modified_gmt":"2021-05-27T11:58:45","slug":"naturpark-flusslandschaft-peenetal","status":"publish","type":"post","link":"https:\/\/www.naturparkmagazin.de\/vdn\/naturpark-flusslandschaft-peenetal\/","title":{"rendered":"Naturpark Flusslandschaft Peenetal"},"content":{"rendered":"<div id=\"attachment_13633\" style=\"width: 510px\" class=\"wp-caption alignnone\"><a href=\"https:\/\/www.naturparkmagazin.de\/vdn\/wp-content\/uploads\/sites\/3\/2016-06-20-Peene-bei-Zeitlow-Mike-Stegemann_7860b.jpg\"><img aria-describedby=\"caption-attachment-13633\" decoding=\"async\" loading=\"lazy\" class=\"size-full wp-image-13633\" src=\"https:\/\/www.naturparkmagazin.de\/vdn\/wp-content\/uploads\/sites\/3\/2016-06-20-Peene-bei-Zeitlow-Mike-Stegemann_7860b.jpg\" alt=\"Peene bei Zeitlow \u00a9 Mike Stegemann\" width=\"500\" height=\"300\" srcset=\"https:\/\/www.naturparkmagazin.de\/vdn\/wp-content\/uploads\/sites\/3\/2016-06-20-Peene-bei-Zeitlow-Mike-Stegemann_7860b.jpg 500w, https:\/\/www.naturparkmagazin.de\/vdn\/wp-content\/uploads\/sites\/3\/2016-06-20-Peene-bei-Zeitlow-Mike-Stegemann_7860b-300x180.jpg 300w, https:\/\/www.naturparkmagazin.de\/vdn\/wp-content\/uploads\/sites\/3\/2016-06-20-Peene-bei-Zeitlow-Mike-Stegemann_7860b-200x120.jpg 200w\" sizes=\"(max-width: 500px) 100vw, 500px\" \/><\/a><p id=\"caption-attachment-13633\" class=\"wp-caption-text\">Peene bei Zeitlow \u00a9 Mike Stegemann<\/p><\/div>\n<p>Der Naturpark Flusslandschaft Peenetal feiert in diesem Jahr sein 10. Jubil\u00e4um. Gegr\u00fcndet wurde der Naturpark im August 2011 \u2013 als j\u00fcngster von insgesamt 7 Naturparken in Mecklenburg-Vorpommern.<\/p>\n<p>&nbsp;<\/p>\n<p>Die historisch gewachsene Kulturlandschaft im Nordosten des Landes ist gepr\u00e4gt durch die Flussniederung der Peene \u2013 dem Amazonas des Nordens. Eingebettet in Niedermoore, Torfstiche und Bruchw\u00e4lder verl\u00e4uft der Fluss auf einer L\u00e4nge von mehr als 80 km vom Kummerower See bis \u00f6stlich von Anklam, wo er in den Peenestrom m\u00fcndet.<\/p>\n<p>&nbsp;<\/p>\n<div id=\"attachment_13677\" style=\"width: 510px\" class=\"wp-caption alignnone\"><a href=\"https:\/\/www.naturparkmagazin.de\/vdn\/wp-content\/uploads\/sites\/3\/2017-03-15-Hubschrauberrundflug-Krien-Peenetal-Liepen-G\u00fctzkow-Mike-Stegemannb.jpg\"><img aria-describedby=\"caption-attachment-13677\" decoding=\"async\" loading=\"lazy\" class=\"size-full wp-image-13677\" src=\"https:\/\/www.naturparkmagazin.de\/vdn\/wp-content\/uploads\/sites\/3\/2017-03-15-Hubschrauberrundflug-Krien-Peenetal-Liepen-G\u00fctzkow-Mike-Stegemannb.jpg\" alt=\"Hubschrauberrundflug Krien-Peenetal Liepen-G\u00fctzkow \u00a9 Mike Stegemann\" width=\"500\" height=\"300\" srcset=\"https:\/\/www.naturparkmagazin.de\/vdn\/wp-content\/uploads\/sites\/3\/2017-03-15-Hubschrauberrundflug-Krien-Peenetal-Liepen-G\u00fctzkow-Mike-Stegemannb.jpg 500w, https:\/\/www.naturparkmagazin.de\/vdn\/wp-content\/uploads\/sites\/3\/2017-03-15-Hubschrauberrundflug-Krien-Peenetal-Liepen-G\u00fctzkow-Mike-Stegemannb-300x180.jpg 300w, https:\/\/www.naturparkmagazin.de\/vdn\/wp-content\/uploads\/sites\/3\/2017-03-15-Hubschrauberrundflug-Krien-Peenetal-Liepen-G\u00fctzkow-Mike-Stegemannb-200x120.jpg 200w\" sizes=\"(max-width: 500px) 100vw, 500px\" \/><\/a><p id=\"caption-attachment-13677\" class=\"wp-caption-text\">Hubschrauberrundflug Krien-Peenetal Liepen-G\u00fctzkow \u00a9 Mike Stegemann<\/p><\/div>\n<p>Die Peene, die mit einem geringen Gef\u00e4lle von dahinflie\u00dft, geh\u00f6rt zu den letzten unverbauten Fl\u00fcssen Deutschlands. Sie ist nicht durch Staue oder Wehre reguliert, nur wenige Flussabschnitte sind begradigt und lediglich in st\u00e4dtischen Bereichen gibt es Uferbefestigungen.<\/p>\n<p>&nbsp;<\/p>\n<p>Das Peenetal ist bekannt f\u00fcr seine gro\u00dfen, fl\u00e4chendeckenden Fischotter- und Bibervorkommen. Wer einen Biber in freier Wildbahn beobachten m\u00f6chte, kann die Tiere im Sommer in der D\u00e4mmerung regelm\u00e4\u00dfig antreffen. Die Peene geh\u00f6rt zu den fischartenreichsten Fl\u00fcssen Deutschlands mit seltenen Arten wie Flussneunauge und Steinbei\u00dfer.<\/p>\n<p>&nbsp;<\/p>\n<div id=\"attachment_13635\" style=\"width: 510px\" class=\"wp-caption alignnone\"><a href=\"https:\/\/www.naturparkmagazin.de\/vdn\/wp-content\/uploads\/sites\/3\/2013-12-18-Biber-Castor-fiber-G\u00fctzkow-w-d-F\u00e4hrdammes-Kai-Lindtner-bearb-cropb.jpg\"><img aria-describedby=\"caption-attachment-13635\" decoding=\"async\" loading=\"lazy\" class=\"wp-image-13635 size-full\" src=\"https:\/\/www.naturparkmagazin.de\/vdn\/wp-content\/uploads\/sites\/3\/2013-12-18-Biber-Castor-fiber-G\u00fctzkow-w-d-F\u00e4hrdammes-Kai-Lindtner-bearb-cropb.jpg\" alt=\"Biber (Castor fiber) am F\u00e4hrdamm in G\u00fctzkow \u00a9 Kai Lindtner\" width=\"500\" height=\"300\" srcset=\"https:\/\/www.naturparkmagazin.de\/vdn\/wp-content\/uploads\/sites\/3\/2013-12-18-Biber-Castor-fiber-G\u00fctzkow-w-d-F\u00e4hrdammes-Kai-Lindtner-bearb-cropb.jpg 500w, https:\/\/www.naturparkmagazin.de\/vdn\/wp-content\/uploads\/sites\/3\/2013-12-18-Biber-Castor-fiber-G\u00fctzkow-w-d-F\u00e4hrdammes-Kai-Lindtner-bearb-cropb-300x180.jpg 300w, https:\/\/www.naturparkmagazin.de\/vdn\/wp-content\/uploads\/sites\/3\/2013-12-18-Biber-Castor-fiber-G\u00fctzkow-w-d-F\u00e4hrdammes-Kai-Lindtner-bearb-cropb-200x120.jpg 200w\" sizes=\"(max-width: 500px) 100vw, 500px\" \/><\/a><p id=\"caption-attachment-13635\" class=\"wp-caption-text\">Biber (Castor fiber) am F\u00e4hrdamm in G\u00fctzkow \u00a9 Kai Lindtner<\/p><\/div>\n<p>Mit ca. 20.000 ha ist die Flussniederung au\u00dferdem eines der gr\u00f6\u00dften zusammenh\u00e4ngenden Niedermoorgebiete Mittel- und Westeuropas. Hier kommen seltene Moorpflanzen und Tiere wie Ostseeknabenkraut und Gro\u00dfer Feuerfalter vor.<\/p>\n<p>Im Peenetal existiert eine seltene Vielfalt an Feuchtlebensr\u00e4umen des Binnenlandes, was sich auch im Vorkommen von Amphibien wie dem Kammmolch und der Rotbauchunke zeigt. Etwa 40 S\u00e4ugetierarten sind im Peenetal anzutreffen.<\/p>\n<p>Die Vogelwelt zeigt die \u00fcberregionale Bedeutung des Peenetals: 30 europaweit gesch\u00fctzte Arten wie z. B. die Rohrdommel, das T\u00fcpfelsumpfhuhn oder der Gro\u00dfe Brachvogel br\u00fcten hier mehr oder weniger regelm\u00e4\u00dfig.<\/p>\n<p>&nbsp;<\/p>\n<div id=\"attachment_13692\" style=\"width: 510px\" class=\"wp-caption alignnone\"><a href=\"https:\/\/www.naturparkmagazin.de\/vdn\/wp-content\/uploads\/sites\/3\/Wei\u00dfbartseeschwalbe-Chlidonias-hybrida-M.-Stegemann_4111b.jpg\"><img aria-describedby=\"caption-attachment-13692\" decoding=\"async\" loading=\"lazy\" class=\"size-full wp-image-13692\" src=\"https:\/\/www.naturparkmagazin.de\/vdn\/wp-content\/uploads\/sites\/3\/Wei\u00dfbartseeschwalbe-Chlidonias-hybrida-M.-Stegemann_4111b.jpg\" alt=\"Wei\u00dfbartseeschwalbe (Chlidonias hybrida) \u00a9 M. Stegemann\" width=\"500\" height=\"300\" srcset=\"https:\/\/www.naturparkmagazin.de\/vdn\/wp-content\/uploads\/sites\/3\/Wei\u00dfbartseeschwalbe-Chlidonias-hybrida-M.-Stegemann_4111b.jpg 500w, https:\/\/www.naturparkmagazin.de\/vdn\/wp-content\/uploads\/sites\/3\/Wei\u00dfbartseeschwalbe-Chlidonias-hybrida-M.-Stegemann_4111b-300x180.jpg 300w, https:\/\/www.naturparkmagazin.de\/vdn\/wp-content\/uploads\/sites\/3\/Wei\u00dfbartseeschwalbe-Chlidonias-hybrida-M.-Stegemann_4111b-200x120.jpg 200w\" sizes=\"(max-width: 500px) 100vw, 500px\" \/><\/a><p id=\"caption-attachment-13692\" class=\"wp-caption-text\">Wei\u00dfbartseeschwalbe (Chlidonias hybrida) \u00a9 M. Stegemann<\/p><\/div>\n<p>Neben Fisch- und Seeadler ist auch der seltene und stark bedrohte Schreiadler anzutreffen. Besonders ist zudem das Auftreten der Wei\u00dfbartseeschwalbe und des Stelzenl\u00e4ufers; zumindest die erstgenannte Art br\u00fctet hier in den letzten Jahren regelm\u00e4\u00dfig mit dem deutschlandweit h\u00f6chsten Bestand. Au\u00dferdem hat die Peeneniederung dank der Polderaufl\u00f6sungen eine enorme Bedeutung als Rast\u2010und Durchzugsgebiet vor allem f\u00fcr Entenv\u00f6gel, G\u00e4nse und Schw\u00e4ne, Kiebitze und Goldregenpfeifer, Rallen und Taucher.<\/p>\n<p>Das floristische Bild der Talh\u00e4nge ist vor allem im sp\u00e4ten Fr\u00fchjahr und Fr\u00fchsommer stellenweise artenreich und bunt. Zu nennen sind Berg- und Zickzack-Klee, Pech-Nelke, Kleiner Wiesenknopf, Wiesen-Margerite, Berg-Haarstrang, Skabiosen-Flockenblume, Wiesen-Schl\u00fcsselblume u.a. Seltene Pflanzen sind Heide-G\u00fcnsel, Weidenbl\u00e4ttriger Alant, Kn\u00e4uel-Glockenblume, Kuhschelle und F\u00e4rber-Hundskamille.<\/p>\n<p>&nbsp;<\/p>\n<div id=\"attachment_13637\" style=\"width: 310px\" class=\"wp-caption alignnone\"><a href=\"https:\/\/www.naturparkmagazin.de\/vdn\/wp-content\/uploads\/sites\/3\/2010-06-22-Ostsee-Knabenkraut-Dactylorhiza-russowii-Altes-NSG-G\u00fctzkow-Mike-Stegemannb-066.jpg\"><img aria-describedby=\"caption-attachment-13637\" decoding=\"async\" loading=\"lazy\" class=\"size-full wp-image-13637\" src=\"https:\/\/www.naturparkmagazin.de\/vdn\/wp-content\/uploads\/sites\/3\/2010-06-22-Ostsee-Knabenkraut-Dactylorhiza-russowii-Altes-NSG-G\u00fctzkow-Mike-Stegemannb-066.jpg\" alt=\"Ostsee-Knabenkraut (Dactylorhiza russowii)  Altes NSG G\u00fctzkow \u00a9 Mike Stegemann\" width=\"300\" height=\"500\" srcset=\"https:\/\/www.naturparkmagazin.de\/vdn\/wp-content\/uploads\/sites\/3\/2010-06-22-Ostsee-Knabenkraut-Dactylorhiza-russowii-Altes-NSG-G\u00fctzkow-Mike-Stegemannb-066.jpg 300w, https:\/\/www.naturparkmagazin.de\/vdn\/wp-content\/uploads\/sites\/3\/2010-06-22-Ostsee-Knabenkraut-Dactylorhiza-russowii-Altes-NSG-G\u00fctzkow-Mike-Stegemannb-066-200x333.jpg 200w\" sizes=\"(max-width: 300px) 100vw, 300px\" \/><\/a><p id=\"caption-attachment-13637\" class=\"wp-caption-text\">Ostsee-Knabenkraut (Dactylorhiza russowii) Altes NSG G\u00fctzkow \u00a9 Mike Stegemann<\/p><\/div>\n<p>Diese Pflanzengesellschaften der Trocken- und Halbtrockenrasen repr\u00e4sentieren den Lebensraum einer entsprechend angepassten Insektenfauna, z.B. von verschiedenen Blutstr\u00f6pfchen-Faltern, zwei \u00d6lk\u00e4ferarten und diversen Zikaden, Grillen und Heuschrecken.<\/p>\n<p>Die mineralischen Talr\u00e4nder mit ihren trockenen und gelegentlich n\u00e4hrstoffarmen Hanglagen bilden mit ihrer ganz andersartigen Flora und Fauna einen reizvollen Kontrast zur unmittelbar angrenzenden nassen Torfniederung. An der Grenze von Feucht- und Trockenhabitaten wandernd, erschlie\u00dft sich dem Besucher die Tier- und Pflanzenwelt beider Lebensr\u00e4ume gleichzeitig in einem sonst selten zu beobachtendem Artenreichtum.<\/p>\n<p>H\u00e4ufig leuchten bereits auf der anderen Seite des Weges die Wiesen gelb von Trollblumen sowie rot von Mehl-Primeln und Orchideen. Mehr als 12 Orchideenarten finden sich in den Feuchtwiesen des Peenetals. In der Luft tummeln sich unz\u00e4hlige Libellen und h\u00e4ufig trifft man auch auf den Moschus-Bockk\u00e4fer, der mit seinen bis zu vier Zentimetern Gr\u00f6\u00dfe und gr\u00fcn-bronzefarben schillernd besonders im Flug ein beeindruckendes Naturschauspiel liefert.<\/p>\n<div id=\"attachment_13638\" style=\"width: 510px\" class=\"wp-caption alignnone\"><a href=\"https:\/\/www.naturparkmagazin.de\/vdn\/wp-content\/uploads\/sites\/3\/2019-04-17-Naturparkbank-am-Alten-Bahndamm-Ducherow-Kamp-Mike-Stegemann_8438b.jpg\"><img aria-describedby=\"caption-attachment-13638\" decoding=\"async\" loading=\"lazy\" class=\"size-full wp-image-13638\" src=\"https:\/\/www.naturparkmagazin.de\/vdn\/wp-content\/uploads\/sites\/3\/2019-04-17-Naturparkbank-am-Alten-Bahndamm-Ducherow-Kamp-Mike-Stegemann_8438b.jpg\" alt=\"Naturparkbank am Alten Bahndamm Ducherow-Kamp \u00a9 Mike Stegemann\" width=\"500\" height=\"300\" srcset=\"https:\/\/www.naturparkmagazin.de\/vdn\/wp-content\/uploads\/sites\/3\/2019-04-17-Naturparkbank-am-Alten-Bahndamm-Ducherow-Kamp-Mike-Stegemann_8438b.jpg 500w, https:\/\/www.naturparkmagazin.de\/vdn\/wp-content\/uploads\/sites\/3\/2019-04-17-Naturparkbank-am-Alten-Bahndamm-Ducherow-Kamp-Mike-Stegemann_8438b-300x180.jpg 300w, https:\/\/www.naturparkmagazin.de\/vdn\/wp-content\/uploads\/sites\/3\/2019-04-17-Naturparkbank-am-Alten-Bahndamm-Ducherow-Kamp-Mike-Stegemann_8438b-200x120.jpg 200w\" sizes=\"(max-width: 500px) 100vw, 500px\" \/><\/a><p id=\"caption-attachment-13638\" class=\"wp-caption-text\">Naturparkbank am Alten Bahndamm Ducherow-Kamp \u00a9 Mike Stegemann<\/p><\/div>\n<p>&nbsp;<\/p>\n<p>&nbsp;<\/p>\n","protected":false},"excerpt":{"rendered":"<p>Der Naturpark Flusslandschaft Peenetal feiert in diesem Jahr sein 10. Jubil\u00e4um. Gegr\u00fcndet wurde der Naturpark im August 2011 \u2013 als j\u00fcngster von insgesamt 7 Naturparken in Mecklenburg-Vorpommern.\nDie historisch gewachsene Kulturlandschaft im Nordosten des Landes ist gepr\u00e4gt durch die Flussniederung der Peene \u2013 dem Amazonas des Nordens. <\/p>\n","protected":false},"author":73,"featured_media":13632,"comment_status":"open","ping_status":"open","sticky":false,"template":"","format":"standard","meta":{"_links_to":"","_links_to_target":""},"categories":[15],"tags":[2532,2535,189,1152,2537,2533,2206,2536,2538,2534],"yoast_head":"<!-- This site is optimized with the Yoast SEO plugin v19.10 - https:\/\/yoast.com\/wordpress\/plugins\/seo\/ -->\n<title>Naturpark Flusslandschaft Peenetal<\/title>\n<meta name=\"description\" content=\"Der Naturpark Flusslandschaft Peenetal feiert in diesem Jahr sein 10. Jubil\u00e4um. Gegr\u00fcndet wurde der Naturpark im August 2011 \u2013 als j\u00fcngster von insgesamt 7 Naturparken in Mecklenburg-Vorpommern.  Die historisch gewachsene Kulturlandschaft im Nordosten des Landes ist gepr\u00e4gt durch die Flussniederung der Peene \u2013 dem Amazonas des Nordens.\" \/>\n<meta name=\"robots\" content=\"index, follow, max-snippet:-1, max-image-preview:large, max-video-preview:-1\" \/>\n<link rel=\"canonical\" href=\"https:\/\/www.naturparkmagazin.de\/vdn\/naturpark-flusslandschaft-peenetal\/\" \/>\n<meta property=\"og:locale\" content=\"de_DE\" \/>\n<meta property=\"og:type\" content=\"article\" \/>\n<meta property=\"og:title\" content=\"Naturpark Flusslandschaft Peenetal\" \/>\n<meta property=\"og:description\" content=\"Der Naturpark Flusslandschaft Peenetal feiert in diesem Jahr sein 10. Jubil\u00e4um. Gegr\u00fcndet wurde der Naturpark im August 2011 \u2013 als j\u00fcngster von insgesamt 7 Naturparken in Mecklenburg-Vorpommern.  Die historisch gewachsene Kulturlandschaft im Nordosten des Landes ist gepr\u00e4gt durch die Flussniederung der Peene \u2013 dem Amazonas des Nordens.\" \/>\n<meta property=\"og:url\" content=\"https:\/\/www.naturparkmagazin.de\/vdn\/naturpark-flusslandschaft-peenetal\/\" \/>\n<meta property=\"og:site_name\" content=\"Verband Deutscher Naturparke\" \/>\n<meta property=\"article:published_time\" content=\"2021-05-25T11:00:17+00:00\" \/>\n<meta property=\"article:modified_time\" content=\"2021-05-27T11:58:45+00:00\" \/>\n<meta property=\"og:image\" content=\"https:\/\/www.naturparkmagazin.de\/vdn\/wp-content\/uploads\/sites\/3\/2016-06-20-Peene-bei-Zeitlow-Mike-Stegemann_7860bf.jpg\" \/>\n\t<meta property=\"og:image:width\" content=\"200\" \/>\n\t<meta property=\"og:image:height\" content=\"200\" \/>\n\t<meta property=\"og:image:type\" content=\"image\/jpeg\" \/>\n<meta name=\"author\" content=\"manuelamerz\" \/>\n<meta name=\"twitter:label1\" content=\"Verfasst von\" \/>\n\t<meta name=\"twitter:data1\" content=\"manuelamerz\" \/>\n\t<meta name=\"twitter:label2\" content=\"Gesch\u00e4tzte Lesezeit\" \/>\n\t<meta name=\"twitter:data2\" content=\"3\u00a0Minuten\" \/>\n<script type=\"application\/ld+json\" class=\"yoast-schema-graph\">{\"@context\":\"https:\/\/schema.org\",\"@graph\":[{\"@type\":\"WebPage\",\"@id\":\"https:\/\/www.naturparkmagazin.de\/vdn\/naturpark-flusslandschaft-peenetal\/\",\"url\":\"https:\/\/www.naturparkmagazin.de\/vdn\/naturpark-flusslandschaft-peenetal\/\",\"name\":\"Naturpark Flusslandschaft Peenetal\",\"isPartOf\":{\"@id\":\"https:\/\/www.naturparkmagazin.de\/vdn\/#website\"},\"datePublished\":\"2021-05-25T11:00:17+00:00\",\"dateModified\":\"2021-05-27T11:58:45+00:00\",\"author\":{\"@id\":\"https:\/\/www.naturparkmagazin.de\/vdn\/#\/schema\/person\/3cff9b8773ed55f0189255fa9adfd57c\"},\"description\":\"Der Naturpark Flusslandschaft Peenetal feiert in diesem Jahr sein 10. Jubil\u00e4um. Gegr\u00fcndet wurde der Naturpark im August 2011 \u2013 als j\u00fcngster von insgesamt 7 Naturparken in Mecklenburg-Vorpommern. Die historisch gewachsene Kulturlandschaft im Nordosten des Landes ist gepr\u00e4gt durch die Flussniederung der Peene \u2013 dem Amazonas des Nordens.\",\"breadcrumb\":{\"@id\":\"https:\/\/www.naturparkmagazin.de\/vdn\/naturpark-flusslandschaft-peenetal\/#breadcrumb\"},\"inLanguage\":\"de\",\"potentialAction\":[{\"@type\":\"ReadAction\",\"target\":[\"https:\/\/www.naturparkmagazin.de\/vdn\/naturpark-flusslandschaft-peenetal\/\"]}]},{\"@type\":\"BreadcrumbList\",\"@id\":\"https:\/\/www.naturparkmagazin.de\/vdn\/naturpark-flusslandschaft-peenetal\/#breadcrumb\",\"itemListElement\":[{\"@type\":\"ListItem\",\"position\":1,\"name\":\"Home\",\"item\":\"https:\/\/www.naturparkmagazin.de\/vdn\/\"},{\"@type\":\"ListItem\",\"position\":2,\"name\":\"Naturpark Flusslandschaft Peenetal\"}]},{\"@type\":\"WebSite\",\"@id\":\"https:\/\/www.naturparkmagazin.de\/vdn\/#website\",\"url\":\"https:\/\/www.naturparkmagazin.de\/vdn\/\",\"name\":\"Verband Deutscher Naturparke\",\"description\":\"Eine weitere Naturparkmagazin.de Netzwerk Seite\",\"potentialAction\":[{\"@type\":\"SearchAction\",\"target\":{\"@type\":\"EntryPoint\",\"urlTemplate\":\"https:\/\/www.naturparkmagazin.de\/vdn\/?s={search_term_string}\"},\"query-input\":\"required name=search_term_string\"}],\"inLanguage\":\"de\"},{\"@type\":\"Person\",\"@id\":\"https:\/\/www.naturparkmagazin.de\/vdn\/#\/schema\/person\/3cff9b8773ed55f0189255fa9adfd57c\",\"name\":\"manuelamerz\",\"url\":\"https:\/\/www.naturparkmagazin.de\/vdn\/author\/manuelamerz\/\"}]}<\/script>\n<!-- \/ Yoast SEO plugin. -->","yoast_head_json":{"title":"Naturpark Flusslandschaft Peenetal","description":"Der Naturpark Flusslandschaft Peenetal feiert in diesem Jahr sein 10. Jubil\u00e4um. Gegr\u00fcndet wurde der Naturpark im August 2011 \u2013 als j\u00fcngster von insgesamt 7 Naturparken in Mecklenburg-Vorpommern.  Die historisch gewachsene Kulturlandschaft im Nordosten des Landes ist gepr\u00e4gt durch die Flussniederung der Peene \u2013 dem Amazonas des Nordens.","robots":{"index":"index","follow":"follow","max-snippet":"max-snippet:-1","max-image-preview":"max-image-preview:large","max-video-preview":"max-video-preview:-1"},"canonical":"https:\/\/www.naturparkmagazin.de\/vdn\/naturpark-flusslandschaft-peenetal\/","og_locale":"de_DE","og_type":"article","og_title":"Naturpark Flusslandschaft Peenetal","og_description":"Der Naturpark Flusslandschaft Peenetal feiert in diesem Jahr sein 10. Jubil\u00e4um. Gegr\u00fcndet wurde der Naturpark im August 2011 \u2013 als j\u00fcngster von insgesamt 7 Naturparken in Mecklenburg-Vorpommern.  Die historisch gewachsene Kulturlandschaft im Nordosten des Landes ist gepr\u00e4gt durch die Flussniederung der Peene \u2013 dem Amazonas des Nordens.","og_url":"https:\/\/www.naturparkmagazin.de\/vdn\/naturpark-flusslandschaft-peenetal\/","og_site_name":"Verband Deutscher Naturparke","article_published_time":"2021-05-25T11:00:17+00:00","article_modified_time":"2021-05-27T11:58:45+00:00","og_image":[{"width":200,"height":200,"url":"https:\/\/www.naturparkmagazin.de\/vdn\/wp-content\/uploads\/sites\/3\/2016-06-20-Peene-bei-Zeitlow-Mike-Stegemann_7860bf.jpg","type":"image\/jpeg"}],"author":"manuelamerz","twitter_misc":{"Verfasst von":"manuelamerz","Gesch\u00e4tzte Lesezeit":"3\u00a0Minuten"},"schema":{"@context":"https:\/\/schema.org","@graph":[{"@type":"WebPage","@id":"https:\/\/www.naturparkmagazin.de\/vdn\/naturpark-flusslandschaft-peenetal\/","url":"https:\/\/www.naturparkmagazin.de\/vdn\/naturpark-flusslandschaft-peenetal\/","name":"Naturpark Flusslandschaft Peenetal","isPartOf":{"@id":"https:\/\/www.naturparkmagazin.de\/vdn\/#website"},"datePublished":"2021-05-25T11:00:17+00:00","dateModified":"2021-05-27T11:58:45+00:00","author":{"@id":"https:\/\/www.naturparkmagazin.de\/vdn\/#\/schema\/person\/3cff9b8773ed55f0189255fa9adfd57c"},"description":"Der Naturpark Flusslandschaft Peenetal feiert in diesem Jahr sein 10. Jubil\u00e4um. Gegr\u00fcndet wurde der Naturpark im August 2011 \u2013 als j\u00fcngster von insgesamt 7 Naturparken in Mecklenburg-Vorpommern. Die historisch gewachsene Kulturlandschaft im Nordosten des Landes ist gepr\u00e4gt durch die Flussniederung der Peene \u2013 dem Amazonas des Nordens.","breadcrumb":{"@id":"https:\/\/www.naturparkmagazin.de\/vdn\/naturpark-flusslandschaft-peenetal\/#breadcrumb"},"inLanguage":"de","potentialAction":[{"@type":"ReadAction","target":["https:\/\/www.naturparkmagazin.de\/vdn\/naturpark-flusslandschaft-peenetal\/"]}]},{"@type":"BreadcrumbList","@id":"https:\/\/www.naturparkmagazin.de\/vdn\/naturpark-flusslandschaft-peenetal\/#breadcrumb","itemListElement":[{"@type":"ListItem","position":1,"name":"Home","item":"https:\/\/www.naturparkmagazin.de\/vdn\/"},{"@type":"ListItem","position":2,"name":"Naturpark Flusslandschaft Peenetal"}]},{"@type":"WebSite","@id":"https:\/\/www.naturparkmagazin.de\/vdn\/#website","url":"https:\/\/www.naturparkmagazin.de\/vdn\/","name":"Verband Deutscher Naturparke","description":"Eine weitere Naturparkmagazin.de Netzwerk Seite","potentialAction":[{"@type":"SearchAction","target":{"@type":"EntryPoint","urlTemplate":"https:\/\/www.naturparkmagazin.de\/vdn\/?s={search_term_string}"},"query-input":"required name=search_term_string"}],"inLanguage":"de"},{"@type":"Person","@id":"https:\/\/www.naturparkmagazin.de\/vdn\/#\/schema\/person\/3cff9b8773ed55f0189255fa9adfd57c","name":"manuelamerz","url":"https:\/\/www.naturparkmagazin.de\/vdn\/author\/manuelamerz\/"}]}},"_links":{"self":[{"href":"https:\/\/www.naturparkmagazin.de\/vdn\/wp-json\/wp\/v2\/posts\/13631"}],"collection":[{"href":"https:\/\/www.naturparkmagazin.de\/vdn\/wp-json\/wp\/v2\/posts"}],"about":[{"href":"https:\/\/www.naturparkmagazin.de\/vdn\/wp-json\/wp\/v2\/types\/post"}],"author":[{"embeddable":true,"href":"https:\/\/www.naturparkmagazin.de\/vdn\/wp-json\/wp\/v2\/users\/73"}],"replies":[{"embeddable":true,"href":"https:\/\/www.naturparkmagazin.de\/vdn\/wp-json\/wp\/v2\/comments?post=13631"}],"version-history":[{"count":8,"href":"https:\/\/www.naturparkmagazin.de\/vdn\/wp-json\/wp\/v2\/posts\/13631\/revisions"}],"predecessor-version":[{"id":13704,"href":"https:\/\/www.naturparkmagazin.de\/vdn\/wp-json\/wp\/v2\/posts\/13631\/revisions\/13704"}],"wp:featuredmedia":[{"embeddable":true,"href":"https:\/\/www.naturparkmagazin.de\/vdn\/wp-json\/wp\/v2\/media\/13632"}],"wp:attachment":[{"href":"https:\/\/www.naturparkmagazin.de\/vdn\/wp-json\/wp\/v2\/media?parent=13631"}],"wp:term":[{"taxonomy":"category","embeddable":true,"href":"https:\/\/www.naturparkmagazin.de\/vdn\/wp-json\/wp\/v2\/categories?post=13631"},{"taxonomy":"post_tag","embeddable":true,"href":"https:\/\/www.naturparkmagazin.de\/vdn\/wp-json\/wp\/v2\/tags?post=13631"}],"curies":[{"name":"wp","href":"https:\/\/api.w.org\/{rel}","templated":true}]}}