{"id":13660,"date":"2021-05-25T14:56:47","date_gmt":"2021-05-25T12:56:47","guid":{"rendered":"https:\/\/www.naturparkmagazin.de\/vdn\/?p=13660"},"modified":"2021-05-27T13:59:51","modified_gmt":"2021-05-27T11:59:51","slug":"flora-und-fauna-im-naturpark-flusslandschaft-peenetal","status":"publish","type":"post","link":"https:\/\/www.naturparkmagazin.de\/vdn\/flora-und-fauna-im-naturpark-flusslandschaft-peenetal\/","title":{"rendered":"Flora und Fauna im Naturpark Flusslandschaft Peenetal"},"content":{"rendered":"<div id=\"attachment_13688\" style=\"width: 510px\" class=\"wp-caption alignnone\"><a href=\"https:\/\/www.naturparkmagazin.de\/vdn\/wp-content\/uploads\/sites\/3\/2014-05-23-Geb\u00e4nderte-Prachtlibelle-Calopteryx-splendens-Harris-1782-Pelsiner-See-Mike-Stegemann_4619b.jpg\"><img aria-describedby=\"caption-attachment-13688\" decoding=\"async\" loading=\"lazy\" class=\"size-full wp-image-13688\" src=\"https:\/\/www.naturparkmagazin.de\/vdn\/wp-content\/uploads\/sites\/3\/2014-05-23-Geb\u00e4nderte-Prachtlibelle-Calopteryx-splendens-Harris-1782-Pelsiner-See-Mike-Stegemann_4619b.jpg\" alt=\"Geb\u00e4nderte Prachtlibelle (Calopteryx splendens Harris 1782) Pelsiner See \u00a9 Mike Stegemann\" width=\"500\" height=\"300\" srcset=\"https:\/\/www.naturparkmagazin.de\/vdn\/wp-content\/uploads\/sites\/3\/2014-05-23-Geb\u00e4nderte-Prachtlibelle-Calopteryx-splendens-Harris-1782-Pelsiner-See-Mike-Stegemann_4619b.jpg 500w, https:\/\/www.naturparkmagazin.de\/vdn\/wp-content\/uploads\/sites\/3\/2014-05-23-Geb\u00e4nderte-Prachtlibelle-Calopteryx-splendens-Harris-1782-Pelsiner-See-Mike-Stegemann_4619b-300x180.jpg 300w, https:\/\/www.naturparkmagazin.de\/vdn\/wp-content\/uploads\/sites\/3\/2014-05-23-Geb\u00e4nderte-Prachtlibelle-Calopteryx-splendens-Harris-1782-Pelsiner-See-Mike-Stegemann_4619b-200x120.jpg 200w\" sizes=\"(max-width: 500px) 100vw, 500px\" \/><\/a><p id=\"caption-attachment-13688\" class=\"wp-caption-text\">Geb\u00e4nderte Prachtlibelle (Calopteryx splendens Harris 1782) Pelsiner See \u00a9 Mike Stegemann<\/p><\/div>\n<p>Und was ist das prominente Alleinstellungsmerkmal des Peenetals &#8211; das letzte \u201eEinhorn\u201c, das nur noch hier zu finden ist? Oh, solche \u201eEinh\u00f6rner\u201c gibt es \u2013 Arten, die deutschlandweit auf das Peenetal beschr\u00e4nkt sind, wie zum Beispiel die geb\u00e4nderte Prachtlibelle auf dem Foto<strong>.<\/strong><\/p>\n<p>Aber den wahren Reiz des Peenetals macht aus, dass Pflanzen und Tiere, die anderswo sehr selten und nur mit viel Gl\u00fcck zu beobachten sind, im Peenetal noch verbreitet und in gro\u00dfer Zahl vorkommen. Und das schafft f\u00fcr die Besucher eine Erlebnisdichte, die anderswo in Deutschland kaum noch zu erreichen ist. Zur richtigen Zeit im Peenetal werden Sie bestimmt Adler, Seeschwalben, Silberreiher, Eisv\u00f6gel, Biber, Fischotter, Orchideen oder Prachtlibellen entdecken k\u00f6nnen und \u00fcberdies in einer einmaligen Landschaft &#8211; entlang des ganzen Flusses, nicht nur an fast schon geheimen Orten. Wo gibt es das noch?<\/p>\n<p>&nbsp;<\/p>\n<p>&nbsp;<\/p>\n","protected":false},"excerpt":{"rendered":"<p>Und was ist das prominente Alleinstellungsmerkmal des Peenetals &#8211; das letzte \u201eEinhorn\u201c, das nur noch hier zu finden ist? <\/p>\n","protected":false},"author":73,"featured_media":13690,"comment_status":"open","ping_status":"open","sticky":false,"template":"","format":"standard","meta":{"_links_to":"","_links_to_target":""},"categories":[8],"tags":[],"yoast_head":"<!-- This site is optimized with the Yoast SEO plugin v19.10 - https:\/\/yoast.com\/wordpress\/plugins\/seo\/ -->\n<title>Flora und Fauna im Naturpark Flusslandschaft Peenetal<\/title>\n<meta name=\"description\" content=\"Und was ist das prominente Alleinstellungsmerkmal des Peenetals - das letzte \u201eEinhorn\u201c, das nur noch hier zu finden ist?\" \/>\n<meta name=\"robots\" content=\"index, follow, max-snippet:-1, max-image-preview:large, max-video-preview:-1\" \/>\n<link rel=\"canonical\" href=\"https:\/\/www.naturparkmagazin.de\/vdn\/flora-und-fauna-im-naturpark-flusslandschaft-peenetal\/\" \/>\n<meta property=\"og:locale\" content=\"de_DE\" \/>\n<meta property=\"og:type\" content=\"article\" \/>\n<meta property=\"og:title\" content=\"Flora und Fauna im Naturpark Flusslandschaft Peenetal\" \/>\n<meta property=\"og:description\" content=\"Und was ist das prominente Alleinstellungsmerkmal des Peenetals - das letzte \u201eEinhorn\u201c, das nur noch hier zu finden ist?\" \/>\n<meta property=\"og:url\" content=\"https:\/\/www.naturparkmagazin.de\/vdn\/flora-und-fauna-im-naturpark-flusslandschaft-peenetal\/\" \/>\n<meta property=\"og:site_name\" content=\"Verband Deutscher Naturparke\" \/>\n<meta property=\"article:published_time\" content=\"2021-05-25T12:56:47+00:00\" \/>\n<meta property=\"article:modified_time\" content=\"2021-05-27T11:59:51+00:00\" \/>\n<meta property=\"og:image\" content=\"https:\/\/www.naturparkmagazin.de\/vdn\/wp-content\/uploads\/sites\/3\/2014-05-23-Geb\u00e4nderte-Prachtlibelle-Calopteryx-splendens-Harris-1782-Pelsiner-See-Mike-Stegemann_4619bf.jpg\" \/>\n\t<meta property=\"og:image:width\" content=\"200\" \/>\n\t<meta property=\"og:image:height\" content=\"200\" \/>\n\t<meta property=\"og:image:type\" content=\"image\/jpeg\" \/>\n<meta name=\"author\" content=\"manuelamerz\" \/>\n<meta name=\"twitter:label1\" content=\"Verfasst von\" \/>\n\t<meta name=\"twitter:data1\" content=\"manuelamerz\" \/>\n\t<meta name=\"twitter:label2\" content=\"Gesch\u00e4tzte Lesezeit\" \/>\n\t<meta name=\"twitter:data2\" content=\"1\u00a0Minute\" \/>\n<script type=\"application\/ld+json\" class=\"yoast-schema-graph\">{\"@context\":\"https:\/\/schema.org\",\"@graph\":[{\"@type\":\"WebPage\",\"@id\":\"https:\/\/www.naturparkmagazin.de\/vdn\/flora-und-fauna-im-naturpark-flusslandschaft-peenetal\/\",\"url\":\"https:\/\/www.naturparkmagazin.de\/vdn\/flora-und-fauna-im-naturpark-flusslandschaft-peenetal\/\",\"name\":\"Flora und Fauna im Naturpark Flusslandschaft Peenetal\",\"isPartOf\":{\"@id\":\"https:\/\/www.naturparkmagazin.de\/vdn\/#website\"},\"datePublished\":\"2021-05-25T12:56:47+00:00\",\"dateModified\":\"2021-05-27T11:59:51+00:00\",\"author\":{\"@id\":\"https:\/\/www.naturparkmagazin.de\/vdn\/#\/schema\/person\/3cff9b8773ed55f0189255fa9adfd57c\"},\"description\":\"Und was ist das prominente Alleinstellungsmerkmal des Peenetals - das letzte \u201eEinhorn\u201c, das nur noch hier zu finden ist?\",\"breadcrumb\":{\"@id\":\"https:\/\/www.naturparkmagazin.de\/vdn\/flora-und-fauna-im-naturpark-flusslandschaft-peenetal\/#breadcrumb\"},\"inLanguage\":\"de\",\"potentialAction\":[{\"@type\":\"ReadAction\",\"target\":[\"https:\/\/www.naturparkmagazin.de\/vdn\/flora-und-fauna-im-naturpark-flusslandschaft-peenetal\/\"]}]},{\"@type\":\"BreadcrumbList\",\"@id\":\"https:\/\/www.naturparkmagazin.de\/vdn\/flora-und-fauna-im-naturpark-flusslandschaft-peenetal\/#breadcrumb\",\"itemListElement\":[{\"@type\":\"ListItem\",\"position\":1,\"name\":\"Home\",\"item\":\"https:\/\/www.naturparkmagazin.de\/vdn\/\"},{\"@type\":\"ListItem\",\"position\":2,\"name\":\"Flora und Fauna im Naturpark Flusslandschaft Peenetal\"}]},{\"@type\":\"WebSite\",\"@id\":\"https:\/\/www.naturparkmagazin.de\/vdn\/#website\",\"url\":\"https:\/\/www.naturparkmagazin.de\/vdn\/\",\"name\":\"Verband Deutscher Naturparke\",\"description\":\"Eine weitere Naturparkmagazin.de Netzwerk Seite\",\"potentialAction\":[{\"@type\":\"SearchAction\",\"target\":{\"@type\":\"EntryPoint\",\"urlTemplate\":\"https:\/\/www.naturparkmagazin.de\/vdn\/?s={search_term_string}\"},\"query-input\":\"required name=search_term_string\"}],\"inLanguage\":\"de\"},{\"@type\":\"Person\",\"@id\":\"https:\/\/www.naturparkmagazin.de\/vdn\/#\/schema\/person\/3cff9b8773ed55f0189255fa9adfd57c\",\"name\":\"manuelamerz\",\"url\":\"https:\/\/www.naturparkmagazin.de\/vdn\/author\/manuelamerz\/\"}]}<\/script>\n<!-- \/ Yoast SEO plugin. -->","yoast_head_json":{"title":"Flora und Fauna im Naturpark Flusslandschaft Peenetal","description":"Und was ist das prominente Alleinstellungsmerkmal des Peenetals - das letzte \u201eEinhorn\u201c, das nur noch hier zu finden ist?","robots":{"index":"index","follow":"follow","max-snippet":"max-snippet:-1","max-image-preview":"max-image-preview:large","max-video-preview":"max-video-preview:-1"},"canonical":"https:\/\/www.naturparkmagazin.de\/vdn\/flora-und-fauna-im-naturpark-flusslandschaft-peenetal\/","og_locale":"de_DE","og_type":"article","og_title":"Flora und Fauna im Naturpark Flusslandschaft Peenetal","og_description":"Und was ist das prominente Alleinstellungsmerkmal des Peenetals - das letzte \u201eEinhorn\u201c, das nur noch hier zu finden ist?","og_url":"https:\/\/www.naturparkmagazin.de\/vdn\/flora-und-fauna-im-naturpark-flusslandschaft-peenetal\/","og_site_name":"Verband Deutscher Naturparke","article_published_time":"2021-05-25T12:56:47+00:00","article_modified_time":"2021-05-27T11:59:51+00:00","og_image":[{"width":200,"height":200,"url":"https:\/\/www.naturparkmagazin.de\/vdn\/wp-content\/uploads\/sites\/3\/2014-05-23-Geb\u00e4nderte-Prachtlibelle-Calopteryx-splendens-Harris-1782-Pelsiner-See-Mike-Stegemann_4619bf.jpg","type":"image\/jpeg"}],"author":"manuelamerz","twitter_misc":{"Verfasst von":"manuelamerz","Gesch\u00e4tzte Lesezeit":"1\u00a0Minute"},"schema":{"@context":"https:\/\/schema.org","@graph":[{"@type":"WebPage","@id":"https:\/\/www.naturparkmagazin.de\/vdn\/flora-und-fauna-im-naturpark-flusslandschaft-peenetal\/","url":"https:\/\/www.naturparkmagazin.de\/vdn\/flora-und-fauna-im-naturpark-flusslandschaft-peenetal\/","name":"Flora und Fauna im Naturpark Flusslandschaft Peenetal","isPartOf":{"@id":"https:\/\/www.naturparkmagazin.de\/vdn\/#website"},"datePublished":"2021-05-25T12:56:47+00:00","dateModified":"2021-05-27T11:59:51+00:00","author":{"@id":"https:\/\/www.naturparkmagazin.de\/vdn\/#\/schema\/person\/3cff9b8773ed55f0189255fa9adfd57c"},"description":"Und was ist das prominente Alleinstellungsmerkmal des Peenetals - das letzte \u201eEinhorn\u201c, das nur noch hier zu finden ist?","breadcrumb":{"@id":"https:\/\/www.naturparkmagazin.de\/vdn\/flora-und-fauna-im-naturpark-flusslandschaft-peenetal\/#breadcrumb"},"inLanguage":"de","potentialAction":[{"@type":"ReadAction","target":["https:\/\/www.naturparkmagazin.de\/vdn\/flora-und-fauna-im-naturpark-flusslandschaft-peenetal\/"]}]},{"@type":"BreadcrumbList","@id":"https:\/\/www.naturparkmagazin.de\/vdn\/flora-und-fauna-im-naturpark-flusslandschaft-peenetal\/#breadcrumb","itemListElement":[{"@type":"ListItem","position":1,"name":"Home","item":"https:\/\/www.naturparkmagazin.de\/vdn\/"},{"@type":"ListItem","position":2,"name":"Flora und Fauna im Naturpark Flusslandschaft Peenetal"}]},{"@type":"WebSite","@id":"https:\/\/www.naturparkmagazin.de\/vdn\/#website","url":"https:\/\/www.naturparkmagazin.de\/vdn\/","name":"Verband Deutscher Naturparke","description":"Eine weitere Naturparkmagazin.de Netzwerk Seite","potentialAction":[{"@type":"SearchAction","target":{"@type":"EntryPoint","urlTemplate":"https:\/\/www.naturparkmagazin.de\/vdn\/?s={search_term_string}"},"query-input":"required name=search_term_string"}],"inLanguage":"de"},{"@type":"Person","@id":"https:\/\/www.naturparkmagazin.de\/vdn\/#\/schema\/person\/3cff9b8773ed55f0189255fa9adfd57c","name":"manuelamerz","url":"https:\/\/www.naturparkmagazin.de\/vdn\/author\/manuelamerz\/"}]}},"_links":{"self":[{"href":"https:\/\/www.naturparkmagazin.de\/vdn\/wp-json\/wp\/v2\/posts\/13660"}],"collection":[{"href":"https:\/\/www.naturparkmagazin.de\/vdn\/wp-json\/wp\/v2\/posts"}],"about":[{"href":"https:\/\/www.naturparkmagazin.de\/vdn\/wp-json\/wp\/v2\/types\/post"}],"author":[{"embeddable":true,"href":"https:\/\/www.naturparkmagazin.de\/vdn\/wp-json\/wp\/v2\/users\/73"}],"replies":[{"embeddable":true,"href":"https:\/\/www.naturparkmagazin.de\/vdn\/wp-json\/wp\/v2\/comments?post=13660"}],"version-history":[{"count":5,"href":"https:\/\/www.naturparkmagazin.de\/vdn\/wp-json\/wp\/v2\/posts\/13660\/revisions"}],"predecessor-version":[{"id":13705,"href":"https:\/\/www.naturparkmagazin.de\/vdn\/wp-json\/wp\/v2\/posts\/13660\/revisions\/13705"}],"wp:featuredmedia":[{"embeddable":true,"href":"https:\/\/www.naturparkmagazin.de\/vdn\/wp-json\/wp\/v2\/media\/13690"}],"wp:attachment":[{"href":"https:\/\/www.naturparkmagazin.de\/vdn\/wp-json\/wp\/v2\/media?parent=13660"}],"wp:term":[{"taxonomy":"category","embeddable":true,"href":"https:\/\/www.naturparkmagazin.de\/vdn\/wp-json\/wp\/v2\/categories?post=13660"},{"taxonomy":"post_tag","embeddable":true,"href":"https:\/\/www.naturparkmagazin.de\/vdn\/wp-json\/wp\/v2\/tags?post=13660"}],"curies":[{"name":"wp","href":"https:\/\/api.w.org\/{rel}","templated":true}]}}