{"id":13680,"date":"2021-05-16T10:43:53","date_gmt":"2021-05-16T08:43:53","guid":{"rendered":"https:\/\/www.naturparkmagazin.de\/vdn\/?p=13680"},"modified":"2021-06-02T14:31:02","modified_gmt":"2021-06-02T12:31:02","slug":"mit-bne-in-die-zukunft-bne-2030","status":"publish","type":"post","link":"https:\/\/www.naturparkmagazin.de\/vdn\/mit-bne-in-die-zukunft-bne-2030\/","title":{"rendered":"Mit BNE in die Zukunft \u2013 BNE 2030"},"content":{"rendered":"<div id=\"attachment_13683\" style=\"width: 510px\" class=\"wp-caption alignnone\"><a href=\"https:\/\/www.unesco.de\/bildung\/bildung-fuer-nachhaltige-entwicklung\/unesco-programm-bne-2030\"><img aria-describedby=\"caption-attachment-13683\" decoding=\"async\" loading=\"lazy\" class=\"wp-image-13683 size-full\" src=\"https:\/\/www.naturparkmagazin.de\/vdn\/wp-content\/uploads\/sites\/3\/Unbenanntb11.jpg\" alt=\"Diese Illustration entstand im Rahmen des Jahrestreffens der BNE-Gremien. Illustration: Visual Facilitators \/ Bj\u00f6rn Pertoft (CC-Lizenz) \" width=\"500\" height=\"300\" srcset=\"https:\/\/www.naturparkmagazin.de\/vdn\/wp-content\/uploads\/sites\/3\/Unbenanntb11.jpg 500w, https:\/\/www.naturparkmagazin.de\/vdn\/wp-content\/uploads\/sites\/3\/Unbenanntb11-300x180.jpg 300w, https:\/\/www.naturparkmagazin.de\/vdn\/wp-content\/uploads\/sites\/3\/Unbenanntb11-200x120.jpg 200w\" sizes=\"(max-width: 500px) 100vw, 500px\" \/><\/a><p id=\"caption-attachment-13683\" class=\"wp-caption-text\">Diese Illustration entstand im Rahmen des Jahrestreffens der BNE-Gremien. Illustration: Visual Facilitators \/ Bj\u00f6rn Pertoft (CC-Lizenz)<\/p><\/div>\n<p>Bei der <strong>globalen und virtuellen Auftaktkonferenz vom 17. bis 19. Mai 2021<\/strong> kamen Teilnehmende aus allen UNESCO-Weltregionen zusammen, um die &#8222;Decade of Action&#8220; zu BNE (Bildung f\u00fcr nachhaltige Entwicklung) einzul\u00e4uten. Unter dem Motto &#8222;Mit BNE in die Zukunft \u2013 BNE 2030&#8220; fand im direkten Anschluss am 19. Mai 2021 der nationale Auftakt statt.<\/p>\n<p>Rund um diese Konferenz haben <strong>BNE-Wochen vom 1. bis 31. Mai 2021<\/strong> stattgefunden, bei denen BNE Akteurinnen und Akteure in Deutschland die Chance hatten, ihr Engagement f\u00fcr Nachhaltigkeit \u00f6ffentlich sichtbar zu machen und mit einer Veranstaltung einen offiziellen Beitrag zum Rahmenprogramm der Konferenz zu leisten.<\/p>\n<p>Der VDN e.V. hat sich gemeinsam mit seinem Partner NNL e.V. mit zwei online-Workshops daran beteiligt.<\/p>\n<p><strong>Das \u201eNetzwerk der zertifizierten Nationale-Naturlandschaften-Schulen und -Kitas\u00a0\u2013 ein starkes Netzwerk f\u00fcr die Region\u201c wurde den mehr als 80 Teilnehmenden am 17. Mai 2021 <\/strong>anhand von vier Praxisbeispielen <strong>vorgestellt. <\/strong>In ganz Deutschland arbeiten Naturparke, Nationalparke und Biosph\u00e4renreservate gemeinsame als Nationale Naturlandschaften eng mit Schulen und Kitas zusammen. Dies betrifft insbesondere Grund-, aber auch weiterf\u00fchrende Schulen. Gro\u00dffl\u00e4chige Schutzgebiete wie die Nationalen Naturlandschaften sind f\u00fcr Schulen und Kitas besonders wichtige au\u00dferschulische Lernorte. Sie bieten den Kindern vielf\u00e4ltige Lern- und Erfahrungsorte und die M\u00f6glichkeit, die heimische Natur vor der T\u00fcr zu entdecken. Spannende Exkursionen in verschiedene Lebensr\u00e4ume wecken Interesse f\u00fcr die Vorg\u00e4nge in der Natur. In Kooperation mit weiteren Partnern wie Natur- und Landschaftsf\u00fchrer*innen, Landwirt*innen, F\u00f6rster*innen oder Handwerker*innen werden Themen zu Wildnis, Natur und Landschaft, Land- und Forstwirtschaft, aber auch kulturelle Themen wie Kunst und Handwerk, Geschichtliches, Sagen und Br\u00e4uche aus der Region aufgegriffen.<\/p>\n<p><strong>\u201eNationale Naturlandschaften\u00a0und\u00a0 BNE-Netzwerke vor Ort \u2013 Mehrgewinn durch Kooperation\u201c war der Titel der zweiten online-Veranstaltung, bei der am 6. Mai 2021 <\/strong>das Bildungsnetzwerk der Nationalen Naturlandschaften mit Kooperationspartner*innen vorgestellt wurde.\u00a0 Ziel der Netzwerke vor Ort in den Schutzgebieten ist es, BNE gemeinsam zu f\u00f6rdern und umzusetzen und von den jeweiligen Kompetenzen gegenseitig zu profitieren. Praxisbeispiele aus den unterschiedlichen Schutzgebietskategorien haben die vielf\u00e4ltigen Kooperationsm\u00f6glichkeiten aufgezeigt.<\/p>\n<div id=\"attachment_13580\" style=\"width: 510px\" class=\"wp-caption alignnone\"><a href=\"https:\/\/www.naturparkmagazin.de\/vdn\/wp-content\/uploads\/sites\/3\/BNE-Flyerb.jpeg\"><img aria-describedby=\"caption-attachment-13580\" decoding=\"async\" loading=\"lazy\" class=\"size-full wp-image-13580\" src=\"https:\/\/www.naturparkmagazin.de\/vdn\/wp-content\/uploads\/sites\/3\/BNE-Flyerb.jpeg\" alt=\"BNE-Flyer \u00a9 NNL e.V.\" width=\"500\" height=\"300\" srcset=\"https:\/\/www.naturparkmagazin.de\/vdn\/wp-content\/uploads\/sites\/3\/BNE-Flyerb.jpeg 500w, https:\/\/www.naturparkmagazin.de\/vdn\/wp-content\/uploads\/sites\/3\/BNE-Flyerb-300x180.jpeg 300w, https:\/\/www.naturparkmagazin.de\/vdn\/wp-content\/uploads\/sites\/3\/BNE-Flyerb-200x120.jpeg 200w\" sizes=\"(max-width: 500px) 100vw, 500px\" \/><\/a><p id=\"caption-attachment-13580\" class=\"wp-caption-text\">BNE-Flyer \u00a9 NNL e.V.<\/p><\/div>\n<p>&nbsp;<\/p>\n","protected":false},"excerpt":{"rendered":"<p>In diesem Jahr startet das neue, auf zehn Jahre angelegte UNESCO-Programm &#8222;Education for Sustainable Development: Towards Achieving the SDGs&#8220; \u2013 kurz &#8222;BNE 2030&#8220;<\/p>\n","protected":false},"author":73,"featured_media":13684,"comment_status":"open","ping_status":"open","sticky":false,"template":"","format":"standard","meta":{"_links_to":"","_links_to_target":""},"categories":[7],"tags":[2072,674,2516,2549,2551,734,2513,1140,637,2552,2550,41,1054,1007],"yoast_head":"<!-- This site is optimized with the Yoast SEO plugin v19.10 - https:\/\/yoast.com\/wordpress\/plugins\/seo\/ -->\n<title>Mit BNE in die Zukunft \u2013 BNE 2030<\/title>\n<meta name=\"description\" content=\"In diesem Jahr startet das neue, auf zehn Jahre angelegte UNESCO-Programm &quot;Education for Sustainable Development: Towards Achieving the SDGs&quot; \u2013 kurz &quot;BNE 2030&quot;\" \/>\n<meta name=\"robots\" content=\"index, follow, max-snippet:-1, max-image-preview:large, max-video-preview:-1\" \/>\n<link rel=\"canonical\" href=\"https:\/\/www.naturparkmagazin.de\/vdn\/mit-bne-in-die-zukunft-bne-2030\/\" \/>\n<meta property=\"og:locale\" content=\"de_DE\" \/>\n<meta property=\"og:type\" content=\"article\" \/>\n<meta property=\"og:title\" content=\"Mit BNE in die Zukunft \u2013 BNE 2030\" \/>\n<meta property=\"og:description\" content=\"In diesem Jahr startet das neue, auf zehn Jahre angelegte UNESCO-Programm &quot;Education for Sustainable Development: Towards Achieving the SDGs&quot; \u2013 kurz &quot;BNE 2030&quot;\" \/>\n<meta property=\"og:url\" content=\"https:\/\/www.naturparkmagazin.de\/vdn\/mit-bne-in-die-zukunft-bne-2030\/\" \/>\n<meta property=\"og:site_name\" content=\"Verband Deutscher Naturparke\" \/>\n<meta property=\"article:published_time\" content=\"2021-05-16T08:43:53+00:00\" \/>\n<meta property=\"article:modified_time\" content=\"2021-06-02T12:31:02+00:00\" \/>\n<meta property=\"og:image\" content=\"https:\/\/www.naturparkmagazin.de\/vdn\/wp-content\/uploads\/sites\/3\/Unbenanntbf6.jpg\" \/>\n\t<meta property=\"og:image:width\" content=\"200\" \/>\n\t<meta property=\"og:image:height\" content=\"200\" \/>\n\t<meta property=\"og:image:type\" content=\"image\/jpeg\" \/>\n<meta name=\"author\" content=\"manuelamerz\" \/>\n<meta name=\"twitter:label1\" content=\"Verfasst von\" \/>\n\t<meta name=\"twitter:data1\" content=\"manuelamerz\" \/>\n\t<meta name=\"twitter:label2\" content=\"Gesch\u00e4tzte Lesezeit\" \/>\n\t<meta name=\"twitter:data2\" content=\"2\u00a0Minuten\" \/>\n<script type=\"application\/ld+json\" class=\"yoast-schema-graph\">{\"@context\":\"https:\/\/schema.org\",\"@graph\":[{\"@type\":\"WebPage\",\"@id\":\"https:\/\/www.naturparkmagazin.de\/vdn\/mit-bne-in-die-zukunft-bne-2030\/\",\"url\":\"https:\/\/www.naturparkmagazin.de\/vdn\/mit-bne-in-die-zukunft-bne-2030\/\",\"name\":\"Mit BNE in die Zukunft \u2013 BNE 2030\",\"isPartOf\":{\"@id\":\"https:\/\/www.naturparkmagazin.de\/vdn\/#website\"},\"datePublished\":\"2021-05-16T08:43:53+00:00\",\"dateModified\":\"2021-06-02T12:31:02+00:00\",\"author\":{\"@id\":\"https:\/\/www.naturparkmagazin.de\/vdn\/#\/schema\/person\/3cff9b8773ed55f0189255fa9adfd57c\"},\"description\":\"In diesem Jahr startet das neue, auf zehn Jahre angelegte UNESCO-Programm \\\"Education for Sustainable Development: Towards Achieving the SDGs\\\" \u2013 kurz \\\"BNE 2030\\\"\",\"breadcrumb\":{\"@id\":\"https:\/\/www.naturparkmagazin.de\/vdn\/mit-bne-in-die-zukunft-bne-2030\/#breadcrumb\"},\"inLanguage\":\"de\",\"potentialAction\":[{\"@type\":\"ReadAction\",\"target\":[\"https:\/\/www.naturparkmagazin.de\/vdn\/mit-bne-in-die-zukunft-bne-2030\/\"]}]},{\"@type\":\"BreadcrumbList\",\"@id\":\"https:\/\/www.naturparkmagazin.de\/vdn\/mit-bne-in-die-zukunft-bne-2030\/#breadcrumb\",\"itemListElement\":[{\"@type\":\"ListItem\",\"position\":1,\"name\":\"Home\",\"item\":\"https:\/\/www.naturparkmagazin.de\/vdn\/\"},{\"@type\":\"ListItem\",\"position\":2,\"name\":\"Mit BNE in die Zukunft \u2013 BNE 2030\"}]},{\"@type\":\"WebSite\",\"@id\":\"https:\/\/www.naturparkmagazin.de\/vdn\/#website\",\"url\":\"https:\/\/www.naturparkmagazin.de\/vdn\/\",\"name\":\"Verband Deutscher Naturparke\",\"description\":\"Eine weitere Naturparkmagazin.de Netzwerk Seite\",\"potentialAction\":[{\"@type\":\"SearchAction\",\"target\":{\"@type\":\"EntryPoint\",\"urlTemplate\":\"https:\/\/www.naturparkmagazin.de\/vdn\/?s={search_term_string}\"},\"query-input\":\"required name=search_term_string\"}],\"inLanguage\":\"de\"},{\"@type\":\"Person\",\"@id\":\"https:\/\/www.naturparkmagazin.de\/vdn\/#\/schema\/person\/3cff9b8773ed55f0189255fa9adfd57c\",\"name\":\"manuelamerz\",\"url\":\"https:\/\/www.naturparkmagazin.de\/vdn\/author\/manuelamerz\/\"}]}<\/script>\n<!-- \/ Yoast SEO plugin. -->","yoast_head_json":{"title":"Mit BNE in die Zukunft \u2013 BNE 2030","description":"In diesem Jahr startet das neue, auf zehn Jahre angelegte UNESCO-Programm \"Education for Sustainable Development: Towards Achieving the SDGs\" \u2013 kurz \"BNE 2030\"","robots":{"index":"index","follow":"follow","max-snippet":"max-snippet:-1","max-image-preview":"max-image-preview:large","max-video-preview":"max-video-preview:-1"},"canonical":"https:\/\/www.naturparkmagazin.de\/vdn\/mit-bne-in-die-zukunft-bne-2030\/","og_locale":"de_DE","og_type":"article","og_title":"Mit BNE in die Zukunft \u2013 BNE 2030","og_description":"In diesem Jahr startet das neue, auf zehn Jahre angelegte UNESCO-Programm \"Education for Sustainable Development: Towards Achieving the SDGs\" \u2013 kurz \"BNE 2030\"","og_url":"https:\/\/www.naturparkmagazin.de\/vdn\/mit-bne-in-die-zukunft-bne-2030\/","og_site_name":"Verband Deutscher Naturparke","article_published_time":"2021-05-16T08:43:53+00:00","article_modified_time":"2021-06-02T12:31:02+00:00","og_image":[{"width":200,"height":200,"url":"https:\/\/www.naturparkmagazin.de\/vdn\/wp-content\/uploads\/sites\/3\/Unbenanntbf6.jpg","type":"image\/jpeg"}],"author":"manuelamerz","twitter_misc":{"Verfasst von":"manuelamerz","Gesch\u00e4tzte Lesezeit":"2\u00a0Minuten"},"schema":{"@context":"https:\/\/schema.org","@graph":[{"@type":"WebPage","@id":"https:\/\/www.naturparkmagazin.de\/vdn\/mit-bne-in-die-zukunft-bne-2030\/","url":"https:\/\/www.naturparkmagazin.de\/vdn\/mit-bne-in-die-zukunft-bne-2030\/","name":"Mit BNE in die Zukunft \u2013 BNE 2030","isPartOf":{"@id":"https:\/\/www.naturparkmagazin.de\/vdn\/#website"},"datePublished":"2021-05-16T08:43:53+00:00","dateModified":"2021-06-02T12:31:02+00:00","author":{"@id":"https:\/\/www.naturparkmagazin.de\/vdn\/#\/schema\/person\/3cff9b8773ed55f0189255fa9adfd57c"},"description":"In diesem Jahr startet das neue, auf zehn Jahre angelegte UNESCO-Programm \"Education for Sustainable Development: Towards Achieving the SDGs\" \u2013 kurz \"BNE 2030\"","breadcrumb":{"@id":"https:\/\/www.naturparkmagazin.de\/vdn\/mit-bne-in-die-zukunft-bne-2030\/#breadcrumb"},"inLanguage":"de","potentialAction":[{"@type":"ReadAction","target":["https:\/\/www.naturparkmagazin.de\/vdn\/mit-bne-in-die-zukunft-bne-2030\/"]}]},{"@type":"BreadcrumbList","@id":"https:\/\/www.naturparkmagazin.de\/vdn\/mit-bne-in-die-zukunft-bne-2030\/#breadcrumb","itemListElement":[{"@type":"ListItem","position":1,"name":"Home","item":"https:\/\/www.naturparkmagazin.de\/vdn\/"},{"@type":"ListItem","position":2,"name":"Mit BNE in die Zukunft \u2013 BNE 2030"}]},{"@type":"WebSite","@id":"https:\/\/www.naturparkmagazin.de\/vdn\/#website","url":"https:\/\/www.naturparkmagazin.de\/vdn\/","name":"Verband Deutscher Naturparke","description":"Eine weitere Naturparkmagazin.de Netzwerk Seite","potentialAction":[{"@type":"SearchAction","target":{"@type":"EntryPoint","urlTemplate":"https:\/\/www.naturparkmagazin.de\/vdn\/?s={search_term_string}"},"query-input":"required name=search_term_string"}],"inLanguage":"de"},{"@type":"Person","@id":"https:\/\/www.naturparkmagazin.de\/vdn\/#\/schema\/person\/3cff9b8773ed55f0189255fa9adfd57c","name":"manuelamerz","url":"https:\/\/www.naturparkmagazin.de\/vdn\/author\/manuelamerz\/"}]}},"_links":{"self":[{"href":"https:\/\/www.naturparkmagazin.de\/vdn\/wp-json\/wp\/v2\/posts\/13680"}],"collection":[{"href":"https:\/\/www.naturparkmagazin.de\/vdn\/wp-json\/wp\/v2\/posts"}],"about":[{"href":"https:\/\/www.naturparkmagazin.de\/vdn\/wp-json\/wp\/v2\/types\/post"}],"author":[{"embeddable":true,"href":"https:\/\/www.naturparkmagazin.de\/vdn\/wp-json\/wp\/v2\/users\/73"}],"replies":[{"embeddable":true,"href":"https:\/\/www.naturparkmagazin.de\/vdn\/wp-json\/wp\/v2\/comments?post=13680"}],"version-history":[{"count":6,"href":"https:\/\/www.naturparkmagazin.de\/vdn\/wp-json\/wp\/v2\/posts\/13680\/revisions"}],"predecessor-version":[{"id":13714,"href":"https:\/\/www.naturparkmagazin.de\/vdn\/wp-json\/wp\/v2\/posts\/13680\/revisions\/13714"}],"wp:featuredmedia":[{"embeddable":true,"href":"https:\/\/www.naturparkmagazin.de\/vdn\/wp-json\/wp\/v2\/media\/13684"}],"wp:attachment":[{"href":"https:\/\/www.naturparkmagazin.de\/vdn\/wp-json\/wp\/v2\/media?parent=13680"}],"wp:term":[{"taxonomy":"category","embeddable":true,"href":"https:\/\/www.naturparkmagazin.de\/vdn\/wp-json\/wp\/v2\/categories?post=13680"},{"taxonomy":"post_tag","embeddable":true,"href":"https:\/\/www.naturparkmagazin.de\/vdn\/wp-json\/wp\/v2\/tags?post=13680"}],"curies":[{"name":"wp","href":"https:\/\/api.w.org\/{rel}","templated":true}]}}