{"id":13703,"date":"2021-05-19T13:44:45","date_gmt":"2021-05-19T11:44:45","guid":{"rendered":"https:\/\/www.naturparkmagazin.de\/vdn\/?p=13703"},"modified":"2021-05-27T15:51:23","modified_gmt":"2021-05-27T13:51:23","slug":"klimaschutz-in-naturlandschaften","status":"publish","type":"post","link":"https:\/\/www.naturparkmagazin.de\/vdn\/klimaschutz-in-naturlandschaften\/","title":{"rendered":"Klimaschutz in Naturlandschaften"},"content":{"rendered":"<div id=\"attachment_13706\" style=\"width: 630px\" class=\"wp-caption alignnone\"><a href=\"https:\/\/www.naturparkmagazin.de\/vdn\/wp-content\/uploads\/sites\/3\/KLimaschutz.jpg\"><img aria-describedby=\"caption-attachment-13706\" decoding=\"async\" loading=\"lazy\" class=\"wp-image-13706 size-medium\" src=\"https:\/\/www.naturparkmagazin.de\/vdn\/wp-content\/uploads\/sites\/3\/KLimaschutz-620x269.jpg\" alt=\"Copyright Grafik Naturpark Barnim\" width=\"620\" height=\"269\" srcset=\"https:\/\/www.naturparkmagazin.de\/vdn\/wp-content\/uploads\/sites\/3\/KLimaschutz-620x269.jpg 620w, https:\/\/www.naturparkmagazin.de\/vdn\/wp-content\/uploads\/sites\/3\/KLimaschutz-300x130.jpg 300w, https:\/\/www.naturparkmagazin.de\/vdn\/wp-content\/uploads\/sites\/3\/KLimaschutz-940x408.jpg 940w, https:\/\/www.naturparkmagazin.de\/vdn\/wp-content\/uploads\/sites\/3\/KLimaschutz-670x291.jpg 670w, https:\/\/www.naturparkmagazin.de\/vdn\/wp-content\/uploads\/sites\/3\/KLimaschutz-200x87.jpg 200w, https:\/\/www.naturparkmagazin.de\/vdn\/wp-content\/uploads\/sites\/3\/KLimaschutz.jpg 975w\" sizes=\"(max-width: 620px) 100vw, 620px\" \/><\/a><p id=\"caption-attachment-13706\" class=\"wp-caption-text\">Copyright Grafik Naturpark Barnim<\/p><\/div>\n<p>Am 19. Mai fand im Rahmen des EU-LIFE Projektes ZENAPA (Zero Emission Nature Protection Area) eine digitale Klimaschutzkonferenz als Kooperationsprojekt zwischen dem Naturpark Barnim und dem Verband Deutscher Naturparke e.V. (VDN) statt.<\/p>\n<p>In ca. 130 Gro\u00dfschutzgebieten in Deutschland wird aktiv und gro\u00dffl\u00e4chig f\u00fcr den Erhalt von seltenen naturnahen Lebensr\u00e4umen gearbeitet. Angesichts des fortschreitenden Klimawandels r\u00fcckt verst\u00e4rkt auch die Notwendigkeit eines aktiven Klimaschutzes in den Fokus der Gebietsverwaltungen.<\/p>\n<p>In vielen Naturparken, Biosph\u00e4renreservaten und Nationalparken in Deutschland und den Nachbarstaaten werden bereits innovative Ans\u00e4tze verfolgt. Dabei gilt es stets, die Interessen des Klima- und Naturschutzes in Einklang zu bringen. Anlass genug, um im Rahmen einer internationalen Online-Konferenz in Austausch zu treten und voneinander zu lernen. Unter dem Titel \u201eKlimaschutz in Naturlandschaften \u2013 Beispiele aus der Praxis\u201c wurden in Form von Impulsvortr\u00e4gen zu verschiedenen Themen Best-Practice-Beispiele vorgestellt und diskutiert.<\/p>\n<p>Der VDN stellte mit dem Projekt \u201eKatzensprung. Kleine Wege. Gro\u00dfe Erlebnisse\u201c und dem daraus entstandenen \u201eKatzensprung-Logbuch\u201c ein Konzept zur St\u00e4rkung des Klimaschutzes im Tourismussektor vor. Das Logbuch kann <a href=\"https:\/\/www.katzensprung-deutschland.de\/konferenz\/\" target=\"_blank\">hier<\/a> heruntergeladen werden.<\/p>\n<p>Weitere inhaltliche Schwerpunkte waren:<\/p>\n<ul>\n<li>Naturgerechte Nutzung erneuerbarer Energien<\/li>\n<li>Klimaschonende Mobilit\u00e4tskonzepte im l\u00e4ndlichen Raum<\/li>\n<li>Strategische und konzeptionelle Ans\u00e4tze<\/li>\n<li>Innovative (Klima-)Bildungskonzepte f\u00fcr Kinder und Erwachsene<\/li>\n<li>Klimaschutz und Naturtourismus<\/li>\n<\/ul>\n<p>&nbsp;<\/p>\n<p>Ziel der Konferenz war es, innovative Ans\u00e4tze kennenzulernen, Ideen zu generieren und miteinander in Austausch zu treten. Teilnehmer*innen waren Akteur*innen des angewandten Naturschutzes aus Deutschland, \u00d6sterreich, Frankreich und Luxemburg.<\/p>\n<p>Weitere Informationen finden Sie auf der Website des <a href=\"https:\/\/www.barnim-naturpark.de\/\" target=\"_blank\">Naturparks Barnim<\/a>.\nAlle Pr\u00e4sentationen der Veranstaltung k\u00f6nnen Sie <a href=\"https:\/\/zenapa.de\/mediathek\/informationsmaterialien\/#76-159-wpfd-konferenz-klimaschutz-in-naturlandschaften-19-mai-2021\" target=\"_blank\">hier<\/a> auf der ZENAPA-Webseite abrufen und herunterladen.\nEine Aufzeichnung der Veranstaltung k\u00f6nnen Sie unter folgendem Link ansehen: <a href=\"https:\/\/www.youtube.com\/watch?v=1-_RKgGKr4I\" target=\"_blank\">https:\/\/www.youtube.com\/watch?v=1-_RKgGKr4I<\/a><\/p>\n<p>&nbsp;<\/p>\n<p>&nbsp;<\/p>\n","protected":false},"excerpt":{"rendered":"<p>Am 19. Mai fand im Rahmen des EU-LIFE Projektes ZENAPA eine digitale Klimaschutzkonferenz als Kooperationsprojekt zwischen dem Naturpark Barnim und dem Verband Deutscher Naturparke e.V. (VDN) statt.<\/p>\n","protected":false},"author":73,"featured_media":13712,"comment_status":"open","ping_status":"open","sticky":false,"template":"","format":"standard","meta":{"_links_to":"","_links_to_target":""},"categories":[7],"tags":[693,2556,2553,1218,2092,735,2554,691,41,1054,2555],"yoast_head":"<!-- This site is optimized with the Yoast SEO plugin v19.10 - https:\/\/yoast.com\/wordpress\/plugins\/seo\/ -->\n<title>Klimaschutz in Naturlandschaften<\/title>\n<meta name=\"description\" content=\"Am 19. Mai fand im Rahmen des EU-LIFE Projektes ZENAPA eine digitale Klimaschutzkonferenz als Kooperationsprojekt zwischen dem Naturpark Barnim und dem Verband Deutscher Naturparke e.V. (VDN) statt.\" \/>\n<meta name=\"robots\" content=\"index, follow, max-snippet:-1, max-image-preview:large, max-video-preview:-1\" \/>\n<link rel=\"canonical\" href=\"https:\/\/www.naturparkmagazin.de\/vdn\/klimaschutz-in-naturlandschaften\/\" \/>\n<meta property=\"og:locale\" content=\"de_DE\" \/>\n<meta property=\"og:type\" content=\"article\" \/>\n<meta property=\"og:title\" content=\"Klimaschutz in Naturlandschaften\" \/>\n<meta property=\"og:description\" content=\"Am 19. Mai fand im Rahmen des EU-LIFE Projektes ZENAPA eine digitale Klimaschutzkonferenz als Kooperationsprojekt zwischen dem Naturpark Barnim und dem Verband Deutscher Naturparke e.V. (VDN) statt.\" \/>\n<meta property=\"og:url\" content=\"https:\/\/www.naturparkmagazin.de\/vdn\/klimaschutz-in-naturlandschaften\/\" \/>\n<meta property=\"og:site_name\" content=\"Verband Deutscher Naturparke\" \/>\n<meta property=\"article:published_time\" content=\"2021-05-19T11:44:45+00:00\" \/>\n<meta property=\"article:modified_time\" content=\"2021-05-27T13:51:23+00:00\" \/>\n<meta property=\"og:image\" content=\"https:\/\/www.naturparkmagazin.de\/vdn\/wp-content\/uploads\/sites\/3\/KLimaschutz_200x200_2.jpg\" \/>\n\t<meta property=\"og:image:width\" content=\"200\" \/>\n\t<meta property=\"og:image:height\" content=\"200\" \/>\n\t<meta property=\"og:image:type\" content=\"image\/jpeg\" \/>\n<meta name=\"author\" content=\"manuelamerz\" \/>\n<meta name=\"twitter:label1\" content=\"Verfasst von\" \/>\n\t<meta name=\"twitter:data1\" content=\"manuelamerz\" \/>\n\t<meta name=\"twitter:label2\" content=\"Gesch\u00e4tzte Lesezeit\" \/>\n\t<meta name=\"twitter:data2\" content=\"1\u00a0Minute\" \/>\n<script type=\"application\/ld+json\" class=\"yoast-schema-graph\">{\"@context\":\"https:\/\/schema.org\",\"@graph\":[{\"@type\":\"WebPage\",\"@id\":\"https:\/\/www.naturparkmagazin.de\/vdn\/klimaschutz-in-naturlandschaften\/\",\"url\":\"https:\/\/www.naturparkmagazin.de\/vdn\/klimaschutz-in-naturlandschaften\/\",\"name\":\"Klimaschutz in Naturlandschaften\",\"isPartOf\":{\"@id\":\"https:\/\/www.naturparkmagazin.de\/vdn\/#website\"},\"datePublished\":\"2021-05-19T11:44:45+00:00\",\"dateModified\":\"2021-05-27T13:51:23+00:00\",\"author\":{\"@id\":\"https:\/\/www.naturparkmagazin.de\/vdn\/#\/schema\/person\/3cff9b8773ed55f0189255fa9adfd57c\"},\"description\":\"Am 19. Mai fand im Rahmen des EU-LIFE Projektes ZENAPA eine digitale Klimaschutzkonferenz als Kooperationsprojekt zwischen dem Naturpark Barnim und dem Verband Deutscher Naturparke e.V. (VDN) statt.\",\"breadcrumb\":{\"@id\":\"https:\/\/www.naturparkmagazin.de\/vdn\/klimaschutz-in-naturlandschaften\/#breadcrumb\"},\"inLanguage\":\"de\",\"potentialAction\":[{\"@type\":\"ReadAction\",\"target\":[\"https:\/\/www.naturparkmagazin.de\/vdn\/klimaschutz-in-naturlandschaften\/\"]}]},{\"@type\":\"BreadcrumbList\",\"@id\":\"https:\/\/www.naturparkmagazin.de\/vdn\/klimaschutz-in-naturlandschaften\/#breadcrumb\",\"itemListElement\":[{\"@type\":\"ListItem\",\"position\":1,\"name\":\"Home\",\"item\":\"https:\/\/www.naturparkmagazin.de\/vdn\/\"},{\"@type\":\"ListItem\",\"position\":2,\"name\":\"Klimaschutz in Naturlandschaften\"}]},{\"@type\":\"WebSite\",\"@id\":\"https:\/\/www.naturparkmagazin.de\/vdn\/#website\",\"url\":\"https:\/\/www.naturparkmagazin.de\/vdn\/\",\"name\":\"Verband Deutscher Naturparke\",\"description\":\"Eine weitere Naturparkmagazin.de Netzwerk Seite\",\"potentialAction\":[{\"@type\":\"SearchAction\",\"target\":{\"@type\":\"EntryPoint\",\"urlTemplate\":\"https:\/\/www.naturparkmagazin.de\/vdn\/?s={search_term_string}\"},\"query-input\":\"required name=search_term_string\"}],\"inLanguage\":\"de\"},{\"@type\":\"Person\",\"@id\":\"https:\/\/www.naturparkmagazin.de\/vdn\/#\/schema\/person\/3cff9b8773ed55f0189255fa9adfd57c\",\"name\":\"manuelamerz\",\"url\":\"https:\/\/www.naturparkmagazin.de\/vdn\/author\/manuelamerz\/\"}]}<\/script>\n<!-- \/ Yoast SEO plugin. -->","yoast_head_json":{"title":"Klimaschutz in Naturlandschaften","description":"Am 19. Mai fand im Rahmen des EU-LIFE Projektes ZENAPA eine digitale Klimaschutzkonferenz als Kooperationsprojekt zwischen dem Naturpark Barnim und dem Verband Deutscher Naturparke e.V. (VDN) statt.","robots":{"index":"index","follow":"follow","max-snippet":"max-snippet:-1","max-image-preview":"max-image-preview:large","max-video-preview":"max-video-preview:-1"},"canonical":"https:\/\/www.naturparkmagazin.de\/vdn\/klimaschutz-in-naturlandschaften\/","og_locale":"de_DE","og_type":"article","og_title":"Klimaschutz in Naturlandschaften","og_description":"Am 19. Mai fand im Rahmen des EU-LIFE Projektes ZENAPA eine digitale Klimaschutzkonferenz als Kooperationsprojekt zwischen dem Naturpark Barnim und dem Verband Deutscher Naturparke e.V. (VDN) statt.","og_url":"https:\/\/www.naturparkmagazin.de\/vdn\/klimaschutz-in-naturlandschaften\/","og_site_name":"Verband Deutscher Naturparke","article_published_time":"2021-05-19T11:44:45+00:00","article_modified_time":"2021-05-27T13:51:23+00:00","og_image":[{"width":200,"height":200,"url":"https:\/\/www.naturparkmagazin.de\/vdn\/wp-content\/uploads\/sites\/3\/KLimaschutz_200x200_2.jpg","type":"image\/jpeg"}],"author":"manuelamerz","twitter_misc":{"Verfasst von":"manuelamerz","Gesch\u00e4tzte Lesezeit":"1\u00a0Minute"},"schema":{"@context":"https:\/\/schema.org","@graph":[{"@type":"WebPage","@id":"https:\/\/www.naturparkmagazin.de\/vdn\/klimaschutz-in-naturlandschaften\/","url":"https:\/\/www.naturparkmagazin.de\/vdn\/klimaschutz-in-naturlandschaften\/","name":"Klimaschutz in Naturlandschaften","isPartOf":{"@id":"https:\/\/www.naturparkmagazin.de\/vdn\/#website"},"datePublished":"2021-05-19T11:44:45+00:00","dateModified":"2021-05-27T13:51:23+00:00","author":{"@id":"https:\/\/www.naturparkmagazin.de\/vdn\/#\/schema\/person\/3cff9b8773ed55f0189255fa9adfd57c"},"description":"Am 19. Mai fand im Rahmen des EU-LIFE Projektes ZENAPA eine digitale Klimaschutzkonferenz als Kooperationsprojekt zwischen dem Naturpark Barnim und dem Verband Deutscher Naturparke e.V. (VDN) statt.","breadcrumb":{"@id":"https:\/\/www.naturparkmagazin.de\/vdn\/klimaschutz-in-naturlandschaften\/#breadcrumb"},"inLanguage":"de","potentialAction":[{"@type":"ReadAction","target":["https:\/\/www.naturparkmagazin.de\/vdn\/klimaschutz-in-naturlandschaften\/"]}]},{"@type":"BreadcrumbList","@id":"https:\/\/www.naturparkmagazin.de\/vdn\/klimaschutz-in-naturlandschaften\/#breadcrumb","itemListElement":[{"@type":"ListItem","position":1,"name":"Home","item":"https:\/\/www.naturparkmagazin.de\/vdn\/"},{"@type":"ListItem","position":2,"name":"Klimaschutz in Naturlandschaften"}]},{"@type":"WebSite","@id":"https:\/\/www.naturparkmagazin.de\/vdn\/#website","url":"https:\/\/www.naturparkmagazin.de\/vdn\/","name":"Verband Deutscher Naturparke","description":"Eine weitere Naturparkmagazin.de Netzwerk Seite","potentialAction":[{"@type":"SearchAction","target":{"@type":"EntryPoint","urlTemplate":"https:\/\/www.naturparkmagazin.de\/vdn\/?s={search_term_string}"},"query-input":"required name=search_term_string"}],"inLanguage":"de"},{"@type":"Person","@id":"https:\/\/www.naturparkmagazin.de\/vdn\/#\/schema\/person\/3cff9b8773ed55f0189255fa9adfd57c","name":"manuelamerz","url":"https:\/\/www.naturparkmagazin.de\/vdn\/author\/manuelamerz\/"}]}},"_links":{"self":[{"href":"https:\/\/www.naturparkmagazin.de\/vdn\/wp-json\/wp\/v2\/posts\/13703"}],"collection":[{"href":"https:\/\/www.naturparkmagazin.de\/vdn\/wp-json\/wp\/v2\/posts"}],"about":[{"href":"https:\/\/www.naturparkmagazin.de\/vdn\/wp-json\/wp\/v2\/types\/post"}],"author":[{"embeddable":true,"href":"https:\/\/www.naturparkmagazin.de\/vdn\/wp-json\/wp\/v2\/users\/73"}],"replies":[{"embeddable":true,"href":"https:\/\/www.naturparkmagazin.de\/vdn\/wp-json\/wp\/v2\/comments?post=13703"}],"version-history":[{"count":10,"href":"https:\/\/www.naturparkmagazin.de\/vdn\/wp-json\/wp\/v2\/posts\/13703\/revisions"}],"predecessor-version":[{"id":13720,"href":"https:\/\/www.naturparkmagazin.de\/vdn\/wp-json\/wp\/v2\/posts\/13703\/revisions\/13720"}],"wp:featuredmedia":[{"embeddable":true,"href":"https:\/\/www.naturparkmagazin.de\/vdn\/wp-json\/wp\/v2\/media\/13712"}],"wp:attachment":[{"href":"https:\/\/www.naturparkmagazin.de\/vdn\/wp-json\/wp\/v2\/media?parent=13703"}],"wp:term":[{"taxonomy":"category","embeddable":true,"href":"https:\/\/www.naturparkmagazin.de\/vdn\/wp-json\/wp\/v2\/categories?post=13703"},{"taxonomy":"post_tag","embeddable":true,"href":"https:\/\/www.naturparkmagazin.de\/vdn\/wp-json\/wp\/v2\/tags?post=13703"}],"curies":[{"name":"wp","href":"https:\/\/api.w.org\/{rel}","templated":true}]}}