{"id":13726,"date":"2021-06-30T12:09:55","date_gmt":"2021-06-30T10:09:55","guid":{"rendered":"https:\/\/www.naturparkmagazin.de\/vdn\/?p=13726"},"modified":"2021-07-15T10:55:50","modified_gmt":"2021-07-15T08:55:50","slug":"naturpark-schwaebisch-fraenkischer-wald-2","status":"publish","type":"post","link":"https:\/\/www.naturparkmagazin.de\/vdn\/naturpark-schwaebisch-fraenkischer-wald-2\/","title":{"rendered":"Naturpark Schw\u00e4bisch-Fr\u00e4nkischer Wald"},"content":{"rendered":"<div id=\"attachment_13727\" style=\"width: 510px\" class=\"wp-caption alignnone\"><a href=\"https:\/\/www.naturparkmagazin.de\/vdn\/wp-content\/uploads\/sites\/3\/Portrait_Streuobstwiesen_Jakobsweg_NPSFW_Archiv_500x300_Bild3.jpg\"><img aria-describedby=\"caption-attachment-13727\" decoding=\"async\" loading=\"lazy\" class=\"size-full wp-image-13727\" src=\"https:\/\/www.naturparkmagazin.de\/vdn\/wp-content\/uploads\/sites\/3\/Portrait_Streuobstwiesen_Jakobsweg_NPSFW_Archiv_500x300_Bild3.jpg\" alt=\"Streuobstwiesen am Jakobsweg \u00a9 Naturpark Schw\u00e4bisch-Fr\u00e4nkischer Wald\" width=\"500\" height=\"300\" srcset=\"https:\/\/www.naturparkmagazin.de\/vdn\/wp-content\/uploads\/sites\/3\/Portrait_Streuobstwiesen_Jakobsweg_NPSFW_Archiv_500x300_Bild3.jpg 500w, https:\/\/www.naturparkmagazin.de\/vdn\/wp-content\/uploads\/sites\/3\/Portrait_Streuobstwiesen_Jakobsweg_NPSFW_Archiv_500x300_Bild3-300x180.jpg 300w, https:\/\/www.naturparkmagazin.de\/vdn\/wp-content\/uploads\/sites\/3\/Portrait_Streuobstwiesen_Jakobsweg_NPSFW_Archiv_500x300_Bild3-200x120.jpg 200w\" sizes=\"(max-width: 500px) 100vw, 500px\" \/><\/a><p id=\"caption-attachment-13727\" class=\"wp-caption-text\">Streuobstwiesen am Jakobsweg \u00a9 Naturpark Schw\u00e4bisch-Fr\u00e4nkischer Wald<\/p><\/div>\n<p>Der Naturpark Schw\u00e4bisch-Fr\u00e4nkischer Wald liegt nord\u00f6stlich von Stuttgart. Zwischen den St\u00e4dten Heilbronn, Ludwigsburg, Schw\u00e4bisch Gm\u00fcnd, Aalen und Schw\u00e4bisch-Hall erstreckt er sich \u00fcber eine Fl\u00e4che von 1270km<sup>2<\/sup> und ist damit halb so gro\u00df wie die das Bundesland Saarland. Mit 48 St\u00e4dten und Gemeinden aus sechs Landkreisen ist der Naturpark Zuhause und Heimat von ca. 170.000 Menschen und von vielen Tier- und Pflanzenarten. Gro\u00dffl\u00e4chige Waldgebiete mit einem Anteil von \u00fcber 55% zeichnen das Naturparkgebiet aus, genauso wie die vielf\u00e4ltige und kleinteilig strukturierte Kulturlandschaft im Naturparkgebiet. Neben Weinbergen, Hochebenen, bewaldeten H\u00e4ngen und tief eingeschnittenen Bachl\u00e4ufen findet sich ein mannigfaltiges kulturelles Erbe sowie strukturreiche land- und forstwirtschaftliche Nutzung. Eine Vielfalt, die den Naturpark charakterisiert und erlebenswert macht!<\/p>\n<p>&nbsp;<\/p>\n<div id=\"attachment_13729\" style=\"width: 510px\" class=\"wp-caption alignnone\"><a href=\"https:\/\/www.naturparkmagazin.de\/vdn\/wp-content\/uploads\/sites\/3\/Portrait_Karte_NPSFW_Archiv.jpg\"><img aria-describedby=\"caption-attachment-13729\" decoding=\"async\" loading=\"lazy\" class=\"size-full wp-image-13729\" src=\"https:\/\/www.naturparkmagazin.de\/vdn\/wp-content\/uploads\/sites\/3\/Portrait_Karte_NPSFW_Archiv.jpg\" alt=\"Naturpark-Karte \u00a9 Naturpark Schw\u00e4bisch-Fr\u00e4nkischer Wald\" width=\"500\" height=\"300\" srcset=\"https:\/\/www.naturparkmagazin.de\/vdn\/wp-content\/uploads\/sites\/3\/Portrait_Karte_NPSFW_Archiv.jpg 500w, https:\/\/www.naturparkmagazin.de\/vdn\/wp-content\/uploads\/sites\/3\/Portrait_Karte_NPSFW_Archiv-300x180.jpg 300w, https:\/\/www.naturparkmagazin.de\/vdn\/wp-content\/uploads\/sites\/3\/Portrait_Karte_NPSFW_Archiv-200x120.jpg 200w\" sizes=\"(max-width: 500px) 100vw, 500px\" \/><\/a><p id=\"caption-attachment-13729\" class=\"wp-caption-text\">Naturpark-Karte \u00a9 Naturpark Schw\u00e4bisch-Fr\u00e4nkischer Wald<\/p><\/div>\n<p>Wer aufmerksam und achtsam auf Erkundungstour auf Wald, Wiesen und Feldern geht kann Arten wie den Schwarzstorch, den Feuersalamander, den Biber oder den Rotmilan oder deren Spuren sichten. Einen regelrechten \u201eHot Spot\u201c der Artenvielfalt stellen die Streuobstwiesen im Naturpark dar.<\/p>\n<p>&nbsp;<\/p>\n<div id=\"attachment_13730\" style=\"width: 510px\" class=\"wp-caption alignnone\"><a href=\"https:\/\/www.naturparkmagazin.de\/vdn\/wp-content\/uploads\/sites\/3\/Portrait_NPSFW_Archiv_500x300_Bild1.jpg\"><img aria-describedby=\"caption-attachment-13730\" decoding=\"async\" loading=\"lazy\" class=\"size-full wp-image-13730\" src=\"https:\/\/www.naturparkmagazin.de\/vdn\/wp-content\/uploads\/sites\/3\/Portrait_NPSFW_Archiv_500x300_Bild1.jpg\" alt=\"\u00a9 Naturpark Schw\u00e4bisch-Fr\u00e4nkischer Wald\" width=\"500\" height=\"300\" srcset=\"https:\/\/www.naturparkmagazin.de\/vdn\/wp-content\/uploads\/sites\/3\/Portrait_NPSFW_Archiv_500x300_Bild1.jpg 500w, https:\/\/www.naturparkmagazin.de\/vdn\/wp-content\/uploads\/sites\/3\/Portrait_NPSFW_Archiv_500x300_Bild1-300x180.jpg 300w, https:\/\/www.naturparkmagazin.de\/vdn\/wp-content\/uploads\/sites\/3\/Portrait_NPSFW_Archiv_500x300_Bild1-200x120.jpg 200w\" sizes=\"(max-width: 500px) 100vw, 500px\" \/><\/a><p id=\"caption-attachment-13730\" class=\"wp-caption-text\">\u00a9 Naturpark Schw\u00e4bisch-Fr\u00e4nkischer Wald<\/p><\/div>\n<p>Eine geologische Besonderheit im Naturpark ist die erdgeschichtliche Formation des Keupers mit seiner vielfach wechselnden Abfolge von harten und weichen Ablagerungen. Die markanten Grotten, Schluchten und Klingen wie die Tobelschlucht oder die Franzenklinge sind durch die Verwitterung des hohen Sandsteinanteils im Keuper entstanden und beeindrucken durch ihre unterschiedlichen Farben in den Gesteinsschichten. Und auch eine vielgestaltige Kultur- und Siedlungsgeschichte hat der Naturpark zu bieten! Erleben Sie die Geschichte der R\u00f6mer, Franken und Schwaben und tauchen Sie ein in vergangene Zeiten. Die liebevoll aufbereiteten \u00dcberreste fr\u00fcherer Besiedlung, wie die Limeswacht\u00fcrme oder die Haller Landhege und die f\u00fcr das Gebiet typischen M\u00fchlen machen die fr\u00fchere Geschichte des Naturparks erlebbar.\nMit einem gut ausgebildeten Wander- und Fahrradwegenetz, Aussichtspunkten, spielerischen Erlebnispfaden, einem vielf\u00e4ltigen Angebot an Veranstaltungen und barrierefreien Routen bietet der Naturpark Schw\u00e4bisch-Fr\u00e4nkischer Wald einen Naherholungsraum f\u00fcr Alle. Lassen Sie sich \u00fcberraschen und entdecken Sie den Naturpark vor den Toren Stuttgarts!<\/p>\n<p>&nbsp;<\/p>\n<div id=\"attachment_13731\" style=\"width: 510px\" class=\"wp-caption alignnone\"><a href=\"https:\/\/www.naturparkmagazin.de\/vdn\/wp-content\/uploads\/sites\/3\/Portrait_NPSFW_Archiv_500x300_Bild2.jpg\"><img aria-describedby=\"caption-attachment-13731\" decoding=\"async\" loading=\"lazy\" class=\"size-full wp-image-13731\" src=\"https:\/\/www.naturparkmagazin.de\/vdn\/wp-content\/uploads\/sites\/3\/Portrait_NPSFW_Archiv_500x300_Bild2.jpg\" alt=\"\u00a9 Naturpark Schw\u00e4bisch-Fr\u00e4nkischer Wald \" width=\"500\" height=\"300\" srcset=\"https:\/\/www.naturparkmagazin.de\/vdn\/wp-content\/uploads\/sites\/3\/Portrait_NPSFW_Archiv_500x300_Bild2.jpg 500w, https:\/\/www.naturparkmagazin.de\/vdn\/wp-content\/uploads\/sites\/3\/Portrait_NPSFW_Archiv_500x300_Bild2-300x180.jpg 300w, https:\/\/www.naturparkmagazin.de\/vdn\/wp-content\/uploads\/sites\/3\/Portrait_NPSFW_Archiv_500x300_Bild2-200x120.jpg 200w\" sizes=\"(max-width: 500px) 100vw, 500px\" \/><\/a><p id=\"caption-attachment-13731\" class=\"wp-caption-text\">\u00a9 Naturpark Schw\u00e4bisch-Fr\u00e4nkischer Wald<\/p><\/div>\n<p>&nbsp;<\/p>\n<p>&nbsp;<\/p>\n<p>&nbsp;<\/p>\n","protected":false},"excerpt":{"rendered":"<p>Nord\u00f6stlich von Stuttgart erstreckt sich der Naturpark auf einer Fl\u00e4che von 1270km\u00b2 und ist das Zuhause von ca. 170.000 Menschen. Neben Weinbergen, Hochebenen, bewaldeten H\u00e4ngen und tief eingeschnittenen Bachl\u00e4ufen findet sich ein mannigfaltiges kulturelles Erbe sowie strukturreiche land- und forstwirtschaftliche Nutzung. Eine Vielfalt, die den Naturpark charakterisiert und erlebenswert macht! <\/p>\n","protected":false},"author":73,"featured_media":13728,"comment_status":"open","ping_status":"open","sticky":false,"template":"","format":"standard","meta":{"_links_to":"","_links_to_target":""},"categories":[15],"tags":[],"yoast_head":"<!-- This site is optimized with the Yoast SEO plugin v19.10 - https:\/\/yoast.com\/wordpress\/plugins\/seo\/ -->\n<title>Naturpark Schw\u00e4bisch-Fr\u00e4nkischer Wald<\/title>\n<meta name=\"description\" content=\"Nord\u00f6stlich von Stuttgart erstreckt sich der Naturpark auf einer Fl\u00e4che von 1270km\u00b2 und ist das Zuhause von ca. 170.000 Menschen. Neben Weinbergen, Hochebenen, bewaldeten H\u00e4ngen und tief eingeschnittenen Bachl\u00e4ufen findet sich ein mannigfaltiges kulturelles Erbe sowie strukturreiche land- und forstwirtschaftliche Nutzung. Eine Vielfalt, die den Naturpark charakterisiert und erlebenswert macht!\" \/>\n<meta name=\"robots\" content=\"index, follow, max-snippet:-1, max-image-preview:large, max-video-preview:-1\" \/>\n<link rel=\"canonical\" href=\"https:\/\/www.naturparkmagazin.de\/vdn\/naturpark-schwaebisch-fraenkischer-wald-2\/\" \/>\n<meta property=\"og:locale\" content=\"de_DE\" \/>\n<meta property=\"og:type\" content=\"article\" \/>\n<meta property=\"og:title\" content=\"Naturpark Schw\u00e4bisch-Fr\u00e4nkischer Wald\" \/>\n<meta property=\"og:description\" content=\"Nord\u00f6stlich von Stuttgart erstreckt sich der Naturpark auf einer Fl\u00e4che von 1270km\u00b2 und ist das Zuhause von ca. 170.000 Menschen. Neben Weinbergen, Hochebenen, bewaldeten H\u00e4ngen und tief eingeschnittenen Bachl\u00e4ufen findet sich ein mannigfaltiges kulturelles Erbe sowie strukturreiche land- und forstwirtschaftliche Nutzung. Eine Vielfalt, die den Naturpark charakterisiert und erlebenswert macht!\" \/>\n<meta property=\"og:url\" content=\"https:\/\/www.naturparkmagazin.de\/vdn\/naturpark-schwaebisch-fraenkischer-wald-2\/\" \/>\n<meta property=\"og:site_name\" content=\"Verband Deutscher Naturparke\" \/>\n<meta property=\"article:published_time\" content=\"2021-06-30T10:09:55+00:00\" \/>\n<meta property=\"article:modified_time\" content=\"2021-07-15T08:55:50+00:00\" \/>\n<meta property=\"og:image\" content=\"https:\/\/www.naturparkmagazin.de\/vdn\/wp-content\/uploads\/sites\/3\/Portrait_Streuobstwiesen_Jakobsweg_NPSFW_Archiv_500x300_Bild3bf.jpg\" \/>\n\t<meta property=\"og:image:width\" content=\"200\" \/>\n\t<meta property=\"og:image:height\" content=\"200\" \/>\n\t<meta property=\"og:image:type\" content=\"image\/jpeg\" \/>\n<meta name=\"author\" content=\"manuelamerz\" \/>\n<meta name=\"twitter:label1\" content=\"Verfasst von\" \/>\n\t<meta name=\"twitter:data1\" content=\"manuelamerz\" \/>\n\t<meta name=\"twitter:label2\" content=\"Gesch\u00e4tzte Lesezeit\" \/>\n\t<meta name=\"twitter:data2\" content=\"2\u00a0Minuten\" \/>\n<script type=\"application\/ld+json\" class=\"yoast-schema-graph\">{\"@context\":\"https:\/\/schema.org\",\"@graph\":[{\"@type\":\"WebPage\",\"@id\":\"https:\/\/www.naturparkmagazin.de\/vdn\/naturpark-schwaebisch-fraenkischer-wald-2\/\",\"url\":\"https:\/\/www.naturparkmagazin.de\/vdn\/naturpark-schwaebisch-fraenkischer-wald-2\/\",\"name\":\"Naturpark Schw\u00e4bisch-Fr\u00e4nkischer Wald\",\"isPartOf\":{\"@id\":\"https:\/\/www.naturparkmagazin.de\/vdn\/#website\"},\"datePublished\":\"2021-06-30T10:09:55+00:00\",\"dateModified\":\"2021-07-15T08:55:50+00:00\",\"author\":{\"@id\":\"https:\/\/www.naturparkmagazin.de\/vdn\/#\/schema\/person\/3cff9b8773ed55f0189255fa9adfd57c\"},\"description\":\"Nord\u00f6stlich von Stuttgart erstreckt sich der Naturpark auf einer Fl\u00e4che von 1270km\u00b2 und ist das Zuhause von ca. 170.000 Menschen. Neben Weinbergen, Hochebenen, bewaldeten H\u00e4ngen und tief eingeschnittenen Bachl\u00e4ufen findet sich ein mannigfaltiges kulturelles Erbe sowie strukturreiche land- und forstwirtschaftliche Nutzung. Eine Vielfalt, die den Naturpark charakterisiert und erlebenswert macht!\",\"breadcrumb\":{\"@id\":\"https:\/\/www.naturparkmagazin.de\/vdn\/naturpark-schwaebisch-fraenkischer-wald-2\/#breadcrumb\"},\"inLanguage\":\"de\",\"potentialAction\":[{\"@type\":\"ReadAction\",\"target\":[\"https:\/\/www.naturparkmagazin.de\/vdn\/naturpark-schwaebisch-fraenkischer-wald-2\/\"]}]},{\"@type\":\"BreadcrumbList\",\"@id\":\"https:\/\/www.naturparkmagazin.de\/vdn\/naturpark-schwaebisch-fraenkischer-wald-2\/#breadcrumb\",\"itemListElement\":[{\"@type\":\"ListItem\",\"position\":1,\"name\":\"Home\",\"item\":\"https:\/\/www.naturparkmagazin.de\/vdn\/\"},{\"@type\":\"ListItem\",\"position\":2,\"name\":\"Naturpark Schw\u00e4bisch-Fr\u00e4nkischer Wald\"}]},{\"@type\":\"WebSite\",\"@id\":\"https:\/\/www.naturparkmagazin.de\/vdn\/#website\",\"url\":\"https:\/\/www.naturparkmagazin.de\/vdn\/\",\"name\":\"Verband Deutscher Naturparke\",\"description\":\"Eine weitere Naturparkmagazin.de Netzwerk Seite\",\"potentialAction\":[{\"@type\":\"SearchAction\",\"target\":{\"@type\":\"EntryPoint\",\"urlTemplate\":\"https:\/\/www.naturparkmagazin.de\/vdn\/?s={search_term_string}\"},\"query-input\":\"required name=search_term_string\"}],\"inLanguage\":\"de\"},{\"@type\":\"Person\",\"@id\":\"https:\/\/www.naturparkmagazin.de\/vdn\/#\/schema\/person\/3cff9b8773ed55f0189255fa9adfd57c\",\"name\":\"manuelamerz\",\"url\":\"https:\/\/www.naturparkmagazin.de\/vdn\/author\/manuelamerz\/\"}]}<\/script>\n<!-- \/ Yoast SEO plugin. -->","yoast_head_json":{"title":"Naturpark Schw\u00e4bisch-Fr\u00e4nkischer Wald","description":"Nord\u00f6stlich von Stuttgart erstreckt sich der Naturpark auf einer Fl\u00e4che von 1270km\u00b2 und ist das Zuhause von ca. 170.000 Menschen. Neben Weinbergen, Hochebenen, bewaldeten H\u00e4ngen und tief eingeschnittenen Bachl\u00e4ufen findet sich ein mannigfaltiges kulturelles Erbe sowie strukturreiche land- und forstwirtschaftliche Nutzung. Eine Vielfalt, die den Naturpark charakterisiert und erlebenswert macht!","robots":{"index":"index","follow":"follow","max-snippet":"max-snippet:-1","max-image-preview":"max-image-preview:large","max-video-preview":"max-video-preview:-1"},"canonical":"https:\/\/www.naturparkmagazin.de\/vdn\/naturpark-schwaebisch-fraenkischer-wald-2\/","og_locale":"de_DE","og_type":"article","og_title":"Naturpark Schw\u00e4bisch-Fr\u00e4nkischer Wald","og_description":"Nord\u00f6stlich von Stuttgart erstreckt sich der Naturpark auf einer Fl\u00e4che von 1270km\u00b2 und ist das Zuhause von ca. 170.000 Menschen. Neben Weinbergen, Hochebenen, bewaldeten H\u00e4ngen und tief eingeschnittenen Bachl\u00e4ufen findet sich ein mannigfaltiges kulturelles Erbe sowie strukturreiche land- und forstwirtschaftliche Nutzung. Eine Vielfalt, die den Naturpark charakterisiert und erlebenswert macht!","og_url":"https:\/\/www.naturparkmagazin.de\/vdn\/naturpark-schwaebisch-fraenkischer-wald-2\/","og_site_name":"Verband Deutscher Naturparke","article_published_time":"2021-06-30T10:09:55+00:00","article_modified_time":"2021-07-15T08:55:50+00:00","og_image":[{"width":200,"height":200,"url":"https:\/\/www.naturparkmagazin.de\/vdn\/wp-content\/uploads\/sites\/3\/Portrait_Streuobstwiesen_Jakobsweg_NPSFW_Archiv_500x300_Bild3bf.jpg","type":"image\/jpeg"}],"author":"manuelamerz","twitter_misc":{"Verfasst von":"manuelamerz","Gesch\u00e4tzte Lesezeit":"2\u00a0Minuten"},"schema":{"@context":"https:\/\/schema.org","@graph":[{"@type":"WebPage","@id":"https:\/\/www.naturparkmagazin.de\/vdn\/naturpark-schwaebisch-fraenkischer-wald-2\/","url":"https:\/\/www.naturparkmagazin.de\/vdn\/naturpark-schwaebisch-fraenkischer-wald-2\/","name":"Naturpark Schw\u00e4bisch-Fr\u00e4nkischer Wald","isPartOf":{"@id":"https:\/\/www.naturparkmagazin.de\/vdn\/#website"},"datePublished":"2021-06-30T10:09:55+00:00","dateModified":"2021-07-15T08:55:50+00:00","author":{"@id":"https:\/\/www.naturparkmagazin.de\/vdn\/#\/schema\/person\/3cff9b8773ed55f0189255fa9adfd57c"},"description":"Nord\u00f6stlich von Stuttgart erstreckt sich der Naturpark auf einer Fl\u00e4che von 1270km\u00b2 und ist das Zuhause von ca. 170.000 Menschen. Neben Weinbergen, Hochebenen, bewaldeten H\u00e4ngen und tief eingeschnittenen Bachl\u00e4ufen findet sich ein mannigfaltiges kulturelles Erbe sowie strukturreiche land- und forstwirtschaftliche Nutzung. Eine Vielfalt, die den Naturpark charakterisiert und erlebenswert macht!","breadcrumb":{"@id":"https:\/\/www.naturparkmagazin.de\/vdn\/naturpark-schwaebisch-fraenkischer-wald-2\/#breadcrumb"},"inLanguage":"de","potentialAction":[{"@type":"ReadAction","target":["https:\/\/www.naturparkmagazin.de\/vdn\/naturpark-schwaebisch-fraenkischer-wald-2\/"]}]},{"@type":"BreadcrumbList","@id":"https:\/\/www.naturparkmagazin.de\/vdn\/naturpark-schwaebisch-fraenkischer-wald-2\/#breadcrumb","itemListElement":[{"@type":"ListItem","position":1,"name":"Home","item":"https:\/\/www.naturparkmagazin.de\/vdn\/"},{"@type":"ListItem","position":2,"name":"Naturpark Schw\u00e4bisch-Fr\u00e4nkischer Wald"}]},{"@type":"WebSite","@id":"https:\/\/www.naturparkmagazin.de\/vdn\/#website","url":"https:\/\/www.naturparkmagazin.de\/vdn\/","name":"Verband Deutscher Naturparke","description":"Eine weitere Naturparkmagazin.de Netzwerk Seite","potentialAction":[{"@type":"SearchAction","target":{"@type":"EntryPoint","urlTemplate":"https:\/\/www.naturparkmagazin.de\/vdn\/?s={search_term_string}"},"query-input":"required name=search_term_string"}],"inLanguage":"de"},{"@type":"Person","@id":"https:\/\/www.naturparkmagazin.de\/vdn\/#\/schema\/person\/3cff9b8773ed55f0189255fa9adfd57c","name":"manuelamerz","url":"https:\/\/www.naturparkmagazin.de\/vdn\/author\/manuelamerz\/"}]}},"_links":{"self":[{"href":"https:\/\/www.naturparkmagazin.de\/vdn\/wp-json\/wp\/v2\/posts\/13726"}],"collection":[{"href":"https:\/\/www.naturparkmagazin.de\/vdn\/wp-json\/wp\/v2\/posts"}],"about":[{"href":"https:\/\/www.naturparkmagazin.de\/vdn\/wp-json\/wp\/v2\/types\/post"}],"author":[{"embeddable":true,"href":"https:\/\/www.naturparkmagazin.de\/vdn\/wp-json\/wp\/v2\/users\/73"}],"replies":[{"embeddable":true,"href":"https:\/\/www.naturparkmagazin.de\/vdn\/wp-json\/wp\/v2\/comments?post=13726"}],"version-history":[{"count":2,"href":"https:\/\/www.naturparkmagazin.de\/vdn\/wp-json\/wp\/v2\/posts\/13726\/revisions"}],"predecessor-version":[{"id":13733,"href":"https:\/\/www.naturparkmagazin.de\/vdn\/wp-json\/wp\/v2\/posts\/13726\/revisions\/13733"}],"wp:featuredmedia":[{"embeddable":true,"href":"https:\/\/www.naturparkmagazin.de\/vdn\/wp-json\/wp\/v2\/media\/13728"}],"wp:attachment":[{"href":"https:\/\/www.naturparkmagazin.de\/vdn\/wp-json\/wp\/v2\/media?parent=13726"}],"wp:term":[{"taxonomy":"category","embeddable":true,"href":"https:\/\/www.naturparkmagazin.de\/vdn\/wp-json\/wp\/v2\/categories?post=13726"},{"taxonomy":"post_tag","embeddable":true,"href":"https:\/\/www.naturparkmagazin.de\/vdn\/wp-json\/wp\/v2\/tags?post=13726"}],"curies":[{"name":"wp","href":"https:\/\/api.w.org\/{rel}","templated":true}]}}