{"id":13746,"date":"2021-06-30T13:04:02","date_gmt":"2021-06-30T11:04:02","guid":{"rendered":"https:\/\/www.naturparkmagazin.de\/vdn\/?p=13746"},"modified":"2021-07-15T10:54:57","modified_gmt":"2021-07-15T08:54:57","slug":"schwaebischer-hefezopf","status":"publish","type":"post","link":"https:\/\/www.naturparkmagazin.de\/vdn\/schwaebischer-hefezopf\/","title":{"rendered":"Schw\u00e4bischer Hefezopf"},"content":{"rendered":"<div id=\"attachment_13748\" style=\"width: 510px\" class=\"wp-caption alignnone\"><a href=\"https:\/\/www.naturparkmagazin.de\/vdn\/wp-content\/uploads\/sites\/3\/Rezept_NPSFW_Archiv01_500x300.jpg\"><img aria-describedby=\"caption-attachment-13748\" decoding=\"async\" loading=\"lazy\" class=\"size-full wp-image-13748\" src=\"https:\/\/www.naturparkmagazin.de\/vdn\/wp-content\/uploads\/sites\/3\/Rezept_NPSFW_Archiv01_500x300.jpg\" alt=\"Schw\u00e4bischer Hefezopf \u00a9 Naturpark Schw\u00e4bisch-Fr\u00e4nkischer Wald\" width=\"500\" height=\"300\" srcset=\"https:\/\/www.naturparkmagazin.de\/vdn\/wp-content\/uploads\/sites\/3\/Rezept_NPSFW_Archiv01_500x300.jpg 500w, https:\/\/www.naturparkmagazin.de\/vdn\/wp-content\/uploads\/sites\/3\/Rezept_NPSFW_Archiv01_500x300-300x180.jpg 300w, https:\/\/www.naturparkmagazin.de\/vdn\/wp-content\/uploads\/sites\/3\/Rezept_NPSFW_Archiv01_500x300-200x120.jpg 200w\" sizes=\"(max-width: 500px) 100vw, 500px\" \/><\/a><p id=\"caption-attachment-13748\" class=\"wp-caption-text\">Schw\u00e4bischer Hefezopf \u00a9 Naturpark Schw\u00e4bisch-Fr\u00e4nkischer Wald<\/p><\/div>\n<p><strong>Bienenstich-Hefezopf \u2013 Schw\u00e4bischer Hefezopf mal anders, saftig und gef\u00fcllt.<\/strong>\nDas Rezept ergibt 2 Hefez\u00f6pfe.<\/p>\n<p>Zutaten f\u00fcr den Teig:<\/p>\n<ul>\n<li>500g Mehl<\/li>\n<li>1 Pck. Trockenhefe<\/li>\n<li>1 Prise Salz<\/li>\n<li>300ml Milch<\/li>\n<li>1 Ei<\/li>\n<li>80g Honig<\/li>\n<li>50g weiche Butter<\/li>\n<li>1TL Zitronenabrieb<\/li>\n<\/ul>\n<p>Zutaten f\u00fcr die F\u00fcllung:<\/p>\n<ul>\n<li>120g Butter<\/li>\n<\/ul>\n<ul>\n<li>160g Zucker<\/li>\n<li>160g Mandelbl\u00e4ttchen<\/li>\n<li>Mehl f\u00fcr die Arbeitsfl\u00e4che<\/li>\n<li>n. B. Aprikosenkonfit\u00fcre zum Bestreichen<\/li>\n<\/ul>\n<p>Zubereitung:<\/p>\n<p>F\u00fcr den Teig das Mehl mit der Trockenhefe vermengen. Anschlie\u00dfend die restlichen Zutaten hinzuf\u00fcgen und alles mindestens 5 min. zu einem glatten Teig verkneten. Danach mind. 1 Stunde an einem warmen Ort stehen lassen. Der Teig sollte sein Volumen verdoppelt haben.<\/p>\n<p>In der Zwischenzeit die F\u00fcllung zubereiten. Hierf\u00fcr Butter und Zucker in einem Topf erhitzen und die Mandelbl\u00e4ttchen einstreuen. Alles gut miteinander vermengen und abk\u00fchlen lassen.<\/p>\n<p>Eine Arbeitsfl\u00e4che bemehlen und den Hefeteig nochmals gut durchkneten und in zwei Portionen teilen. Diese jeweils auf eine Gr\u00f6\u00dfe von 30&#215;30 cm ausrollen.<\/p>\n<p>Nun die abgek\u00fchlte Bienenstichmasse auf den ausgerollten Hefeteig geben und verteilen. Den ausgerollten Teig von der L\u00e4ngsseite aufrollen und mit einem Messer die Rollen mittig durchschneiden, sodass zwei H\u00e4lften entstehen. Diese zwei H\u00e4lften nach oben zusammenflechten. Die Schnittfl\u00e4che sollte oben sein. Die zweite H\u00e4lfte des Teigs ebenso verarbeiten.<\/p>\n<p>Nun die Hefez\u00f6pfe auf ein Backblech geben und nochmals 15 min. gehen lassen. In der Zwischenzeit den Backofen auf 200 Grad (Ober-\/ Unterhitze) vorheizen und die Z\u00f6pfe ca. 15-20 min. darin backen.<\/p>\n<p>Wenn die Hefez\u00f6pfe aus dem Ofen kommen die Aprikosenkonfit\u00fcre erw\u00e4rmen und die Z\u00f6pfe damit einpinseln. Lassen Sie sich diesen Schw\u00e4bischen Hefezopf der besonderen Art schmecken!<\/p>\n<p>&nbsp;<\/p>\n<p>&nbsp;<\/p>\n<p>&nbsp;<\/p>\n","protected":false},"excerpt":{"rendered":"<p>Der Schw\u00e4bische Hefezopf ist bekannt daf\u00fcr, dass er sehr saftig und mit Mandeln gef\u00fcllt ist. Lassen Sie sich diese schw\u00e4bische Spezialit\u00e4t der besonderen Art schmecken.<\/p>\n","protected":false},"author":73,"featured_media":13747,"comment_status":"open","ping_status":"open","sticky":false,"template":"","format":"standard","meta":{"_links_to":"","_links_to_target":""},"categories":[14],"tags":[],"yoast_head":"<!-- This site is optimized with the Yoast SEO plugin v19.10 - https:\/\/yoast.com\/wordpress\/plugins\/seo\/ -->\n<title>Schw\u00e4bischer Hefezopf<\/title>\n<meta name=\"description\" content=\"Der Schw\u00e4bische Hefezopf ist bekannt daf\u00fcr, dass er sehr saftig und mit Mandeln gef\u00fcllt ist. Lassen Sie sich diese schw\u00e4bische Spezialit\u00e4t der besonderen Art schmecken.\" \/>\n<meta name=\"robots\" content=\"index, follow, max-snippet:-1, max-image-preview:large, max-video-preview:-1\" \/>\n<link rel=\"canonical\" href=\"https:\/\/www.naturparkmagazin.de\/vdn\/schwaebischer-hefezopf\/\" \/>\n<meta property=\"og:locale\" content=\"de_DE\" \/>\n<meta property=\"og:type\" content=\"article\" \/>\n<meta property=\"og:title\" content=\"Schw\u00e4bischer Hefezopf\" \/>\n<meta property=\"og:description\" content=\"Der Schw\u00e4bische Hefezopf ist bekannt daf\u00fcr, dass er sehr saftig und mit Mandeln gef\u00fcllt ist. Lassen Sie sich diese schw\u00e4bische Spezialit\u00e4t der besonderen Art schmecken.\" \/>\n<meta property=\"og:url\" content=\"https:\/\/www.naturparkmagazin.de\/vdn\/schwaebischer-hefezopf\/\" \/>\n<meta property=\"og:site_name\" content=\"Verband Deutscher Naturparke\" \/>\n<meta property=\"article:published_time\" content=\"2021-06-30T11:04:02+00:00\" \/>\n<meta property=\"article:modified_time\" content=\"2021-07-15T08:54:57+00:00\" \/>\n<meta property=\"og:image\" content=\"https:\/\/www.naturparkmagazin.de\/vdn\/wp-content\/uploads\/sites\/3\/Rezept_NPSFW_Archiv_200x200.jpg\" \/>\n\t<meta property=\"og:image:width\" content=\"200\" \/>\n\t<meta property=\"og:image:height\" content=\"200\" \/>\n\t<meta property=\"og:image:type\" content=\"image\/jpeg\" \/>\n<meta name=\"author\" content=\"manuelamerz\" \/>\n<meta name=\"twitter:label1\" content=\"Verfasst von\" \/>\n\t<meta name=\"twitter:data1\" content=\"manuelamerz\" \/>\n\t<meta name=\"twitter:label2\" content=\"Gesch\u00e4tzte Lesezeit\" \/>\n\t<meta name=\"twitter:data2\" content=\"1\u00a0Minute\" \/>\n<script type=\"application\/ld+json\" class=\"yoast-schema-graph\">{\"@context\":\"https:\/\/schema.org\",\"@graph\":[{\"@type\":\"WebPage\",\"@id\":\"https:\/\/www.naturparkmagazin.de\/vdn\/schwaebischer-hefezopf\/\",\"url\":\"https:\/\/www.naturparkmagazin.de\/vdn\/schwaebischer-hefezopf\/\",\"name\":\"Schw\u00e4bischer Hefezopf\",\"isPartOf\":{\"@id\":\"https:\/\/www.naturparkmagazin.de\/vdn\/#website\"},\"datePublished\":\"2021-06-30T11:04:02+00:00\",\"dateModified\":\"2021-07-15T08:54:57+00:00\",\"author\":{\"@id\":\"https:\/\/www.naturparkmagazin.de\/vdn\/#\/schema\/person\/3cff9b8773ed55f0189255fa9adfd57c\"},\"description\":\"Der Schw\u00e4bische Hefezopf ist bekannt daf\u00fcr, dass er sehr saftig und mit Mandeln gef\u00fcllt ist. Lassen Sie sich diese schw\u00e4bische Spezialit\u00e4t der besonderen Art schmecken.\",\"breadcrumb\":{\"@id\":\"https:\/\/www.naturparkmagazin.de\/vdn\/schwaebischer-hefezopf\/#breadcrumb\"},\"inLanguage\":\"de\",\"potentialAction\":[{\"@type\":\"ReadAction\",\"target\":[\"https:\/\/www.naturparkmagazin.de\/vdn\/schwaebischer-hefezopf\/\"]}]},{\"@type\":\"BreadcrumbList\",\"@id\":\"https:\/\/www.naturparkmagazin.de\/vdn\/schwaebischer-hefezopf\/#breadcrumb\",\"itemListElement\":[{\"@type\":\"ListItem\",\"position\":1,\"name\":\"Home\",\"item\":\"https:\/\/www.naturparkmagazin.de\/vdn\/\"},{\"@type\":\"ListItem\",\"position\":2,\"name\":\"Schw\u00e4bischer Hefezopf\"}]},{\"@type\":\"WebSite\",\"@id\":\"https:\/\/www.naturparkmagazin.de\/vdn\/#website\",\"url\":\"https:\/\/www.naturparkmagazin.de\/vdn\/\",\"name\":\"Verband Deutscher Naturparke\",\"description\":\"Eine weitere Naturparkmagazin.de Netzwerk Seite\",\"potentialAction\":[{\"@type\":\"SearchAction\",\"target\":{\"@type\":\"EntryPoint\",\"urlTemplate\":\"https:\/\/www.naturparkmagazin.de\/vdn\/?s={search_term_string}\"},\"query-input\":\"required name=search_term_string\"}],\"inLanguage\":\"de\"},{\"@type\":\"Person\",\"@id\":\"https:\/\/www.naturparkmagazin.de\/vdn\/#\/schema\/person\/3cff9b8773ed55f0189255fa9adfd57c\",\"name\":\"manuelamerz\",\"url\":\"https:\/\/www.naturparkmagazin.de\/vdn\/author\/manuelamerz\/\"}]}<\/script>\n<!-- \/ Yoast SEO plugin. -->","yoast_head_json":{"title":"Schw\u00e4bischer Hefezopf","description":"Der Schw\u00e4bische Hefezopf ist bekannt daf\u00fcr, dass er sehr saftig und mit Mandeln gef\u00fcllt ist. Lassen Sie sich diese schw\u00e4bische Spezialit\u00e4t der besonderen Art schmecken.","robots":{"index":"index","follow":"follow","max-snippet":"max-snippet:-1","max-image-preview":"max-image-preview:large","max-video-preview":"max-video-preview:-1"},"canonical":"https:\/\/www.naturparkmagazin.de\/vdn\/schwaebischer-hefezopf\/","og_locale":"de_DE","og_type":"article","og_title":"Schw\u00e4bischer Hefezopf","og_description":"Der Schw\u00e4bische Hefezopf ist bekannt daf\u00fcr, dass er sehr saftig und mit Mandeln gef\u00fcllt ist. Lassen Sie sich diese schw\u00e4bische Spezialit\u00e4t der besonderen Art schmecken.","og_url":"https:\/\/www.naturparkmagazin.de\/vdn\/schwaebischer-hefezopf\/","og_site_name":"Verband Deutscher Naturparke","article_published_time":"2021-06-30T11:04:02+00:00","article_modified_time":"2021-07-15T08:54:57+00:00","og_image":[{"width":200,"height":200,"url":"https:\/\/www.naturparkmagazin.de\/vdn\/wp-content\/uploads\/sites\/3\/Rezept_NPSFW_Archiv_200x200.jpg","type":"image\/jpeg"}],"author":"manuelamerz","twitter_misc":{"Verfasst von":"manuelamerz","Gesch\u00e4tzte Lesezeit":"1\u00a0Minute"},"schema":{"@context":"https:\/\/schema.org","@graph":[{"@type":"WebPage","@id":"https:\/\/www.naturparkmagazin.de\/vdn\/schwaebischer-hefezopf\/","url":"https:\/\/www.naturparkmagazin.de\/vdn\/schwaebischer-hefezopf\/","name":"Schw\u00e4bischer Hefezopf","isPartOf":{"@id":"https:\/\/www.naturparkmagazin.de\/vdn\/#website"},"datePublished":"2021-06-30T11:04:02+00:00","dateModified":"2021-07-15T08:54:57+00:00","author":{"@id":"https:\/\/www.naturparkmagazin.de\/vdn\/#\/schema\/person\/3cff9b8773ed55f0189255fa9adfd57c"},"description":"Der Schw\u00e4bische Hefezopf ist bekannt daf\u00fcr, dass er sehr saftig und mit Mandeln gef\u00fcllt ist. Lassen Sie sich diese schw\u00e4bische Spezialit\u00e4t der besonderen Art schmecken.","breadcrumb":{"@id":"https:\/\/www.naturparkmagazin.de\/vdn\/schwaebischer-hefezopf\/#breadcrumb"},"inLanguage":"de","potentialAction":[{"@type":"ReadAction","target":["https:\/\/www.naturparkmagazin.de\/vdn\/schwaebischer-hefezopf\/"]}]},{"@type":"BreadcrumbList","@id":"https:\/\/www.naturparkmagazin.de\/vdn\/schwaebischer-hefezopf\/#breadcrumb","itemListElement":[{"@type":"ListItem","position":1,"name":"Home","item":"https:\/\/www.naturparkmagazin.de\/vdn\/"},{"@type":"ListItem","position":2,"name":"Schw\u00e4bischer Hefezopf"}]},{"@type":"WebSite","@id":"https:\/\/www.naturparkmagazin.de\/vdn\/#website","url":"https:\/\/www.naturparkmagazin.de\/vdn\/","name":"Verband Deutscher Naturparke","description":"Eine weitere Naturparkmagazin.de Netzwerk Seite","potentialAction":[{"@type":"SearchAction","target":{"@type":"EntryPoint","urlTemplate":"https:\/\/www.naturparkmagazin.de\/vdn\/?s={search_term_string}"},"query-input":"required name=search_term_string"}],"inLanguage":"de"},{"@type":"Person","@id":"https:\/\/www.naturparkmagazin.de\/vdn\/#\/schema\/person\/3cff9b8773ed55f0189255fa9adfd57c","name":"manuelamerz","url":"https:\/\/www.naturparkmagazin.de\/vdn\/author\/manuelamerz\/"}]}},"_links":{"self":[{"href":"https:\/\/www.naturparkmagazin.de\/vdn\/wp-json\/wp\/v2\/posts\/13746"}],"collection":[{"href":"https:\/\/www.naturparkmagazin.de\/vdn\/wp-json\/wp\/v2\/posts"}],"about":[{"href":"https:\/\/www.naturparkmagazin.de\/vdn\/wp-json\/wp\/v2\/types\/post"}],"author":[{"embeddable":true,"href":"https:\/\/www.naturparkmagazin.de\/vdn\/wp-json\/wp\/v2\/users\/73"}],"replies":[{"embeddable":true,"href":"https:\/\/www.naturparkmagazin.de\/vdn\/wp-json\/wp\/v2\/comments?post=13746"}],"version-history":[{"count":1,"href":"https:\/\/www.naturparkmagazin.de\/vdn\/wp-json\/wp\/v2\/posts\/13746\/revisions"}],"predecessor-version":[{"id":13749,"href":"https:\/\/www.naturparkmagazin.de\/vdn\/wp-json\/wp\/v2\/posts\/13746\/revisions\/13749"}],"wp:featuredmedia":[{"embeddable":true,"href":"https:\/\/www.naturparkmagazin.de\/vdn\/wp-json\/wp\/v2\/media\/13747"}],"wp:attachment":[{"href":"https:\/\/www.naturparkmagazin.de\/vdn\/wp-json\/wp\/v2\/media?parent=13746"}],"wp:term":[{"taxonomy":"category","embeddable":true,"href":"https:\/\/www.naturparkmagazin.de\/vdn\/wp-json\/wp\/v2\/categories?post=13746"},{"taxonomy":"post_tag","embeddable":true,"href":"https:\/\/www.naturparkmagazin.de\/vdn\/wp-json\/wp\/v2\/tags?post=13746"}],"curies":[{"name":"wp","href":"https:\/\/api.w.org\/{rel}","templated":true}]}}