{"id":13760,"date":"2021-06-30T12:00:42","date_gmt":"2021-06-30T10:00:42","guid":{"rendered":"https:\/\/www.naturparkmagazin.de\/vdn\/?p=13760"},"modified":"2021-07-15T10:56:02","modified_gmt":"2021-07-15T08:56:02","slug":"naturaktionstage-2021-1-termin-im-naturpark","status":"publish","type":"post","link":"https:\/\/www.naturparkmagazin.de\/vdn\/naturaktionstage-2021-1-termin-im-naturpark\/","title":{"rendered":"Naturaktionstage 2021: Erster Termin im Naturpark"},"content":{"rendered":"<div id=\"attachment_13761\" style=\"width: 510px\" class=\"wp-caption aligncenter\"><a href=\"https:\/\/www.naturparkmagazin.de\/vdn\/wp-content\/uploads\/sites\/3\/1.-Naturaktionstag-Grundschule-Rischenau\u00a9Naturpark-Teutoburger-Wald-Eggegebirge6_b.jpg\"><img aria-describedby=\"caption-attachment-13761\" decoding=\"async\" loading=\"lazy\" class=\"size-full wp-image-13761\" src=\"https:\/\/www.naturparkmagazin.de\/vdn\/wp-content\/uploads\/sites\/3\/1.-Naturaktionstag-Grundschule-Rischenau\u00a9Naturpark-Teutoburger-Wald-Eggegebirge6_b.jpg\" alt=\"1. Naturaktionstag Grundschule Rischenau. \u00a9Naturpark Teutoburger Wald \/ Eggegebirge\" width=\"500\" height=\"300\" srcset=\"https:\/\/www.naturparkmagazin.de\/vdn\/wp-content\/uploads\/sites\/3\/1.-Naturaktionstag-Grundschule-Rischenau\u00a9Naturpark-Teutoburger-Wald-Eggegebirge6_b.jpg 500w, https:\/\/www.naturparkmagazin.de\/vdn\/wp-content\/uploads\/sites\/3\/1.-Naturaktionstag-Grundschule-Rischenau\u00a9Naturpark-Teutoburger-Wald-Eggegebirge6_b-300x180.jpg 300w, https:\/\/www.naturparkmagazin.de\/vdn\/wp-content\/uploads\/sites\/3\/1.-Naturaktionstag-Grundschule-Rischenau\u00a9Naturpark-Teutoburger-Wald-Eggegebirge6_b-200x120.jpg 200w\" sizes=\"(max-width: 500px) 100vw, 500px\" \/><\/a><p id=\"caption-attachment-13761\" class=\"wp-caption-text\">1. Naturaktionstag in der Grundschule Rischenau. \u00a9 Naturpark Teutoburger Wald\/Eggegebirge<\/p><\/div>\n<p>&nbsp;<\/p>\n<p>Seit 2018 f\u00fchren der Verband Deutscher Naturparke und die Naturparke vor Ort mit Unterst\u00fctzung durch das Unternehmen Kaufland in jedem Jahr 40 Naturaktionstage durch. Dabei k\u00f6nnen Schulklassen von Grundschulen oder weiterf\u00fchrenden Schulen einen Naturpark in ihrer N\u00e4he bei einer eint\u00e4gigen Exkursion entdecken.<\/p>\n<p>Kaufland beschreibt die Motivation f\u00fcr das eigene Engagement wie folgt: \u201eDie n\u00e4chste Generation ist uns ein gro\u00dfes Anliegen. Deshalb m\u00f6chten wir mit unserem Programm \u201eMachen macht Schule\u201c, das fester Bestandteil unseres gesellschaftlichen Engagements ist, Kinder bereits in jungen Jahren mit Zukunftsthemen in Ber\u00fchrung bringen. Und dies auf eine spannende Art und Weise \u2013 denn wir machen Umwelt, Natur und Ern\u00e4hrung in der Praxis erlebbar. Unser Motto: Kinder lernen viel besser durch Ausprobieren, Selbermachen und Gestalten.\u201c<\/p>\n<p>Den Auftakt der Naturaktionstage in diesem Jahr machte am 31. Mai die erst im M\u00e4rz dieses Jahres als Naturpark-Schule ausgezeichnete Grundschule Rischenau im Naturpark Teutoburger Wald\/Eggegebirge. Der Wunsch der Lehrer*innen war, dass alle 95 Kinder der Schule am Naturaktionstag teilnehmen k\u00f6nnen. Um dieses Ziel umzusetzen, organisierte Carolin Bockhoff, Mitarbeiterin des Naturparks Teutoburger Wald\/Eggegebirge, gleich mehrere Lerngruppen, die an einem in der N\u00e4he der Schule gelegenen Bach das Leben in und an diesem Flie\u00dfgew\u00e4sser erforscht haben.<\/p>\n<p>&nbsp;<\/p>\n<div id=\"attachment_13762\" style=\"width: 510px\" class=\"wp-caption aligncenter\"><a href=\"https:\/\/www.naturparkmagazin.de\/vdn\/wp-content\/uploads\/sites\/3\/1.-Naturaktionstag-Grundschule-Rischenau\u00a9Naturpark-Teutoburger-Wald-Eggegebirge3_b.jpg\"><img aria-describedby=\"caption-attachment-13762\" decoding=\"async\" loading=\"lazy\" class=\"size-full wp-image-13762\" src=\"https:\/\/www.naturparkmagazin.de\/vdn\/wp-content\/uploads\/sites\/3\/1.-Naturaktionstag-Grundschule-Rischenau\u00a9Naturpark-Teutoburger-Wald-Eggegebirge3_b.jpg\" alt=\"1. Naturaktionstag in der Grundschule Rischenau. \u00a9 Naturpark Teutoburger Wald \/ Eggegebirge\" width=\"500\" height=\"300\" srcset=\"https:\/\/www.naturparkmagazin.de\/vdn\/wp-content\/uploads\/sites\/3\/1.-Naturaktionstag-Grundschule-Rischenau\u00a9Naturpark-Teutoburger-Wald-Eggegebirge3_b.jpg 500w, https:\/\/www.naturparkmagazin.de\/vdn\/wp-content\/uploads\/sites\/3\/1.-Naturaktionstag-Grundschule-Rischenau\u00a9Naturpark-Teutoburger-Wald-Eggegebirge3_b-300x180.jpg 300w, https:\/\/www.naturparkmagazin.de\/vdn\/wp-content\/uploads\/sites\/3\/1.-Naturaktionstag-Grundschule-Rischenau\u00a9Naturpark-Teutoburger-Wald-Eggegebirge3_b-200x120.jpg 200w\" sizes=\"(max-width: 500px) 100vw, 500px\" \/><\/a><p id=\"caption-attachment-13762\" class=\"wp-caption-text\">Kleine Forscherinnen beim 1. Naturaktionstag in der Grundschule Rischenau in Aktion. \u00a9 Naturpark Teutoburger Wald\/Eggegebirge<\/p><\/div>\n<p>&nbsp;<\/p>\n<p>Am 31. Mai hat die 4. Klasse mit der Umweltp\u00e4dagogin Frau Hecker den Schmiedebach in Rischenau erkundet und die Wasserqualit\u00e4t anhand der zu findenden Wassertiere bestimmt. Alle Kinder hatten Gummistiefel dabei &#8211; so konnte auch im Bach geforscht werden. Es wurden Tierchen und Pflanzen untersucht und anhand des Lehrmaterials von Frau Hecker bestimmt. Die Kinder hatten viel Spa\u00df dabei, im Bach zu forschen. F\u00fcr manche war es auch eine \u00dcberwindung, die Wassertiere zu fangen. Die Lehrerin war begeistert und wird mit der Klasse noch einen Bericht \u00fcber den Tag verfassen, damit das Erlebte auch im Unterricht nachgearbeitet werden kann.<\/p>\n<p>Ein toller Tag mit tollem Wetter und ein toller Einstieg f\u00fcr die Klasse am ersten Tag, an dem sie Corona-bedingt wieder alle gemeinsam in der Klasse sein durften.<\/p>\n<p>Die Termine f\u00fcr die weiteren Lerngruppen folgen bis Ende Juli.<\/p>\n<p>&nbsp;<\/p>\n","protected":false},"excerpt":{"rendered":"<p>Auch im Jahr 2021 erm\u00f6glichen das Unternehmen Kaufland und der VDN deutschlandweit wieder 40 Schulklassen an Grund- und weiterf\u00fchrenden Schulen eine eint\u00e4gige Exkursion in einen nahegelegenen Naturpark. <\/p>\n","protected":false},"author":51,"featured_media":13764,"comment_status":"open","ping_status":"open","sticky":false,"template":"","format":"standard","meta":{"_links_to":"","_links_to_target":""},"categories":[7],"tags":[],"yoast_head":"<!-- This site is optimized with the Yoast SEO plugin v19.10 - https:\/\/yoast.com\/wordpress\/plugins\/seo\/ -->\n<title>Naturaktionstage 2021: Erster Termin im Naturpark<\/title>\n<meta name=\"description\" content=\"Auch im Jahr 2021 erm\u00f6glichen das Unternehmen Kaufland und der VDN deutschlandweit wieder 40 Schulklassen an Grund- und weiterf\u00fchrenden Schulen eine eint\u00e4gige Exkursion in einen nahegelegenen Naturpark.\" \/>\n<meta name=\"robots\" content=\"index, follow, max-snippet:-1, max-image-preview:large, max-video-preview:-1\" \/>\n<link rel=\"canonical\" href=\"https:\/\/www.naturparkmagazin.de\/vdn\/naturaktionstage-2021-1-termin-im-naturpark\/\" \/>\n<meta property=\"og:locale\" content=\"de_DE\" \/>\n<meta property=\"og:type\" content=\"article\" \/>\n<meta property=\"og:title\" content=\"Naturaktionstage 2021: Erster Termin im Naturpark\" \/>\n<meta property=\"og:description\" content=\"Auch im Jahr 2021 erm\u00f6glichen das Unternehmen Kaufland und der VDN deutschlandweit wieder 40 Schulklassen an Grund- und weiterf\u00fchrenden Schulen eine eint\u00e4gige Exkursion in einen nahegelegenen Naturpark.\" \/>\n<meta property=\"og:url\" content=\"https:\/\/www.naturparkmagazin.de\/vdn\/naturaktionstage-2021-1-termin-im-naturpark\/\" \/>\n<meta property=\"og:site_name\" content=\"Verband Deutscher Naturparke\" \/>\n<meta property=\"article:published_time\" content=\"2021-06-30T10:00:42+00:00\" \/>\n<meta property=\"article:modified_time\" content=\"2021-07-15T08:56:02+00:00\" \/>\n<meta property=\"og:image\" content=\"https:\/\/www.naturparkmagazin.de\/vdn\/wp-content\/uploads\/sites\/3\/1.-Naturaktionstag-Grundschule-Rischenau\u00a9Naturpark-Teutoburger-Wald-Eggegebirge6_bf.jpg\" \/>\n\t<meta property=\"og:image:width\" content=\"200\" \/>\n\t<meta property=\"og:image:height\" content=\"200\" \/>\n\t<meta property=\"og:image:type\" content=\"image\/jpeg\" \/>\n<meta name=\"author\" content=\"beatrixlosem\" \/>\n<meta name=\"twitter:label1\" content=\"Verfasst von\" \/>\n\t<meta name=\"twitter:data1\" content=\"beatrixlosem\" \/>\n\t<meta name=\"twitter:label2\" content=\"Gesch\u00e4tzte Lesezeit\" \/>\n\t<meta name=\"twitter:data2\" content=\"2\u00a0Minuten\" \/>\n<script type=\"application\/ld+json\" class=\"yoast-schema-graph\">{\"@context\":\"https:\/\/schema.org\",\"@graph\":[{\"@type\":\"WebPage\",\"@id\":\"https:\/\/www.naturparkmagazin.de\/vdn\/naturaktionstage-2021-1-termin-im-naturpark\/\",\"url\":\"https:\/\/www.naturparkmagazin.de\/vdn\/naturaktionstage-2021-1-termin-im-naturpark\/\",\"name\":\"Naturaktionstage 2021: Erster Termin im Naturpark\",\"isPartOf\":{\"@id\":\"https:\/\/www.naturparkmagazin.de\/vdn\/#website\"},\"datePublished\":\"2021-06-30T10:00:42+00:00\",\"dateModified\":\"2021-07-15T08:56:02+00:00\",\"author\":{\"@id\":\"https:\/\/www.naturparkmagazin.de\/vdn\/#\/schema\/person\/d71357578c318b6db03be60b1f60396b\"},\"description\":\"Auch im Jahr 2021 erm\u00f6glichen das Unternehmen Kaufland und der VDN deutschlandweit wieder 40 Schulklassen an Grund- und weiterf\u00fchrenden Schulen eine eint\u00e4gige Exkursion in einen nahegelegenen Naturpark.\",\"breadcrumb\":{\"@id\":\"https:\/\/www.naturparkmagazin.de\/vdn\/naturaktionstage-2021-1-termin-im-naturpark\/#breadcrumb\"},\"inLanguage\":\"de\",\"potentialAction\":[{\"@type\":\"ReadAction\",\"target\":[\"https:\/\/www.naturparkmagazin.de\/vdn\/naturaktionstage-2021-1-termin-im-naturpark\/\"]}]},{\"@type\":\"BreadcrumbList\",\"@id\":\"https:\/\/www.naturparkmagazin.de\/vdn\/naturaktionstage-2021-1-termin-im-naturpark\/#breadcrumb\",\"itemListElement\":[{\"@type\":\"ListItem\",\"position\":1,\"name\":\"Home\",\"item\":\"https:\/\/www.naturparkmagazin.de\/vdn\/\"},{\"@type\":\"ListItem\",\"position\":2,\"name\":\"Naturaktionstage 2021: Erster Termin im Naturpark\"}]},{\"@type\":\"WebSite\",\"@id\":\"https:\/\/www.naturparkmagazin.de\/vdn\/#website\",\"url\":\"https:\/\/www.naturparkmagazin.de\/vdn\/\",\"name\":\"Verband Deutscher Naturparke\",\"description\":\"Eine weitere Naturparkmagazin.de Netzwerk Seite\",\"potentialAction\":[{\"@type\":\"SearchAction\",\"target\":{\"@type\":\"EntryPoint\",\"urlTemplate\":\"https:\/\/www.naturparkmagazin.de\/vdn\/?s={search_term_string}\"},\"query-input\":\"required name=search_term_string\"}],\"inLanguage\":\"de\"},{\"@type\":\"Person\",\"@id\":\"https:\/\/www.naturparkmagazin.de\/vdn\/#\/schema\/person\/d71357578c318b6db03be60b1f60396b\",\"name\":\"beatrixlosem\",\"url\":\"https:\/\/www.naturparkmagazin.de\/vdn\/author\/beatrixlosem\/\"}]}<\/script>\n<!-- \/ Yoast SEO plugin. -->","yoast_head_json":{"title":"Naturaktionstage 2021: Erster Termin im Naturpark","description":"Auch im Jahr 2021 erm\u00f6glichen das Unternehmen Kaufland und der VDN deutschlandweit wieder 40 Schulklassen an Grund- und weiterf\u00fchrenden Schulen eine eint\u00e4gige Exkursion in einen nahegelegenen Naturpark.","robots":{"index":"index","follow":"follow","max-snippet":"max-snippet:-1","max-image-preview":"max-image-preview:large","max-video-preview":"max-video-preview:-1"},"canonical":"https:\/\/www.naturparkmagazin.de\/vdn\/naturaktionstage-2021-1-termin-im-naturpark\/","og_locale":"de_DE","og_type":"article","og_title":"Naturaktionstage 2021: Erster Termin im Naturpark","og_description":"Auch im Jahr 2021 erm\u00f6glichen das Unternehmen Kaufland und der VDN deutschlandweit wieder 40 Schulklassen an Grund- und weiterf\u00fchrenden Schulen eine eint\u00e4gige Exkursion in einen nahegelegenen Naturpark.","og_url":"https:\/\/www.naturparkmagazin.de\/vdn\/naturaktionstage-2021-1-termin-im-naturpark\/","og_site_name":"Verband Deutscher Naturparke","article_published_time":"2021-06-30T10:00:42+00:00","article_modified_time":"2021-07-15T08:56:02+00:00","og_image":[{"width":200,"height":200,"url":"https:\/\/www.naturparkmagazin.de\/vdn\/wp-content\/uploads\/sites\/3\/1.-Naturaktionstag-Grundschule-Rischenau\u00a9Naturpark-Teutoburger-Wald-Eggegebirge6_bf.jpg","type":"image\/jpeg"}],"author":"beatrixlosem","twitter_misc":{"Verfasst von":"beatrixlosem","Gesch\u00e4tzte Lesezeit":"2\u00a0Minuten"},"schema":{"@context":"https:\/\/schema.org","@graph":[{"@type":"WebPage","@id":"https:\/\/www.naturparkmagazin.de\/vdn\/naturaktionstage-2021-1-termin-im-naturpark\/","url":"https:\/\/www.naturparkmagazin.de\/vdn\/naturaktionstage-2021-1-termin-im-naturpark\/","name":"Naturaktionstage 2021: Erster Termin im Naturpark","isPartOf":{"@id":"https:\/\/www.naturparkmagazin.de\/vdn\/#website"},"datePublished":"2021-06-30T10:00:42+00:00","dateModified":"2021-07-15T08:56:02+00:00","author":{"@id":"https:\/\/www.naturparkmagazin.de\/vdn\/#\/schema\/person\/d71357578c318b6db03be60b1f60396b"},"description":"Auch im Jahr 2021 erm\u00f6glichen das Unternehmen Kaufland und der VDN deutschlandweit wieder 40 Schulklassen an Grund- und weiterf\u00fchrenden Schulen eine eint\u00e4gige Exkursion in einen nahegelegenen Naturpark.","breadcrumb":{"@id":"https:\/\/www.naturparkmagazin.de\/vdn\/naturaktionstage-2021-1-termin-im-naturpark\/#breadcrumb"},"inLanguage":"de","potentialAction":[{"@type":"ReadAction","target":["https:\/\/www.naturparkmagazin.de\/vdn\/naturaktionstage-2021-1-termin-im-naturpark\/"]}]},{"@type":"BreadcrumbList","@id":"https:\/\/www.naturparkmagazin.de\/vdn\/naturaktionstage-2021-1-termin-im-naturpark\/#breadcrumb","itemListElement":[{"@type":"ListItem","position":1,"name":"Home","item":"https:\/\/www.naturparkmagazin.de\/vdn\/"},{"@type":"ListItem","position":2,"name":"Naturaktionstage 2021: Erster Termin im Naturpark"}]},{"@type":"WebSite","@id":"https:\/\/www.naturparkmagazin.de\/vdn\/#website","url":"https:\/\/www.naturparkmagazin.de\/vdn\/","name":"Verband Deutscher Naturparke","description":"Eine weitere Naturparkmagazin.de Netzwerk Seite","potentialAction":[{"@type":"SearchAction","target":{"@type":"EntryPoint","urlTemplate":"https:\/\/www.naturparkmagazin.de\/vdn\/?s={search_term_string}"},"query-input":"required name=search_term_string"}],"inLanguage":"de"},{"@type":"Person","@id":"https:\/\/www.naturparkmagazin.de\/vdn\/#\/schema\/person\/d71357578c318b6db03be60b1f60396b","name":"beatrixlosem","url":"https:\/\/www.naturparkmagazin.de\/vdn\/author\/beatrixlosem\/"}]}},"_links":{"self":[{"href":"https:\/\/www.naturparkmagazin.de\/vdn\/wp-json\/wp\/v2\/posts\/13760"}],"collection":[{"href":"https:\/\/www.naturparkmagazin.de\/vdn\/wp-json\/wp\/v2\/posts"}],"about":[{"href":"https:\/\/www.naturparkmagazin.de\/vdn\/wp-json\/wp\/v2\/types\/post"}],"author":[{"embeddable":true,"href":"https:\/\/www.naturparkmagazin.de\/vdn\/wp-json\/wp\/v2\/users\/51"}],"replies":[{"embeddable":true,"href":"https:\/\/www.naturparkmagazin.de\/vdn\/wp-json\/wp\/v2\/comments?post=13760"}],"version-history":[{"count":5,"href":"https:\/\/www.naturparkmagazin.de\/vdn\/wp-json\/wp\/v2\/posts\/13760\/revisions"}],"predecessor-version":[{"id":13800,"href":"https:\/\/www.naturparkmagazin.de\/vdn\/wp-json\/wp\/v2\/posts\/13760\/revisions\/13800"}],"wp:featuredmedia":[{"embeddable":true,"href":"https:\/\/www.naturparkmagazin.de\/vdn\/wp-json\/wp\/v2\/media\/13764"}],"wp:attachment":[{"href":"https:\/\/www.naturparkmagazin.de\/vdn\/wp-json\/wp\/v2\/media?parent=13760"}],"wp:term":[{"taxonomy":"category","embeddable":true,"href":"https:\/\/www.naturparkmagazin.de\/vdn\/wp-json\/wp\/v2\/categories?post=13760"},{"taxonomy":"post_tag","embeddable":true,"href":"https:\/\/www.naturparkmagazin.de\/vdn\/wp-json\/wp\/v2\/tags?post=13760"}],"curies":[{"name":"wp","href":"https:\/\/api.w.org\/{rel}","templated":true}]}}