{"id":13768,"date":"2021-06-30T11:00:15","date_gmt":"2021-06-30T09:00:15","guid":{"rendered":"https:\/\/www.naturparkmagazin.de\/vdn\/?p=13768"},"modified":"2021-07-15T10:56:38","modified_gmt":"2021-07-15T08:56:38","slug":"der-neue-naturpark-knuell","status":"publish","type":"post","link":"https:\/\/www.naturparkmagazin.de\/vdn\/der-neue-naturpark-knuell\/","title":{"rendered":"Der Neue: Naturpark Kn\u00fcll"},"content":{"rendered":"<div id=\"attachment_13773\" style=\"width: 1642px\" class=\"wp-caption alignnone\"><a href=\"https:\/\/www.naturparkmagazin.de\/vdn\/wp-content\/uploads\/sites\/3\/Blick-nach-Neuenstein_c_Anders_m.jpg\"><img aria-describedby=\"caption-attachment-13773\" decoding=\"async\" loading=\"lazy\" class=\"size-full wp-image-13773\" src=\"https:\/\/www.naturparkmagazin.de\/vdn\/wp-content\/uploads\/sites\/3\/Blick-nach-Neuenstein_c_Anders_m.jpg\" alt=\"Naturpark Kn\u00fcll: Blick nach Neuenstein. \u00a9 Katrin Anders\" width=\"1632\" height=\"1224\" srcset=\"https:\/\/www.naturparkmagazin.de\/vdn\/wp-content\/uploads\/sites\/3\/Blick-nach-Neuenstein_c_Anders_m.jpg 1632w, https:\/\/www.naturparkmagazin.de\/vdn\/wp-content\/uploads\/sites\/3\/Blick-nach-Neuenstein_c_Anders_m-300x225.jpg 300w, https:\/\/www.naturparkmagazin.de\/vdn\/wp-content\/uploads\/sites\/3\/Blick-nach-Neuenstein_c_Anders_m-620x465.jpg 620w, https:\/\/www.naturparkmagazin.de\/vdn\/wp-content\/uploads\/sites\/3\/Blick-nach-Neuenstein_c_Anders_m-940x705.jpg 940w, https:\/\/www.naturparkmagazin.de\/vdn\/wp-content\/uploads\/sites\/3\/Blick-nach-Neuenstein_c_Anders_m-580x435.jpg 580w, https:\/\/www.naturparkmagazin.de\/vdn\/wp-content\/uploads\/sites\/3\/Blick-nach-Neuenstein_c_Anders_m-420x315.jpg 420w, https:\/\/www.naturparkmagazin.de\/vdn\/wp-content\/uploads\/sites\/3\/Blick-nach-Neuenstein_c_Anders_m-180x135.jpg 180w, https:\/\/www.naturparkmagazin.de\/vdn\/wp-content\/uploads\/sites\/3\/Blick-nach-Neuenstein_c_Anders_m-95x71.jpg 95w, https:\/\/www.naturparkmagazin.de\/vdn\/wp-content\/uploads\/sites\/3\/Blick-nach-Neuenstein_c_Anders_m-670x503.jpg 670w, https:\/\/www.naturparkmagazin.de\/vdn\/wp-content\/uploads\/sites\/3\/Blick-nach-Neuenstein_c_Anders_m-200x150.jpg 200w\" sizes=\"(max-width: 1632px) 100vw, 1632px\" \/><\/a><p id=\"caption-attachment-13773\" class=\"wp-caption-text\">Naturpark Kn\u00fcll: Blick nach Neuenstein. \u00a9 Katrin Anders<\/p><\/div>\n<p>Basalt-Kuppenlandschaft im Norden, Wald im Osten und fruchtbare Ackerlandschaften im S\u00fcden &#8211; die nordhessische Region Kn\u00fcll ist vielf\u00e4ltig und abwechslungsreich.<\/p>\n<p>Seit dem 1. Juni darf sie sich offiziell &#8222;Naturpark&#8220; nennen und wird damit der 13. Naturpark, der vom Land Hessen seit 1957 anerkannt worden ist. Bundesweit ist es der 104. Naturpark.<\/p>\n<div id=\"attachment_13770\" style=\"width: 710px\" class=\"wp-caption aligncenter\"><a href=\"https:\/\/www.naturparkmagazin.de\/vdn\/wp-content\/uploads\/sites\/3\/20210531-Gr\u00fcndung-Naturpark-Knuell_c_Kerstin_Knoch.jpg\"><img aria-describedby=\"caption-attachment-13770\" decoding=\"async\" loading=\"lazy\" class=\"size-full wp-image-13770\" src=\"https:\/\/www.naturparkmagazin.de\/vdn\/wp-content\/uploads\/sites\/3\/20210531-Gr\u00fcndung-Naturpark-Knuell_c_Kerstin_Knoch.jpg\" alt=\"Gruppenbild zur Gr\u00fcndung des Naturparks Kn\u00fcll. \u00a9 Kerstin Knoch\" width=\"700\" height=\"999\" srcset=\"https:\/\/www.naturparkmagazin.de\/vdn\/wp-content\/uploads\/sites\/3\/20210531-Gr\u00fcndung-Naturpark-Knuell_c_Kerstin_Knoch.jpg 700w, https:\/\/www.naturparkmagazin.de\/vdn\/wp-content\/uploads\/sites\/3\/20210531-Gr\u00fcndung-Naturpark-Knuell_c_Kerstin_Knoch-300x428.jpg 300w, https:\/\/www.naturparkmagazin.de\/vdn\/wp-content\/uploads\/sites\/3\/20210531-Gr\u00fcndung-Naturpark-Knuell_c_Kerstin_Knoch-620x885.jpg 620w, https:\/\/www.naturparkmagazin.de\/vdn\/wp-content\/uploads\/sites\/3\/20210531-Gr\u00fcndung-Naturpark-Knuell_c_Kerstin_Knoch-670x956.jpg 670w, https:\/\/www.naturparkmagazin.de\/vdn\/wp-content\/uploads\/sites\/3\/20210531-Gr\u00fcndung-Naturpark-Knuell_c_Kerstin_Knoch-200x285.jpg 200w\" sizes=\"(max-width: 700px) 100vw, 700px\" \/><\/a><p id=\"caption-attachment-13770\" class=\"wp-caption-text\">Gruppenbild zur Gr\u00fcndung des Naturparks Kn\u00fcll. \u00a9 Kerstin Knoch<\/p><\/div>\n<p>&#8222;Die Anerkennung als Naturpark tr\u00e4gt zur Entwicklung der Region bei, wertet die naturnahe Erholung auf und st\u00e4rkt einen nachhaltigen Tourismus f\u00fcr Einheimische und G\u00e4ste&#8220;, sagte Umweltministerin Priska Hinz (Gr\u00fcne) am 31. Mai 2021 in Kn\u00fcllwald.<\/p>\n<p>Der neue Naturpark Tr\u00e4ger hat eine Fl\u00e4che von 83.000 Hektar. Tr\u00e4ger des Naturparks ist der Zweckverband Kn\u00fcllgebiet. Insgesamt 17 St\u00e4dte und Gemeinden liegen ganz oder teilweise im Naturpark Kn\u00fcll.<\/p>\n<p>Der Zweckverbandsvorsitzende Nico Ritz k\u00fcndigte an, im ersten Jahr vor allem die Bildungsarbeit vorantreiben zu wollen. &#8222;So wollen wir nach M\u00f6glichkeit ehrenamtliche Naturparkf\u00fchrer*innen ausbilden und in das Projekt &#8222;Naturpark-Kitas&#8220; des Verbands Deutscher Naturparke einsteigen.&#8220; Durch die Kooperation von Naturparken und Kitas werden den Kindern vielf\u00e4ltige Lern- und Erfahrungsorte und die M\u00f6glichkeit, die heimische Natur vor der T\u00fcr zu entdecken, geboten. Spannende Exkursionen in verschiedene Lebensr\u00e4ume wecken Interesse f\u00fcr die Vorg\u00e4nge in der Natur. In Kooperation mit weiteren Partnern wie Natur- und Landschaftsf\u00fchrer*innen, Landwirt*innen, F\u00f6rster*innen oder Handwerker*innen werden Themen zu Wildnis, Natur und Landschaft, Land- und Forstwirtschaft, aber auch kulturelle Themen wie Kunst und Handwerk, Geschichtliches, Sagen und Br\u00e4uche aus der Region aufgegriffen.<\/p>\n","protected":false},"excerpt":{"rendered":"<p>Die nordhessische Region Kn\u00fcll ist vielf\u00e4ltig und abwechslungsreich und seit dem 1. Juni 2021 offiziell als &#8222;Naturpark&#8220; anerkannt.<\/p>\n","protected":false},"author":73,"featured_media":13798,"comment_status":"open","ping_status":"open","sticky":false,"template":"","format":"standard","meta":{"_links_to":"","_links_to_target":""},"categories":[7],"tags":[],"yoast_head":"<!-- This site is optimized with the Yoast SEO plugin v19.10 - https:\/\/yoast.com\/wordpress\/plugins\/seo\/ -->\n<title>Der Neue: Naturpark Kn\u00fcll<\/title>\n<meta name=\"description\" content=\"Die nordhessische Region Kn\u00fcll ist vielf\u00e4ltig und abwechslungsreich und seit dem 1. Juni 2021 offiziell als &quot;Naturpark&quot; anerkannt.\" \/>\n<meta name=\"robots\" content=\"index, follow, max-snippet:-1, max-image-preview:large, max-video-preview:-1\" \/>\n<link rel=\"canonical\" href=\"https:\/\/www.naturparkmagazin.de\/vdn\/der-neue-naturpark-knuell\/\" \/>\n<meta property=\"og:locale\" content=\"de_DE\" \/>\n<meta property=\"og:type\" content=\"article\" \/>\n<meta property=\"og:title\" content=\"Der Neue: Naturpark Kn\u00fcll\" \/>\n<meta property=\"og:description\" content=\"Die nordhessische Region Kn\u00fcll ist vielf\u00e4ltig und abwechslungsreich und seit dem 1. Juni 2021 offiziell als &quot;Naturpark&quot; anerkannt.\" \/>\n<meta property=\"og:url\" content=\"https:\/\/www.naturparkmagazin.de\/vdn\/der-neue-naturpark-knuell\/\" \/>\n<meta property=\"og:site_name\" content=\"Verband Deutscher Naturparke\" \/>\n<meta property=\"article:published_time\" content=\"2021-06-30T09:00:15+00:00\" \/>\n<meta property=\"article:modified_time\" content=\"2021-07-15T08:56:38+00:00\" \/>\n<meta property=\"og:image\" content=\"https:\/\/www.naturparkmagazin.de\/vdn\/wp-content\/uploads\/sites\/3\/Blick-nach-Neuenstein_c_Anders_m-940x7051.jpg\" \/>\n\t<meta property=\"og:image:width\" content=\"200\" \/>\n\t<meta property=\"og:image:height\" content=\"200\" \/>\n\t<meta property=\"og:image:type\" content=\"image\/jpeg\" \/>\n<meta name=\"author\" content=\"manuelamerz\" \/>\n<meta name=\"twitter:label1\" content=\"Verfasst von\" \/>\n\t<meta name=\"twitter:data1\" content=\"manuelamerz\" \/>\n\t<meta name=\"twitter:label2\" content=\"Gesch\u00e4tzte Lesezeit\" \/>\n\t<meta name=\"twitter:data2\" content=\"1\u00a0Minute\" \/>\n<script type=\"application\/ld+json\" class=\"yoast-schema-graph\">{\"@context\":\"https:\/\/schema.org\",\"@graph\":[{\"@type\":\"WebPage\",\"@id\":\"https:\/\/www.naturparkmagazin.de\/vdn\/der-neue-naturpark-knuell\/\",\"url\":\"https:\/\/www.naturparkmagazin.de\/vdn\/der-neue-naturpark-knuell\/\",\"name\":\"Der Neue: Naturpark Kn\u00fcll\",\"isPartOf\":{\"@id\":\"https:\/\/www.naturparkmagazin.de\/vdn\/#website\"},\"datePublished\":\"2021-06-30T09:00:15+00:00\",\"dateModified\":\"2021-07-15T08:56:38+00:00\",\"author\":{\"@id\":\"https:\/\/www.naturparkmagazin.de\/vdn\/#\/schema\/person\/3cff9b8773ed55f0189255fa9adfd57c\"},\"description\":\"Die nordhessische Region Kn\u00fcll ist vielf\u00e4ltig und abwechslungsreich und seit dem 1. Juni 2021 offiziell als \\\"Naturpark\\\" anerkannt.\",\"breadcrumb\":{\"@id\":\"https:\/\/www.naturparkmagazin.de\/vdn\/der-neue-naturpark-knuell\/#breadcrumb\"},\"inLanguage\":\"de\",\"potentialAction\":[{\"@type\":\"ReadAction\",\"target\":[\"https:\/\/www.naturparkmagazin.de\/vdn\/der-neue-naturpark-knuell\/\"]}]},{\"@type\":\"BreadcrumbList\",\"@id\":\"https:\/\/www.naturparkmagazin.de\/vdn\/der-neue-naturpark-knuell\/#breadcrumb\",\"itemListElement\":[{\"@type\":\"ListItem\",\"position\":1,\"name\":\"Home\",\"item\":\"https:\/\/www.naturparkmagazin.de\/vdn\/\"},{\"@type\":\"ListItem\",\"position\":2,\"name\":\"Der Neue: Naturpark Kn\u00fcll\"}]},{\"@type\":\"WebSite\",\"@id\":\"https:\/\/www.naturparkmagazin.de\/vdn\/#website\",\"url\":\"https:\/\/www.naturparkmagazin.de\/vdn\/\",\"name\":\"Verband Deutscher Naturparke\",\"description\":\"Eine weitere Naturparkmagazin.de Netzwerk Seite\",\"potentialAction\":[{\"@type\":\"SearchAction\",\"target\":{\"@type\":\"EntryPoint\",\"urlTemplate\":\"https:\/\/www.naturparkmagazin.de\/vdn\/?s={search_term_string}\"},\"query-input\":\"required name=search_term_string\"}],\"inLanguage\":\"de\"},{\"@type\":\"Person\",\"@id\":\"https:\/\/www.naturparkmagazin.de\/vdn\/#\/schema\/person\/3cff9b8773ed55f0189255fa9adfd57c\",\"name\":\"manuelamerz\",\"url\":\"https:\/\/www.naturparkmagazin.de\/vdn\/author\/manuelamerz\/\"}]}<\/script>\n<!-- \/ Yoast SEO plugin. -->","yoast_head_json":{"title":"Der Neue: Naturpark Kn\u00fcll","description":"Die nordhessische Region Kn\u00fcll ist vielf\u00e4ltig und abwechslungsreich und seit dem 1. Juni 2021 offiziell als \"Naturpark\" anerkannt.","robots":{"index":"index","follow":"follow","max-snippet":"max-snippet:-1","max-image-preview":"max-image-preview:large","max-video-preview":"max-video-preview:-1"},"canonical":"https:\/\/www.naturparkmagazin.de\/vdn\/der-neue-naturpark-knuell\/","og_locale":"de_DE","og_type":"article","og_title":"Der Neue: Naturpark Kn\u00fcll","og_description":"Die nordhessische Region Kn\u00fcll ist vielf\u00e4ltig und abwechslungsreich und seit dem 1. Juni 2021 offiziell als \"Naturpark\" anerkannt.","og_url":"https:\/\/www.naturparkmagazin.de\/vdn\/der-neue-naturpark-knuell\/","og_site_name":"Verband Deutscher Naturparke","article_published_time":"2021-06-30T09:00:15+00:00","article_modified_time":"2021-07-15T08:56:38+00:00","og_image":[{"width":200,"height":200,"url":"https:\/\/www.naturparkmagazin.de\/vdn\/wp-content\/uploads\/sites\/3\/Blick-nach-Neuenstein_c_Anders_m-940x7051.jpg","type":"image\/jpeg"}],"author":"manuelamerz","twitter_misc":{"Verfasst von":"manuelamerz","Gesch\u00e4tzte Lesezeit":"1\u00a0Minute"},"schema":{"@context":"https:\/\/schema.org","@graph":[{"@type":"WebPage","@id":"https:\/\/www.naturparkmagazin.de\/vdn\/der-neue-naturpark-knuell\/","url":"https:\/\/www.naturparkmagazin.de\/vdn\/der-neue-naturpark-knuell\/","name":"Der Neue: Naturpark Kn\u00fcll","isPartOf":{"@id":"https:\/\/www.naturparkmagazin.de\/vdn\/#website"},"datePublished":"2021-06-30T09:00:15+00:00","dateModified":"2021-07-15T08:56:38+00:00","author":{"@id":"https:\/\/www.naturparkmagazin.de\/vdn\/#\/schema\/person\/3cff9b8773ed55f0189255fa9adfd57c"},"description":"Die nordhessische Region Kn\u00fcll ist vielf\u00e4ltig und abwechslungsreich und seit dem 1. Juni 2021 offiziell als \"Naturpark\" anerkannt.","breadcrumb":{"@id":"https:\/\/www.naturparkmagazin.de\/vdn\/der-neue-naturpark-knuell\/#breadcrumb"},"inLanguage":"de","potentialAction":[{"@type":"ReadAction","target":["https:\/\/www.naturparkmagazin.de\/vdn\/der-neue-naturpark-knuell\/"]}]},{"@type":"BreadcrumbList","@id":"https:\/\/www.naturparkmagazin.de\/vdn\/der-neue-naturpark-knuell\/#breadcrumb","itemListElement":[{"@type":"ListItem","position":1,"name":"Home","item":"https:\/\/www.naturparkmagazin.de\/vdn\/"},{"@type":"ListItem","position":2,"name":"Der Neue: Naturpark Kn\u00fcll"}]},{"@type":"WebSite","@id":"https:\/\/www.naturparkmagazin.de\/vdn\/#website","url":"https:\/\/www.naturparkmagazin.de\/vdn\/","name":"Verband Deutscher Naturparke","description":"Eine weitere Naturparkmagazin.de Netzwerk Seite","potentialAction":[{"@type":"SearchAction","target":{"@type":"EntryPoint","urlTemplate":"https:\/\/www.naturparkmagazin.de\/vdn\/?s={search_term_string}"},"query-input":"required name=search_term_string"}],"inLanguage":"de"},{"@type":"Person","@id":"https:\/\/www.naturparkmagazin.de\/vdn\/#\/schema\/person\/3cff9b8773ed55f0189255fa9adfd57c","name":"manuelamerz","url":"https:\/\/www.naturparkmagazin.de\/vdn\/author\/manuelamerz\/"}]}},"_links":{"self":[{"href":"https:\/\/www.naturparkmagazin.de\/vdn\/wp-json\/wp\/v2\/posts\/13768"}],"collection":[{"href":"https:\/\/www.naturparkmagazin.de\/vdn\/wp-json\/wp\/v2\/posts"}],"about":[{"href":"https:\/\/www.naturparkmagazin.de\/vdn\/wp-json\/wp\/v2\/types\/post"}],"author":[{"embeddable":true,"href":"https:\/\/www.naturparkmagazin.de\/vdn\/wp-json\/wp\/v2\/users\/73"}],"replies":[{"embeddable":true,"href":"https:\/\/www.naturparkmagazin.de\/vdn\/wp-json\/wp\/v2\/comments?post=13768"}],"version-history":[{"count":4,"href":"https:\/\/www.naturparkmagazin.de\/vdn\/wp-json\/wp\/v2\/posts\/13768\/revisions"}],"predecessor-version":[{"id":13774,"href":"https:\/\/www.naturparkmagazin.de\/vdn\/wp-json\/wp\/v2\/posts\/13768\/revisions\/13774"}],"wp:featuredmedia":[{"embeddable":true,"href":"https:\/\/www.naturparkmagazin.de\/vdn\/wp-json\/wp\/v2\/media\/13798"}],"wp:attachment":[{"href":"https:\/\/www.naturparkmagazin.de\/vdn\/wp-json\/wp\/v2\/media?parent=13768"}],"wp:term":[{"taxonomy":"category","embeddable":true,"href":"https:\/\/www.naturparkmagazin.de\/vdn\/wp-json\/wp\/v2\/categories?post=13768"},{"taxonomy":"post_tag","embeddable":true,"href":"https:\/\/www.naturparkmagazin.de\/vdn\/wp-json\/wp\/v2\/tags?post=13768"}],"curies":[{"name":"wp","href":"https:\/\/api.w.org\/{rel}","templated":true}]}}