{"id":13814,"date":"2021-07-31T12:55:47","date_gmt":"2021-07-31T10:55:47","guid":{"rendered":"https:\/\/www.naturparkmagazin.de\/vdn\/?p=13814"},"modified":"2021-08-16T15:24:07","modified_gmt":"2021-08-16T13:24:07","slug":"10-jahre-nachhaltige-regionalentwicklung-in-naturparken","status":"publish","type":"post","link":"https:\/\/www.naturparkmagazin.de\/vdn\/10-jahre-nachhaltige-regionalentwicklung-in-naturparken\/","title":{"rendered":"10 Jahre nachhaltige Regionalentwicklung in Naturparken"},"content":{"rendered":"<div id=\"attachment_13816\" style=\"width: 510px\" class=\"wp-caption alignnone\"><a href=\"https:\/\/www.naturparkmagazin.de\/vdn\/wp-content\/uploads\/sites\/3\/Liesen_K\u00e4serei_Glocknerhofbe.jpg\"><img aria-describedby=\"caption-attachment-13816\" decoding=\"async\" loading=\"lazy\" class=\"size-full wp-image-13816\" src=\"https:\/\/www.naturparkmagazin.de\/vdn\/wp-content\/uploads\/sites\/3\/Liesen_K\u00e4serei_Glocknerhofbe.jpg\" alt=\"K\u00e4serei Glocknerhof \u00a9 VDN \/ Liesen\" width=\"500\" height=\"222\" srcset=\"https:\/\/www.naturparkmagazin.de\/vdn\/wp-content\/uploads\/sites\/3\/Liesen_K\u00e4serei_Glocknerhofbe.jpg 500w, https:\/\/www.naturparkmagazin.de\/vdn\/wp-content\/uploads\/sites\/3\/Liesen_K\u00e4serei_Glocknerhofbe-300x133.jpg 300w, https:\/\/www.naturparkmagazin.de\/vdn\/wp-content\/uploads\/sites\/3\/Liesen_K\u00e4serei_Glocknerhofbe-200x89.jpg 200w\" sizes=\"(max-width: 500px) 100vw, 500px\" \/><\/a><p id=\"caption-attachment-13816\" class=\"wp-caption-text\">K\u00e4serei Glocknerhof \u00a9 VDN \/ Liesen<\/p><\/div>\n<p>Seit 2002 ist mit \u00a7 27 Abs. 1 Nr. 6 Bundesnaturschutzgesetz (BNatSchG) die nachhaltige Regionalentwicklung als gesetzliche Aufgabe f\u00fcr Naturparke verankert und erg\u00e4nzt die \u201eklassischen\u201c Aufgabengebiete Naturschutz, Landschaftspflege, Erholung und Tourismus. Das gab der Naturparkarbeit ganz neue Impulse. Ergebnisse einer vergleichenden Umfrage im Abstand von zehn Jahren betrachtet die Entwicklung der nachhaltigen Regionalentwicklung in den Naturparken.<\/p>\n<p>Neben Chancen zur Profilbildung bestehen weiterhin viele Herausforderungen, die einer fundierten perspektivischen Aufgabenerf\u00fcllung hinderlich gegen\u00fcberstehen k\u00f6nnten. Diese ergeben sich daraus, dass Naturparke sich im Spannungsfeld von Schutz- und Nutzengedanken befinden und aus der Historie heraus sowie in Verbindung mit dem heutigen Aufgabenportfolio der Entwicklungsgedanke im Zusammenspiel von Mensch und Natur einen zentralen Stellenwert einnimmt.<\/p>\n<p>Anwendungsorientiert unterstreichen die Befragungsergebnisse im Zeitvergleich aber, dass in den Naturparken in vielen Bereichen positive Entwicklungsperspektiven festgestellt werden. Der Prozess der Naturparke in Deutschland Richtung Regionalmanager in \u201eModellregionen nachhaltiger Entwicklung\u201c schreitet damit weiter voran.<\/p>\n<p>Die Ergebnisse des Autor*innenkollektivs von Universit\u00e4t des Saarlandes, VDN und Biosph\u00e4renreservat Pf\u00e4lzer Wald sind unter <a href=\"https:\/\/www.naturparke.de\/service\/infothek.html\" target=\"_blank\">www.naturparke.de\/service\/infothek<\/a> abrufbar.<\/p>\n<p>&nbsp;<\/p>\n<p>&nbsp;<\/p>\n<p>&nbsp;<\/p>\n","protected":false},"excerpt":{"rendered":"<p>Vier Autor*innen wagen einen Blick zur\u00fcck und in die Zukunft und betrachten die Entwicklung der nachhaltigen Regionalentwicklung in Naturparken der letzten 10 Jahre.<\/p>\n","protected":false},"author":73,"featured_media":13815,"comment_status":"open","ping_status":"open","sticky":false,"template":"","format":"standard","meta":{"_links_to":"","_links_to_target":""},"categories":[7],"tags":[997,263,1382,2570,896,3154,470,486,583],"yoast_head":"<!-- This site is optimized with the Yoast SEO plugin v19.10 - https:\/\/yoast.com\/wordpress\/plugins\/seo\/ -->\n<title>10 Jahre nachhaltige Regionalentwicklung in Naturparken<\/title>\n<meta name=\"description\" content=\"Vier Autor*innen wagen einen Blick zur\u00fcck und in die Zukunft und betrachten die Entwicklung der nachhaltigen Regionalentwicklung in Naturparken der letzten 10 Jahre.\" \/>\n<meta name=\"robots\" content=\"index, follow, max-snippet:-1, max-image-preview:large, max-video-preview:-1\" \/>\n<link rel=\"canonical\" href=\"https:\/\/www.naturparkmagazin.de\/vdn\/10-jahre-nachhaltige-regionalentwicklung-in-naturparken\/\" \/>\n<meta property=\"og:locale\" content=\"de_DE\" \/>\n<meta property=\"og:type\" content=\"article\" \/>\n<meta property=\"og:title\" content=\"10 Jahre nachhaltige Regionalentwicklung in Naturparken\" \/>\n<meta property=\"og:description\" content=\"Vier Autor*innen wagen einen Blick zur\u00fcck und in die Zukunft und betrachten die Entwicklung der nachhaltigen Regionalentwicklung in Naturparken der letzten 10 Jahre.\" \/>\n<meta property=\"og:url\" content=\"https:\/\/www.naturparkmagazin.de\/vdn\/10-jahre-nachhaltige-regionalentwicklung-in-naturparken\/\" \/>\n<meta property=\"og:site_name\" content=\"Verband Deutscher Naturparke\" \/>\n<meta property=\"article:published_time\" content=\"2021-07-31T10:55:47+00:00\" \/>\n<meta property=\"article:modified_time\" content=\"2021-08-16T13:24:07+00:00\" \/>\n<meta property=\"og:image\" content=\"https:\/\/www.naturparkmagazin.de\/vdn\/wp-content\/uploads\/sites\/3\/Liesen_K\u00e4serei_Glocknerhofb.jpg\" \/>\n\t<meta property=\"og:image:width\" content=\"200\" \/>\n\t<meta property=\"og:image:height\" content=\"200\" \/>\n\t<meta property=\"og:image:type\" content=\"image\/jpeg\" \/>\n<meta name=\"author\" content=\"manuelamerz\" \/>\n<meta name=\"twitter:label1\" content=\"Verfasst von\" \/>\n\t<meta name=\"twitter:data1\" content=\"manuelamerz\" \/>\n\t<meta name=\"twitter:label2\" content=\"Gesch\u00e4tzte Lesezeit\" \/>\n\t<meta name=\"twitter:data2\" content=\"1\u00a0Minute\" \/>\n<script type=\"application\/ld+json\" class=\"yoast-schema-graph\">{\"@context\":\"https:\/\/schema.org\",\"@graph\":[{\"@type\":\"WebPage\",\"@id\":\"https:\/\/www.naturparkmagazin.de\/vdn\/10-jahre-nachhaltige-regionalentwicklung-in-naturparken\/\",\"url\":\"https:\/\/www.naturparkmagazin.de\/vdn\/10-jahre-nachhaltige-regionalentwicklung-in-naturparken\/\",\"name\":\"10 Jahre nachhaltige Regionalentwicklung in Naturparken\",\"isPartOf\":{\"@id\":\"https:\/\/www.naturparkmagazin.de\/vdn\/#website\"},\"datePublished\":\"2021-07-31T10:55:47+00:00\",\"dateModified\":\"2021-08-16T13:24:07+00:00\",\"author\":{\"@id\":\"https:\/\/www.naturparkmagazin.de\/vdn\/#\/schema\/person\/3cff9b8773ed55f0189255fa9adfd57c\"},\"description\":\"Vier Autor*innen wagen einen Blick zur\u00fcck und in die Zukunft und betrachten die Entwicklung der nachhaltigen Regionalentwicklung in Naturparken der letzten 10 Jahre.\",\"breadcrumb\":{\"@id\":\"https:\/\/www.naturparkmagazin.de\/vdn\/10-jahre-nachhaltige-regionalentwicklung-in-naturparken\/#breadcrumb\"},\"inLanguage\":\"de\",\"potentialAction\":[{\"@type\":\"ReadAction\",\"target\":[\"https:\/\/www.naturparkmagazin.de\/vdn\/10-jahre-nachhaltige-regionalentwicklung-in-naturparken\/\"]}]},{\"@type\":\"BreadcrumbList\",\"@id\":\"https:\/\/www.naturparkmagazin.de\/vdn\/10-jahre-nachhaltige-regionalentwicklung-in-naturparken\/#breadcrumb\",\"itemListElement\":[{\"@type\":\"ListItem\",\"position\":1,\"name\":\"Home\",\"item\":\"https:\/\/www.naturparkmagazin.de\/vdn\/\"},{\"@type\":\"ListItem\",\"position\":2,\"name\":\"10 Jahre nachhaltige Regionalentwicklung in Naturparken\"}]},{\"@type\":\"WebSite\",\"@id\":\"https:\/\/www.naturparkmagazin.de\/vdn\/#website\",\"url\":\"https:\/\/www.naturparkmagazin.de\/vdn\/\",\"name\":\"Verband Deutscher Naturparke\",\"description\":\"Eine weitere Naturparkmagazin.de Netzwerk Seite\",\"potentialAction\":[{\"@type\":\"SearchAction\",\"target\":{\"@type\":\"EntryPoint\",\"urlTemplate\":\"https:\/\/www.naturparkmagazin.de\/vdn\/?s={search_term_string}\"},\"query-input\":\"required name=search_term_string\"}],\"inLanguage\":\"de\"},{\"@type\":\"Person\",\"@id\":\"https:\/\/www.naturparkmagazin.de\/vdn\/#\/schema\/person\/3cff9b8773ed55f0189255fa9adfd57c\",\"name\":\"manuelamerz\",\"url\":\"https:\/\/www.naturparkmagazin.de\/vdn\/author\/manuelamerz\/\"}]}<\/script>\n<!-- \/ Yoast SEO plugin. -->","yoast_head_json":{"title":"10 Jahre nachhaltige Regionalentwicklung in Naturparken","description":"Vier Autor*innen wagen einen Blick zur\u00fcck und in die Zukunft und betrachten die Entwicklung der nachhaltigen Regionalentwicklung in Naturparken der letzten 10 Jahre.","robots":{"index":"index","follow":"follow","max-snippet":"max-snippet:-1","max-image-preview":"max-image-preview:large","max-video-preview":"max-video-preview:-1"},"canonical":"https:\/\/www.naturparkmagazin.de\/vdn\/10-jahre-nachhaltige-regionalentwicklung-in-naturparken\/","og_locale":"de_DE","og_type":"article","og_title":"10 Jahre nachhaltige Regionalentwicklung in Naturparken","og_description":"Vier Autor*innen wagen einen Blick zur\u00fcck und in die Zukunft und betrachten die Entwicklung der nachhaltigen Regionalentwicklung in Naturparken der letzten 10 Jahre.","og_url":"https:\/\/www.naturparkmagazin.de\/vdn\/10-jahre-nachhaltige-regionalentwicklung-in-naturparken\/","og_site_name":"Verband Deutscher Naturparke","article_published_time":"2021-07-31T10:55:47+00:00","article_modified_time":"2021-08-16T13:24:07+00:00","og_image":[{"width":200,"height":200,"url":"https:\/\/www.naturparkmagazin.de\/vdn\/wp-content\/uploads\/sites\/3\/Liesen_K\u00e4serei_Glocknerhofb.jpg","type":"image\/jpeg"}],"author":"manuelamerz","twitter_misc":{"Verfasst von":"manuelamerz","Gesch\u00e4tzte Lesezeit":"1\u00a0Minute"},"schema":{"@context":"https:\/\/schema.org","@graph":[{"@type":"WebPage","@id":"https:\/\/www.naturparkmagazin.de\/vdn\/10-jahre-nachhaltige-regionalentwicklung-in-naturparken\/","url":"https:\/\/www.naturparkmagazin.de\/vdn\/10-jahre-nachhaltige-regionalentwicklung-in-naturparken\/","name":"10 Jahre nachhaltige Regionalentwicklung in Naturparken","isPartOf":{"@id":"https:\/\/www.naturparkmagazin.de\/vdn\/#website"},"datePublished":"2021-07-31T10:55:47+00:00","dateModified":"2021-08-16T13:24:07+00:00","author":{"@id":"https:\/\/www.naturparkmagazin.de\/vdn\/#\/schema\/person\/3cff9b8773ed55f0189255fa9adfd57c"},"description":"Vier Autor*innen wagen einen Blick zur\u00fcck und in die Zukunft und betrachten die Entwicklung der nachhaltigen Regionalentwicklung in Naturparken der letzten 10 Jahre.","breadcrumb":{"@id":"https:\/\/www.naturparkmagazin.de\/vdn\/10-jahre-nachhaltige-regionalentwicklung-in-naturparken\/#breadcrumb"},"inLanguage":"de","potentialAction":[{"@type":"ReadAction","target":["https:\/\/www.naturparkmagazin.de\/vdn\/10-jahre-nachhaltige-regionalentwicklung-in-naturparken\/"]}]},{"@type":"BreadcrumbList","@id":"https:\/\/www.naturparkmagazin.de\/vdn\/10-jahre-nachhaltige-regionalentwicklung-in-naturparken\/#breadcrumb","itemListElement":[{"@type":"ListItem","position":1,"name":"Home","item":"https:\/\/www.naturparkmagazin.de\/vdn\/"},{"@type":"ListItem","position":2,"name":"10 Jahre nachhaltige Regionalentwicklung in Naturparken"}]},{"@type":"WebSite","@id":"https:\/\/www.naturparkmagazin.de\/vdn\/#website","url":"https:\/\/www.naturparkmagazin.de\/vdn\/","name":"Verband Deutscher Naturparke","description":"Eine weitere Naturparkmagazin.de Netzwerk Seite","potentialAction":[{"@type":"SearchAction","target":{"@type":"EntryPoint","urlTemplate":"https:\/\/www.naturparkmagazin.de\/vdn\/?s={search_term_string}"},"query-input":"required name=search_term_string"}],"inLanguage":"de"},{"@type":"Person","@id":"https:\/\/www.naturparkmagazin.de\/vdn\/#\/schema\/person\/3cff9b8773ed55f0189255fa9adfd57c","name":"manuelamerz","url":"https:\/\/www.naturparkmagazin.de\/vdn\/author\/manuelamerz\/"}]}},"_links":{"self":[{"href":"https:\/\/www.naturparkmagazin.de\/vdn\/wp-json\/wp\/v2\/posts\/13814"}],"collection":[{"href":"https:\/\/www.naturparkmagazin.de\/vdn\/wp-json\/wp\/v2\/posts"}],"about":[{"href":"https:\/\/www.naturparkmagazin.de\/vdn\/wp-json\/wp\/v2\/types\/post"}],"author":[{"embeddable":true,"href":"https:\/\/www.naturparkmagazin.de\/vdn\/wp-json\/wp\/v2\/users\/73"}],"replies":[{"embeddable":true,"href":"https:\/\/www.naturparkmagazin.de\/vdn\/wp-json\/wp\/v2\/comments?post=13814"}],"version-history":[{"count":3,"href":"https:\/\/www.naturparkmagazin.de\/vdn\/wp-json\/wp\/v2\/posts\/13814\/revisions"}],"predecessor-version":[{"id":13876,"href":"https:\/\/www.naturparkmagazin.de\/vdn\/wp-json\/wp\/v2\/posts\/13814\/revisions\/13876"}],"wp:featuredmedia":[{"embeddable":true,"href":"https:\/\/www.naturparkmagazin.de\/vdn\/wp-json\/wp\/v2\/media\/13815"}],"wp:attachment":[{"href":"https:\/\/www.naturparkmagazin.de\/vdn\/wp-json\/wp\/v2\/media?parent=13814"}],"wp:term":[{"taxonomy":"category","embeddable":true,"href":"https:\/\/www.naturparkmagazin.de\/vdn\/wp-json\/wp\/v2\/categories?post=13814"},{"taxonomy":"post_tag","embeddable":true,"href":"https:\/\/www.naturparkmagazin.de\/vdn\/wp-json\/wp\/v2\/tags?post=13814"}],"curies":[{"name":"wp","href":"https:\/\/api.w.org\/{rel}","templated":true}]}}