{"id":13822,"date":"2021-07-31T14:06:10","date_gmt":"2021-07-31T12:06:10","guid":{"rendered":"https:\/\/www.naturparkmagazin.de\/vdn\/?p=13822"},"modified":"2021-08-16T15:23:58","modified_gmt":"2021-08-16T13:23:58","slug":"naturpark-stechlin-ruppiner-land","status":"publish","type":"post","link":"https:\/\/www.naturparkmagazin.de\/vdn\/naturpark-stechlin-ruppiner-land\/","title":{"rendered":"Naturpark Stechlin-Ruppiner Land"},"content":{"rendered":"<div id=\"attachment_13824\" style=\"width: 510px\" class=\"wp-caption alignnone\"><a href=\"https:\/\/www.naturparkmagazin.de\/vdn\/wp-content\/uploads\/sites\/3\/DSC_0020b.jpg\"><img aria-describedby=\"caption-attachment-13824\" decoding=\"async\" loading=\"lazy\" class=\"size-full wp-image-13824\" src=\"https:\/\/www.naturparkmagazin.de\/vdn\/wp-content\/uploads\/sites\/3\/DSC_0020b.jpg\" alt=\"Naturpark Stechlin-Ruppiner Land \u00a9 Dr. Mario Schrumpf\" width=\"500\" height=\"300\" srcset=\"https:\/\/www.naturparkmagazin.de\/vdn\/wp-content\/uploads\/sites\/3\/DSC_0020b.jpg 500w, https:\/\/www.naturparkmagazin.de\/vdn\/wp-content\/uploads\/sites\/3\/DSC_0020b-300x180.jpg 300w, https:\/\/www.naturparkmagazin.de\/vdn\/wp-content\/uploads\/sites\/3\/DSC_0020b-200x120.jpg 200w\" sizes=\"(max-width: 500px) 100vw, 500px\" \/><\/a><p id=\"caption-attachment-13824\" class=\"wp-caption-text\">Naturpark Stechlin-Ruppiner Land \u00a9 Dr. Mario Schrumpf<\/p><\/div>\n<p>Buchenw\u00e4lder und Klarwasserseen sind die Markenzeichen des 862 km\u00b2 gro\u00dfen Naturparks, der zwischen den St\u00e4dten F\u00fcrstenberg\/Havel, Gransee, Neuruppin und Wittstock\/Dosse liegt. Im Juni 2021 ging ein langj\u00e4hriger Wunsch der Region in Erf\u00fcllung. Im 20. Jahr des Bestehens wurde der Naturpark um ca. 18.000 Hektar (+26%) erweitert. Nun geh\u00f6ren auch die vollst\u00e4ndige Kyritz-Ruppiner Heide (ehemaliges Bombodrom), der Korridor zwischen der Heide und der alten Naturparkgrenze und Fl\u00e4chen entlang der Alten Ruppiner Landstra\u00dfe im Bereich Lindow\/Mark zum Naturpark.<\/p>\n<p>&nbsp;<\/p>\n<div id=\"attachment_13825\" style=\"width: 279px\" class=\"wp-caption alignnone\"><a href=\"https:\/\/www.naturparkmagazin.de\/vdn\/wp-content\/uploads\/sites\/3\/admin-ajax.php_.jpg\"><img aria-describedby=\"caption-attachment-13825\" decoding=\"async\" loading=\"lazy\" class=\"size-full wp-image-13825\" src=\"https:\/\/www.naturparkmagazin.de\/vdn\/wp-content\/uploads\/sites\/3\/admin-ajax.php_.jpg\" alt=\"Natur erleben im NaturParkHaus Stechlin \u00a9 Dr. Mario Schrumpf\" width=\"269\" height=\"400\" srcset=\"https:\/\/www.naturparkmagazin.de\/vdn\/wp-content\/uploads\/sites\/3\/admin-ajax.php_.jpg 269w, https:\/\/www.naturparkmagazin.de\/vdn\/wp-content\/uploads\/sites\/3\/admin-ajax.php_-200x297.jpg 200w\" sizes=\"(max-width: 269px) 100vw, 269px\" \/><\/a><p id=\"caption-attachment-13825\" class=\"wp-caption-text\">Natur erleben im NaturParkHaus Stechlin \u00a9 Dr. Mario Schrumpf<\/p><\/div>\n<p><strong>\u00a0<\/strong><\/p>\n<p>Im NaturParkHaus Stechlin in Menz bietet die vor allem auf Familien ausgerichtete Ausstellung viele Informationen rund um die Naturr\u00e4ume des Gebietes, in denen es Einiges zu entdecken gibt:<\/p>\n<p>Neben den besonders sch\u00f6nen und \u00f6kologisch wertvollen gro\u00dfen Buchenw\u00e4ldern gibt es unter den mehr als 180 Seen viele seltene Klarwasserseen. Der bedeutendste ist der bis zu 69 Meter tiefe Gro\u00dfe Stechlinsee. Der ber\u00fchmteste Brandenburger Dichter, Theodor Fontane hat ihm in seinem Roman \u201eDer Stechlin\u201c ein literarisches Denkmal gesetzt.<\/p>\n<p>&nbsp;<\/p>\n<div id=\"attachment_13826\" style=\"width: 510px\" class=\"wp-caption alignnone\"><a href=\"https:\/\/www.naturparkmagazin.de\/vdn\/wp-content\/uploads\/sites\/3\/Schellente-2.jpg\"><img aria-describedby=\"caption-attachment-13826\" decoding=\"async\" loading=\"lazy\" class=\"size-full wp-image-13826\" src=\"https:\/\/www.naturparkmagazin.de\/vdn\/wp-content\/uploads\/sites\/3\/Schellente-2.jpg\" alt=\"Schellente \u00a9 Dr. Wolfgang Henkel\" width=\"500\" height=\"300\" srcset=\"https:\/\/www.naturparkmagazin.de\/vdn\/wp-content\/uploads\/sites\/3\/Schellente-2.jpg 500w, https:\/\/www.naturparkmagazin.de\/vdn\/wp-content\/uploads\/sites\/3\/Schellente-2-300x180.jpg 300w, https:\/\/www.naturparkmagazin.de\/vdn\/wp-content\/uploads\/sites\/3\/Schellente-2-200x120.jpg 200w\" sizes=\"(max-width: 500px) 100vw, 500px\" \/><\/a><p id=\"caption-attachment-13826\" class=\"wp-caption-text\">Schellente \u00a9 Dr. Wolfgang Henkel<\/p><\/div>\n<p>Das Wappentier des Naturparks ist die Schellente; ihren Namen hat sie durch die \u00c4hnlichkeit ihres Flugger\u00e4usches mit dem Schellen einer Glocke erhalten. \u00dcberall im Naturpark kommt auch der schwer zu entdeckende Fischotter vor. Biber, europ\u00e4ische Sumpfschildkr\u00f6te, Fischadler, Kranich und Eisvogel leben ebenfalls hier.<\/p>\n<p>&nbsp;<\/p>\n<div id=\"attachment_13827\" style=\"width: 510px\" class=\"wp-caption alignnone\"><a href=\"https:\/\/www.naturparkmagazin.de\/vdn\/wp-content\/uploads\/sites\/3\/PA121671.jpg\"><img aria-describedby=\"caption-attachment-13827\" decoding=\"async\" loading=\"lazy\" class=\"wp-image-13827 size-full\" src=\"https:\/\/www.naturparkmagazin.de\/vdn\/wp-content\/uploads\/sites\/3\/PA121671.jpg\" alt=\"Schloss Rheinsberg \u00a9 Dr. Mario Schrumpf\" width=\"500\" height=\"300\" srcset=\"https:\/\/www.naturparkmagazin.de\/vdn\/wp-content\/uploads\/sites\/3\/PA121671.jpg 500w, https:\/\/www.naturparkmagazin.de\/vdn\/wp-content\/uploads\/sites\/3\/PA121671-300x180.jpg 300w, https:\/\/www.naturparkmagazin.de\/vdn\/wp-content\/uploads\/sites\/3\/PA121671-200x120.jpg 200w\" sizes=\"(max-width: 500px) 100vw, 500px\" \/><\/a><p id=\"caption-attachment-13827\" class=\"wp-caption-text\">Schloss Rheinsberg \u00a9 Dr. Mario Schrumpf<\/p><\/div>\n<p>Das ber\u00fchmteste Ausflugsziel im Naturpark ist das Rheinsberger Schloss mit den dazugeh\u00f6rigen Parkanlagen. Neben dem herrlichen Spiegel- und Muschelsaal befindet sich hier auch die Kurt-Tucholsky-Gedenkst\u00e4tte. Rheinsberg ist u.a. Gastgeberin der allj\u00e4hrlichen Opernfestspiele, beherbergt ein Schlosstheater und eine Musikakademie und geh\u00f6rt damit zu den kulturellen Zentren Brandenburgs.<\/p>\n<p>Mehr Infos zu den M\u00f6glichkeiten, den Naturpark Stechlin-Ruppiner Land zu erleben, finden Sie unter <a href=\"http:\/\/www.stechlin-ruppiner-land-naturpark.de\" target=\"_blank\">www.stechlin-ruppiner-land-naturpark.de<\/a>.<\/p>\n<p>&nbsp;<\/p>\n<div id=\"attachment_13828\" style=\"width: 510px\" class=\"wp-caption alignnone\"><a href=\"https:\/\/www.naturparkmagazin.de\/vdn\/wp-content\/uploads\/sites\/3\/Karte-Erweiterung-vom-LGB-in-hoher-Aufl\u00f6sungb.jpeg\"><img aria-describedby=\"caption-attachment-13828\" decoding=\"async\" loading=\"lazy\" class=\"size-full wp-image-13828\" src=\"https:\/\/www.naturparkmagazin.de\/vdn\/wp-content\/uploads\/sites\/3\/Karte-Erweiterung-vom-LGB-in-hoher-Aufl\u00f6sungb.jpeg\" alt=\"Karte Naturpark Stechlin-Ruppiner Land mit Erweiterungsfl\u00e4chen\" width=\"500\" height=\"300\" srcset=\"https:\/\/www.naturparkmagazin.de\/vdn\/wp-content\/uploads\/sites\/3\/Karte-Erweiterung-vom-LGB-in-hoher-Aufl\u00f6sungb.jpeg 500w, https:\/\/www.naturparkmagazin.de\/vdn\/wp-content\/uploads\/sites\/3\/Karte-Erweiterung-vom-LGB-in-hoher-Aufl\u00f6sungb-300x180.jpeg 300w, https:\/\/www.naturparkmagazin.de\/vdn\/wp-content\/uploads\/sites\/3\/Karte-Erweiterung-vom-LGB-in-hoher-Aufl\u00f6sungb-200x120.jpeg 200w\" sizes=\"(max-width: 500px) 100vw, 500px\" \/><\/a><p id=\"caption-attachment-13828\" class=\"wp-caption-text\">Karte Naturpark Stechlin-Ruppiner Land mit Erweiterungsfl\u00e4chen<\/p><\/div>\n<p><strong>\u00a0<\/strong><\/p>\n<p>&nbsp;<\/p>\n","protected":false},"excerpt":{"rendered":"<p>Im Norden Brandenburgs, an der Grenze zu Mecklenburg-Vorpommern, liegt eine faszinierende Wald- und Seenlandschaft. Dieser Flecken Erde, den der m\u00e4rkische Dichter Theodor Fontane zum Ende des 19. Jahrhunderts als \u201emenschenarme, nur hie und da mit ein paar alten D\u00f6rfern besetzte Waldung\u201c beschrieb, hat sich sein Gesicht bis heute bewahrt. Er ist das Herz des heutigen Naturparks Stechlin-Ruppiner Land.<\/p>\n","protected":false},"author":73,"featured_media":13823,"comment_status":"open","ping_status":"open","sticky":false,"template":"","format":"standard","meta":{"_links_to":"","_links_to_target":""},"categories":[15],"tags":[1269,2579,2584,838,2580,2582,2583,2581],"yoast_head":"<!-- This site is optimized with the Yoast SEO plugin v19.10 - https:\/\/yoast.com\/wordpress\/plugins\/seo\/ -->\n<title>Naturpark Stechlin-Ruppiner Land<\/title>\n<meta name=\"description\" content=\"Im Norden Brandenburgs, an der Grenze zu Mecklenburg-Vorpommern, liegt eine faszinierende Wald- und Seenlandschaft. Dieser Flecken Erde, den der m\u00e4rkische Dichter Theodor Fontane zum Ende des 19. Jahrhunderts als \u201emenschenarme, nur hie und da mit ein paar alten D\u00f6rfern besetzte Waldung\u201c beschrieb, hat sich sein Gesicht bis heute bewahrt. Er ist das Herz des heutigen Naturparks Stechlin-Ruppiner Land.\" \/>\n<meta name=\"robots\" content=\"index, follow, max-snippet:-1, max-image-preview:large, max-video-preview:-1\" \/>\n<link rel=\"canonical\" href=\"https:\/\/www.naturparkmagazin.de\/vdn\/naturpark-stechlin-ruppiner-land\/\" \/>\n<meta property=\"og:locale\" content=\"de_DE\" \/>\n<meta property=\"og:type\" content=\"article\" \/>\n<meta property=\"og:title\" content=\"Naturpark Stechlin-Ruppiner Land\" \/>\n<meta property=\"og:description\" content=\"Im Norden Brandenburgs, an der Grenze zu Mecklenburg-Vorpommern, liegt eine faszinierende Wald- und Seenlandschaft. Dieser Flecken Erde, den der m\u00e4rkische Dichter Theodor Fontane zum Ende des 19. Jahrhunderts als \u201emenschenarme, nur hie und da mit ein paar alten D\u00f6rfern besetzte Waldung\u201c beschrieb, hat sich sein Gesicht bis heute bewahrt. Er ist das Herz des heutigen Naturparks Stechlin-Ruppiner Land.\" \/>\n<meta property=\"og:url\" content=\"https:\/\/www.naturparkmagazin.de\/vdn\/naturpark-stechlin-ruppiner-land\/\" \/>\n<meta property=\"og:site_name\" content=\"Verband Deutscher Naturparke\" \/>\n<meta property=\"article:published_time\" content=\"2021-07-31T12:06:10+00:00\" \/>\n<meta property=\"article:modified_time\" content=\"2021-08-16T13:23:58+00:00\" \/>\n<meta property=\"og:image\" content=\"https:\/\/www.naturparkmagazin.de\/vdn\/wp-content\/uploads\/sites\/3\/DSC_0020bf.jpg\" \/>\n\t<meta property=\"og:image:width\" content=\"200\" \/>\n\t<meta property=\"og:image:height\" content=\"200\" \/>\n\t<meta property=\"og:image:type\" content=\"image\/jpeg\" \/>\n<meta name=\"author\" content=\"manuelamerz\" \/>\n<meta name=\"twitter:label1\" content=\"Verfasst von\" \/>\n\t<meta name=\"twitter:data1\" content=\"manuelamerz\" \/>\n\t<meta name=\"twitter:label2\" content=\"Gesch\u00e4tzte Lesezeit\" \/>\n\t<meta name=\"twitter:data2\" content=\"2\u00a0Minuten\" \/>\n<script type=\"application\/ld+json\" class=\"yoast-schema-graph\">{\"@context\":\"https:\/\/schema.org\",\"@graph\":[{\"@type\":\"WebPage\",\"@id\":\"https:\/\/www.naturparkmagazin.de\/vdn\/naturpark-stechlin-ruppiner-land\/\",\"url\":\"https:\/\/www.naturparkmagazin.de\/vdn\/naturpark-stechlin-ruppiner-land\/\",\"name\":\"Naturpark Stechlin-Ruppiner Land\",\"isPartOf\":{\"@id\":\"https:\/\/www.naturparkmagazin.de\/vdn\/#website\"},\"datePublished\":\"2021-07-31T12:06:10+00:00\",\"dateModified\":\"2021-08-16T13:23:58+00:00\",\"author\":{\"@id\":\"https:\/\/www.naturparkmagazin.de\/vdn\/#\/schema\/person\/3cff9b8773ed55f0189255fa9adfd57c\"},\"description\":\"Im Norden Brandenburgs, an der Grenze zu Mecklenburg-Vorpommern, liegt eine faszinierende Wald- und Seenlandschaft. Dieser Flecken Erde, den der m\u00e4rkische Dichter Theodor Fontane zum Ende des 19. Jahrhunderts als \u201emenschenarme, nur hie und da mit ein paar alten D\u00f6rfern besetzte Waldung\u201c beschrieb, hat sich sein Gesicht bis heute bewahrt. Er ist das Herz des heutigen Naturparks Stechlin-Ruppiner Land.\",\"breadcrumb\":{\"@id\":\"https:\/\/www.naturparkmagazin.de\/vdn\/naturpark-stechlin-ruppiner-land\/#breadcrumb\"},\"inLanguage\":\"de\",\"potentialAction\":[{\"@type\":\"ReadAction\",\"target\":[\"https:\/\/www.naturparkmagazin.de\/vdn\/naturpark-stechlin-ruppiner-land\/\"]}]},{\"@type\":\"BreadcrumbList\",\"@id\":\"https:\/\/www.naturparkmagazin.de\/vdn\/naturpark-stechlin-ruppiner-land\/#breadcrumb\",\"itemListElement\":[{\"@type\":\"ListItem\",\"position\":1,\"name\":\"Home\",\"item\":\"https:\/\/www.naturparkmagazin.de\/vdn\/\"},{\"@type\":\"ListItem\",\"position\":2,\"name\":\"Naturpark Stechlin-Ruppiner Land\"}]},{\"@type\":\"WebSite\",\"@id\":\"https:\/\/www.naturparkmagazin.de\/vdn\/#website\",\"url\":\"https:\/\/www.naturparkmagazin.de\/vdn\/\",\"name\":\"Verband Deutscher Naturparke\",\"description\":\"Eine weitere Naturparkmagazin.de Netzwerk Seite\",\"potentialAction\":[{\"@type\":\"SearchAction\",\"target\":{\"@type\":\"EntryPoint\",\"urlTemplate\":\"https:\/\/www.naturparkmagazin.de\/vdn\/?s={search_term_string}\"},\"query-input\":\"required name=search_term_string\"}],\"inLanguage\":\"de\"},{\"@type\":\"Person\",\"@id\":\"https:\/\/www.naturparkmagazin.de\/vdn\/#\/schema\/person\/3cff9b8773ed55f0189255fa9adfd57c\",\"name\":\"manuelamerz\",\"url\":\"https:\/\/www.naturparkmagazin.de\/vdn\/author\/manuelamerz\/\"}]}<\/script>\n<!-- \/ Yoast SEO plugin. -->","yoast_head_json":{"title":"Naturpark Stechlin-Ruppiner Land","description":"Im Norden Brandenburgs, an der Grenze zu Mecklenburg-Vorpommern, liegt eine faszinierende Wald- und Seenlandschaft. Dieser Flecken Erde, den der m\u00e4rkische Dichter Theodor Fontane zum Ende des 19. Jahrhunderts als \u201emenschenarme, nur hie und da mit ein paar alten D\u00f6rfern besetzte Waldung\u201c beschrieb, hat sich sein Gesicht bis heute bewahrt. Er ist das Herz des heutigen Naturparks Stechlin-Ruppiner Land.","robots":{"index":"index","follow":"follow","max-snippet":"max-snippet:-1","max-image-preview":"max-image-preview:large","max-video-preview":"max-video-preview:-1"},"canonical":"https:\/\/www.naturparkmagazin.de\/vdn\/naturpark-stechlin-ruppiner-land\/","og_locale":"de_DE","og_type":"article","og_title":"Naturpark Stechlin-Ruppiner Land","og_description":"Im Norden Brandenburgs, an der Grenze zu Mecklenburg-Vorpommern, liegt eine faszinierende Wald- und Seenlandschaft. Dieser Flecken Erde, den der m\u00e4rkische Dichter Theodor Fontane zum Ende des 19. Jahrhunderts als \u201emenschenarme, nur hie und da mit ein paar alten D\u00f6rfern besetzte Waldung\u201c beschrieb, hat sich sein Gesicht bis heute bewahrt. Er ist das Herz des heutigen Naturparks Stechlin-Ruppiner Land.","og_url":"https:\/\/www.naturparkmagazin.de\/vdn\/naturpark-stechlin-ruppiner-land\/","og_site_name":"Verband Deutscher Naturparke","article_published_time":"2021-07-31T12:06:10+00:00","article_modified_time":"2021-08-16T13:23:58+00:00","og_image":[{"width":200,"height":200,"url":"https:\/\/www.naturparkmagazin.de\/vdn\/wp-content\/uploads\/sites\/3\/DSC_0020bf.jpg","type":"image\/jpeg"}],"author":"manuelamerz","twitter_misc":{"Verfasst von":"manuelamerz","Gesch\u00e4tzte Lesezeit":"2\u00a0Minuten"},"schema":{"@context":"https:\/\/schema.org","@graph":[{"@type":"WebPage","@id":"https:\/\/www.naturparkmagazin.de\/vdn\/naturpark-stechlin-ruppiner-land\/","url":"https:\/\/www.naturparkmagazin.de\/vdn\/naturpark-stechlin-ruppiner-land\/","name":"Naturpark Stechlin-Ruppiner Land","isPartOf":{"@id":"https:\/\/www.naturparkmagazin.de\/vdn\/#website"},"datePublished":"2021-07-31T12:06:10+00:00","dateModified":"2021-08-16T13:23:58+00:00","author":{"@id":"https:\/\/www.naturparkmagazin.de\/vdn\/#\/schema\/person\/3cff9b8773ed55f0189255fa9adfd57c"},"description":"Im Norden Brandenburgs, an der Grenze zu Mecklenburg-Vorpommern, liegt eine faszinierende Wald- und Seenlandschaft. Dieser Flecken Erde, den der m\u00e4rkische Dichter Theodor Fontane zum Ende des 19. Jahrhunderts als \u201emenschenarme, nur hie und da mit ein paar alten D\u00f6rfern besetzte Waldung\u201c beschrieb, hat sich sein Gesicht bis heute bewahrt. Er ist das Herz des heutigen Naturparks Stechlin-Ruppiner Land.","breadcrumb":{"@id":"https:\/\/www.naturparkmagazin.de\/vdn\/naturpark-stechlin-ruppiner-land\/#breadcrumb"},"inLanguage":"de","potentialAction":[{"@type":"ReadAction","target":["https:\/\/www.naturparkmagazin.de\/vdn\/naturpark-stechlin-ruppiner-land\/"]}]},{"@type":"BreadcrumbList","@id":"https:\/\/www.naturparkmagazin.de\/vdn\/naturpark-stechlin-ruppiner-land\/#breadcrumb","itemListElement":[{"@type":"ListItem","position":1,"name":"Home","item":"https:\/\/www.naturparkmagazin.de\/vdn\/"},{"@type":"ListItem","position":2,"name":"Naturpark Stechlin-Ruppiner Land"}]},{"@type":"WebSite","@id":"https:\/\/www.naturparkmagazin.de\/vdn\/#website","url":"https:\/\/www.naturparkmagazin.de\/vdn\/","name":"Verband Deutscher Naturparke","description":"Eine weitere Naturparkmagazin.de Netzwerk Seite","potentialAction":[{"@type":"SearchAction","target":{"@type":"EntryPoint","urlTemplate":"https:\/\/www.naturparkmagazin.de\/vdn\/?s={search_term_string}"},"query-input":"required name=search_term_string"}],"inLanguage":"de"},{"@type":"Person","@id":"https:\/\/www.naturparkmagazin.de\/vdn\/#\/schema\/person\/3cff9b8773ed55f0189255fa9adfd57c","name":"manuelamerz","url":"https:\/\/www.naturparkmagazin.de\/vdn\/author\/manuelamerz\/"}]}},"_links":{"self":[{"href":"https:\/\/www.naturparkmagazin.de\/vdn\/wp-json\/wp\/v2\/posts\/13822"}],"collection":[{"href":"https:\/\/www.naturparkmagazin.de\/vdn\/wp-json\/wp\/v2\/posts"}],"about":[{"href":"https:\/\/www.naturparkmagazin.de\/vdn\/wp-json\/wp\/v2\/types\/post"}],"author":[{"embeddable":true,"href":"https:\/\/www.naturparkmagazin.de\/vdn\/wp-json\/wp\/v2\/users\/73"}],"replies":[{"embeddable":true,"href":"https:\/\/www.naturparkmagazin.de\/vdn\/wp-json\/wp\/v2\/comments?post=13822"}],"version-history":[{"count":1,"href":"https:\/\/www.naturparkmagazin.de\/vdn\/wp-json\/wp\/v2\/posts\/13822\/revisions"}],"predecessor-version":[{"id":13829,"href":"https:\/\/www.naturparkmagazin.de\/vdn\/wp-json\/wp\/v2\/posts\/13822\/revisions\/13829"}],"wp:featuredmedia":[{"embeddable":true,"href":"https:\/\/www.naturparkmagazin.de\/vdn\/wp-json\/wp\/v2\/media\/13823"}],"wp:attachment":[{"href":"https:\/\/www.naturparkmagazin.de\/vdn\/wp-json\/wp\/v2\/media?parent=13822"}],"wp:term":[{"taxonomy":"category","embeddable":true,"href":"https:\/\/www.naturparkmagazin.de\/vdn\/wp-json\/wp\/v2\/categories?post=13822"},{"taxonomy":"post_tag","embeddable":true,"href":"https:\/\/www.naturparkmagazin.de\/vdn\/wp-json\/wp\/v2\/tags?post=13822"}],"curies":[{"name":"wp","href":"https:\/\/api.w.org\/{rel}","templated":true}]}}