{"id":13856,"date":"2021-07-31T13:33:33","date_gmt":"2021-07-31T11:33:33","guid":{"rendered":"https:\/\/www.naturparkmagazin.de\/vdn\/?p=13856"},"modified":"2021-08-16T15:17:02","modified_gmt":"2021-08-16T13:17:02","slug":"unterwegs-in-der-kyritz-ruppiner-heide","status":"publish","type":"post","link":"https:\/\/www.naturparkmagazin.de\/vdn\/unterwegs-in-der-kyritz-ruppiner-heide\/","title":{"rendered":"Unterwegs in der Kyritz-Ruppiner Heide"},"content":{"rendered":"<p>Seit Juni geh\u00f6rt Deutschlands zweitgr\u00f6\u00dftes Heidegebiet vollst\u00e4ndig zum Naturpark Stechlin-Ruppiner Land.<\/p>\n<p>Anlass genug, die Kyritz-Ruppiner Heide im August zur Heidebl\u00fcte zu besuchen. Sportlich Aktive k\u00f6nnen das Gebiet auf dem Heideerlebnisweg zwischen Neuglienicke, Pfalzheim und Rossow erwandern oder mit dem Fat-Bike auf &#8222;Breitreifen&#8220; erkunden.<\/p>\n<div id=\"attachment_13858\" style=\"width: 310px\" class=\"wp-caption alignnone\"><a href=\"https:\/\/www.naturparkmagazin.de\/vdn\/wp-content\/uploads\/sites\/3\/radfahrer-300x180.jpg\"><img aria-describedby=\"caption-attachment-13858\" decoding=\"async\" loading=\"lazy\" class=\"wp-image-13858 size-full\" src=\"https:\/\/www.naturparkmagazin.de\/vdn\/wp-content\/uploads\/sites\/3\/radfahrer-300x180.jpg\" alt=\"Fatbikefahrer in der Kyritz-Ruppiner Heide \u00a9 Naturpark Stechlin-Ruppiner Land\" width=\"300\" height=\"180\" srcset=\"https:\/\/www.naturparkmagazin.de\/vdn\/wp-content\/uploads\/sites\/3\/radfahrer-300x180.jpg 300w, https:\/\/www.naturparkmagazin.de\/vdn\/wp-content\/uploads\/sites\/3\/radfahrer-300x180-200x120.jpg 200w\" sizes=\"(max-width: 300px) 100vw, 300px\" \/><\/a><p id=\"caption-attachment-13858\" class=\"wp-caption-text\">Fatbikefahrende in der Kyritz-Ruppiner Heide \u00a9 Naturpark Stechlin-Ruppiner Land<\/p><\/div>\n<p>Wer es gem\u00fctlicher mag, f\u00e4hrt ab Neuglienicke mit dem Kremser (das ist ein ger\u00e4umiger gefederter Planwagen mit L\u00e4ngsb\u00e4nken an beiden Seiten, der fr\u00fcher als Pferdeomnibus diente) bis zum Heideturm auf dem Sielmann-H\u00fcgel.<\/p>\n<p>Dar\u00fcber hinaus werden Heidewanderungen durch unsere zertifizierten Natur- und Landschaftsf\u00fchrer*innen angeboten.<\/p>\n<p>Detailierte Informationen finden Sie im frisch erschienenen Flyer <a href=\"https:\/\/www.stechlin-ruppiner-land-naturpark.de\/fileadmin\/user_upload\/PDF\/Stechlin-Ruppin\/Publikationen\/Faltblatt_Unterwegs_in_der_Kyritz-Ruppiner_Heide_27-5-2021_FINAL.pdf\" target=\"_blank\">&#8222;Unterwegs in der Kyritz-Ruppiner Heide&#8220;<\/a>, den Sie als Druckexemplar im Besucherzentrum NaturParkHaus Stechlin in Menz oder den umliegenden Tourismus-Informationen erhalten.<\/p>\n<p><a href=\"https:\/\/www.naturparkmagazin.de\/vdn\/wp-content\/uploads\/sites\/3\/admin-ajax.php_2.jpg\"><img decoding=\"async\" loading=\"lazy\" class=\"alignnone wp-image-13859 size-full\" src=\"https:\/\/www.naturparkmagazin.de\/vdn\/wp-content\/uploads\/sites\/3\/admin-ajax.php_2.jpg\" alt=\"\" width=\"187\" height=\"400\" \/><\/a><\/p>\n<p>&nbsp;<\/p>\n<p>&nbsp;<\/p>\n","protected":false},"excerpt":{"rendered":"<p>Seit Juni geh\u00f6rt Deutschlands zweitgr\u00f6\u00dftes Heidegebiet vollst\u00e4ndig zum Naturpark Stechlin-Ruppiner Land: Die Kyritz-Ruppiner Heide.<\/p>\n","protected":false},"author":73,"featured_media":13857,"comment_status":"open","ping_status":"open","sticky":false,"template":"","format":"standard","meta":{"_links_to":"","_links_to_target":""},"categories":[617],"tags":[659,2594,2593,838,2580],"yoast_head":"<!-- This site is optimized with the Yoast SEO plugin v19.10 - https:\/\/yoast.com\/wordpress\/plugins\/seo\/ -->\n<title>Unterwegs in der Kyritz-Ruppiner Heide<\/title>\n<meta name=\"description\" content=\"Seit Juni geh\u00f6rt Deutschlands zweitgr\u00f6\u00dftes Heidegebiet vollst\u00e4ndig zum Naturpark Stechlin-Ruppiner Land: Die Kyritz-Ruppiner Heide.\" \/>\n<meta name=\"robots\" content=\"index, follow, max-snippet:-1, max-image-preview:large, max-video-preview:-1\" \/>\n<link rel=\"canonical\" href=\"https:\/\/www.naturparkmagazin.de\/vdn\/unterwegs-in-der-kyritz-ruppiner-heide\/\" \/>\n<meta property=\"og:locale\" content=\"de_DE\" \/>\n<meta property=\"og:type\" content=\"article\" \/>\n<meta property=\"og:title\" content=\"Unterwegs in der Kyritz-Ruppiner Heide\" \/>\n<meta property=\"og:description\" content=\"Seit Juni geh\u00f6rt Deutschlands zweitgr\u00f6\u00dftes Heidegebiet vollst\u00e4ndig zum Naturpark Stechlin-Ruppiner Land: Die Kyritz-Ruppiner Heide.\" \/>\n<meta property=\"og:url\" content=\"https:\/\/www.naturparkmagazin.de\/vdn\/unterwegs-in-der-kyritz-ruppiner-heide\/\" \/>\n<meta property=\"og:site_name\" content=\"Verband Deutscher Naturparke\" \/>\n<meta property=\"article:published_time\" content=\"2021-07-31T11:33:33+00:00\" \/>\n<meta property=\"article:modified_time\" content=\"2021-08-16T13:17:02+00:00\" \/>\n<meta property=\"og:image\" content=\"https:\/\/www.naturparkmagazin.de\/vdn\/wp-content\/uploads\/sites\/3\/admin-ajax.php_1.jpg\" \/>\n\t<meta property=\"og:image:width\" content=\"200\" \/>\n\t<meta property=\"og:image:height\" content=\"200\" \/>\n\t<meta property=\"og:image:type\" content=\"image\/jpeg\" \/>\n<meta name=\"author\" content=\"manuelamerz\" \/>\n<meta name=\"twitter:label1\" content=\"Verfasst von\" \/>\n\t<meta name=\"twitter:data1\" content=\"manuelamerz\" \/>\n\t<meta name=\"twitter:label2\" content=\"Gesch\u00e4tzte Lesezeit\" \/>\n\t<meta name=\"twitter:data2\" content=\"1\u00a0Minute\" \/>\n<script type=\"application\/ld+json\" class=\"yoast-schema-graph\">{\"@context\":\"https:\/\/schema.org\",\"@graph\":[{\"@type\":\"WebPage\",\"@id\":\"https:\/\/www.naturparkmagazin.de\/vdn\/unterwegs-in-der-kyritz-ruppiner-heide\/\",\"url\":\"https:\/\/www.naturparkmagazin.de\/vdn\/unterwegs-in-der-kyritz-ruppiner-heide\/\",\"name\":\"Unterwegs in der Kyritz-Ruppiner Heide\",\"isPartOf\":{\"@id\":\"https:\/\/www.naturparkmagazin.de\/vdn\/#website\"},\"datePublished\":\"2021-07-31T11:33:33+00:00\",\"dateModified\":\"2021-08-16T13:17:02+00:00\",\"author\":{\"@id\":\"https:\/\/www.naturparkmagazin.de\/vdn\/#\/schema\/person\/3cff9b8773ed55f0189255fa9adfd57c\"},\"description\":\"Seit Juni geh\u00f6rt Deutschlands zweitgr\u00f6\u00dftes Heidegebiet vollst\u00e4ndig zum Naturpark Stechlin-Ruppiner Land: Die Kyritz-Ruppiner Heide.\",\"breadcrumb\":{\"@id\":\"https:\/\/www.naturparkmagazin.de\/vdn\/unterwegs-in-der-kyritz-ruppiner-heide\/#breadcrumb\"},\"inLanguage\":\"de\",\"potentialAction\":[{\"@type\":\"ReadAction\",\"target\":[\"https:\/\/www.naturparkmagazin.de\/vdn\/unterwegs-in-der-kyritz-ruppiner-heide\/\"]}]},{\"@type\":\"BreadcrumbList\",\"@id\":\"https:\/\/www.naturparkmagazin.de\/vdn\/unterwegs-in-der-kyritz-ruppiner-heide\/#breadcrumb\",\"itemListElement\":[{\"@type\":\"ListItem\",\"position\":1,\"name\":\"Home\",\"item\":\"https:\/\/www.naturparkmagazin.de\/vdn\/\"},{\"@type\":\"ListItem\",\"position\":2,\"name\":\"Unterwegs in der Kyritz-Ruppiner Heide\"}]},{\"@type\":\"WebSite\",\"@id\":\"https:\/\/www.naturparkmagazin.de\/vdn\/#website\",\"url\":\"https:\/\/www.naturparkmagazin.de\/vdn\/\",\"name\":\"Verband Deutscher Naturparke\",\"description\":\"Eine weitere Naturparkmagazin.de Netzwerk Seite\",\"potentialAction\":[{\"@type\":\"SearchAction\",\"target\":{\"@type\":\"EntryPoint\",\"urlTemplate\":\"https:\/\/www.naturparkmagazin.de\/vdn\/?s={search_term_string}\"},\"query-input\":\"required name=search_term_string\"}],\"inLanguage\":\"de\"},{\"@type\":\"Person\",\"@id\":\"https:\/\/www.naturparkmagazin.de\/vdn\/#\/schema\/person\/3cff9b8773ed55f0189255fa9adfd57c\",\"name\":\"manuelamerz\",\"url\":\"https:\/\/www.naturparkmagazin.de\/vdn\/author\/manuelamerz\/\"}]}<\/script>\n<!-- \/ Yoast SEO plugin. -->","yoast_head_json":{"title":"Unterwegs in der Kyritz-Ruppiner Heide","description":"Seit Juni geh\u00f6rt Deutschlands zweitgr\u00f6\u00dftes Heidegebiet vollst\u00e4ndig zum Naturpark Stechlin-Ruppiner Land: Die Kyritz-Ruppiner Heide.","robots":{"index":"index","follow":"follow","max-snippet":"max-snippet:-1","max-image-preview":"max-image-preview:large","max-video-preview":"max-video-preview:-1"},"canonical":"https:\/\/www.naturparkmagazin.de\/vdn\/unterwegs-in-der-kyritz-ruppiner-heide\/","og_locale":"de_DE","og_type":"article","og_title":"Unterwegs in der Kyritz-Ruppiner Heide","og_description":"Seit Juni geh\u00f6rt Deutschlands zweitgr\u00f6\u00dftes Heidegebiet vollst\u00e4ndig zum Naturpark Stechlin-Ruppiner Land: Die Kyritz-Ruppiner Heide.","og_url":"https:\/\/www.naturparkmagazin.de\/vdn\/unterwegs-in-der-kyritz-ruppiner-heide\/","og_site_name":"Verband Deutscher Naturparke","article_published_time":"2021-07-31T11:33:33+00:00","article_modified_time":"2021-08-16T13:17:02+00:00","og_image":[{"width":200,"height":200,"url":"https:\/\/www.naturparkmagazin.de\/vdn\/wp-content\/uploads\/sites\/3\/admin-ajax.php_1.jpg","type":"image\/jpeg"}],"author":"manuelamerz","twitter_misc":{"Verfasst von":"manuelamerz","Gesch\u00e4tzte Lesezeit":"1\u00a0Minute"},"schema":{"@context":"https:\/\/schema.org","@graph":[{"@type":"WebPage","@id":"https:\/\/www.naturparkmagazin.de\/vdn\/unterwegs-in-der-kyritz-ruppiner-heide\/","url":"https:\/\/www.naturparkmagazin.de\/vdn\/unterwegs-in-der-kyritz-ruppiner-heide\/","name":"Unterwegs in der Kyritz-Ruppiner Heide","isPartOf":{"@id":"https:\/\/www.naturparkmagazin.de\/vdn\/#website"},"datePublished":"2021-07-31T11:33:33+00:00","dateModified":"2021-08-16T13:17:02+00:00","author":{"@id":"https:\/\/www.naturparkmagazin.de\/vdn\/#\/schema\/person\/3cff9b8773ed55f0189255fa9adfd57c"},"description":"Seit Juni geh\u00f6rt Deutschlands zweitgr\u00f6\u00dftes Heidegebiet vollst\u00e4ndig zum Naturpark Stechlin-Ruppiner Land: Die Kyritz-Ruppiner Heide.","breadcrumb":{"@id":"https:\/\/www.naturparkmagazin.de\/vdn\/unterwegs-in-der-kyritz-ruppiner-heide\/#breadcrumb"},"inLanguage":"de","potentialAction":[{"@type":"ReadAction","target":["https:\/\/www.naturparkmagazin.de\/vdn\/unterwegs-in-der-kyritz-ruppiner-heide\/"]}]},{"@type":"BreadcrumbList","@id":"https:\/\/www.naturparkmagazin.de\/vdn\/unterwegs-in-der-kyritz-ruppiner-heide\/#breadcrumb","itemListElement":[{"@type":"ListItem","position":1,"name":"Home","item":"https:\/\/www.naturparkmagazin.de\/vdn\/"},{"@type":"ListItem","position":2,"name":"Unterwegs in der Kyritz-Ruppiner Heide"}]},{"@type":"WebSite","@id":"https:\/\/www.naturparkmagazin.de\/vdn\/#website","url":"https:\/\/www.naturparkmagazin.de\/vdn\/","name":"Verband Deutscher Naturparke","description":"Eine weitere Naturparkmagazin.de Netzwerk Seite","potentialAction":[{"@type":"SearchAction","target":{"@type":"EntryPoint","urlTemplate":"https:\/\/www.naturparkmagazin.de\/vdn\/?s={search_term_string}"},"query-input":"required name=search_term_string"}],"inLanguage":"de"},{"@type":"Person","@id":"https:\/\/www.naturparkmagazin.de\/vdn\/#\/schema\/person\/3cff9b8773ed55f0189255fa9adfd57c","name":"manuelamerz","url":"https:\/\/www.naturparkmagazin.de\/vdn\/author\/manuelamerz\/"}]}},"_links":{"self":[{"href":"https:\/\/www.naturparkmagazin.de\/vdn\/wp-json\/wp\/v2\/posts\/13856"}],"collection":[{"href":"https:\/\/www.naturparkmagazin.de\/vdn\/wp-json\/wp\/v2\/posts"}],"about":[{"href":"https:\/\/www.naturparkmagazin.de\/vdn\/wp-json\/wp\/v2\/types\/post"}],"author":[{"embeddable":true,"href":"https:\/\/www.naturparkmagazin.de\/vdn\/wp-json\/wp\/v2\/users\/73"}],"replies":[{"embeddable":true,"href":"https:\/\/www.naturparkmagazin.de\/vdn\/wp-json\/wp\/v2\/comments?post=13856"}],"version-history":[{"count":3,"href":"https:\/\/www.naturparkmagazin.de\/vdn\/wp-json\/wp\/v2\/posts\/13856\/revisions"}],"predecessor-version":[{"id":13878,"href":"https:\/\/www.naturparkmagazin.de\/vdn\/wp-json\/wp\/v2\/posts\/13856\/revisions\/13878"}],"wp:featuredmedia":[{"embeddable":true,"href":"https:\/\/www.naturparkmagazin.de\/vdn\/wp-json\/wp\/v2\/media\/13857"}],"wp:attachment":[{"href":"https:\/\/www.naturparkmagazin.de\/vdn\/wp-json\/wp\/v2\/media?parent=13856"}],"wp:term":[{"taxonomy":"category","embeddable":true,"href":"https:\/\/www.naturparkmagazin.de\/vdn\/wp-json\/wp\/v2\/categories?post=13856"},{"taxonomy":"post_tag","embeddable":true,"href":"https:\/\/www.naturparkmagazin.de\/vdn\/wp-json\/wp\/v2\/tags?post=13856"}],"curies":[{"name":"wp","href":"https:\/\/api.w.org\/{rel}","templated":true}]}}