{"id":13898,"date":"2021-08-31T13:38:53","date_gmt":"2021-08-31T11:38:53","guid":{"rendered":"https:\/\/www.naturparkmagazin.de\/vdn\/?p=13898"},"modified":"2021-09-14T13:19:07","modified_gmt":"2021-09-14T11:19:07","slug":"inspiration-und-kommunikation","status":"publish","type":"post","link":"https:\/\/www.naturparkmagazin.de\/vdn\/inspiration-und-kommunikation\/","title":{"rendered":"Inspiration und Kommunikation"},"content":{"rendered":"<div id=\"attachment_13899\" style=\"width: 510px\" class=\"wp-caption alignnone\"><a href=\"https:\/\/www.naturparkmagazin.de\/vdn\/wp-content\/uploads\/sites\/3\/Gruppenbild-TourNatur-2020.jpg\"><img aria-describedby=\"caption-attachment-13899\" decoding=\"async\" loading=\"lazy\" class=\"size-full wp-image-13899\" src=\"https:\/\/www.naturparkmagazin.de\/vdn\/wp-content\/uploads\/sites\/3\/Gruppenbild-TourNatur-2020.jpg\" alt=\"Gruppenbild TourNatur 2020 \u00a9 VDN\" width=\"500\" height=\"300\" srcset=\"https:\/\/www.naturparkmagazin.de\/vdn\/wp-content\/uploads\/sites\/3\/Gruppenbild-TourNatur-2020.jpg 500w, https:\/\/www.naturparkmagazin.de\/vdn\/wp-content\/uploads\/sites\/3\/Gruppenbild-TourNatur-2020-300x180.jpg 300w, https:\/\/www.naturparkmagazin.de\/vdn\/wp-content\/uploads\/sites\/3\/Gruppenbild-TourNatur-2020-200x120.jpg 200w\" sizes=\"(max-width: 500px) 100vw, 500px\" \/><\/a><p id=\"caption-attachment-13899\" class=\"wp-caption-text\">Gruppenbild TourNatur 2020 \u00a9 VDN<\/p><\/div>\n<p>Ab Freitag, den 27. August f\u00fcr Fachbesucher und f\u00fcr die \u00d6ffentlichkeit ab Samstag, den 28. August bis Sonntag, den 5. September pr\u00e4sentieren sich 5 Naturparke und die Koordinierungsstelle der Naturparke Nordrhein-Westfalen, 3 Nationalparke und 1 Biosph\u00e4renreservat auf der Caravan Salon 2021 in Halle 3 Stand H20. Die Caravan Salon ist die weltgr\u00f6\u00dfte Messe f\u00fcr Reisemobile und Caravans und findet auf dem Gel\u00e4nde der Messe D\u00fcsseldorf statt.<\/p>\n<p>In diesem Jahr informiert erstmals die Themenwelt \u201eTravel &amp; Nature\u201c Campingfans \u00fcber vielf\u00e4ltige M\u00f6glichkeiten eines naturnahen mobilen Reisens. Hier sind auch die Nationalen Naturlandschaften mit ihren Informationen zu finden.<\/p>\n<p>Die Nationalen Naturlandschaften sind nicht nur f\u00fcr die Natur und die nachhaltige Entwicklung unverzichtbar, sondern vor allem auch f\u00fcr das Naturerleben, die Erholung und Gesundheitsvorsorge.<\/p>\n<p>Wir freuen uns, wenn Sie die Nationalen Naturlandschaften auf der Caravan Salon besuchen und m\u00f6chten Ihnen schon jetzt vier Tipps geben, mit denen Sie die Arbeit der Schutzgebiete unterst\u00fctzen und Ihren Urlaub bereichern k\u00f6nnen:<\/p>\n<ol>\n<li>Besuchen Sie die Infozentren in den Gebieten &#8211; hier finden Sie interessante Ausstellungen \u00fcber die Natur und Kultur der Region. Nutzen Sie das vielf\u00e4ltige Angebot an F\u00fchrungen in den Gebieten. \u00dcber Flyer, Magazine, Newsletter und Internetseiten finden Sie alle notwendigen Informationen.<\/li>\n<li>Lernen Sie die regionalen Partner der Nationalen Naturlandschaften und ihre Angebote kennen: Der frisch hergestellte K\u00e4se oder die Wildsalami f\u00fcr Ihr Picknick, ein Besuch im Restaurant, Hofladen oder auf dem Bauernmarkt bieten Ihnen Genuss und das Wissen, dass Sie die wertvolle Arbeit dieser Partner f\u00fcr ihre Region unterst\u00fctzen. Weitere Informationen finden Sie unter: http:\/\/partner.nationale-naturlandschaften.de\/.<\/li>\n<li>Verbinden Sie Ihren Urlaub mit Naturschutz-Engagement \u2013 Erfahren Sie w\u00e4hrend eines Tageseinsatzes als Voluntourist*in mehr \u00fcber die regionalen Highlights und unterst\u00fctzen Sie gleichzeitig die Fachleute bei ihrer Arbeit, indem Sie z. B. B\u00e4ume pflanzen, D\u00fcnen sch\u00fctzen, Bergwiesen m\u00e4hen, V\u00f6gel beobachten und vieles mehr. Weitere Informationen finden Sie unter: <a href=\"http:\/\/www.naturschutz-im-urlaub.de\" target=\"_blank\">naturschutz-im-urlaub.de<\/a><\/li>\n<li>Tragen Sie aktiv dazu bei, Natur und Landschaft zu bewahren: Beachten Sie bei Ihren Ausfl\u00fcgen Hinweisschilder und Wegef\u00fchrungen und nutzen Sie ausgeschilderte Stellpl\u00e4tze. Hunde sind erw\u00fcnscht, aber nur an der Leine, um Wildtiere zu schonen. Ihren Abfall nehmen Sie bitte wieder mit, und verzichten Sie auf offenes Feuer in der Natur.<\/li>\n<\/ol>\n<p><strong>Mehr Informationen erhalten Sie am Gemeinschaftsstand der Nationalen Naturlandschaften in Halle 3 Stand H20 und unter <a href=\"http:\/\/www.naturparke.de\" target=\"_blank\">www.naturparke.de<\/a> und <a href=\"http:\/\/www.nationale-naturlandschaften.de\" target=\"_blank\">www.nationale-naturlandschaften.de<\/a>.<\/strong><\/p>\n<p>&nbsp;<\/p>\n<p>&nbsp;<\/p>\n","protected":false},"excerpt":{"rendered":"<p>Nationale Naturlandschaften stellen sich auf der Caravan Salon 2021 vor.<\/p>\n","protected":false},"author":73,"featured_media":13900,"comment_status":"open","ping_status":"open","sticky":false,"template":"","format":"standard","meta":{"_links_to":"","_links_to_target":""},"categories":[7],"tags":[2611,2609,1305,2513,2610,231,470,2613,2605,2612],"yoast_head":"<!-- This site is optimized with the Yoast SEO plugin v19.10 - https:\/\/yoast.com\/wordpress\/plugins\/seo\/ -->\n<title>Inspiration und Kommunikation<\/title>\n<meta name=\"description\" content=\"Nationale Naturlandschaften stellen sich auf der Caravan Salon 2021 vor.\" \/>\n<meta name=\"robots\" content=\"index, follow, max-snippet:-1, max-image-preview:large, max-video-preview:-1\" \/>\n<link rel=\"canonical\" href=\"https:\/\/www.naturparkmagazin.de\/vdn\/inspiration-und-kommunikation\/\" \/>\n<meta property=\"og:locale\" content=\"de_DE\" \/>\n<meta property=\"og:type\" content=\"article\" \/>\n<meta property=\"og:title\" content=\"Inspiration und Kommunikation\" \/>\n<meta property=\"og:description\" content=\"Nationale Naturlandschaften stellen sich auf der Caravan Salon 2021 vor.\" \/>\n<meta property=\"og:url\" content=\"https:\/\/www.naturparkmagazin.de\/vdn\/inspiration-und-kommunikation\/\" \/>\n<meta property=\"og:site_name\" content=\"Verband Deutscher Naturparke\" \/>\n<meta property=\"article:published_time\" content=\"2021-08-31T11:38:53+00:00\" \/>\n<meta property=\"article:modified_time\" content=\"2021-09-14T11:19:07+00:00\" \/>\n<meta property=\"og:image\" content=\"https:\/\/www.naturparkmagazin.de\/vdn\/wp-content\/uploads\/sites\/3\/Unbenanntbf7.jpg\" \/>\n\t<meta property=\"og:image:width\" content=\"200\" \/>\n\t<meta property=\"og:image:height\" content=\"200\" \/>\n\t<meta property=\"og:image:type\" content=\"image\/jpeg\" \/>\n<meta name=\"author\" content=\"manuelamerz\" \/>\n<meta name=\"twitter:label1\" content=\"Verfasst von\" \/>\n\t<meta name=\"twitter:data1\" content=\"manuelamerz\" \/>\n\t<meta name=\"twitter:label2\" content=\"Gesch\u00e4tzte Lesezeit\" \/>\n\t<meta name=\"twitter:data2\" content=\"2\u00a0Minuten\" \/>\n<script type=\"application\/ld+json\" class=\"yoast-schema-graph\">{\"@context\":\"https:\/\/schema.org\",\"@graph\":[{\"@type\":\"WebPage\",\"@id\":\"https:\/\/www.naturparkmagazin.de\/vdn\/inspiration-und-kommunikation\/\",\"url\":\"https:\/\/www.naturparkmagazin.de\/vdn\/inspiration-und-kommunikation\/\",\"name\":\"Inspiration und Kommunikation\",\"isPartOf\":{\"@id\":\"https:\/\/www.naturparkmagazin.de\/vdn\/#website\"},\"datePublished\":\"2021-08-31T11:38:53+00:00\",\"dateModified\":\"2021-09-14T11:19:07+00:00\",\"author\":{\"@id\":\"https:\/\/www.naturparkmagazin.de\/vdn\/#\/schema\/person\/3cff9b8773ed55f0189255fa9adfd57c\"},\"description\":\"Nationale Naturlandschaften stellen sich auf der Caravan Salon 2021 vor.\",\"breadcrumb\":{\"@id\":\"https:\/\/www.naturparkmagazin.de\/vdn\/inspiration-und-kommunikation\/#breadcrumb\"},\"inLanguage\":\"de\",\"potentialAction\":[{\"@type\":\"ReadAction\",\"target\":[\"https:\/\/www.naturparkmagazin.de\/vdn\/inspiration-und-kommunikation\/\"]}]},{\"@type\":\"BreadcrumbList\",\"@id\":\"https:\/\/www.naturparkmagazin.de\/vdn\/inspiration-und-kommunikation\/#breadcrumb\",\"itemListElement\":[{\"@type\":\"ListItem\",\"position\":1,\"name\":\"Home\",\"item\":\"https:\/\/www.naturparkmagazin.de\/vdn\/\"},{\"@type\":\"ListItem\",\"position\":2,\"name\":\"Inspiration und Kommunikation\"}]},{\"@type\":\"WebSite\",\"@id\":\"https:\/\/www.naturparkmagazin.de\/vdn\/#website\",\"url\":\"https:\/\/www.naturparkmagazin.de\/vdn\/\",\"name\":\"Verband Deutscher Naturparke\",\"description\":\"Eine weitere Naturparkmagazin.de Netzwerk Seite\",\"potentialAction\":[{\"@type\":\"SearchAction\",\"target\":{\"@type\":\"EntryPoint\",\"urlTemplate\":\"https:\/\/www.naturparkmagazin.de\/vdn\/?s={search_term_string}\"},\"query-input\":\"required name=search_term_string\"}],\"inLanguage\":\"de\"},{\"@type\":\"Person\",\"@id\":\"https:\/\/www.naturparkmagazin.de\/vdn\/#\/schema\/person\/3cff9b8773ed55f0189255fa9adfd57c\",\"name\":\"manuelamerz\",\"url\":\"https:\/\/www.naturparkmagazin.de\/vdn\/author\/manuelamerz\/\"}]}<\/script>\n<!-- \/ Yoast SEO plugin. -->","yoast_head_json":{"title":"Inspiration und Kommunikation","description":"Nationale Naturlandschaften stellen sich auf der Caravan Salon 2021 vor.","robots":{"index":"index","follow":"follow","max-snippet":"max-snippet:-1","max-image-preview":"max-image-preview:large","max-video-preview":"max-video-preview:-1"},"canonical":"https:\/\/www.naturparkmagazin.de\/vdn\/inspiration-und-kommunikation\/","og_locale":"de_DE","og_type":"article","og_title":"Inspiration und Kommunikation","og_description":"Nationale Naturlandschaften stellen sich auf der Caravan Salon 2021 vor.","og_url":"https:\/\/www.naturparkmagazin.de\/vdn\/inspiration-und-kommunikation\/","og_site_name":"Verband Deutscher Naturparke","article_published_time":"2021-08-31T11:38:53+00:00","article_modified_time":"2021-09-14T11:19:07+00:00","og_image":[{"width":200,"height":200,"url":"https:\/\/www.naturparkmagazin.de\/vdn\/wp-content\/uploads\/sites\/3\/Unbenanntbf7.jpg","type":"image\/jpeg"}],"author":"manuelamerz","twitter_misc":{"Verfasst von":"manuelamerz","Gesch\u00e4tzte Lesezeit":"2\u00a0Minuten"},"schema":{"@context":"https:\/\/schema.org","@graph":[{"@type":"WebPage","@id":"https:\/\/www.naturparkmagazin.de\/vdn\/inspiration-und-kommunikation\/","url":"https:\/\/www.naturparkmagazin.de\/vdn\/inspiration-und-kommunikation\/","name":"Inspiration und Kommunikation","isPartOf":{"@id":"https:\/\/www.naturparkmagazin.de\/vdn\/#website"},"datePublished":"2021-08-31T11:38:53+00:00","dateModified":"2021-09-14T11:19:07+00:00","author":{"@id":"https:\/\/www.naturparkmagazin.de\/vdn\/#\/schema\/person\/3cff9b8773ed55f0189255fa9adfd57c"},"description":"Nationale Naturlandschaften stellen sich auf der Caravan Salon 2021 vor.","breadcrumb":{"@id":"https:\/\/www.naturparkmagazin.de\/vdn\/inspiration-und-kommunikation\/#breadcrumb"},"inLanguage":"de","potentialAction":[{"@type":"ReadAction","target":["https:\/\/www.naturparkmagazin.de\/vdn\/inspiration-und-kommunikation\/"]}]},{"@type":"BreadcrumbList","@id":"https:\/\/www.naturparkmagazin.de\/vdn\/inspiration-und-kommunikation\/#breadcrumb","itemListElement":[{"@type":"ListItem","position":1,"name":"Home","item":"https:\/\/www.naturparkmagazin.de\/vdn\/"},{"@type":"ListItem","position":2,"name":"Inspiration und Kommunikation"}]},{"@type":"WebSite","@id":"https:\/\/www.naturparkmagazin.de\/vdn\/#website","url":"https:\/\/www.naturparkmagazin.de\/vdn\/","name":"Verband Deutscher Naturparke","description":"Eine weitere Naturparkmagazin.de Netzwerk Seite","potentialAction":[{"@type":"SearchAction","target":{"@type":"EntryPoint","urlTemplate":"https:\/\/www.naturparkmagazin.de\/vdn\/?s={search_term_string}"},"query-input":"required name=search_term_string"}],"inLanguage":"de"},{"@type":"Person","@id":"https:\/\/www.naturparkmagazin.de\/vdn\/#\/schema\/person\/3cff9b8773ed55f0189255fa9adfd57c","name":"manuelamerz","url":"https:\/\/www.naturparkmagazin.de\/vdn\/author\/manuelamerz\/"}]}},"_links":{"self":[{"href":"https:\/\/www.naturparkmagazin.de\/vdn\/wp-json\/wp\/v2\/posts\/13898"}],"collection":[{"href":"https:\/\/www.naturparkmagazin.de\/vdn\/wp-json\/wp\/v2\/posts"}],"about":[{"href":"https:\/\/www.naturparkmagazin.de\/vdn\/wp-json\/wp\/v2\/types\/post"}],"author":[{"embeddable":true,"href":"https:\/\/www.naturparkmagazin.de\/vdn\/wp-json\/wp\/v2\/users\/73"}],"replies":[{"embeddable":true,"href":"https:\/\/www.naturparkmagazin.de\/vdn\/wp-json\/wp\/v2\/comments?post=13898"}],"version-history":[{"count":4,"href":"https:\/\/www.naturparkmagazin.de\/vdn\/wp-json\/wp\/v2\/posts\/13898\/revisions"}],"predecessor-version":[{"id":13939,"href":"https:\/\/www.naturparkmagazin.de\/vdn\/wp-json\/wp\/v2\/posts\/13898\/revisions\/13939"}],"wp:featuredmedia":[{"embeddable":true,"href":"https:\/\/www.naturparkmagazin.de\/vdn\/wp-json\/wp\/v2\/media\/13900"}],"wp:attachment":[{"href":"https:\/\/www.naturparkmagazin.de\/vdn\/wp-json\/wp\/v2\/media?parent=13898"}],"wp:term":[{"taxonomy":"category","embeddable":true,"href":"https:\/\/www.naturparkmagazin.de\/vdn\/wp-json\/wp\/v2\/categories?post=13898"},{"taxonomy":"post_tag","embeddable":true,"href":"https:\/\/www.naturparkmagazin.de\/vdn\/wp-json\/wp\/v2\/tags?post=13898"}],"curies":[{"name":"wp","href":"https:\/\/api.w.org\/{rel}","templated":true}]}}