{"id":13982,"date":"2021-09-30T10:16:09","date_gmt":"2021-09-30T08:16:09","guid":{"rendered":"https:\/\/www.naturparkmagazin.de\/vdn\/?p=13982"},"modified":"2021-10-18T13:50:12","modified_gmt":"2021-10-18T11:50:12","slug":"lippischer-pickert","status":"publish","type":"post","link":"https:\/\/www.naturparkmagazin.de\/vdn\/lippischer-pickert\/","title":{"rendered":"Lippischer Pickert"},"content":{"rendered":"<div id=\"attachment_13984\" style=\"width: 510px\" class=\"wp-caption aligncenter\"><a href=\"https:\/\/www.naturparkmagazin.de\/vdn\/wp-content\/uploads\/sites\/3\/Rezept-Lippischer-Pickert\u00a9TwilightArtPictures-stock.adobe_.com__9571946_500x300-Px.jpg\"><img aria-describedby=\"caption-attachment-13984\" decoding=\"async\" loading=\"lazy\" class=\"size-full wp-image-13984\" src=\"https:\/\/www.naturparkmagazin.de\/vdn\/wp-content\/uploads\/sites\/3\/Rezept-Lippischer-Pickert\u00a9TwilightArtPictures-stock.adobe_.com__9571946_500x300-Px.jpg\" alt=\"Lippermahl \u00a9 TwilightArtPictures-stock.adobe_.com__9571946\" width=\"500\" height=\"300\" srcset=\"https:\/\/www.naturparkmagazin.de\/vdn\/wp-content\/uploads\/sites\/3\/Rezept-Lippischer-Pickert\u00a9TwilightArtPictures-stock.adobe_.com__9571946_500x300-Px.jpg 500w, https:\/\/www.naturparkmagazin.de\/vdn\/wp-content\/uploads\/sites\/3\/Rezept-Lippischer-Pickert\u00a9TwilightArtPictures-stock.adobe_.com__9571946_500x300-Px-300x180.jpg 300w, https:\/\/www.naturparkmagazin.de\/vdn\/wp-content\/uploads\/sites\/3\/Rezept-Lippischer-Pickert\u00a9TwilightArtPictures-stock.adobe_.com__9571946_500x300-Px-200x120.jpg 200w\" sizes=\"(max-width: 500px) 100vw, 500px\" \/><\/a><p id=\"caption-attachment-13984\" class=\"wp-caption-text\">Lippermahl \u00a9 TwilightArtPictures-stock.adobe_.com__9571946<\/p><\/div>\n<p><strong>Oma\u2019s Pickert Rezept<\/strong><\/p>\n<p>Im lippischen Raum noch sehr verbreitet, aber auch in Westfalen nicht unbekannt: der Pickert. Der pfannkuchenartige Fladen war einst eine \u201eArme-Leute-Speise\u201c und wird heute als Spezialit\u00e4t in vielen, vor allem lippischen Restaurants angeboten. Daher wird er zumeist auch \u201eLippischer Pickert\u201c genannt.<\/p>\n<p>Hier ein Rezept f\u00fcr die beliebte Spezialit\u00e4t:<\/p>\n<p><strong>Zutaten<\/strong>:<\/p>\n<p>8-12 Kartoffeln<\/p>\n<p>1 knapper EL Zucker<\/p>\n<p>Salz nach Geschmack<\/p>\n<p>1\/2 l lauwarme Milch<\/p>\n<p>1 Packung Hefe<\/p>\n<p>500 gr. Mehl<\/p>\n<p>8 Eier<\/p>\n<p>2 EL Haferflocken<\/p>\n<p>ggf. Rosinen<\/p>\n<p>&nbsp;<\/p>\n<p><strong>Zubereitung<\/strong>:<\/p>\n<p>Die rohen Kartoffeln sch\u00e4len und dann mit einer K\u00fcchenreibe zu einem Brei raspeln.<\/p>\n<p>Nun kommen die Eier hinzu. Auch das Mehl und Haferflocken langsam r\u00fchrend hinzuf\u00fcgen. Daneben die Hefe in der lauwarmen Milch aufl\u00f6sen lassen. Die beiden Massen mit Salz und Zucker vermischen und mit einem Handtuch bedeckt mindestens eine Stunde gehen lassen bis die Masse sch\u00f6n aufgegangen ist. Wer m\u00f6chte, kann jetzt noch Rosinen unterr\u00fchren.<\/p>\n<p>Den Teig in eine hei\u00dfe Pfanne mit \u00d6l geben und goldbraun braten.<\/p>\n<p>Pickert kann herzhaft mit Leberwurst oder gesalzener Butter genossen werden sowie auch s\u00fc\u00df mit Zuckerr\u00fcbensirup oder Marmelade.<\/p>\n<p>&nbsp;<\/p>\n<p>Guten Appetit w\u00fcnscht der Naturpark Teutoburgerwald\/Eggegebirge!<\/p>\n<p>&nbsp;<\/p>\n<p>&nbsp;<\/p>\n","protected":false},"excerpt":{"rendered":"<p>Im lippischen Raum noch sehr verbreitet, aber auch in Westfalen nicht unbekannt: der Pickert. Der pfannkuchenartige Fladen war einst eine \u201eArme-Leute-Speise\u201c und wird heute als Spezialit\u00e4t in vielen, vor allem lippischen Restaurants angeboten. Daher wird er zumeist auch \u201eLippischer Pickert\u201c genannt.<\/p>\n","protected":false},"author":51,"featured_media":13983,"comment_status":"open","ping_status":"open","sticky":false,"template":"","format":"standard","meta":{"_links_to":"","_links_to_target":""},"categories":[14],"tags":[2183,889,2667,110,2239],"yoast_head":"<!-- This site is optimized with the Yoast SEO plugin v19.10 - https:\/\/yoast.com\/wordpress\/plugins\/seo\/ -->\n<title>Lippischer Pickert<\/title>\n<meta name=\"description\" content=\"Im lippischen Raum noch sehr verbreitet, aber auch in Westfalen nicht unbekannt: der Pickert. Der pfannkuchenartige Fladen war einst eine \u201eArme-Leute-Speise\u201c und wird heute als Spezialit\u00e4t in vielen, vor allem lippischen Restaurants angeboten. Daher wird er zumeist auch \u201eLippischer Pickert\u201c genannt.\" \/>\n<meta name=\"robots\" content=\"index, follow, max-snippet:-1, max-image-preview:large, max-video-preview:-1\" \/>\n<link rel=\"canonical\" href=\"https:\/\/www.naturparkmagazin.de\/vdn\/lippischer-pickert\/\" \/>\n<meta property=\"og:locale\" content=\"de_DE\" \/>\n<meta property=\"og:type\" content=\"article\" \/>\n<meta property=\"og:title\" content=\"Lippischer Pickert\" \/>\n<meta property=\"og:description\" content=\"Im lippischen Raum noch sehr verbreitet, aber auch in Westfalen nicht unbekannt: der Pickert. Der pfannkuchenartige Fladen war einst eine \u201eArme-Leute-Speise\u201c und wird heute als Spezialit\u00e4t in vielen, vor allem lippischen Restaurants angeboten. Daher wird er zumeist auch \u201eLippischer Pickert\u201c genannt.\" \/>\n<meta property=\"og:url\" content=\"https:\/\/www.naturparkmagazin.de\/vdn\/lippischer-pickert\/\" \/>\n<meta property=\"og:site_name\" content=\"Verband Deutscher Naturparke\" \/>\n<meta property=\"article:published_time\" content=\"2021-09-30T08:16:09+00:00\" \/>\n<meta property=\"article:modified_time\" content=\"2021-10-18T11:50:12+00:00\" \/>\n<meta property=\"og:image\" content=\"https:\/\/www.naturparkmagazin.de\/vdn\/wp-content\/uploads\/sites\/3\/Rezept-Lippischer-Pickert\u00a9TwilightArtPictures-stock.adobe_.com__9571946_200x200-Px.jpg\" \/>\n\t<meta property=\"og:image:width\" content=\"200\" \/>\n\t<meta property=\"og:image:height\" content=\"200\" \/>\n\t<meta property=\"og:image:type\" content=\"image\/jpeg\" \/>\n<meta name=\"author\" content=\"beatrixlosem\" \/>\n<meta name=\"twitter:label1\" content=\"Verfasst von\" \/>\n\t<meta name=\"twitter:data1\" content=\"beatrixlosem\" \/>\n\t<meta name=\"twitter:label2\" content=\"Gesch\u00e4tzte Lesezeit\" \/>\n\t<meta name=\"twitter:data2\" content=\"1\u00a0Minute\" \/>\n<script type=\"application\/ld+json\" class=\"yoast-schema-graph\">{\"@context\":\"https:\/\/schema.org\",\"@graph\":[{\"@type\":\"WebPage\",\"@id\":\"https:\/\/www.naturparkmagazin.de\/vdn\/lippischer-pickert\/\",\"url\":\"https:\/\/www.naturparkmagazin.de\/vdn\/lippischer-pickert\/\",\"name\":\"Lippischer Pickert\",\"isPartOf\":{\"@id\":\"https:\/\/www.naturparkmagazin.de\/vdn\/#website\"},\"datePublished\":\"2021-09-30T08:16:09+00:00\",\"dateModified\":\"2021-10-18T11:50:12+00:00\",\"author\":{\"@id\":\"https:\/\/www.naturparkmagazin.de\/vdn\/#\/schema\/person\/d71357578c318b6db03be60b1f60396b\"},\"description\":\"Im lippischen Raum noch sehr verbreitet, aber auch in Westfalen nicht unbekannt: der Pickert. Der pfannkuchenartige Fladen war einst eine \u201eArme-Leute-Speise\u201c und wird heute als Spezialit\u00e4t in vielen, vor allem lippischen Restaurants angeboten. Daher wird er zumeist auch \u201eLippischer Pickert\u201c genannt.\",\"breadcrumb\":{\"@id\":\"https:\/\/www.naturparkmagazin.de\/vdn\/lippischer-pickert\/#breadcrumb\"},\"inLanguage\":\"de\",\"potentialAction\":[{\"@type\":\"ReadAction\",\"target\":[\"https:\/\/www.naturparkmagazin.de\/vdn\/lippischer-pickert\/\"]}]},{\"@type\":\"BreadcrumbList\",\"@id\":\"https:\/\/www.naturparkmagazin.de\/vdn\/lippischer-pickert\/#breadcrumb\",\"itemListElement\":[{\"@type\":\"ListItem\",\"position\":1,\"name\":\"Home\",\"item\":\"https:\/\/www.naturparkmagazin.de\/vdn\/\"},{\"@type\":\"ListItem\",\"position\":2,\"name\":\"Lippischer Pickert\"}]},{\"@type\":\"WebSite\",\"@id\":\"https:\/\/www.naturparkmagazin.de\/vdn\/#website\",\"url\":\"https:\/\/www.naturparkmagazin.de\/vdn\/\",\"name\":\"Verband Deutscher Naturparke\",\"description\":\"Eine weitere Naturparkmagazin.de Netzwerk Seite\",\"potentialAction\":[{\"@type\":\"SearchAction\",\"target\":{\"@type\":\"EntryPoint\",\"urlTemplate\":\"https:\/\/www.naturparkmagazin.de\/vdn\/?s={search_term_string}\"},\"query-input\":\"required name=search_term_string\"}],\"inLanguage\":\"de\"},{\"@type\":\"Person\",\"@id\":\"https:\/\/www.naturparkmagazin.de\/vdn\/#\/schema\/person\/d71357578c318b6db03be60b1f60396b\",\"name\":\"beatrixlosem\",\"url\":\"https:\/\/www.naturparkmagazin.de\/vdn\/author\/beatrixlosem\/\"}]}<\/script>\n<!-- \/ Yoast SEO plugin. -->","yoast_head_json":{"title":"Lippischer Pickert","description":"Im lippischen Raum noch sehr verbreitet, aber auch in Westfalen nicht unbekannt: der Pickert. Der pfannkuchenartige Fladen war einst eine \u201eArme-Leute-Speise\u201c und wird heute als Spezialit\u00e4t in vielen, vor allem lippischen Restaurants angeboten. Daher wird er zumeist auch \u201eLippischer Pickert\u201c genannt.","robots":{"index":"index","follow":"follow","max-snippet":"max-snippet:-1","max-image-preview":"max-image-preview:large","max-video-preview":"max-video-preview:-1"},"canonical":"https:\/\/www.naturparkmagazin.de\/vdn\/lippischer-pickert\/","og_locale":"de_DE","og_type":"article","og_title":"Lippischer Pickert","og_description":"Im lippischen Raum noch sehr verbreitet, aber auch in Westfalen nicht unbekannt: der Pickert. Der pfannkuchenartige Fladen war einst eine \u201eArme-Leute-Speise\u201c und wird heute als Spezialit\u00e4t in vielen, vor allem lippischen Restaurants angeboten. Daher wird er zumeist auch \u201eLippischer Pickert\u201c genannt.","og_url":"https:\/\/www.naturparkmagazin.de\/vdn\/lippischer-pickert\/","og_site_name":"Verband Deutscher Naturparke","article_published_time":"2021-09-30T08:16:09+00:00","article_modified_time":"2021-10-18T11:50:12+00:00","og_image":[{"width":200,"height":200,"url":"https:\/\/www.naturparkmagazin.de\/vdn\/wp-content\/uploads\/sites\/3\/Rezept-Lippischer-Pickert\u00a9TwilightArtPictures-stock.adobe_.com__9571946_200x200-Px.jpg","type":"image\/jpeg"}],"author":"beatrixlosem","twitter_misc":{"Verfasst von":"beatrixlosem","Gesch\u00e4tzte Lesezeit":"1\u00a0Minute"},"schema":{"@context":"https:\/\/schema.org","@graph":[{"@type":"WebPage","@id":"https:\/\/www.naturparkmagazin.de\/vdn\/lippischer-pickert\/","url":"https:\/\/www.naturparkmagazin.de\/vdn\/lippischer-pickert\/","name":"Lippischer Pickert","isPartOf":{"@id":"https:\/\/www.naturparkmagazin.de\/vdn\/#website"},"datePublished":"2021-09-30T08:16:09+00:00","dateModified":"2021-10-18T11:50:12+00:00","author":{"@id":"https:\/\/www.naturparkmagazin.de\/vdn\/#\/schema\/person\/d71357578c318b6db03be60b1f60396b"},"description":"Im lippischen Raum noch sehr verbreitet, aber auch in Westfalen nicht unbekannt: der Pickert. Der pfannkuchenartige Fladen war einst eine \u201eArme-Leute-Speise\u201c und wird heute als Spezialit\u00e4t in vielen, vor allem lippischen Restaurants angeboten. Daher wird er zumeist auch \u201eLippischer Pickert\u201c genannt.","breadcrumb":{"@id":"https:\/\/www.naturparkmagazin.de\/vdn\/lippischer-pickert\/#breadcrumb"},"inLanguage":"de","potentialAction":[{"@type":"ReadAction","target":["https:\/\/www.naturparkmagazin.de\/vdn\/lippischer-pickert\/"]}]},{"@type":"BreadcrumbList","@id":"https:\/\/www.naturparkmagazin.de\/vdn\/lippischer-pickert\/#breadcrumb","itemListElement":[{"@type":"ListItem","position":1,"name":"Home","item":"https:\/\/www.naturparkmagazin.de\/vdn\/"},{"@type":"ListItem","position":2,"name":"Lippischer Pickert"}]},{"@type":"WebSite","@id":"https:\/\/www.naturparkmagazin.de\/vdn\/#website","url":"https:\/\/www.naturparkmagazin.de\/vdn\/","name":"Verband Deutscher Naturparke","description":"Eine weitere Naturparkmagazin.de Netzwerk Seite","potentialAction":[{"@type":"SearchAction","target":{"@type":"EntryPoint","urlTemplate":"https:\/\/www.naturparkmagazin.de\/vdn\/?s={search_term_string}"},"query-input":"required name=search_term_string"}],"inLanguage":"de"},{"@type":"Person","@id":"https:\/\/www.naturparkmagazin.de\/vdn\/#\/schema\/person\/d71357578c318b6db03be60b1f60396b","name":"beatrixlosem","url":"https:\/\/www.naturparkmagazin.de\/vdn\/author\/beatrixlosem\/"}]}},"_links":{"self":[{"href":"https:\/\/www.naturparkmagazin.de\/vdn\/wp-json\/wp\/v2\/posts\/13982"}],"collection":[{"href":"https:\/\/www.naturparkmagazin.de\/vdn\/wp-json\/wp\/v2\/posts"}],"about":[{"href":"https:\/\/www.naturparkmagazin.de\/vdn\/wp-json\/wp\/v2\/types\/post"}],"author":[{"embeddable":true,"href":"https:\/\/www.naturparkmagazin.de\/vdn\/wp-json\/wp\/v2\/users\/51"}],"replies":[{"embeddable":true,"href":"https:\/\/www.naturparkmagazin.de\/vdn\/wp-json\/wp\/v2\/comments?post=13982"}],"version-history":[{"count":4,"href":"https:\/\/www.naturparkmagazin.de\/vdn\/wp-json\/wp\/v2\/posts\/13982\/revisions"}],"predecessor-version":[{"id":14050,"href":"https:\/\/www.naturparkmagazin.de\/vdn\/wp-json\/wp\/v2\/posts\/13982\/revisions\/14050"}],"wp:featuredmedia":[{"embeddable":true,"href":"https:\/\/www.naturparkmagazin.de\/vdn\/wp-json\/wp\/v2\/media\/13983"}],"wp:attachment":[{"href":"https:\/\/www.naturparkmagazin.de\/vdn\/wp-json\/wp\/v2\/media?parent=13982"}],"wp:term":[{"taxonomy":"category","embeddable":true,"href":"https:\/\/www.naturparkmagazin.de\/vdn\/wp-json\/wp\/v2\/categories?post=13982"},{"taxonomy":"post_tag","embeddable":true,"href":"https:\/\/www.naturparkmagazin.de\/vdn\/wp-json\/wp\/v2\/tags?post=13982"}],"curies":[{"name":"wp","href":"https:\/\/api.w.org\/{rel}","templated":true}]}}