{"id":14141,"date":"2021-10-31T12:25:11","date_gmt":"2021-10-31T11:25:11","guid":{"rendered":"https:\/\/www.naturparkmagazin.de\/vdn\/?p=14141"},"modified":"2021-11-12T12:18:42","modified_gmt":"2021-11-12T11:18:42","slug":"kooperation-mit-kaufland-fuer-klimaschutz-und-umweltbildung","status":"publish","type":"post","link":"https:\/\/www.naturparkmagazin.de\/vdn\/kooperation-mit-kaufland-fuer-klimaschutz-und-umweltbildung\/","title":{"rendered":"Kooperation mit Kaufland f\u00fcr Klimaschutz und Umweltbildung"},"content":{"rendered":"<div id=\"attachment_14142\" style=\"width: 510px\" class=\"wp-caption alignnone\"><a href=\"https:\/\/www.naturparkmagazin.de\/vdn\/wp-content\/uploads\/sites\/3\/landschaft001-p-barnim-6406b1.jpg\"><img aria-describedby=\"caption-attachment-14142\" decoding=\"async\" loading=\"lazy\" class=\"size-full wp-image-14142\" src=\"https:\/\/www.naturparkmagazin.de\/vdn\/wp-content\/uploads\/sites\/3\/landschaft001-p-barnim-6406b1.jpg\" alt=\"Landschaftsspiegelung \u00a9 VDN-Fotoprtal \/ Pitti\" width=\"500\" height=\"300\" srcset=\"https:\/\/www.naturparkmagazin.de\/vdn\/wp-content\/uploads\/sites\/3\/landschaft001-p-barnim-6406b1.jpg 500w, https:\/\/www.naturparkmagazin.de\/vdn\/wp-content\/uploads\/sites\/3\/landschaft001-p-barnim-6406b1-300x180.jpg 300w, https:\/\/www.naturparkmagazin.de\/vdn\/wp-content\/uploads\/sites\/3\/landschaft001-p-barnim-6406b1-200x120.jpg 200w\" sizes=\"(max-width: 500px) 100vw, 500px\" \/><\/a><p id=\"caption-attachment-14142\" class=\"wp-caption-text\">Landschaftsspiegelung \u00a9 VDN-Fotoprtal \/ Pitti<\/p><\/div>\n<p>Der Verband Deutscher Naturparke und das Unternehmen Kaufland haben eine Fortsetzung ihrer seit 2007 bestehenden erfolgreichen Kooperation f\u00fcr die Jahre 2022 bis 2024 beschlossen. Dabei wird durch die von Kaufland gef\u00f6rderten Projekte \u201eWettbewerb Klimaschutz in Naturparken\u201c und \u201eNaturaktionstage\u201c die Arbeit der Naturparke vor Ort direkt unterst\u00fctzt.<\/p>\n<p>Der <strong>Wettbewerb \u201eKlimaschutz in Naturparken\u201c <\/strong>ist ein neues Projekt und wird f\u00fcr die Jahre 2022 bis 2024 j\u00e4hrlich durch den VDN mit Unterst\u00fctzung von Kaufland ausgeschrieben. Naturparke leisten mit ihrer Arbeit in den vier Handlungsfeldern \u201eSchutz\u201c, \u201eErholung\u201c, \u201eBildung\u201c und \u201eEntwicklung\u201c bereits heute wichtige Beitr\u00e4ge f\u00fcr den Klimaschutz, die in Zukunft st\u00e4rker ausgebaut werden sollen. Der Wettbewerb \u201eKlimaschutz in Naturparken\u201c unterst\u00fctzt die Naturparke dabei. In dem Wettbewerb k\u00f6nnen die Tr\u00e4ger der Naturparke Vorschl\u00e4ge f\u00fcr Klimaschutzma\u00dfnahmen einreichen. Eine Jury w\u00e4hlt aus, welche der Projekte gef\u00f6rdert werden.<\/p>\n<p>Im bereits seit 2019 erfolgreich laufenden Projekt \u201eNaturaktionstage\u201c werden in den Jahren 2022 bis 2024 j\u00e4hrlich 40 Naturaktionstage in Naturparken durchgef\u00fchrt. Zielgruppe sind Grundschulen und weiterf\u00fchrende Schulen, die einen Tag in einem Naturpark verbringen und dabei von qualifizierten Naturpark-F\u00fchrer:innen begleitet und betreut werden. Ziel dieses Projektes ist es, Sch\u00fclerinnen und Sch\u00fclern Wertsch\u00e4tzung und Wissen \u00fcber die Natur auf spielerische Weise n\u00e4her zu bringen.\u00a0Die \u201eNaturaktionstage\u201c sind ein gemeinsames Projekt von Kaufland und VDN und werden von einzelnen Naturparken durchgef\u00fchrt. Sie sind gleichzeitig Teil des Kaufland Bildungsprogramms \u201eMachen macht Schule\u201c, zu denen auch Umweltaktionstage und Ern\u00e4hrungsaktionstage z\u00e4hlen, bei denen Kaufland mit weiteren Partnern zusammenarbeitet.<\/p>\n<p>&nbsp;<\/p>\n<p>&nbsp;<\/p>\n","protected":false},"excerpt":{"rendered":"<p>Die Kooperation des VDN mit dem Unternehmen Kaufland wird mit einem Schwerpunkt auf Klimaschutz und Umweltbildung fortgesetzt.<\/p>\n","protected":false},"author":73,"featured_media":14143,"comment_status":"open","ping_status":"open","sticky":false,"template":"","format":"standard","meta":{"_links_to":"","_links_to_target":""},"categories":[7],"tags":[2730,1229,522,735,2729,2172,1737,2731,41,1054],"yoast_head":"<!-- This site is optimized with the Yoast SEO plugin v19.10 - https:\/\/yoast.com\/wordpress\/plugins\/seo\/ -->\n<title>Kooperation mit Kaufland f\u00fcr Klimaschutz und Umweltbildung<\/title>\n<meta name=\"description\" content=\"Die Kooperation des VDN mit dem Unternehmen Kaufland wird mit einem Schwerpunkt auf Klimaschutz und Umweltbildung fortgesetzt.\" \/>\n<meta name=\"robots\" content=\"index, follow, max-snippet:-1, max-image-preview:large, max-video-preview:-1\" \/>\n<link rel=\"canonical\" href=\"https:\/\/www.naturparkmagazin.de\/vdn\/kooperation-mit-kaufland-fuer-klimaschutz-und-umweltbildung\/\" \/>\n<meta property=\"og:locale\" content=\"de_DE\" \/>\n<meta property=\"og:type\" content=\"article\" \/>\n<meta property=\"og:title\" content=\"Kooperation mit Kaufland f\u00fcr Klimaschutz und Umweltbildung\" \/>\n<meta property=\"og:description\" content=\"Die Kooperation des VDN mit dem Unternehmen Kaufland wird mit einem Schwerpunkt auf Klimaschutz und Umweltbildung fortgesetzt.\" \/>\n<meta property=\"og:url\" content=\"https:\/\/www.naturparkmagazin.de\/vdn\/kooperation-mit-kaufland-fuer-klimaschutz-und-umweltbildung\/\" \/>\n<meta property=\"og:site_name\" content=\"Verband Deutscher Naturparke\" \/>\n<meta property=\"article:published_time\" content=\"2021-10-31T11:25:11+00:00\" \/>\n<meta property=\"article:modified_time\" content=\"2021-11-12T11:18:42+00:00\" \/>\n<meta property=\"og:image\" content=\"https:\/\/www.naturparkmagazin.de\/vdn\/wp-content\/uploads\/sites\/3\/landschaft001-p-barnim-6406bf1.jpg\" \/>\n\t<meta property=\"og:image:width\" content=\"200\" \/>\n\t<meta property=\"og:image:height\" content=\"200\" \/>\n\t<meta property=\"og:image:type\" content=\"image\/jpeg\" \/>\n<meta name=\"author\" content=\"manuelamerz\" \/>\n<meta name=\"twitter:label1\" content=\"Verfasst von\" \/>\n\t<meta name=\"twitter:data1\" content=\"manuelamerz\" \/>\n\t<meta name=\"twitter:label2\" content=\"Gesch\u00e4tzte Lesezeit\" \/>\n\t<meta name=\"twitter:data2\" content=\"1\u00a0Minute\" \/>\n<script type=\"application\/ld+json\" class=\"yoast-schema-graph\">{\"@context\":\"https:\/\/schema.org\",\"@graph\":[{\"@type\":\"WebPage\",\"@id\":\"https:\/\/www.naturparkmagazin.de\/vdn\/kooperation-mit-kaufland-fuer-klimaschutz-und-umweltbildung\/\",\"url\":\"https:\/\/www.naturparkmagazin.de\/vdn\/kooperation-mit-kaufland-fuer-klimaschutz-und-umweltbildung\/\",\"name\":\"Kooperation mit Kaufland f\u00fcr Klimaschutz und Umweltbildung\",\"isPartOf\":{\"@id\":\"https:\/\/www.naturparkmagazin.de\/vdn\/#website\"},\"datePublished\":\"2021-10-31T11:25:11+00:00\",\"dateModified\":\"2021-11-12T11:18:42+00:00\",\"author\":{\"@id\":\"https:\/\/www.naturparkmagazin.de\/vdn\/#\/schema\/person\/3cff9b8773ed55f0189255fa9adfd57c\"},\"description\":\"Die Kooperation des VDN mit dem Unternehmen Kaufland wird mit einem Schwerpunkt auf Klimaschutz und Umweltbildung fortgesetzt.\",\"breadcrumb\":{\"@id\":\"https:\/\/www.naturparkmagazin.de\/vdn\/kooperation-mit-kaufland-fuer-klimaschutz-und-umweltbildung\/#breadcrumb\"},\"inLanguage\":\"de\",\"potentialAction\":[{\"@type\":\"ReadAction\",\"target\":[\"https:\/\/www.naturparkmagazin.de\/vdn\/kooperation-mit-kaufland-fuer-klimaschutz-und-umweltbildung\/\"]}]},{\"@type\":\"BreadcrumbList\",\"@id\":\"https:\/\/www.naturparkmagazin.de\/vdn\/kooperation-mit-kaufland-fuer-klimaschutz-und-umweltbildung\/#breadcrumb\",\"itemListElement\":[{\"@type\":\"ListItem\",\"position\":1,\"name\":\"Home\",\"item\":\"https:\/\/www.naturparkmagazin.de\/vdn\/\"},{\"@type\":\"ListItem\",\"position\":2,\"name\":\"Kooperation mit Kaufland f\u00fcr Klimaschutz und Umweltbildung\"}]},{\"@type\":\"WebSite\",\"@id\":\"https:\/\/www.naturparkmagazin.de\/vdn\/#website\",\"url\":\"https:\/\/www.naturparkmagazin.de\/vdn\/\",\"name\":\"Verband Deutscher Naturparke\",\"description\":\"Eine weitere Naturparkmagazin.de Netzwerk Seite\",\"potentialAction\":[{\"@type\":\"SearchAction\",\"target\":{\"@type\":\"EntryPoint\",\"urlTemplate\":\"https:\/\/www.naturparkmagazin.de\/vdn\/?s={search_term_string}\"},\"query-input\":\"required name=search_term_string\"}],\"inLanguage\":\"de\"},{\"@type\":\"Person\",\"@id\":\"https:\/\/www.naturparkmagazin.de\/vdn\/#\/schema\/person\/3cff9b8773ed55f0189255fa9adfd57c\",\"name\":\"manuelamerz\",\"url\":\"https:\/\/www.naturparkmagazin.de\/vdn\/author\/manuelamerz\/\"}]}<\/script>\n<!-- \/ Yoast SEO plugin. -->","yoast_head_json":{"title":"Kooperation mit Kaufland f\u00fcr Klimaschutz und Umweltbildung","description":"Die Kooperation des VDN mit dem Unternehmen Kaufland wird mit einem Schwerpunkt auf Klimaschutz und Umweltbildung fortgesetzt.","robots":{"index":"index","follow":"follow","max-snippet":"max-snippet:-1","max-image-preview":"max-image-preview:large","max-video-preview":"max-video-preview:-1"},"canonical":"https:\/\/www.naturparkmagazin.de\/vdn\/kooperation-mit-kaufland-fuer-klimaschutz-und-umweltbildung\/","og_locale":"de_DE","og_type":"article","og_title":"Kooperation mit Kaufland f\u00fcr Klimaschutz und Umweltbildung","og_description":"Die Kooperation des VDN mit dem Unternehmen Kaufland wird mit einem Schwerpunkt auf Klimaschutz und Umweltbildung fortgesetzt.","og_url":"https:\/\/www.naturparkmagazin.de\/vdn\/kooperation-mit-kaufland-fuer-klimaschutz-und-umweltbildung\/","og_site_name":"Verband Deutscher Naturparke","article_published_time":"2021-10-31T11:25:11+00:00","article_modified_time":"2021-11-12T11:18:42+00:00","og_image":[{"width":200,"height":200,"url":"https:\/\/www.naturparkmagazin.de\/vdn\/wp-content\/uploads\/sites\/3\/landschaft001-p-barnim-6406bf1.jpg","type":"image\/jpeg"}],"author":"manuelamerz","twitter_misc":{"Verfasst von":"manuelamerz","Gesch\u00e4tzte Lesezeit":"1\u00a0Minute"},"schema":{"@context":"https:\/\/schema.org","@graph":[{"@type":"WebPage","@id":"https:\/\/www.naturparkmagazin.de\/vdn\/kooperation-mit-kaufland-fuer-klimaschutz-und-umweltbildung\/","url":"https:\/\/www.naturparkmagazin.de\/vdn\/kooperation-mit-kaufland-fuer-klimaschutz-und-umweltbildung\/","name":"Kooperation mit Kaufland f\u00fcr Klimaschutz und Umweltbildung","isPartOf":{"@id":"https:\/\/www.naturparkmagazin.de\/vdn\/#website"},"datePublished":"2021-10-31T11:25:11+00:00","dateModified":"2021-11-12T11:18:42+00:00","author":{"@id":"https:\/\/www.naturparkmagazin.de\/vdn\/#\/schema\/person\/3cff9b8773ed55f0189255fa9adfd57c"},"description":"Die Kooperation des VDN mit dem Unternehmen Kaufland wird mit einem Schwerpunkt auf Klimaschutz und Umweltbildung fortgesetzt.","breadcrumb":{"@id":"https:\/\/www.naturparkmagazin.de\/vdn\/kooperation-mit-kaufland-fuer-klimaschutz-und-umweltbildung\/#breadcrumb"},"inLanguage":"de","potentialAction":[{"@type":"ReadAction","target":["https:\/\/www.naturparkmagazin.de\/vdn\/kooperation-mit-kaufland-fuer-klimaschutz-und-umweltbildung\/"]}]},{"@type":"BreadcrumbList","@id":"https:\/\/www.naturparkmagazin.de\/vdn\/kooperation-mit-kaufland-fuer-klimaschutz-und-umweltbildung\/#breadcrumb","itemListElement":[{"@type":"ListItem","position":1,"name":"Home","item":"https:\/\/www.naturparkmagazin.de\/vdn\/"},{"@type":"ListItem","position":2,"name":"Kooperation mit Kaufland f\u00fcr Klimaschutz und Umweltbildung"}]},{"@type":"WebSite","@id":"https:\/\/www.naturparkmagazin.de\/vdn\/#website","url":"https:\/\/www.naturparkmagazin.de\/vdn\/","name":"Verband Deutscher Naturparke","description":"Eine weitere Naturparkmagazin.de Netzwerk Seite","potentialAction":[{"@type":"SearchAction","target":{"@type":"EntryPoint","urlTemplate":"https:\/\/www.naturparkmagazin.de\/vdn\/?s={search_term_string}"},"query-input":"required name=search_term_string"}],"inLanguage":"de"},{"@type":"Person","@id":"https:\/\/www.naturparkmagazin.de\/vdn\/#\/schema\/person\/3cff9b8773ed55f0189255fa9adfd57c","name":"manuelamerz","url":"https:\/\/www.naturparkmagazin.de\/vdn\/author\/manuelamerz\/"}]}},"_links":{"self":[{"href":"https:\/\/www.naturparkmagazin.de\/vdn\/wp-json\/wp\/v2\/posts\/14141"}],"collection":[{"href":"https:\/\/www.naturparkmagazin.de\/vdn\/wp-json\/wp\/v2\/posts"}],"about":[{"href":"https:\/\/www.naturparkmagazin.de\/vdn\/wp-json\/wp\/v2\/types\/post"}],"author":[{"embeddable":true,"href":"https:\/\/www.naturparkmagazin.de\/vdn\/wp-json\/wp\/v2\/users\/73"}],"replies":[{"embeddable":true,"href":"https:\/\/www.naturparkmagazin.de\/vdn\/wp-json\/wp\/v2\/comments?post=14141"}],"version-history":[{"count":2,"href":"https:\/\/www.naturparkmagazin.de\/vdn\/wp-json\/wp\/v2\/posts\/14141\/revisions"}],"predecessor-version":[{"id":14152,"href":"https:\/\/www.naturparkmagazin.de\/vdn\/wp-json\/wp\/v2\/posts\/14141\/revisions\/14152"}],"wp:featuredmedia":[{"embeddable":true,"href":"https:\/\/www.naturparkmagazin.de\/vdn\/wp-json\/wp\/v2\/media\/14143"}],"wp:attachment":[{"href":"https:\/\/www.naturparkmagazin.de\/vdn\/wp-json\/wp\/v2\/media?parent=14141"}],"wp:term":[{"taxonomy":"category","embeddable":true,"href":"https:\/\/www.naturparkmagazin.de\/vdn\/wp-json\/wp\/v2\/categories?post=14141"},{"taxonomy":"post_tag","embeddable":true,"href":"https:\/\/www.naturparkmagazin.de\/vdn\/wp-json\/wp\/v2\/tags?post=14141"}],"curies":[{"name":"wp","href":"https:\/\/api.w.org\/{rel}","templated":true}]}}