{"id":14171,"date":"2021-11-20T11:05:48","date_gmt":"2021-11-20T10:05:48","guid":{"rendered":"https:\/\/www.naturparkmagazin.de\/vdn\/?p=14171"},"modified":"2021-12-13T13:14:45","modified_gmt":"2021-12-13T12:14:45","slug":"es-kommt-zusammen-was-zusammengehoert","status":"publish","type":"post","link":"https:\/\/www.naturparkmagazin.de\/vdn\/es-kommt-zusammen-was-zusammengehoert\/","title":{"rendered":"Es kommt zusammen, was zusammengeh\u00f6rt"},"content":{"rendered":"<p><strong>NNL e.\u00a0V. und VDN e.\u00a0V. unterzeichnen Kooperationsvertr\u00e4ge auf der ersten gemeinsamen Jahrestagung<\/strong><\/p>\n<p>Anl\u00e4sslich der zuk\u00fcnftig engen Kooperation zwischen den beiden Dachverb\u00e4nden Nationale Naturlandschaften e.\u00a0V. (NNL e.\u00a0V.) und Verband Deutscher Naturparke e.\u00a0V. (VDN e.\u00a0V.) tagten rund 150 Vertreter:innen der 16 Nationalparke, 104 Naturparke, 18 Biosph\u00e4renreservate und 2 Wildnisgebiete in Deutschland vom 15. bis 19. November 2021 erstmals gemeinsam im Naturpark L\u00fcneburger Heide. In einem feierlichen Festakt am 17. November wurden nach zw\u00f6lf Monaten Vorbereitungszeit langfristig ausgerichtete Kooperationsvertr\u00e4ge zwischen den beiden Dachverb\u00e4nden mit Sitz in Berlin und Bonn unterzeichnet. Zuk\u00fcnftig nutzen beide Verb\u00e4nde die Dachmarke \u201eNationale Naturlandschaften\u201c gemeinsam \u2013 zum Start der Kooperation stellten sich die 150 Vertreter:innen in Form des neuen Logos auf.<\/p>\n<p>&nbsp;<\/p>\n<div id=\"attachment_14174\" style=\"width: 510px\" class=\"wp-caption aligncenter\"><a href=\"https:\/\/www.naturparkmagazin.de\/vdn\/wp-content\/uploads\/sites\/3\/DJI_0158_1_Gruppe-Klein_500Px.jpg\"><img aria-describedby=\"caption-attachment-14174\" decoding=\"async\" loading=\"lazy\" class=\"wp-image-14174 size-full\" src=\"https:\/\/www.naturparkmagazin.de\/vdn\/wp-content\/uploads\/sites\/3\/DJI_0158_1_Gruppe-Klein_500Px.jpg\" alt=\"Teilnehmer:innen der Tagung stellen das NNL-Logo \u00a9 NNL\" width=\"500\" height=\"500\" srcset=\"https:\/\/www.naturparkmagazin.de\/vdn\/wp-content\/uploads\/sites\/3\/DJI_0158_1_Gruppe-Klein_500Px.jpg 500w, https:\/\/www.naturparkmagazin.de\/vdn\/wp-content\/uploads\/sites\/3\/DJI_0158_1_Gruppe-Klein_500Px-300x300.jpg 300w, https:\/\/www.naturparkmagazin.de\/vdn\/wp-content\/uploads\/sites\/3\/DJI_0158_1_Gruppe-Klein_500Px-200x200.jpg 200w, https:\/\/www.naturparkmagazin.de\/vdn\/wp-content\/uploads\/sites\/3\/DJI_0158_1_Gruppe-Klein_500Px-30x30.jpg 30w\" sizes=\"(max-width: 500px) 100vw, 500px\" \/><\/a><p id=\"caption-attachment-14174\" class=\"wp-caption-text\">Anl\u00e4sslich der zuk\u00fcnftig engen Kooperation kamen rund 150 Vertreter:innen der 16 Nationalparke, 104 Naturparke, 18 Biosph\u00e4renreservate und 2 Wildnisgebiete in Deutschland vom 15. bis 19.11.2021 zur ersten gemeinsamen Jahrestagung im Naturpark L\u00fcneburger Heide zusammen. Foto: NNL\/Schutter<\/p><\/div>\n<p>&nbsp;<\/p>\n<p>Beide Verb\u00e4nde sind sich sicher, dass die nun abgeschlossenen Kooperationsvertr\u00e4ge f\u00fcr noch mehr Sichtbar- und Wirksamkeit der Nationalen Naturlandschaften zum Wohle der Natur und der Menschen in Deutschland sorgen werden.<\/p>\n<p><strong>\u00dcber die Nationalen Naturlandschaften in Deutschland <\/strong><\/p>\n<p>Vom Wattenmeer an der Nordseek\u00fcste \u00fcber ausgedehnte alte Buchenw\u00e4lder und klare Seen im Tiefland und Mittelgebirge, vom Alpenvorland bis hin zum Hochgebirge \u2013 die Natur in Deutschland ist vielf\u00e4ltig und einzigartig zugleich. Um diesen Reichtum an Natur- und Kulturlandschaften sowie die biologische Vielfalt zu sch\u00fctzen und zu erhalten, gibt es in Deutschland 18 Biosph\u00e4renreservate, 104 Naturparke, 16 Nationalparke und zwei gro\u00dffl\u00e4chige Wildnisgebiete. Vereint als Nationale Naturlandschaften bewahren sie faszinierende Natur, machen diese f\u00fcr die Gesellschaft erlebbar und entwickeln nachhaltige Perspektiven f\u00fcr das Zusammenleben von Mensch und Natur \u2013 f\u00fcr eine gemeinsame lebenswerte Zukunft.<\/p>\n<p>&nbsp;<\/p>\n<div id=\"attachment_14172\" style=\"width: 510px\" class=\"wp-caption aligncenter\"><a href=\"https:\/\/www.naturparkmagazin.de\/vdn\/wp-content\/uploads\/sites\/3\/IMG_0876-Unterschrift_500Px.jpg\"><img aria-describedby=\"caption-attachment-14172\" decoding=\"async\" loading=\"lazy\" class=\"size-full wp-image-14172\" src=\"https:\/\/www.naturparkmagazin.de\/vdn\/wp-content\/uploads\/sites\/3\/IMG_0876-Unterschrift_500Px.jpg\" alt=\"Friedel Heuwinkel, Pr\u00e4sident des Verbandes Deutscher Naturparke e. V. (l.) und Peter S\u00fcdbeck, Vorsitzender von Nationale Naturlandschaften e.V., unterzeichneten die Kooperationsvertr\u00e4ge im Naturpark L\u00fcneburger Heide. Foto: NNL\/Schutter\" width=\"500\" height=\"354\" srcset=\"https:\/\/www.naturparkmagazin.de\/vdn\/wp-content\/uploads\/sites\/3\/IMG_0876-Unterschrift_500Px.jpg 500w, https:\/\/www.naturparkmagazin.de\/vdn\/wp-content\/uploads\/sites\/3\/IMG_0876-Unterschrift_500Px-300x212.jpg 300w, https:\/\/www.naturparkmagazin.de\/vdn\/wp-content\/uploads\/sites\/3\/IMG_0876-Unterschrift_500Px-200x142.jpg 200w\" sizes=\"(max-width: 500px) 100vw, 500px\" \/><\/a><p id=\"caption-attachment-14172\" class=\"wp-caption-text\">Friedel Heuwinkel, Pr\u00e4sident des Verbandes Deutscher Naturparke e. V. (l.) und Peter S\u00fcdbeck, Vorsitzender von Nationale Naturlandschaften e.V., unterzeichneten die Kooperationsvertr\u00e4ge im Naturpark L\u00fcneburger Heide. Foto: NNL\/Schutter<\/p><\/div>\n<p>&nbsp;<\/p>\n<p>&nbsp;<\/p>\n","protected":false},"excerpt":{"rendered":"<p>Die Pr\u00e4sidenten der Dachverb\u00e4nde Nationale Naturlandschaften e. V. und Verband Deutscher Naturparke e. V. unterzeichneten langfristig ausgerichtete Kooperationsvertr\u00e4ge.<\/p>\n","protected":false},"author":51,"featured_media":14173,"comment_status":"open","ping_status":"open","sticky":false,"template":"","format":"standard","meta":{"_links_to":"","_links_to_target":""},"categories":[7],"tags":[2736,2282,2513,2514,1054],"yoast_head":"<!-- This site is optimized with the Yoast SEO plugin v19.10 - https:\/\/yoast.com\/wordpress\/plugins\/seo\/ -->\n<title>Es kommt zusammen, was zusammengeh\u00f6rt<\/title>\n<meta name=\"description\" content=\"Die Pr\u00e4sidenten der Dachverb\u00e4nde Nationale Naturlandschaften e. V. und Verband Deutscher Naturparke e. V. unterzeichneten langfristig ausgerichtete Kooperationsvertr\u00e4ge.\" \/>\n<meta name=\"robots\" content=\"index, follow, max-snippet:-1, max-image-preview:large, max-video-preview:-1\" \/>\n<link rel=\"canonical\" href=\"https:\/\/www.naturparkmagazin.de\/vdn\/es-kommt-zusammen-was-zusammengehoert\/\" \/>\n<meta property=\"og:locale\" content=\"de_DE\" \/>\n<meta property=\"og:type\" content=\"article\" \/>\n<meta property=\"og:title\" content=\"Es kommt zusammen, was zusammengeh\u00f6rt\" \/>\n<meta property=\"og:description\" content=\"Die Pr\u00e4sidenten der Dachverb\u00e4nde Nationale Naturlandschaften e. V. und Verband Deutscher Naturparke e. V. unterzeichneten langfristig ausgerichtete Kooperationsvertr\u00e4ge.\" \/>\n<meta property=\"og:url\" content=\"https:\/\/www.naturparkmagazin.de\/vdn\/es-kommt-zusammen-was-zusammengehoert\/\" \/>\n<meta property=\"og:site_name\" content=\"Verband Deutscher Naturparke\" \/>\n<meta property=\"article:published_time\" content=\"2021-11-20T10:05:48+00:00\" \/>\n<meta property=\"article:modified_time\" content=\"2021-12-13T12:14:45+00:00\" \/>\n<meta property=\"og:image\" content=\"https:\/\/www.naturparkmagazin.de\/vdn\/wp-content\/uploads\/sites\/3\/DJI_0158_1_Gruppe-Klein_200Px.jpg\" \/>\n\t<meta property=\"og:image:width\" content=\"200\" \/>\n\t<meta property=\"og:image:height\" content=\"200\" \/>\n\t<meta property=\"og:image:type\" content=\"image\/jpeg\" \/>\n<meta name=\"author\" content=\"beatrixlosem\" \/>\n<meta name=\"twitter:label1\" content=\"Verfasst von\" \/>\n\t<meta name=\"twitter:data1\" content=\"beatrixlosem\" \/>\n\t<meta name=\"twitter:label2\" content=\"Gesch\u00e4tzte Lesezeit\" \/>\n\t<meta name=\"twitter:data2\" content=\"2\u00a0Minuten\" \/>\n<script type=\"application\/ld+json\" class=\"yoast-schema-graph\">{\"@context\":\"https:\/\/schema.org\",\"@graph\":[{\"@type\":\"WebPage\",\"@id\":\"https:\/\/www.naturparkmagazin.de\/vdn\/es-kommt-zusammen-was-zusammengehoert\/\",\"url\":\"https:\/\/www.naturparkmagazin.de\/vdn\/es-kommt-zusammen-was-zusammengehoert\/\",\"name\":\"Es kommt zusammen, was zusammengeh\u00f6rt\",\"isPartOf\":{\"@id\":\"https:\/\/www.naturparkmagazin.de\/vdn\/#website\"},\"datePublished\":\"2021-11-20T10:05:48+00:00\",\"dateModified\":\"2021-12-13T12:14:45+00:00\",\"author\":{\"@id\":\"https:\/\/www.naturparkmagazin.de\/vdn\/#\/schema\/person\/d71357578c318b6db03be60b1f60396b\"},\"description\":\"Die Pr\u00e4sidenten der Dachverb\u00e4nde Nationale Naturlandschaften e. V. und Verband Deutscher Naturparke e. V. unterzeichneten langfristig ausgerichtete Kooperationsvertr\u00e4ge.\",\"breadcrumb\":{\"@id\":\"https:\/\/www.naturparkmagazin.de\/vdn\/es-kommt-zusammen-was-zusammengehoert\/#breadcrumb\"},\"inLanguage\":\"de\",\"potentialAction\":[{\"@type\":\"ReadAction\",\"target\":[\"https:\/\/www.naturparkmagazin.de\/vdn\/es-kommt-zusammen-was-zusammengehoert\/\"]}]},{\"@type\":\"BreadcrumbList\",\"@id\":\"https:\/\/www.naturparkmagazin.de\/vdn\/es-kommt-zusammen-was-zusammengehoert\/#breadcrumb\",\"itemListElement\":[{\"@type\":\"ListItem\",\"position\":1,\"name\":\"Home\",\"item\":\"https:\/\/www.naturparkmagazin.de\/vdn\/\"},{\"@type\":\"ListItem\",\"position\":2,\"name\":\"Es kommt zusammen, was zusammengeh\u00f6rt\"}]},{\"@type\":\"WebSite\",\"@id\":\"https:\/\/www.naturparkmagazin.de\/vdn\/#website\",\"url\":\"https:\/\/www.naturparkmagazin.de\/vdn\/\",\"name\":\"Verband Deutscher Naturparke\",\"description\":\"Eine weitere Naturparkmagazin.de Netzwerk Seite\",\"potentialAction\":[{\"@type\":\"SearchAction\",\"target\":{\"@type\":\"EntryPoint\",\"urlTemplate\":\"https:\/\/www.naturparkmagazin.de\/vdn\/?s={search_term_string}\"},\"query-input\":\"required name=search_term_string\"}],\"inLanguage\":\"de\"},{\"@type\":\"Person\",\"@id\":\"https:\/\/www.naturparkmagazin.de\/vdn\/#\/schema\/person\/d71357578c318b6db03be60b1f60396b\",\"name\":\"beatrixlosem\",\"url\":\"https:\/\/www.naturparkmagazin.de\/vdn\/author\/beatrixlosem\/\"}]}<\/script>\n<!-- \/ Yoast SEO plugin. -->","yoast_head_json":{"title":"Es kommt zusammen, was zusammengeh\u00f6rt","description":"Die Pr\u00e4sidenten der Dachverb\u00e4nde Nationale Naturlandschaften e. V. und Verband Deutscher Naturparke e. V. unterzeichneten langfristig ausgerichtete Kooperationsvertr\u00e4ge.","robots":{"index":"index","follow":"follow","max-snippet":"max-snippet:-1","max-image-preview":"max-image-preview:large","max-video-preview":"max-video-preview:-1"},"canonical":"https:\/\/www.naturparkmagazin.de\/vdn\/es-kommt-zusammen-was-zusammengehoert\/","og_locale":"de_DE","og_type":"article","og_title":"Es kommt zusammen, was zusammengeh\u00f6rt","og_description":"Die Pr\u00e4sidenten der Dachverb\u00e4nde Nationale Naturlandschaften e. V. und Verband Deutscher Naturparke e. V. unterzeichneten langfristig ausgerichtete Kooperationsvertr\u00e4ge.","og_url":"https:\/\/www.naturparkmagazin.de\/vdn\/es-kommt-zusammen-was-zusammengehoert\/","og_site_name":"Verband Deutscher Naturparke","article_published_time":"2021-11-20T10:05:48+00:00","article_modified_time":"2021-12-13T12:14:45+00:00","og_image":[{"width":200,"height":200,"url":"https:\/\/www.naturparkmagazin.de\/vdn\/wp-content\/uploads\/sites\/3\/DJI_0158_1_Gruppe-Klein_200Px.jpg","type":"image\/jpeg"}],"author":"beatrixlosem","twitter_misc":{"Verfasst von":"beatrixlosem","Gesch\u00e4tzte Lesezeit":"2\u00a0Minuten"},"schema":{"@context":"https:\/\/schema.org","@graph":[{"@type":"WebPage","@id":"https:\/\/www.naturparkmagazin.de\/vdn\/es-kommt-zusammen-was-zusammengehoert\/","url":"https:\/\/www.naturparkmagazin.de\/vdn\/es-kommt-zusammen-was-zusammengehoert\/","name":"Es kommt zusammen, was zusammengeh\u00f6rt","isPartOf":{"@id":"https:\/\/www.naturparkmagazin.de\/vdn\/#website"},"datePublished":"2021-11-20T10:05:48+00:00","dateModified":"2021-12-13T12:14:45+00:00","author":{"@id":"https:\/\/www.naturparkmagazin.de\/vdn\/#\/schema\/person\/d71357578c318b6db03be60b1f60396b"},"description":"Die Pr\u00e4sidenten der Dachverb\u00e4nde Nationale Naturlandschaften e. V. und Verband Deutscher Naturparke e. V. unterzeichneten langfristig ausgerichtete Kooperationsvertr\u00e4ge.","breadcrumb":{"@id":"https:\/\/www.naturparkmagazin.de\/vdn\/es-kommt-zusammen-was-zusammengehoert\/#breadcrumb"},"inLanguage":"de","potentialAction":[{"@type":"ReadAction","target":["https:\/\/www.naturparkmagazin.de\/vdn\/es-kommt-zusammen-was-zusammengehoert\/"]}]},{"@type":"BreadcrumbList","@id":"https:\/\/www.naturparkmagazin.de\/vdn\/es-kommt-zusammen-was-zusammengehoert\/#breadcrumb","itemListElement":[{"@type":"ListItem","position":1,"name":"Home","item":"https:\/\/www.naturparkmagazin.de\/vdn\/"},{"@type":"ListItem","position":2,"name":"Es kommt zusammen, was zusammengeh\u00f6rt"}]},{"@type":"WebSite","@id":"https:\/\/www.naturparkmagazin.de\/vdn\/#website","url":"https:\/\/www.naturparkmagazin.de\/vdn\/","name":"Verband Deutscher Naturparke","description":"Eine weitere Naturparkmagazin.de Netzwerk Seite","potentialAction":[{"@type":"SearchAction","target":{"@type":"EntryPoint","urlTemplate":"https:\/\/www.naturparkmagazin.de\/vdn\/?s={search_term_string}"},"query-input":"required name=search_term_string"}],"inLanguage":"de"},{"@type":"Person","@id":"https:\/\/www.naturparkmagazin.de\/vdn\/#\/schema\/person\/d71357578c318b6db03be60b1f60396b","name":"beatrixlosem","url":"https:\/\/www.naturparkmagazin.de\/vdn\/author\/beatrixlosem\/"}]}},"_links":{"self":[{"href":"https:\/\/www.naturparkmagazin.de\/vdn\/wp-json\/wp\/v2\/posts\/14171"}],"collection":[{"href":"https:\/\/www.naturparkmagazin.de\/vdn\/wp-json\/wp\/v2\/posts"}],"about":[{"href":"https:\/\/www.naturparkmagazin.de\/vdn\/wp-json\/wp\/v2\/types\/post"}],"author":[{"embeddable":true,"href":"https:\/\/www.naturparkmagazin.de\/vdn\/wp-json\/wp\/v2\/users\/51"}],"replies":[{"embeddable":true,"href":"https:\/\/www.naturparkmagazin.de\/vdn\/wp-json\/wp\/v2\/comments?post=14171"}],"version-history":[{"count":7,"href":"https:\/\/www.naturparkmagazin.de\/vdn\/wp-json\/wp\/v2\/posts\/14171\/revisions"}],"predecessor-version":[{"id":14189,"href":"https:\/\/www.naturparkmagazin.de\/vdn\/wp-json\/wp\/v2\/posts\/14171\/revisions\/14189"}],"wp:featuredmedia":[{"embeddable":true,"href":"https:\/\/www.naturparkmagazin.de\/vdn\/wp-json\/wp\/v2\/media\/14173"}],"wp:attachment":[{"href":"https:\/\/www.naturparkmagazin.de\/vdn\/wp-json\/wp\/v2\/media?parent=14171"}],"wp:term":[{"taxonomy":"category","embeddable":true,"href":"https:\/\/www.naturparkmagazin.de\/vdn\/wp-json\/wp\/v2\/categories?post=14171"},{"taxonomy":"post_tag","embeddable":true,"href":"https:\/\/www.naturparkmagazin.de\/vdn\/wp-json\/wp\/v2\/tags?post=14171"}],"curies":[{"name":"wp","href":"https:\/\/api.w.org\/{rel}","templated":true}]}}