{"id":14179,"date":"2021-11-25T11:33:11","date_gmt":"2021-11-25T10:33:11","guid":{"rendered":"https:\/\/www.naturparkmagazin.de\/vdn\/?p=14179"},"modified":"2021-11-25T11:45:03","modified_gmt":"2021-11-25T10:45:03","slug":"auszeichnungen-im-rahmen-der-qualitaetsoffensive-naturparke","status":"publish","type":"post","link":"https:\/\/www.naturparkmagazin.de\/vdn\/auszeichnungen-im-rahmen-der-qualitaetsoffensive-naturparke\/","title":{"rendered":"Auszeichnungen im Rahmen der \u201eQualit\u00e4tsoffensive Naturparke\u201c"},"content":{"rendered":"<div id=\"attachment_14182\" style=\"width: 510px\" class=\"wp-caption aligncenter\"><a href=\"https:\/\/www.naturparkmagazin.de\/vdn\/wp-content\/uploads\/sites\/3\/c-VDN_Patrick-Appelhans_500Px.jpg\"><img aria-describedby=\"caption-attachment-14182\" decoding=\"async\" loading=\"lazy\" class=\"wp-image-14182 size-full\" src=\"https:\/\/www.naturparkmagazin.de\/vdn\/wp-content\/uploads\/sites\/3\/c-VDN_Patrick-Appelhans_500Px.jpg\" alt=\"Gruppenbild der Ausgezeichneten\" width=\"500\" height=\"333\" srcset=\"https:\/\/www.naturparkmagazin.de\/vdn\/wp-content\/uploads\/sites\/3\/c-VDN_Patrick-Appelhans_500Px.jpg 500w, https:\/\/www.naturparkmagazin.de\/vdn\/wp-content\/uploads\/sites\/3\/c-VDN_Patrick-Appelhans_500Px-300x200.jpg 300w, https:\/\/www.naturparkmagazin.de\/vdn\/wp-content\/uploads\/sites\/3\/c-VDN_Patrick-Appelhans_500Px-200x133.jpg 200w\" sizes=\"(max-width: 500px) 100vw, 500px\" \/><\/a><p id=\"caption-attachment-14182\" class=\"wp-caption-text\">Gruppenbild der Vertreter:innen der ausgezeichneten Naturparke mit Pr\u00e4sident Friedel Heuwinkel \u00a9 VDN\/P. Appelhans<\/p><\/div>\n<p>Als \u201eQualit\u00e4ts-Naturpark\u201c wurden die Naturparke Altm\u00fchltal (Bayern), Am Stettiner Haff (Mecklenburg-Vorpommern), Ammergauer Alpen (Bayern), Bayerischer Wald (Bayern), Bergisches Land (Nordrhein-Westfalen), Feldberger Seenlandschaft (Mecklenburg-Vorpommern), Flusslandschaft Peenetal (Mecklenburg-Vorpommern), Harz (Sachsen Anhalt, Niedersachsen), Hoher Fl\u00e4ming (Brandenburg), Hohes Venn-Eifel (Nordrhein-Westfalen, Rheinland-Pfalz), Mecklenburgische Schweiz und Kummerower See (Mecklenburg-Vorpommern). N\u00f6rdlicher Oberpf\u00e4lzer Wald (Bayern), Nossentiner\/Schwinzer Heide (Mecklenburg-Vorpommern), Sauerland Rothaargebirge (Nordrhein-Westfalen), Schwarzwald Mitte\/Nord (Baden-W\u00fcrttemberg), Steinwald (Bayern) und Sternberger Seenland (Mecklenburg-Vorpommern). Der Naturpark Elbh\u00f6hen-Wendland (Niedersachsen) erh\u00e4lt die Auszeichnung \u201ePartner Qualit\u00e4tsoffensive Naturparke\u201c. Zum ersten Mal an der Qualit\u00e4tsoffensive haben sich die Naturparke Ammergauer Alpen und Steinwald aus Bayern beteiligt.<\/p>\n<p>&nbsp;<\/p>\n<div id=\"attachment_14180\" style=\"width: 510px\" class=\"wp-caption aligncenter\"><a href=\"https:\/\/www.naturparkmagazin.de\/vdn\/wp-content\/uploads\/sites\/3\/Gruppenfoto-c-VDN_Patrick-Appelhans_500Px.jpg\"><img aria-describedby=\"caption-attachment-14180\" decoding=\"async\" loading=\"lazy\" class=\"wp-image-14180 size-full\" src=\"https:\/\/www.naturparkmagazin.de\/vdn\/wp-content\/uploads\/sites\/3\/Gruppenfoto-c-VDN_Patrick-Appelhans_500Px.jpg\" alt=\"Einige ausgezeichnete Naturparke waren online zugeschaltet \u00a9 VDN\/P. Appelhans\" width=\"500\" height=\"333\" srcset=\"https:\/\/www.naturparkmagazin.de\/vdn\/wp-content\/uploads\/sites\/3\/Gruppenfoto-c-VDN_Patrick-Appelhans_500Px.jpg 500w, https:\/\/www.naturparkmagazin.de\/vdn\/wp-content\/uploads\/sites\/3\/Gruppenfoto-c-VDN_Patrick-Appelhans_500Px-300x200.jpg 300w, https:\/\/www.naturparkmagazin.de\/vdn\/wp-content\/uploads\/sites\/3\/Gruppenfoto-c-VDN_Patrick-Appelhans_500Px-200x133.jpg 200w\" sizes=\"(max-width: 500px) 100vw, 500px\" \/><\/a><p id=\"caption-attachment-14180\" class=\"wp-caption-text\">Einige ausgezeichnete Naturparke waren online zugeschaltet \u00a9 VDN\/P. Appelhans<\/p><\/div>\n<p>&nbsp;<\/p>\n<p><strong>Vierte Phase der \u201eQualit\u00e4tsoffensive Naturparke\u201c gestartet<\/strong><\/p>\n<p>In diesem Jahr ist die \u201eQualit\u00e4tsoffensive Naturparke\u201c mit einem \u00fcberarbeiteten Kriterienkatalog in ihre vierte Phase gestartet. Der aktuelle Kriterienkatalog beh\u00e4lt insgesamt f\u00fcnf Jahre, also bis einschlie\u00dflich 2025, seine G\u00fcltigkeit.<\/p>\n<p>Die an der \u201eQualit\u00e4tsoffensive Naturparke\u201c teilnehmenden Naturparke beantworteten mehr als 100 Fragen zu ihrer Arbeit im Bereich \u201eManagement und Organisation\u201c sowie in den vier Handlungsfeldern \u201eNaturschutz und Landschaftspflege\u201c, \u201eErholung und nachhaltiger Tourismus\u201c, \u201eBildung f\u00fcr nachhaltige Entwicklung und Umweltbildung\u201c sowie \u201eNachhaltige Regionalentwicklung\u201c. Jeder teilnehmende Naturpark wurde im Anschluss von einem so genannten \u201eQualit\u00e4ts-Scout\u201c bereist, evaluiert und beraten. Um die Auszeichnung \u201eQualit\u00e4ts-Naturpark\u201c zu erhalten, muss ein Naturpark 300 von 500 m\u00f6glichen Punkten erreichen. Wird diese Punktzahl nicht erreicht, ist der Naturpark ein \u201ePartner der Qualit\u00e4tsoffensive Naturparke\u201c. Die Auszeichnung ist f\u00fcr f\u00fcnf Jahre g\u00fcltig. Danach m\u00fcssen sich die Naturparke erneut in dem Evaluationsverfahren qualifizieren.<\/p>\n<p>Die \u201eQualit\u00e4tsoffensive Naturparke\u201c feiert in diesem Jahr ihren 15. Geburtstag. Entwickelt hat sie der VDN mit Unterst\u00fctzung des Bundesamtes f\u00fcr Naturschutz mit Mitteln des Bundesumweltministeriums und im Jahr 2006 fanden die ersten Evaluierungen statt. Die \u201eQualit\u00e4tsoffensive Naturparke\u201c unterst\u00fctzt die Naturparke in ihren Handlungsfeldern Schutz, Erholung, Bildung, Entwicklung sowie Management. Eine st\u00e4ndig steigende Qualit\u00e4t der Arbeit und Angebote der Naturparke ist ebenso das Ziel wie eine bessere Unterst\u00fctzung ihrer Arbeit in Gesellschaft, Wirtschaft und Politik.<\/p>\n<p>&gt;&gt; Hier finden Sie weitere Informationen zur \u201eQualit\u00e4tsoffensive Naturparke\u201c, zu den Qualit\u00e4tskriterien und zum Verfahren sowie Informationen zu den bereits ausgezeichneten Naturparken. (<a href=\"https:\/\/www.naturparke.de\/aufgaben-ziele\/management\/qualitaetsoffensive-naturparke.html\">https:\/\/www.naturparke.de\/aufgaben-ziele\/management\/qualitaetsoffensive-naturparke.html<\/a>)<\/p>\n<p>&nbsp;<\/p>\n<p>&nbsp;<\/p>\n","protected":false},"excerpt":{"rendered":"<p>18 Naturparke wurden w\u00e4hrend der Mitgliederversammlung 2021 des Verbandes Deutscher Naturparke e.V. (VDN) f\u00fcr Ihre Qualit\u00e4tsarbeit im Rahmen der \u201eQualit\u00e4tsoffensive Naturparke\u201c ausgezeichnet.<\/p>\n","protected":false},"author":51,"featured_media":14181,"comment_status":"open","ping_status":"open","sticky":false,"template":"","format":"standard","meta":{"_links_to":"","_links_to_target":""},"categories":[7],"tags":[1429,2736,3154,643],"yoast_head":"<!-- This site is optimized with the Yoast SEO plugin v19.10 - https:\/\/yoast.com\/wordpress\/plugins\/seo\/ -->\n<title>Auszeichnungen im Rahmen der \u201eQualit\u00e4tsoffensive Naturparke\u201c<\/title>\n<meta name=\"description\" content=\"18 Naturparke wurden w\u00e4hrend der Mitgliederversammlung 2021 des Verbandes Deutscher Naturparke e.V. (VDN) f\u00fcr Ihre Qualit\u00e4tsarbeit im Rahmen der \u201eQualit\u00e4tsoffensive Naturparke\u201c ausgezeichnet.\" \/>\n<meta name=\"robots\" content=\"index, follow, max-snippet:-1, max-image-preview:large, max-video-preview:-1\" \/>\n<link rel=\"canonical\" href=\"https:\/\/www.naturparkmagazin.de\/vdn\/auszeichnungen-im-rahmen-der-qualitaetsoffensive-naturparke\/\" \/>\n<meta property=\"og:locale\" content=\"de_DE\" \/>\n<meta property=\"og:type\" content=\"article\" \/>\n<meta property=\"og:title\" content=\"Auszeichnungen im Rahmen der \u201eQualit\u00e4tsoffensive Naturparke\u201c\" \/>\n<meta property=\"og:description\" content=\"18 Naturparke wurden w\u00e4hrend der Mitgliederversammlung 2021 des Verbandes Deutscher Naturparke e.V. (VDN) f\u00fcr Ihre Qualit\u00e4tsarbeit im Rahmen der \u201eQualit\u00e4tsoffensive Naturparke\u201c ausgezeichnet.\" \/>\n<meta property=\"og:url\" content=\"https:\/\/www.naturparkmagazin.de\/vdn\/auszeichnungen-im-rahmen-der-qualitaetsoffensive-naturparke\/\" \/>\n<meta property=\"og:site_name\" content=\"Verband Deutscher Naturparke\" \/>\n<meta property=\"article:published_time\" content=\"2021-11-25T10:33:11+00:00\" \/>\n<meta property=\"article:modified_time\" content=\"2021-11-25T10:45:03+00:00\" \/>\n<meta property=\"og:image\" content=\"https:\/\/www.naturparkmagazin.de\/vdn\/wp-content\/uploads\/sites\/3\/c-VDN_Patrick-Appelhans_200Px.jpg\" \/>\n\t<meta property=\"og:image:width\" content=\"200\" \/>\n\t<meta property=\"og:image:height\" content=\"200\" \/>\n\t<meta property=\"og:image:type\" content=\"image\/jpeg\" \/>\n<meta name=\"author\" content=\"beatrixlosem\" \/>\n<meta name=\"twitter:label1\" content=\"Verfasst von\" \/>\n\t<meta name=\"twitter:data1\" content=\"beatrixlosem\" \/>\n\t<meta name=\"twitter:label2\" content=\"Gesch\u00e4tzte Lesezeit\" \/>\n\t<meta name=\"twitter:data2\" content=\"2\u00a0Minuten\" \/>\n<script type=\"application\/ld+json\" class=\"yoast-schema-graph\">{\"@context\":\"https:\/\/schema.org\",\"@graph\":[{\"@type\":\"WebPage\",\"@id\":\"https:\/\/www.naturparkmagazin.de\/vdn\/auszeichnungen-im-rahmen-der-qualitaetsoffensive-naturparke\/\",\"url\":\"https:\/\/www.naturparkmagazin.de\/vdn\/auszeichnungen-im-rahmen-der-qualitaetsoffensive-naturparke\/\",\"name\":\"Auszeichnungen im Rahmen der \u201eQualit\u00e4tsoffensive Naturparke\u201c\",\"isPartOf\":{\"@id\":\"https:\/\/www.naturparkmagazin.de\/vdn\/#website\"},\"datePublished\":\"2021-11-25T10:33:11+00:00\",\"dateModified\":\"2021-11-25T10:45:03+00:00\",\"author\":{\"@id\":\"https:\/\/www.naturparkmagazin.de\/vdn\/#\/schema\/person\/d71357578c318b6db03be60b1f60396b\"},\"description\":\"18 Naturparke wurden w\u00e4hrend der Mitgliederversammlung 2021 des Verbandes Deutscher Naturparke e.V. (VDN) f\u00fcr Ihre Qualit\u00e4tsarbeit im Rahmen der \u201eQualit\u00e4tsoffensive Naturparke\u201c ausgezeichnet.\",\"breadcrumb\":{\"@id\":\"https:\/\/www.naturparkmagazin.de\/vdn\/auszeichnungen-im-rahmen-der-qualitaetsoffensive-naturparke\/#breadcrumb\"},\"inLanguage\":\"de\",\"potentialAction\":[{\"@type\":\"ReadAction\",\"target\":[\"https:\/\/www.naturparkmagazin.de\/vdn\/auszeichnungen-im-rahmen-der-qualitaetsoffensive-naturparke\/\"]}]},{\"@type\":\"BreadcrumbList\",\"@id\":\"https:\/\/www.naturparkmagazin.de\/vdn\/auszeichnungen-im-rahmen-der-qualitaetsoffensive-naturparke\/#breadcrumb\",\"itemListElement\":[{\"@type\":\"ListItem\",\"position\":1,\"name\":\"Home\",\"item\":\"https:\/\/www.naturparkmagazin.de\/vdn\/\"},{\"@type\":\"ListItem\",\"position\":2,\"name\":\"Auszeichnungen im Rahmen der \u201eQualit\u00e4tsoffensive Naturparke\u201c\"}]},{\"@type\":\"WebSite\",\"@id\":\"https:\/\/www.naturparkmagazin.de\/vdn\/#website\",\"url\":\"https:\/\/www.naturparkmagazin.de\/vdn\/\",\"name\":\"Verband Deutscher Naturparke\",\"description\":\"Eine weitere Naturparkmagazin.de Netzwerk Seite\",\"potentialAction\":[{\"@type\":\"SearchAction\",\"target\":{\"@type\":\"EntryPoint\",\"urlTemplate\":\"https:\/\/www.naturparkmagazin.de\/vdn\/?s={search_term_string}\"},\"query-input\":\"required name=search_term_string\"}],\"inLanguage\":\"de\"},{\"@type\":\"Person\",\"@id\":\"https:\/\/www.naturparkmagazin.de\/vdn\/#\/schema\/person\/d71357578c318b6db03be60b1f60396b\",\"name\":\"beatrixlosem\",\"url\":\"https:\/\/www.naturparkmagazin.de\/vdn\/author\/beatrixlosem\/\"}]}<\/script>\n<!-- \/ Yoast SEO plugin. -->","yoast_head_json":{"title":"Auszeichnungen im Rahmen der \u201eQualit\u00e4tsoffensive Naturparke\u201c","description":"18 Naturparke wurden w\u00e4hrend der Mitgliederversammlung 2021 des Verbandes Deutscher Naturparke e.V. (VDN) f\u00fcr Ihre Qualit\u00e4tsarbeit im Rahmen der \u201eQualit\u00e4tsoffensive Naturparke\u201c ausgezeichnet.","robots":{"index":"index","follow":"follow","max-snippet":"max-snippet:-1","max-image-preview":"max-image-preview:large","max-video-preview":"max-video-preview:-1"},"canonical":"https:\/\/www.naturparkmagazin.de\/vdn\/auszeichnungen-im-rahmen-der-qualitaetsoffensive-naturparke\/","og_locale":"de_DE","og_type":"article","og_title":"Auszeichnungen im Rahmen der \u201eQualit\u00e4tsoffensive Naturparke\u201c","og_description":"18 Naturparke wurden w\u00e4hrend der Mitgliederversammlung 2021 des Verbandes Deutscher Naturparke e.V. (VDN) f\u00fcr Ihre Qualit\u00e4tsarbeit im Rahmen der \u201eQualit\u00e4tsoffensive Naturparke\u201c ausgezeichnet.","og_url":"https:\/\/www.naturparkmagazin.de\/vdn\/auszeichnungen-im-rahmen-der-qualitaetsoffensive-naturparke\/","og_site_name":"Verband Deutscher Naturparke","article_published_time":"2021-11-25T10:33:11+00:00","article_modified_time":"2021-11-25T10:45:03+00:00","og_image":[{"width":200,"height":200,"url":"https:\/\/www.naturparkmagazin.de\/vdn\/wp-content\/uploads\/sites\/3\/c-VDN_Patrick-Appelhans_200Px.jpg","type":"image\/jpeg"}],"author":"beatrixlosem","twitter_misc":{"Verfasst von":"beatrixlosem","Gesch\u00e4tzte Lesezeit":"2\u00a0Minuten"},"schema":{"@context":"https:\/\/schema.org","@graph":[{"@type":"WebPage","@id":"https:\/\/www.naturparkmagazin.de\/vdn\/auszeichnungen-im-rahmen-der-qualitaetsoffensive-naturparke\/","url":"https:\/\/www.naturparkmagazin.de\/vdn\/auszeichnungen-im-rahmen-der-qualitaetsoffensive-naturparke\/","name":"Auszeichnungen im Rahmen der \u201eQualit\u00e4tsoffensive Naturparke\u201c","isPartOf":{"@id":"https:\/\/www.naturparkmagazin.de\/vdn\/#website"},"datePublished":"2021-11-25T10:33:11+00:00","dateModified":"2021-11-25T10:45:03+00:00","author":{"@id":"https:\/\/www.naturparkmagazin.de\/vdn\/#\/schema\/person\/d71357578c318b6db03be60b1f60396b"},"description":"18 Naturparke wurden w\u00e4hrend der Mitgliederversammlung 2021 des Verbandes Deutscher Naturparke e.V. (VDN) f\u00fcr Ihre Qualit\u00e4tsarbeit im Rahmen der \u201eQualit\u00e4tsoffensive Naturparke\u201c ausgezeichnet.","breadcrumb":{"@id":"https:\/\/www.naturparkmagazin.de\/vdn\/auszeichnungen-im-rahmen-der-qualitaetsoffensive-naturparke\/#breadcrumb"},"inLanguage":"de","potentialAction":[{"@type":"ReadAction","target":["https:\/\/www.naturparkmagazin.de\/vdn\/auszeichnungen-im-rahmen-der-qualitaetsoffensive-naturparke\/"]}]},{"@type":"BreadcrumbList","@id":"https:\/\/www.naturparkmagazin.de\/vdn\/auszeichnungen-im-rahmen-der-qualitaetsoffensive-naturparke\/#breadcrumb","itemListElement":[{"@type":"ListItem","position":1,"name":"Home","item":"https:\/\/www.naturparkmagazin.de\/vdn\/"},{"@type":"ListItem","position":2,"name":"Auszeichnungen im Rahmen der \u201eQualit\u00e4tsoffensive Naturparke\u201c"}]},{"@type":"WebSite","@id":"https:\/\/www.naturparkmagazin.de\/vdn\/#website","url":"https:\/\/www.naturparkmagazin.de\/vdn\/","name":"Verband Deutscher Naturparke","description":"Eine weitere Naturparkmagazin.de Netzwerk Seite","potentialAction":[{"@type":"SearchAction","target":{"@type":"EntryPoint","urlTemplate":"https:\/\/www.naturparkmagazin.de\/vdn\/?s={search_term_string}"},"query-input":"required name=search_term_string"}],"inLanguage":"de"},{"@type":"Person","@id":"https:\/\/www.naturparkmagazin.de\/vdn\/#\/schema\/person\/d71357578c318b6db03be60b1f60396b","name":"beatrixlosem","url":"https:\/\/www.naturparkmagazin.de\/vdn\/author\/beatrixlosem\/"}]}},"_links":{"self":[{"href":"https:\/\/www.naturparkmagazin.de\/vdn\/wp-json\/wp\/v2\/posts\/14179"}],"collection":[{"href":"https:\/\/www.naturparkmagazin.de\/vdn\/wp-json\/wp\/v2\/posts"}],"about":[{"href":"https:\/\/www.naturparkmagazin.de\/vdn\/wp-json\/wp\/v2\/types\/post"}],"author":[{"embeddable":true,"href":"https:\/\/www.naturparkmagazin.de\/vdn\/wp-json\/wp\/v2\/users\/51"}],"replies":[{"embeddable":true,"href":"https:\/\/www.naturparkmagazin.de\/vdn\/wp-json\/wp\/v2\/comments?post=14179"}],"version-history":[{"count":4,"href":"https:\/\/www.naturparkmagazin.de\/vdn\/wp-json\/wp\/v2\/posts\/14179\/revisions"}],"predecessor-version":[{"id":14188,"href":"https:\/\/www.naturparkmagazin.de\/vdn\/wp-json\/wp\/v2\/posts\/14179\/revisions\/14188"}],"wp:featuredmedia":[{"embeddable":true,"href":"https:\/\/www.naturparkmagazin.de\/vdn\/wp-json\/wp\/v2\/media\/14181"}],"wp:attachment":[{"href":"https:\/\/www.naturparkmagazin.de\/vdn\/wp-json\/wp\/v2\/media?parent=14179"}],"wp:term":[{"taxonomy":"category","embeddable":true,"href":"https:\/\/www.naturparkmagazin.de\/vdn\/wp-json\/wp\/v2\/categories?post=14179"},{"taxonomy":"post_tag","embeddable":true,"href":"https:\/\/www.naturparkmagazin.de\/vdn\/wp-json\/wp\/v2\/tags?post=14179"}],"curies":[{"name":"wp","href":"https:\/\/api.w.org\/{rel}","templated":true}]}}