{"id":14250,"date":"2021-12-13T10:07:21","date_gmt":"2021-12-13T09:07:21","guid":{"rendered":"https:\/\/www.naturparkmagazin.de\/vdn\/?p=14250"},"modified":"2021-12-22T13:22:30","modified_gmt":"2021-12-22T12:22:30","slug":"liebe-leserin-lieber-leser-96","status":"publish","type":"post","link":"https:\/\/www.naturparkmagazin.de\/vdn\/liebe-leserin-lieber-leser-96\/","title":{"rendered":"Liebe Leserin, lieber Leser,"},"content":{"rendered":"<p>wir blicken auf ein ereignisreiches Jahr zur\u00fcck, dass uns erneut gezeigt hat, wie wertvoll Naturparke f\u00fcr die ganze Gesellschaft und f\u00fcr die einzelnen Menschen sind. Wir bedanken uns bei allen, die die Arbeit der Naturparke unterst\u00fctzt und begleitet haben.<\/p>\n<p>Am 17. November 2021 haben die beiden Dachverb\u00e4nde Verband Deutscher Naturparke e.V. und Nationale Naturlandschaften e.\u00a0V. durch die Unterzeichnung langfristig ausgerichteter Kooperationsvertr\u00e4ge ein B\u00fcndnis aller 104 Naturparke, 16 Nationalparke, 18 Biosph\u00e4renreservate und 2 Wildnisgebiete unter der Dachmarke Nationale Naturlandschaften auf 33 Prozent der Fl\u00e4che Deutschlands geschaffen. In Zukunft werden beide Verb\u00e4nde mit einer gemeinsamen Stimme sprechen und viele Menschen daf\u00fcr gewinnen, faszinierende Natur zu bewahren, Freude in und mit der Natur zu erleben und mit Zuversicht die Zukunft nachhaltig zu gestalten.<\/p>\n<p>Lesen Sie mehr dazu und zu anderen Themen in diesem Newsletter.<\/p>\n<p>Ihnen und Ihren Familien w\u00fcnschen wir ein gutes und gesundes Jahr 2022.<\/p>\n<p>&nbsp;<\/p>\n<p>Ihr Naturpark-Team<\/p>\n<p>&nbsp;<\/p>\n<p>&nbsp;<\/p>\n","protected":false},"excerpt":{"rendered":"<p>wir blicken auf ein ereignisreiches Jahr zur\u00fcck, dass uns erneut gezeigt hat, wie wertvoll Naturparke f\u00fcr die ganze Gesellschaft und f\u00fcr die einzelnen Menschen sind. Wir bedanken uns bei allen, die die Arbeit der Naturparke unterst\u00fctzt und begleitet haben. Am 17. November 2021 haben die beiden Dachverb\u00e4nde Verband Deutscher Naturparke e.V. und Nationale Naturlandschaften e.\u00a0V.<\/p>\n","protected":false},"author":73,"featured_media":0,"comment_status":"open","ping_status":"open","sticky":false,"template":"","format":"standard","meta":{"_links_to":"","_links_to_target":""},"categories":[52],"tags":[],"yoast_head":"<!-- This site is optimized with the Yoast SEO plugin v19.10 - https:\/\/yoast.com\/wordpress\/plugins\/seo\/ -->\n<title>Liebe Leserin, lieber Leser,<\/title>\n<meta name=\"description\" content=\"wir blicken auf ein ereignisreiches Jahr zur\u00fcck, dass uns erneut gezeigt hat, wie wertvoll Naturparke f\u00fcr die ganze Gesellschaft und f\u00fcr die einzelnen\" \/>\n<meta name=\"robots\" content=\"index, follow, max-snippet:-1, max-image-preview:large, max-video-preview:-1\" \/>\n<link rel=\"canonical\" href=\"https:\/\/www.naturparkmagazin.de\/vdn\/liebe-leserin-lieber-leser-96\/\" \/>\n<meta property=\"og:locale\" content=\"de_DE\" \/>\n<meta property=\"og:type\" content=\"article\" \/>\n<meta property=\"og:title\" content=\"Liebe Leserin, lieber Leser,\" \/>\n<meta property=\"og:description\" content=\"wir blicken auf ein ereignisreiches Jahr zur\u00fcck, dass uns erneut gezeigt hat, wie wertvoll Naturparke f\u00fcr die ganze Gesellschaft und f\u00fcr die einzelnen\" \/>\n<meta property=\"og:url\" content=\"https:\/\/www.naturparkmagazin.de\/vdn\/liebe-leserin-lieber-leser-96\/\" \/>\n<meta property=\"og:site_name\" content=\"Verband Deutscher Naturparke\" \/>\n<meta property=\"article:published_time\" content=\"2021-12-13T09:07:21+00:00\" \/>\n<meta property=\"article:modified_time\" content=\"2021-12-22T12:22:30+00:00\" \/>\n<meta name=\"author\" content=\"manuelamerz\" \/>\n<meta name=\"twitter:label1\" content=\"Verfasst von\" \/>\n\t<meta name=\"twitter:data1\" content=\"manuelamerz\" \/>\n\t<meta name=\"twitter:label2\" content=\"Gesch\u00e4tzte Lesezeit\" \/>\n\t<meta name=\"twitter:data2\" content=\"1\u00a0Minute\" \/>\n<script type=\"application\/ld+json\" class=\"yoast-schema-graph\">{\"@context\":\"https:\/\/schema.org\",\"@graph\":[{\"@type\":\"WebPage\",\"@id\":\"https:\/\/www.naturparkmagazin.de\/vdn\/liebe-leserin-lieber-leser-96\/\",\"url\":\"https:\/\/www.naturparkmagazin.de\/vdn\/liebe-leserin-lieber-leser-96\/\",\"name\":\"Liebe Leserin, lieber Leser,\",\"isPartOf\":{\"@id\":\"https:\/\/www.naturparkmagazin.de\/vdn\/#website\"},\"datePublished\":\"2021-12-13T09:07:21+00:00\",\"dateModified\":\"2021-12-22T12:22:30+00:00\",\"author\":{\"@id\":\"https:\/\/www.naturparkmagazin.de\/vdn\/#\/schema\/person\/3cff9b8773ed55f0189255fa9adfd57c\"},\"description\":\"wir blicken auf ein ereignisreiches Jahr zur\u00fcck, dass uns erneut gezeigt hat, wie wertvoll Naturparke f\u00fcr die ganze Gesellschaft und f\u00fcr die einzelnen\",\"breadcrumb\":{\"@id\":\"https:\/\/www.naturparkmagazin.de\/vdn\/liebe-leserin-lieber-leser-96\/#breadcrumb\"},\"inLanguage\":\"de\",\"potentialAction\":[{\"@type\":\"ReadAction\",\"target\":[\"https:\/\/www.naturparkmagazin.de\/vdn\/liebe-leserin-lieber-leser-96\/\"]}]},{\"@type\":\"BreadcrumbList\",\"@id\":\"https:\/\/www.naturparkmagazin.de\/vdn\/liebe-leserin-lieber-leser-96\/#breadcrumb\",\"itemListElement\":[{\"@type\":\"ListItem\",\"position\":1,\"name\":\"Home\",\"item\":\"https:\/\/www.naturparkmagazin.de\/vdn\/\"},{\"@type\":\"ListItem\",\"position\":2,\"name\":\"Liebe Leserin, lieber Leser,\"}]},{\"@type\":\"WebSite\",\"@id\":\"https:\/\/www.naturparkmagazin.de\/vdn\/#website\",\"url\":\"https:\/\/www.naturparkmagazin.de\/vdn\/\",\"name\":\"Verband Deutscher Naturparke\",\"description\":\"Eine weitere Naturparkmagazin.de Netzwerk Seite\",\"potentialAction\":[{\"@type\":\"SearchAction\",\"target\":{\"@type\":\"EntryPoint\",\"urlTemplate\":\"https:\/\/www.naturparkmagazin.de\/vdn\/?s={search_term_string}\"},\"query-input\":\"required name=search_term_string\"}],\"inLanguage\":\"de\"},{\"@type\":\"Person\",\"@id\":\"https:\/\/www.naturparkmagazin.de\/vdn\/#\/schema\/person\/3cff9b8773ed55f0189255fa9adfd57c\",\"name\":\"manuelamerz\",\"url\":\"https:\/\/www.naturparkmagazin.de\/vdn\/author\/manuelamerz\/\"}]}<\/script>\n<!-- \/ Yoast SEO plugin. -->","yoast_head_json":{"title":"Liebe Leserin, lieber Leser,","description":"wir blicken auf ein ereignisreiches Jahr zur\u00fcck, dass uns erneut gezeigt hat, wie wertvoll Naturparke f\u00fcr die ganze Gesellschaft und f\u00fcr die einzelnen","robots":{"index":"index","follow":"follow","max-snippet":"max-snippet:-1","max-image-preview":"max-image-preview:large","max-video-preview":"max-video-preview:-1"},"canonical":"https:\/\/www.naturparkmagazin.de\/vdn\/liebe-leserin-lieber-leser-96\/","og_locale":"de_DE","og_type":"article","og_title":"Liebe Leserin, lieber Leser,","og_description":"wir blicken auf ein ereignisreiches Jahr zur\u00fcck, dass uns erneut gezeigt hat, wie wertvoll Naturparke f\u00fcr die ganze Gesellschaft und f\u00fcr die einzelnen","og_url":"https:\/\/www.naturparkmagazin.de\/vdn\/liebe-leserin-lieber-leser-96\/","og_site_name":"Verband Deutscher Naturparke","article_published_time":"2021-12-13T09:07:21+00:00","article_modified_time":"2021-12-22T12:22:30+00:00","author":"manuelamerz","twitter_misc":{"Verfasst von":"manuelamerz","Gesch\u00e4tzte Lesezeit":"1\u00a0Minute"},"schema":{"@context":"https:\/\/schema.org","@graph":[{"@type":"WebPage","@id":"https:\/\/www.naturparkmagazin.de\/vdn\/liebe-leserin-lieber-leser-96\/","url":"https:\/\/www.naturparkmagazin.de\/vdn\/liebe-leserin-lieber-leser-96\/","name":"Liebe Leserin, lieber Leser,","isPartOf":{"@id":"https:\/\/www.naturparkmagazin.de\/vdn\/#website"},"datePublished":"2021-12-13T09:07:21+00:00","dateModified":"2021-12-22T12:22:30+00:00","author":{"@id":"https:\/\/www.naturparkmagazin.de\/vdn\/#\/schema\/person\/3cff9b8773ed55f0189255fa9adfd57c"},"description":"wir blicken auf ein ereignisreiches Jahr zur\u00fcck, dass uns erneut gezeigt hat, wie wertvoll Naturparke f\u00fcr die ganze Gesellschaft und f\u00fcr die einzelnen","breadcrumb":{"@id":"https:\/\/www.naturparkmagazin.de\/vdn\/liebe-leserin-lieber-leser-96\/#breadcrumb"},"inLanguage":"de","potentialAction":[{"@type":"ReadAction","target":["https:\/\/www.naturparkmagazin.de\/vdn\/liebe-leserin-lieber-leser-96\/"]}]},{"@type":"BreadcrumbList","@id":"https:\/\/www.naturparkmagazin.de\/vdn\/liebe-leserin-lieber-leser-96\/#breadcrumb","itemListElement":[{"@type":"ListItem","position":1,"name":"Home","item":"https:\/\/www.naturparkmagazin.de\/vdn\/"},{"@type":"ListItem","position":2,"name":"Liebe Leserin, lieber Leser,"}]},{"@type":"WebSite","@id":"https:\/\/www.naturparkmagazin.de\/vdn\/#website","url":"https:\/\/www.naturparkmagazin.de\/vdn\/","name":"Verband Deutscher Naturparke","description":"Eine weitere Naturparkmagazin.de Netzwerk Seite","potentialAction":[{"@type":"SearchAction","target":{"@type":"EntryPoint","urlTemplate":"https:\/\/www.naturparkmagazin.de\/vdn\/?s={search_term_string}"},"query-input":"required name=search_term_string"}],"inLanguage":"de"},{"@type":"Person","@id":"https:\/\/www.naturparkmagazin.de\/vdn\/#\/schema\/person\/3cff9b8773ed55f0189255fa9adfd57c","name":"manuelamerz","url":"https:\/\/www.naturparkmagazin.de\/vdn\/author\/manuelamerz\/"}]}},"_links":{"self":[{"href":"https:\/\/www.naturparkmagazin.de\/vdn\/wp-json\/wp\/v2\/posts\/14250"}],"collection":[{"href":"https:\/\/www.naturparkmagazin.de\/vdn\/wp-json\/wp\/v2\/posts"}],"about":[{"href":"https:\/\/www.naturparkmagazin.de\/vdn\/wp-json\/wp\/v2\/types\/post"}],"author":[{"embeddable":true,"href":"https:\/\/www.naturparkmagazin.de\/vdn\/wp-json\/wp\/v2\/users\/73"}],"replies":[{"embeddable":true,"href":"https:\/\/www.naturparkmagazin.de\/vdn\/wp-json\/wp\/v2\/comments?post=14250"}],"version-history":[{"count":5,"href":"https:\/\/www.naturparkmagazin.de\/vdn\/wp-json\/wp\/v2\/posts\/14250\/revisions"}],"predecessor-version":[{"id":14335,"href":"https:\/\/www.naturparkmagazin.de\/vdn\/wp-json\/wp\/v2\/posts\/14250\/revisions\/14335"}],"wp:attachment":[{"href":"https:\/\/www.naturparkmagazin.de\/vdn\/wp-json\/wp\/v2\/media?parent=14250"}],"wp:term":[{"taxonomy":"category","embeddable":true,"href":"https:\/\/www.naturparkmagazin.de\/vdn\/wp-json\/wp\/v2\/categories?post=14250"},{"taxonomy":"post_tag","embeddable":true,"href":"https:\/\/www.naturparkmagazin.de\/vdn\/wp-json\/wp\/v2\/tags?post=14250"}],"curies":[{"name":"wp","href":"https:\/\/api.w.org\/{rel}","templated":true}]}}