{"id":14252,"date":"2021-12-31T11:38:54","date_gmt":"2021-12-31T10:38:54","guid":{"rendered":"https:\/\/www.naturparkmagazin.de\/vdn\/?p=14252"},"modified":"2022-01-17T10:44:44","modified_gmt":"2022-01-17T09:44:44","slug":"alle-jahre-wieder","status":"publish","type":"post","link":"https:\/\/www.naturparkmagazin.de\/vdn\/alle-jahre-wieder\/","title":{"rendered":"\u201eAlle Jahre wieder\u201c"},"content":{"rendered":"<div id=\"attachment_14253\" style=\"width: 510px\" class=\"wp-caption alignnone\"><a href=\"https:\/\/www.naturparkmagazin.de\/vdn\/wp-content\/uploads\/sites\/3\/weihnachtsbaumuebergabe-2021-b.jpg\"><img aria-describedby=\"caption-attachment-14253\" decoding=\"async\" loading=\"lazy\" class=\"wp-image-14253 size-full\" src=\"https:\/\/www.naturparkmagazin.de\/vdn\/wp-content\/uploads\/sites\/3\/weihnachtsbaumuebergabe-2021-b.jpg\" alt=\"v.l.n.r.: Thomas Mertke, Naturwacht; Sylvia Lehmann MdB; Friedel Heuwinkel, Pr\u00e4sident des Verbandes Deutscher Naturparke; Claudia Roth MdB, stellvertretende Bundestagspr\u00e4sidentin; Carsten Preu\u00df, Leiter des Naturparks Dahme-Heideseen. \u00a9 Naturparkverwaltung Dahme-Heideseen\" width=\"500\" height=\"300\" srcset=\"https:\/\/www.naturparkmagazin.de\/vdn\/wp-content\/uploads\/sites\/3\/weihnachtsbaumuebergabe-2021-b.jpg 500w, https:\/\/www.naturparkmagazin.de\/vdn\/wp-content\/uploads\/sites\/3\/weihnachtsbaumuebergabe-2021-b-300x180.jpg 300w, https:\/\/www.naturparkmagazin.de\/vdn\/wp-content\/uploads\/sites\/3\/weihnachtsbaumuebergabe-2021-b-200x120.jpg 200w\" sizes=\"(max-width: 500px) 100vw, 500px\" \/><\/a><p id=\"caption-attachment-14253\" class=\"wp-caption-text\">v.l.n.r.: Thomas Mertke, Naturwacht; Sylvia Lehmann MdB; Friedel Heuwinkel, Pr\u00e4sident des Verbandes Deutscher Naturparke; Claudia Roth MdB, stellvertretende Bundestagspr\u00e4sidentin; Carsten Preu\u00df, Leiter des Naturparks Dahme-Heideseen \u00a9 Naturparkverwaltung Dahme-Heideseen<\/p><\/div>\n<p>Ein Weihnachtsbaum aus dem brandenburgischen Naturpark Dahme-Heideseen wurde am 2. Dezember als Gru\u00df aus den 104 Naturparken im Deutschen Bundestag aufgestellt, die gemeinsam mit den 16 Nationalparken, 18 Biosph\u00e4renreservaten und 2 Wildnisgebieten zu den Nationalen Naturlandschaften in Deutschland z\u00e4hlen.<\/p>\n<p>Der Leiter des Naturparks Dahme-Heideseen, Carsten Preu\u00df, hat die f\u00fcnf Meter hohe Tanne gemeinsam mit Friedel Heuwinkel, dem Pr\u00e4sidenten des Verbandes Deutscher Naturparke e. V. (VDN), \u00fcberreicht. Entgegengenommen wurde der Weihnachtsbaum von der Vizepr\u00e4sidentin des Deutschen Bundestages, Claudia Roth MdB, sowie von Sylvia Lehmann MdB, die ihren Wahlkreis im Naturpark Dahme-Heideseen hat. Der Naturpark Dahme-Heideseen ist einer von elf Naturparken in Brandenburg.<\/p>\n<p>\u201eMit dem Weihnachtsbaum bringen wir ein St\u00fcck Naturpark Dahme-Heideseen in den Deutschen Bundestag und erinnern damit an die Aufgaben der Naturparke f\u00fcr Mensch und Natur,&#8220; betonte Carsten Preu\u00df. \u201eDieser sch\u00f6ne Baum steht symbolisch f\u00fcr die Leistungen der deutschen Naturparke auf 28 Prozent der Fl\u00e4che Deutschlands f\u00fcr eine nachhaltige Regionalentwicklung, den Erhalt der biologischen Vielfalt sowie den Klimaschutz\u201c, erg\u00e4nzte Heuwinkel. Gestiftet wurde der diesj\u00e4hrige Baum vom Landesbetrieb Forst Brandenburg.<\/p>\n<p>Seit dem Jahr 2002 stellt in jedem Jahr ein Naturpark gemeinsam mit dem Verband Deutscher Naturparke einen Weihnachtsbaum f\u00fcr die Mitglieder und Mitarbeitenden des Deutschen Bundestags auf. Den Schmuck des diesj\u00e4hrigen Weihnachtsbaumes haben Sch\u00fclerinnen und Sch\u00fcler der als Naturpark-Schule ausgezeichneten Elisabeth-von-Schlieben Grundschule in Halben gebastelt. Zu diesem Baumbehang geh\u00f6ren Birkenholzscheiben mit den handgemalten Logos der elf Naturparke in Brandenburg. In den Vorjahren wurde der Baum durch die Sch\u00fclerinnen und Sch\u00fcler \u00fcberreicht, die den Schmuck f\u00fcr den Weihnachtbaum gebastelt haben. Dies war in diesem Jahr wie auch im Vorjahr aufgrund der Corona-Pandemie leider nicht m\u00f6glich.<\/p>\n<p>&gt;&gt; Weitere Informationen zum Naturpark Dahme-Heideseen finden Sie <a href=\"http:\/\/www.dahme-heideseen-naturpark.de\" target=\"_blank\">hier<\/a>.<\/p>\n<p>&gt;&gt; Informationen zum VDN und den Naturparken in Deutschland finden Sie <a href=\"http:\/\/www.naturparke.de\" target=\"_blank\">hier<\/a>.<\/p>\n<p>&nbsp;<\/p>\n<p>&nbsp;<\/p>\n","protected":false},"excerpt":{"rendered":"<p>Seit dem Jahr 2002 stellt in jedem Jahr ein Naturpark gemeinsam mit dem Verband Deutscher Naturparke einen Weihnachtsbaum f\u00fcr die Mitglieder und Mitarbeitenden des Deutschen Bundestags auf.<\/p>\n","protected":false},"author":73,"featured_media":14254,"comment_status":"open","ping_status":"open","sticky":false,"template":"","format":"standard","meta":{"_links_to":"","_links_to_target":""},"categories":[7],"tags":[87,2745,2744,788,1445,735,896,592,2747,2746,1054,786],"yoast_head":"<!-- This site is optimized with the Yoast SEO plugin v19.10 - https:\/\/yoast.com\/wordpress\/plugins\/seo\/ -->\n<title>\u201eAlle Jahre wieder\u201c<\/title>\n<meta name=\"description\" content=\"Seit dem Jahr 2002 stellt in jedem Jahr ein Naturpark gemeinsam mit dem Verband Deutscher Naturparke einen Weihnachtsbaum f\u00fcr die Mitglieder und Mitarbeitenden des Deutschen Bundestags auf.\" \/>\n<meta name=\"robots\" content=\"index, follow, max-snippet:-1, max-image-preview:large, max-video-preview:-1\" \/>\n<link rel=\"canonical\" href=\"https:\/\/www.naturparkmagazin.de\/vdn\/alle-jahre-wieder\/\" \/>\n<meta property=\"og:locale\" content=\"de_DE\" \/>\n<meta property=\"og:type\" content=\"article\" \/>\n<meta property=\"og:title\" content=\"\u201eAlle Jahre wieder\u201c\" \/>\n<meta property=\"og:description\" content=\"Seit dem Jahr 2002 stellt in jedem Jahr ein Naturpark gemeinsam mit dem Verband Deutscher Naturparke einen Weihnachtsbaum f\u00fcr die Mitglieder und Mitarbeitenden des Deutschen Bundestags auf.\" \/>\n<meta property=\"og:url\" content=\"https:\/\/www.naturparkmagazin.de\/vdn\/alle-jahre-wieder\/\" \/>\n<meta property=\"og:site_name\" content=\"Verband Deutscher Naturparke\" \/>\n<meta property=\"article:published_time\" content=\"2021-12-31T10:38:54+00:00\" \/>\n<meta property=\"article:modified_time\" content=\"2022-01-17T09:44:44+00:00\" \/>\n<meta property=\"og:image\" content=\"https:\/\/www.naturparkmagazin.de\/vdn\/wp-content\/uploads\/sites\/3\/weihnachtsbaumuebergabe-2021-bf.jpg\" \/>\n\t<meta property=\"og:image:width\" content=\"200\" \/>\n\t<meta property=\"og:image:height\" content=\"200\" \/>\n\t<meta property=\"og:image:type\" content=\"image\/jpeg\" \/>\n<meta name=\"author\" content=\"manuelamerz\" \/>\n<meta name=\"twitter:label1\" content=\"Verfasst von\" \/>\n\t<meta name=\"twitter:data1\" content=\"manuelamerz\" \/>\n\t<meta name=\"twitter:label2\" content=\"Gesch\u00e4tzte Lesezeit\" \/>\n\t<meta name=\"twitter:data2\" content=\"2\u00a0Minuten\" \/>\n<script type=\"application\/ld+json\" class=\"yoast-schema-graph\">{\"@context\":\"https:\/\/schema.org\",\"@graph\":[{\"@type\":\"WebPage\",\"@id\":\"https:\/\/www.naturparkmagazin.de\/vdn\/alle-jahre-wieder\/\",\"url\":\"https:\/\/www.naturparkmagazin.de\/vdn\/alle-jahre-wieder\/\",\"name\":\"\u201eAlle Jahre wieder\u201c\",\"isPartOf\":{\"@id\":\"https:\/\/www.naturparkmagazin.de\/vdn\/#website\"},\"datePublished\":\"2021-12-31T10:38:54+00:00\",\"dateModified\":\"2022-01-17T09:44:44+00:00\",\"author\":{\"@id\":\"https:\/\/www.naturparkmagazin.de\/vdn\/#\/schema\/person\/3cff9b8773ed55f0189255fa9adfd57c\"},\"description\":\"Seit dem Jahr 2002 stellt in jedem Jahr ein Naturpark gemeinsam mit dem Verband Deutscher Naturparke einen Weihnachtsbaum f\u00fcr die Mitglieder und Mitarbeitenden des Deutschen Bundestags auf.\",\"breadcrumb\":{\"@id\":\"https:\/\/www.naturparkmagazin.de\/vdn\/alle-jahre-wieder\/#breadcrumb\"},\"inLanguage\":\"de\",\"potentialAction\":[{\"@type\":\"ReadAction\",\"target\":[\"https:\/\/www.naturparkmagazin.de\/vdn\/alle-jahre-wieder\/\"]}]},{\"@type\":\"BreadcrumbList\",\"@id\":\"https:\/\/www.naturparkmagazin.de\/vdn\/alle-jahre-wieder\/#breadcrumb\",\"itemListElement\":[{\"@type\":\"ListItem\",\"position\":1,\"name\":\"Home\",\"item\":\"https:\/\/www.naturparkmagazin.de\/vdn\/\"},{\"@type\":\"ListItem\",\"position\":2,\"name\":\"\u201eAlle Jahre wieder\u201c\"}]},{\"@type\":\"WebSite\",\"@id\":\"https:\/\/www.naturparkmagazin.de\/vdn\/#website\",\"url\":\"https:\/\/www.naturparkmagazin.de\/vdn\/\",\"name\":\"Verband Deutscher Naturparke\",\"description\":\"Eine weitere Naturparkmagazin.de Netzwerk Seite\",\"potentialAction\":[{\"@type\":\"SearchAction\",\"target\":{\"@type\":\"EntryPoint\",\"urlTemplate\":\"https:\/\/www.naturparkmagazin.de\/vdn\/?s={search_term_string}\"},\"query-input\":\"required name=search_term_string\"}],\"inLanguage\":\"de\"},{\"@type\":\"Person\",\"@id\":\"https:\/\/www.naturparkmagazin.de\/vdn\/#\/schema\/person\/3cff9b8773ed55f0189255fa9adfd57c\",\"name\":\"manuelamerz\",\"url\":\"https:\/\/www.naturparkmagazin.de\/vdn\/author\/manuelamerz\/\"}]}<\/script>\n<!-- \/ Yoast SEO plugin. -->","yoast_head_json":{"title":"\u201eAlle Jahre wieder\u201c","description":"Seit dem Jahr 2002 stellt in jedem Jahr ein Naturpark gemeinsam mit dem Verband Deutscher Naturparke einen Weihnachtsbaum f\u00fcr die Mitglieder und Mitarbeitenden des Deutschen Bundestags auf.","robots":{"index":"index","follow":"follow","max-snippet":"max-snippet:-1","max-image-preview":"max-image-preview:large","max-video-preview":"max-video-preview:-1"},"canonical":"https:\/\/www.naturparkmagazin.de\/vdn\/alle-jahre-wieder\/","og_locale":"de_DE","og_type":"article","og_title":"\u201eAlle Jahre wieder\u201c","og_description":"Seit dem Jahr 2002 stellt in jedem Jahr ein Naturpark gemeinsam mit dem Verband Deutscher Naturparke einen Weihnachtsbaum f\u00fcr die Mitglieder und Mitarbeitenden des Deutschen Bundestags auf.","og_url":"https:\/\/www.naturparkmagazin.de\/vdn\/alle-jahre-wieder\/","og_site_name":"Verband Deutscher Naturparke","article_published_time":"2021-12-31T10:38:54+00:00","article_modified_time":"2022-01-17T09:44:44+00:00","og_image":[{"width":200,"height":200,"url":"https:\/\/www.naturparkmagazin.de\/vdn\/wp-content\/uploads\/sites\/3\/weihnachtsbaumuebergabe-2021-bf.jpg","type":"image\/jpeg"}],"author":"manuelamerz","twitter_misc":{"Verfasst von":"manuelamerz","Gesch\u00e4tzte Lesezeit":"2\u00a0Minuten"},"schema":{"@context":"https:\/\/schema.org","@graph":[{"@type":"WebPage","@id":"https:\/\/www.naturparkmagazin.de\/vdn\/alle-jahre-wieder\/","url":"https:\/\/www.naturparkmagazin.de\/vdn\/alle-jahre-wieder\/","name":"\u201eAlle Jahre wieder\u201c","isPartOf":{"@id":"https:\/\/www.naturparkmagazin.de\/vdn\/#website"},"datePublished":"2021-12-31T10:38:54+00:00","dateModified":"2022-01-17T09:44:44+00:00","author":{"@id":"https:\/\/www.naturparkmagazin.de\/vdn\/#\/schema\/person\/3cff9b8773ed55f0189255fa9adfd57c"},"description":"Seit dem Jahr 2002 stellt in jedem Jahr ein Naturpark gemeinsam mit dem Verband Deutscher Naturparke einen Weihnachtsbaum f\u00fcr die Mitglieder und Mitarbeitenden des Deutschen Bundestags auf.","breadcrumb":{"@id":"https:\/\/www.naturparkmagazin.de\/vdn\/alle-jahre-wieder\/#breadcrumb"},"inLanguage":"de","potentialAction":[{"@type":"ReadAction","target":["https:\/\/www.naturparkmagazin.de\/vdn\/alle-jahre-wieder\/"]}]},{"@type":"BreadcrumbList","@id":"https:\/\/www.naturparkmagazin.de\/vdn\/alle-jahre-wieder\/#breadcrumb","itemListElement":[{"@type":"ListItem","position":1,"name":"Home","item":"https:\/\/www.naturparkmagazin.de\/vdn\/"},{"@type":"ListItem","position":2,"name":"\u201eAlle Jahre wieder\u201c"}]},{"@type":"WebSite","@id":"https:\/\/www.naturparkmagazin.de\/vdn\/#website","url":"https:\/\/www.naturparkmagazin.de\/vdn\/","name":"Verband Deutscher Naturparke","description":"Eine weitere Naturparkmagazin.de Netzwerk Seite","potentialAction":[{"@type":"SearchAction","target":{"@type":"EntryPoint","urlTemplate":"https:\/\/www.naturparkmagazin.de\/vdn\/?s={search_term_string}"},"query-input":"required name=search_term_string"}],"inLanguage":"de"},{"@type":"Person","@id":"https:\/\/www.naturparkmagazin.de\/vdn\/#\/schema\/person\/3cff9b8773ed55f0189255fa9adfd57c","name":"manuelamerz","url":"https:\/\/www.naturparkmagazin.de\/vdn\/author\/manuelamerz\/"}]}},"_links":{"self":[{"href":"https:\/\/www.naturparkmagazin.de\/vdn\/wp-json\/wp\/v2\/posts\/14252"}],"collection":[{"href":"https:\/\/www.naturparkmagazin.de\/vdn\/wp-json\/wp\/v2\/posts"}],"about":[{"href":"https:\/\/www.naturparkmagazin.de\/vdn\/wp-json\/wp\/v2\/types\/post"}],"author":[{"embeddable":true,"href":"https:\/\/www.naturparkmagazin.de\/vdn\/wp-json\/wp\/v2\/users\/73"}],"replies":[{"embeddable":true,"href":"https:\/\/www.naturparkmagazin.de\/vdn\/wp-json\/wp\/v2\/comments?post=14252"}],"version-history":[{"count":1,"href":"https:\/\/www.naturparkmagazin.de\/vdn\/wp-json\/wp\/v2\/posts\/14252\/revisions"}],"predecessor-version":[{"id":14255,"href":"https:\/\/www.naturparkmagazin.de\/vdn\/wp-json\/wp\/v2\/posts\/14252\/revisions\/14255"}],"wp:featuredmedia":[{"embeddable":true,"href":"https:\/\/www.naturparkmagazin.de\/vdn\/wp-json\/wp\/v2\/media\/14254"}],"wp:attachment":[{"href":"https:\/\/www.naturparkmagazin.de\/vdn\/wp-json\/wp\/v2\/media?parent=14252"}],"wp:term":[{"taxonomy":"category","embeddable":true,"href":"https:\/\/www.naturparkmagazin.de\/vdn\/wp-json\/wp\/v2\/categories?post=14252"},{"taxonomy":"post_tag","embeddable":true,"href":"https:\/\/www.naturparkmagazin.de\/vdn\/wp-json\/wp\/v2\/tags?post=14252"}],"curies":[{"name":"wp","href":"https:\/\/api.w.org\/{rel}","templated":true}]}}