{"id":14262,"date":"2021-12-31T15:44:02","date_gmt":"2021-12-31T14:44:02","guid":{"rendered":"https:\/\/www.naturparkmagazin.de\/vdn\/?p=14262"},"modified":"2022-01-17T10:43:53","modified_gmt":"2022-01-17T09:43:53","slug":"nationale-naturlandschaften-sprechen-jetzt-mit-gemeinsamer-stimme","status":"publish","type":"post","link":"https:\/\/www.naturparkmagazin.de\/vdn\/nationale-naturlandschaften-sprechen-jetzt-mit-gemeinsamer-stimme\/","title":{"rendered":"Nationale Naturlandschaften sprechen jetzt mit gemeinsamer Stimme"},"content":{"rendered":"<div id=\"attachment_14327\" style=\"width: 408px\" class=\"wp-caption aligncenter\"><a href=\"https:\/\/www.naturparkmagazin.de\/vdn\/wp-content\/uploads\/sites\/3\/Unterschriften-Heuwinkel-S\u00fcdbeck-IMG_0876-Beitragsbild-im-Text.jpg\"><img aria-describedby=\"caption-attachment-14327\" decoding=\"async\" loading=\"lazy\" class=\"size-full wp-image-14327\" src=\"https:\/\/www.naturparkmagazin.de\/vdn\/wp-content\/uploads\/sites\/3\/Unterschriften-Heuwinkel-S\u00fcdbeck-IMG_0876-Beitragsbild-im-Text.jpg\" alt=\"Friedel Heuwinkel (l.), Pr\u00e4sident VDN e. V., und Peter S\u00fcdbeck, Vorsitzender NNL e. V., unterschreiben die Kooperationsvertr\u00e4ge. Foto: NNL\/Schutter\" width=\"398\" height=\"283\" srcset=\"https:\/\/www.naturparkmagazin.de\/vdn\/wp-content\/uploads\/sites\/3\/Unterschriften-Heuwinkel-S\u00fcdbeck-IMG_0876-Beitragsbild-im-Text.jpg 398w, https:\/\/www.naturparkmagazin.de\/vdn\/wp-content\/uploads\/sites\/3\/Unterschriften-Heuwinkel-S\u00fcdbeck-IMG_0876-Beitragsbild-im-Text-300x213.jpg 300w, https:\/\/www.naturparkmagazin.de\/vdn\/wp-content\/uploads\/sites\/3\/Unterschriften-Heuwinkel-S\u00fcdbeck-IMG_0876-Beitragsbild-im-Text-200x142.jpg 200w\" sizes=\"(max-width: 398px) 100vw, 398px\" \/><\/a><p id=\"caption-attachment-14327\" class=\"wp-caption-text\">Friedel Heuwinkel (l.), Pr\u00e4sident VDN e. V., und Peter S\u00fcdbeck, Vorsitzender NNL e. V., unterschreiben die Kooperationsvertr\u00e4ge. Foto: NNL\/Schutter<\/p><\/div>\n<p>Am 17. November 2021 unterzeichneten die beiden Dachverb\u00e4nde <a href=\"https:\/\/nationale-naturlandschaften.de\/\" target=\"_blank\">Nationale Naturlandschaften e. V. (NNL e. V.) <\/a>und <a href=\"https:\/\/www.naturparke.de\/\" target=\"_blank\">Verband Deutscher Naturparke e. V. (VDN e. V.)<\/a> mit \u00fcberw\u00e4ltigender Zustimmung ihrer Mitglieder langfristig ausgerichtete Kooperationsvertr\u00e4ge. Die Unterzeichnung fand im Rahmen der ersten bundesweiten <a href=\"https:\/\/www.naturparke.de\/service\/presse\/pressemitteilungen\/nachricht\/kooperation-es-kommt-zusammen-was-zusammengehoert.html\" target=\"_blank\">gemeinsamen Tagung<\/a> der Nationalparke, Naturparke, Biosph\u00e4renreservate und Wildnisgebiete im Camp Reinsehlen\/Schneverdingen im Naturpark L\u00fcneburger Heide statt, an der rund 150 Vertreter:innen der genannten Schutzgebiete teilgenommen haben.<\/p>\n<p>Ab sofort arbeiten die beiden Dachverb\u00e4nde in gemeinsamen schutzgebiets\u00fcbergreifenden Programmen, Projekten und Arbeitsgruppen eng zusammen und kommunizieren unter der gemeinsam getragenen Dachmarke \u201eNationale Naturlandschaften\u201c. In Bezug auf die einzelnen Schutzgebietskategorien teilen die Verb\u00e4nde ihre Arbeit auf, so dass VDN e.\u00a0V. f\u00fcr die Naturparke und NNL e.\u00a0V. f\u00fcr die Nationalparke, Biosph\u00e4renreservate und Wildnisgebiete zust\u00e4ndig ist. K\u00fcnftig werden beide Verb\u00e4nde mit einer gemeinsamen Stimme m\u00f6glichst viele Menschen daf\u00fcr gewinnen, faszinierende Natur zu bewahren, Freude in und mit der Natur zu erleben und mit Zuversicht die Zukunft nachhaltig zu gestalten.<\/p>\n<p>Parallel zur Neuausrichtung der Kooperation der beiden Dachverb\u00e4nde wurde das Corporate Design der Dachmarke Nationale Naturlandschaften grundlegend \u00fcberarbeitet und in einem aufw\u00e4ndigen Markenprozess wurden die Werte und Kernbotschaften der einzelnen Schutzgebietskategorien und der Dachmarke NNL als Ganzes herausgearbeitet. Jetzt sind die Weichen daf\u00fcr gestellt, dass NNL e.\u00a0V. und VDN e.\u00a0V. die Nationale Naturlandschaften noch st\u00e4rker darin unterst\u00fctzen k\u00f6nnen, auf 33 Prozent der Fl\u00e4che Deutschlands faszinierende Natur zu bewahren, diese f\u00fcr die Gesellschaft erlebbar zu machen und nachhaltige Perspektiven f\u00fcr das Zusammenleben von Mensch und Natur zu entwickeln und so zum Erhalt der biologischen Vielfalt, zu einer nachhaltigen Entwicklung und zum Schutz des Klimas beizutragen.<\/p>\n<p><a href=\"https:\/\/www.naturparkmagazin.de\/vdn\/wp-content\/uploads\/sites\/3\/03-Factsheet-NNL.pdf\" target=\"_blank\">Hier<\/a> k\u00f6nnen Sie ein Factsheet \u00fcber &#8222;Nationale Naturlandschaften&#8220; herunterladen.<\/p>\n<div id=\"attachment_14264\" style=\"width: 259px\" class=\"wp-caption alignright\"><a href=\"https:\/\/www.naturparkmagazin.de\/vdn\/wp-content\/uploads\/sites\/3\/VDN_Logo_RGB.png\"><img aria-describedby=\"caption-attachment-14264\" decoding=\"async\" loading=\"lazy\" class=\"wp-image-14264\" src=\"https:\/\/www.naturparkmagazin.de\/vdn\/wp-content\/uploads\/sites\/3\/VDN_Logo_RGB-300x165.png\" alt=\"Neues Logo des VDN e. V.\" width=\"249\" height=\"137\" srcset=\"https:\/\/www.naturparkmagazin.de\/vdn\/wp-content\/uploads\/sites\/3\/VDN_Logo_RGB-300x165.png 300w, https:\/\/www.naturparkmagazin.de\/vdn\/wp-content\/uploads\/sites\/3\/VDN_Logo_RGB-620x340.png 620w, https:\/\/www.naturparkmagazin.de\/vdn\/wp-content\/uploads\/sites\/3\/VDN_Logo_RGB-940x516.png 940w, https:\/\/www.naturparkmagazin.de\/vdn\/wp-content\/uploads\/sites\/3\/VDN_Logo_RGB-670x368.png 670w, https:\/\/www.naturparkmagazin.de\/vdn\/wp-content\/uploads\/sites\/3\/VDN_Logo_RGB-200x110.png 200w, https:\/\/www.naturparkmagazin.de\/vdn\/wp-content\/uploads\/sites\/3\/VDN_Logo_RGB.png 1792w\" sizes=\"(max-width: 249px) 100vw, 249px\" \/><\/a><p id=\"caption-attachment-14264\" class=\"wp-caption-text\">Neues Logo des VDN e. V. ab 2022<\/p><\/div>\n<div id=\"attachment_14265\" style=\"width: 310px\" class=\"wp-caption alignright\"><a href=\"https:\/\/www.naturparkmagazin.de\/vdn\/wp-content\/uploads\/sites\/3\/Logo-NNL.png\"><img aria-describedby=\"caption-attachment-14265\" decoding=\"async\" loading=\"lazy\" class=\"wp-image-14265 size-thumbnail\" src=\"https:\/\/www.naturparkmagazin.de\/vdn\/wp-content\/uploads\/sites\/3\/Logo-NNL-300x137.png\" alt=\"Logo NNL e. V.\" width=\"300\" height=\"137\" srcset=\"https:\/\/www.naturparkmagazin.de\/vdn\/wp-content\/uploads\/sites\/3\/Logo-NNL-300x137.png 300w, https:\/\/www.naturparkmagazin.de\/vdn\/wp-content\/uploads\/sites\/3\/Logo-NNL-620x283.png 620w, https:\/\/www.naturparkmagazin.de\/vdn\/wp-content\/uploads\/sites\/3\/Logo-NNL-940x430.png 940w, https:\/\/www.naturparkmagazin.de\/vdn\/wp-content\/uploads\/sites\/3\/Logo-NNL-670x306.png 670w, https:\/\/www.naturparkmagazin.de\/vdn\/wp-content\/uploads\/sites\/3\/Logo-NNL-200x91.png 200w\" sizes=\"(max-width: 300px) 100vw, 300px\" \/><\/a><p id=\"caption-attachment-14265\" class=\"wp-caption-text\">Logo NNL e. V.<\/p><\/div>\n","protected":false},"excerpt":{"rendered":"<p>Zuk\u00fcnftig werden VDN e. V. und NNL e. V. eng zusammenarbeiten &#8211; 140 Nationale Naturlandschaften sprechen mit gemeinsamer Stimme.<\/p>\n","protected":false},"author":51,"featured_media":14330,"comment_status":"open","ping_status":"open","sticky":false,"template":"","format":"standard","meta":{"_links_to":"","_links_to_target":""},"categories":[51],"tags":[2772,2770,2513,2552,2771],"yoast_head":"<!-- This site is optimized with the Yoast SEO plugin v19.10 - https:\/\/yoast.com\/wordpress\/plugins\/seo\/ -->\n<title>Nationale Naturlandschaften sprechen jetzt mit gemeinsamer Stimme<\/title>\n<meta name=\"description\" content=\"Zuk\u00fcnftig werden VDN e. V. und NNL e. V. eng zusammenarbeiten - 140 Nationale Naturlandschaften sprechen mit gemeinsamer Stimme.\" \/>\n<meta name=\"robots\" content=\"index, follow, max-snippet:-1, max-image-preview:large, max-video-preview:-1\" \/>\n<link rel=\"canonical\" href=\"https:\/\/www.naturparkmagazin.de\/vdn\/nationale-naturlandschaften-sprechen-jetzt-mit-gemeinsamer-stimme\/\" \/>\n<meta property=\"og:locale\" content=\"de_DE\" \/>\n<meta property=\"og:type\" content=\"article\" \/>\n<meta property=\"og:title\" content=\"Nationale Naturlandschaften sprechen jetzt mit gemeinsamer Stimme\" \/>\n<meta property=\"og:description\" content=\"Zuk\u00fcnftig werden VDN e. V. und NNL e. V. eng zusammenarbeiten - 140 Nationale Naturlandschaften sprechen mit gemeinsamer Stimme.\" \/>\n<meta property=\"og:url\" content=\"https:\/\/www.naturparkmagazin.de\/vdn\/nationale-naturlandschaften-sprechen-jetzt-mit-gemeinsamer-stimme\/\" \/>\n<meta property=\"og:site_name\" content=\"Verband Deutscher Naturparke\" \/>\n<meta property=\"article:published_time\" content=\"2021-12-31T14:44:02+00:00\" \/>\n<meta property=\"article:modified_time\" content=\"2022-01-17T09:43:53+00:00\" \/>\n<meta property=\"og:image\" content=\"https:\/\/www.naturparkmagazin.de\/vdn\/wp-content\/uploads\/sites\/3\/Unterschriften-Heuwinkel-S\u00fcdbeck-IMG_0876-Beitragsbild_Vorschaubild.jpg\" \/>\n\t<meta property=\"og:image:width\" content=\"288\" \/>\n\t<meta property=\"og:image:height\" content=\"266\" \/>\n\t<meta property=\"og:image:type\" content=\"image\/jpeg\" \/>\n<meta name=\"author\" content=\"beatrixlosem\" \/>\n<meta name=\"twitter:label1\" content=\"Verfasst von\" \/>\n\t<meta name=\"twitter:data1\" content=\"beatrixlosem\" \/>\n\t<meta name=\"twitter:label2\" content=\"Gesch\u00e4tzte Lesezeit\" \/>\n\t<meta name=\"twitter:data2\" content=\"2\u00a0Minuten\" \/>\n<script type=\"application\/ld+json\" class=\"yoast-schema-graph\">{\"@context\":\"https:\/\/schema.org\",\"@graph\":[{\"@type\":\"WebPage\",\"@id\":\"https:\/\/www.naturparkmagazin.de\/vdn\/nationale-naturlandschaften-sprechen-jetzt-mit-gemeinsamer-stimme\/\",\"url\":\"https:\/\/www.naturparkmagazin.de\/vdn\/nationale-naturlandschaften-sprechen-jetzt-mit-gemeinsamer-stimme\/\",\"name\":\"Nationale Naturlandschaften sprechen jetzt mit gemeinsamer Stimme\",\"isPartOf\":{\"@id\":\"https:\/\/www.naturparkmagazin.de\/vdn\/#website\"},\"datePublished\":\"2021-12-31T14:44:02+00:00\",\"dateModified\":\"2022-01-17T09:43:53+00:00\",\"author\":{\"@id\":\"https:\/\/www.naturparkmagazin.de\/vdn\/#\/schema\/person\/d71357578c318b6db03be60b1f60396b\"},\"description\":\"Zuk\u00fcnftig werden VDN e. V. und NNL e. V. eng zusammenarbeiten - 140 Nationale Naturlandschaften sprechen mit gemeinsamer Stimme.\",\"breadcrumb\":{\"@id\":\"https:\/\/www.naturparkmagazin.de\/vdn\/nationale-naturlandschaften-sprechen-jetzt-mit-gemeinsamer-stimme\/#breadcrumb\"},\"inLanguage\":\"de\",\"potentialAction\":[{\"@type\":\"ReadAction\",\"target\":[\"https:\/\/www.naturparkmagazin.de\/vdn\/nationale-naturlandschaften-sprechen-jetzt-mit-gemeinsamer-stimme\/\"]}]},{\"@type\":\"BreadcrumbList\",\"@id\":\"https:\/\/www.naturparkmagazin.de\/vdn\/nationale-naturlandschaften-sprechen-jetzt-mit-gemeinsamer-stimme\/#breadcrumb\",\"itemListElement\":[{\"@type\":\"ListItem\",\"position\":1,\"name\":\"Home\",\"item\":\"https:\/\/www.naturparkmagazin.de\/vdn\/\"},{\"@type\":\"ListItem\",\"position\":2,\"name\":\"Nationale Naturlandschaften sprechen jetzt mit gemeinsamer Stimme\"}]},{\"@type\":\"WebSite\",\"@id\":\"https:\/\/www.naturparkmagazin.de\/vdn\/#website\",\"url\":\"https:\/\/www.naturparkmagazin.de\/vdn\/\",\"name\":\"Verband Deutscher Naturparke\",\"description\":\"Eine weitere Naturparkmagazin.de Netzwerk Seite\",\"potentialAction\":[{\"@type\":\"SearchAction\",\"target\":{\"@type\":\"EntryPoint\",\"urlTemplate\":\"https:\/\/www.naturparkmagazin.de\/vdn\/?s={search_term_string}\"},\"query-input\":\"required name=search_term_string\"}],\"inLanguage\":\"de\"},{\"@type\":\"Person\",\"@id\":\"https:\/\/www.naturparkmagazin.de\/vdn\/#\/schema\/person\/d71357578c318b6db03be60b1f60396b\",\"name\":\"beatrixlosem\",\"url\":\"https:\/\/www.naturparkmagazin.de\/vdn\/author\/beatrixlosem\/\"}]}<\/script>\n<!-- \/ Yoast SEO plugin. -->","yoast_head_json":{"title":"Nationale Naturlandschaften sprechen jetzt mit gemeinsamer Stimme","description":"Zuk\u00fcnftig werden VDN e. V. und NNL e. V. eng zusammenarbeiten - 140 Nationale Naturlandschaften sprechen mit gemeinsamer Stimme.","robots":{"index":"index","follow":"follow","max-snippet":"max-snippet:-1","max-image-preview":"max-image-preview:large","max-video-preview":"max-video-preview:-1"},"canonical":"https:\/\/www.naturparkmagazin.de\/vdn\/nationale-naturlandschaften-sprechen-jetzt-mit-gemeinsamer-stimme\/","og_locale":"de_DE","og_type":"article","og_title":"Nationale Naturlandschaften sprechen jetzt mit gemeinsamer Stimme","og_description":"Zuk\u00fcnftig werden VDN e. V. und NNL e. V. eng zusammenarbeiten - 140 Nationale Naturlandschaften sprechen mit gemeinsamer Stimme.","og_url":"https:\/\/www.naturparkmagazin.de\/vdn\/nationale-naturlandschaften-sprechen-jetzt-mit-gemeinsamer-stimme\/","og_site_name":"Verband Deutscher Naturparke","article_published_time":"2021-12-31T14:44:02+00:00","article_modified_time":"2022-01-17T09:43:53+00:00","og_image":[{"width":288,"height":266,"url":"https:\/\/www.naturparkmagazin.de\/vdn\/wp-content\/uploads\/sites\/3\/Unterschriften-Heuwinkel-S\u00fcdbeck-IMG_0876-Beitragsbild_Vorschaubild.jpg","type":"image\/jpeg"}],"author":"beatrixlosem","twitter_misc":{"Verfasst von":"beatrixlosem","Gesch\u00e4tzte Lesezeit":"2\u00a0Minuten"},"schema":{"@context":"https:\/\/schema.org","@graph":[{"@type":"WebPage","@id":"https:\/\/www.naturparkmagazin.de\/vdn\/nationale-naturlandschaften-sprechen-jetzt-mit-gemeinsamer-stimme\/","url":"https:\/\/www.naturparkmagazin.de\/vdn\/nationale-naturlandschaften-sprechen-jetzt-mit-gemeinsamer-stimme\/","name":"Nationale Naturlandschaften sprechen jetzt mit gemeinsamer Stimme","isPartOf":{"@id":"https:\/\/www.naturparkmagazin.de\/vdn\/#website"},"datePublished":"2021-12-31T14:44:02+00:00","dateModified":"2022-01-17T09:43:53+00:00","author":{"@id":"https:\/\/www.naturparkmagazin.de\/vdn\/#\/schema\/person\/d71357578c318b6db03be60b1f60396b"},"description":"Zuk\u00fcnftig werden VDN e. V. und NNL e. V. eng zusammenarbeiten - 140 Nationale Naturlandschaften sprechen mit gemeinsamer Stimme.","breadcrumb":{"@id":"https:\/\/www.naturparkmagazin.de\/vdn\/nationale-naturlandschaften-sprechen-jetzt-mit-gemeinsamer-stimme\/#breadcrumb"},"inLanguage":"de","potentialAction":[{"@type":"ReadAction","target":["https:\/\/www.naturparkmagazin.de\/vdn\/nationale-naturlandschaften-sprechen-jetzt-mit-gemeinsamer-stimme\/"]}]},{"@type":"BreadcrumbList","@id":"https:\/\/www.naturparkmagazin.de\/vdn\/nationale-naturlandschaften-sprechen-jetzt-mit-gemeinsamer-stimme\/#breadcrumb","itemListElement":[{"@type":"ListItem","position":1,"name":"Home","item":"https:\/\/www.naturparkmagazin.de\/vdn\/"},{"@type":"ListItem","position":2,"name":"Nationale Naturlandschaften sprechen jetzt mit gemeinsamer Stimme"}]},{"@type":"WebSite","@id":"https:\/\/www.naturparkmagazin.de\/vdn\/#website","url":"https:\/\/www.naturparkmagazin.de\/vdn\/","name":"Verband Deutscher Naturparke","description":"Eine weitere Naturparkmagazin.de Netzwerk Seite","potentialAction":[{"@type":"SearchAction","target":{"@type":"EntryPoint","urlTemplate":"https:\/\/www.naturparkmagazin.de\/vdn\/?s={search_term_string}"},"query-input":"required name=search_term_string"}],"inLanguage":"de"},{"@type":"Person","@id":"https:\/\/www.naturparkmagazin.de\/vdn\/#\/schema\/person\/d71357578c318b6db03be60b1f60396b","name":"beatrixlosem","url":"https:\/\/www.naturparkmagazin.de\/vdn\/author\/beatrixlosem\/"}]}},"_links":{"self":[{"href":"https:\/\/www.naturparkmagazin.de\/vdn\/wp-json\/wp\/v2\/posts\/14262"}],"collection":[{"href":"https:\/\/www.naturparkmagazin.de\/vdn\/wp-json\/wp\/v2\/posts"}],"about":[{"href":"https:\/\/www.naturparkmagazin.de\/vdn\/wp-json\/wp\/v2\/types\/post"}],"author":[{"embeddable":true,"href":"https:\/\/www.naturparkmagazin.de\/vdn\/wp-json\/wp\/v2\/users\/51"}],"replies":[{"embeddable":true,"href":"https:\/\/www.naturparkmagazin.de\/vdn\/wp-json\/wp\/v2\/comments?post=14262"}],"version-history":[{"count":11,"href":"https:\/\/www.naturparkmagazin.de\/vdn\/wp-json\/wp\/v2\/posts\/14262\/revisions"}],"predecessor-version":[{"id":14334,"href":"https:\/\/www.naturparkmagazin.de\/vdn\/wp-json\/wp\/v2\/posts\/14262\/revisions\/14334"}],"wp:featuredmedia":[{"embeddable":true,"href":"https:\/\/www.naturparkmagazin.de\/vdn\/wp-json\/wp\/v2\/media\/14330"}],"wp:attachment":[{"href":"https:\/\/www.naturparkmagazin.de\/vdn\/wp-json\/wp\/v2\/media?parent=14262"}],"wp:term":[{"taxonomy":"category","embeddable":true,"href":"https:\/\/www.naturparkmagazin.de\/vdn\/wp-json\/wp\/v2\/categories?post=14262"},{"taxonomy":"post_tag","embeddable":true,"href":"https:\/\/www.naturparkmagazin.de\/vdn\/wp-json\/wp\/v2\/tags?post=14262"}],"curies":[{"name":"wp","href":"https:\/\/api.w.org\/{rel}","templated":true}]}}