{"id":14287,"date":"2021-12-31T14:26:26","date_gmt":"2021-12-31T13:26:26","guid":{"rendered":"https:\/\/www.naturparkmagazin.de\/vdn\/?p=14287"},"modified":"2022-01-17T10:44:34","modified_gmt":"2022-01-17T09:44:34","slug":"jahressieger-2021","status":"publish","type":"post","link":"https:\/\/www.naturparkmagazin.de\/vdn\/jahressieger-2021\/","title":{"rendered":"Jahressieger 2021"},"content":{"rendered":"<p>Liebe Leserin, lieber Leser,<\/p>\n<p>zum Jahresauftakt pr\u00e4sentieren wir Ihnen nicht nur ein, sondern gleich drei \u201eFotos des Monats\u201c.<\/p>\n<p>Es sind die Bilder des Fotowettbewerbs 2021, die die Jury am meisten beeindruckt haben.<\/p>\n<p>Vielleicht haben ja auch Sie ein Gewinnerbild auf der Festplatte? Dann nehmen Sie an unserem Fotowettbewerb \u201eAugenblick Natur!\u201c 2022 teil; alle Infos dazu finden Sie demn\u00e4chst auf www.naturparkfotos.de.<\/p>\n<p>Jahressieger 2021<\/p>\n<p>&nbsp;<\/p>\n<div id=\"attachment_14290\" style=\"width: 510px\" class=\"wp-caption aligncenter\"><a href=\"https:\/\/www.naturparkmagazin.de\/vdn\/wp-content\/uploads\/sites\/3\/futterneid_500x300-Px1.jpg\"><img aria-describedby=\"caption-attachment-14290\" decoding=\"async\" loading=\"lazy\" class=\"wp-image-14290 size-full\" src=\"https:\/\/www.naturparkmagazin.de\/vdn\/wp-content\/uploads\/sites\/3\/futterneid_500x300-Px1.jpg\" alt=\"&quot;Futterneid&quot; \u00a9 VDN-Fotoportal\/R. Teutsch\" width=\"500\" height=\"300\" srcset=\"https:\/\/www.naturparkmagazin.de\/vdn\/wp-content\/uploads\/sites\/3\/futterneid_500x300-Px1.jpg 500w, https:\/\/www.naturparkmagazin.de\/vdn\/wp-content\/uploads\/sites\/3\/futterneid_500x300-Px1-300x180.jpg 300w, https:\/\/www.naturparkmagazin.de\/vdn\/wp-content\/uploads\/sites\/3\/futterneid_500x300-Px1-200x120.jpg 200w\" sizes=\"(max-width: 500px) 100vw, 500px\" \/><\/a><p id=\"caption-attachment-14290\" class=\"wp-caption-text\">&#8222;Futterneid&#8220; \u00a9 VDN-Fotoportal\/R. Teutsch<\/p><\/div>\n<p>1. Platz\n\u201eFutterneid\u201c von Geo\nAuch das Jahr 2021 erwies sich nicht als ersehntes Ende einer Pandemie, die sich nun seit beinahe zwei Jahren in fast allen Bereichen des t\u00e4glichen Lebens auf irgendeine Art und Weise bemerkbar macht. F\u00fcr uns bot die Besch\u00e4ftigung mit den vielseitigen fotografischen Themenbeitr\u00e4gen immer einen Moment der Normalit\u00e4t, wof\u00fcr wir uns bei allen Teilnehmer*innen ganz herzlich bedanken.<\/p>\n<p>Unter den Gewinnerbildern der diesj\u00e4hrigen Monatswettbewerbe haben wir uns anl\u00e4sslich der Ermittlung des Jahressiegers f\u00fcr \u201eFutterneid\u201c von Geo entschieden. Die Verfolgungsjagd zweier Silberm\u00f6wen am Strand von Usedom illustrierte beeindruckend das damalige Monatsthema \u201eAction im Naturpark\u201c. Dar\u00fcber hinaus stellt der festgehaltene Moment des Flugverhaltens der V\u00f6gel eine echte Bewegungsstudie dar, in der alle motorischen F\u00e4higkeiten der Meisterflieger abgerufen werden. Neben dem Auf- und Abschwung der Fl\u00fcgel, der Bewegung und Anspannung aller mit Flugfedern ausgestatteter K\u00f6rperpartien, sollte man aber auch nicht \u00fcbersehen, dass die dargestellte \u201eMein-Fisch-Oder-Dein-Fisch\u201c-Kontroverse einen guten Schuss Humor enth\u00e4lt. Wir gratulieren herzlich zum verdienten Jahressieg!<\/p>\n<p>&nbsp;<\/p>\n<div id=\"attachment_14289\" style=\"width: 510px\" class=\"wp-caption aligncenter\"><a href=\"https:\/\/www.naturparkmagazin.de\/vdn\/wp-content\/uploads\/sites\/3\/fluss-im-winter_500x300Px1.jpg\"><img aria-describedby=\"caption-attachment-14289\" decoding=\"async\" loading=\"lazy\" class=\"size-full wp-image-14289\" src=\"https:\/\/www.naturparkmagazin.de\/vdn\/wp-content\/uploads\/sites\/3\/fluss-im-winter_500x300Px1.jpg\" alt=\"&quot;Winterimpression&quot; \u00a9 VDN-Fotoportal\/N. Schuck\" width=\"500\" height=\"300\" srcset=\"https:\/\/www.naturparkmagazin.de\/vdn\/wp-content\/uploads\/sites\/3\/fluss-im-winter_500x300Px1.jpg 500w, https:\/\/www.naturparkmagazin.de\/vdn\/wp-content\/uploads\/sites\/3\/fluss-im-winter_500x300Px1-300x180.jpg 300w, https:\/\/www.naturparkmagazin.de\/vdn\/wp-content\/uploads\/sites\/3\/fluss-im-winter_500x300Px1-200x120.jpg 200w\" sizes=\"(max-width: 500px) 100vw, 500px\" \/><\/a><p id=\"caption-attachment-14289\" class=\"wp-caption-text\">&#8222;Winterimpression&#8220; \u00a9 VDN-Fotoportal\/N. Schuck<\/p><\/div>\n<p>2. Platz\n&#8222;Winterimpressionen&#8220; von Norbert Schuck\nEs war f\u00fcr die Jury eine ausgesprochen schwierige Entscheidung, zwischen einer harmonischen Aufnahme und einem \u00e4u\u00dferst ungew\u00f6hnlichen Bild zu w\u00e4hlen. Wir haben dem Ungew\u00f6hnlichen den Vorzug gegeben. Der Fotograf bezeichnet seine Aufnahme als eine Impression, und ganz so, als wolle er dies zur Grundlage eines Wort-\/Bildspiels machen, greift er in seiner Aufnahme Aspekte des Impressionismus auf. So l\u00f6st sich der Bildautor von der &#8222;Wirklichkeit&#8220; seines Sujets und verl\u00e4sst die realistische Darstellung. \u00c4hnlich wie im Impressionismus wird die Darstellung des Lichts und der atmosph\u00e4rischen Bedingungen zu seiner fotografischen Hauptaufgabe. Zugleich gelingt es dem Fotografen, den Betrachter vor R\u00e4tsel zu stellen und nimmt somit Anleihen beim Surrealismus. Das Geb\u00e4ude am Ufer wirkt, als w\u00e4re es vor geraumer Zeit versunken. Die klare Darstellung des Ufers im Vordergrund ist gegens\u00e4tzlich zum diffusen Abbild der Lichtsituation im Hintergrund. Als zus\u00e4tzliche Bildebene mit g\u00e4nzlich anderer Bildwirkung steht der dunkel-schaurig-bedrohliche Himmel. Da diese Aufnahme in einem einzigen Bild auf so mannigfaltige Weise Assoziationsketten und Interpretationsm\u00f6glichkeiten zusammenf\u00fchrt, geb\u00fchrt ihr der 2. Platz in der Jahreswertung 2021.<\/p>\n<p>&nbsp;<\/p>\n<div id=\"attachment_14288\" style=\"width: 510px\" class=\"wp-caption aligncenter\"><a href=\"https:\/\/www.naturparkmagazin.de\/vdn\/wp-content\/uploads\/sites\/3\/dsc02453-edited-edited_500x750-Px1.jpg\"><img aria-describedby=\"caption-attachment-14288\" decoding=\"async\" loading=\"lazy\" class=\"size-full wp-image-14288\" src=\"https:\/\/www.naturparkmagazin.de\/vdn\/wp-content\/uploads\/sites\/3\/dsc02453-edited-edited_500x750-Px1.jpg\" alt=\"&quot;K\u00f6nig besucht K\u00f6nigin&quot; \u00a9 VDN-Fotoportal\/B. Meyersieck\" width=\"500\" height=\"750\" srcset=\"https:\/\/www.naturparkmagazin.de\/vdn\/wp-content\/uploads\/sites\/3\/dsc02453-edited-edited_500x750-Px1.jpg 500w, https:\/\/www.naturparkmagazin.de\/vdn\/wp-content\/uploads\/sites\/3\/dsc02453-edited-edited_500x750-Px1-300x450.jpg 300w, https:\/\/www.naturparkmagazin.de\/vdn\/wp-content\/uploads\/sites\/3\/dsc02453-edited-edited_500x750-Px1-200x300.jpg 200w\" sizes=\"(max-width: 500px) 100vw, 500px\" \/><\/a><p id=\"caption-attachment-14288\" class=\"wp-caption-text\">&#8222;K\u00f6nig besucht K\u00f6nigin&#8220; \u00a9 VDN-Fotoportal\/B. Meyersieck<\/p><\/div>\n<p>3. Platz\n\u201eK\u00f6nig besucht K\u00f6nigin\u201c von Heide 49\nIn gro\u00dfer Form- und Farbharmonie thematisiert die einzige Makrofotografie innerhalb der Top-Aufnahmen des Jahres die Symbiose von Flora und Fauna. Ein hohes technisches Niveau erlaubt es, feinste Details der Insekten- und Pflanzenarchitektur zu studieren und l\u00e4dt dazu ein, verbindende \u00e4sthetische Elemente auszumachen. Die Umgebung des ungleichen Duos wird lediglich als Andeutung in die Komposition einbezogen, schafft jedoch Abwechslung in einem Meer aus Gr\u00fcnwerten und gestattet eine grobe Einordnung des Habitats. Das im Wettbewerb eher selten gesehene Hochformat stellt f\u00fcr dieses K\u00f6nigspaar eine naheliegende Wahl dar \u2013 zieht es doch in beinahe immer gleichem Abstand einen Rahmen um die Protagonisten und sichert ihnen so die Aufmerksamkeit zu, die der drittbesten Aufnahme des Jahres 2021 angemessen ist.<\/p>\n<p>&nbsp;<\/p>\n<p>Pl\u00e4tze 4-10:<\/p>\n<p>4. &#8222;Streiflicht&#8220;, Autor: bikender<\/p>\n<p>5. &#8222;Keiner sieht mich&#8220;, Autor: U. Sobick<\/p>\n<p>6. &#8222;Stand-Up Paddling&#8220;, Autor: duodor<\/p>\n<p>7. &#8222;\u00d6rtze Hochwasser II&#8220;, Autor: Carlo<\/p>\n<p>8.&#8220;Bergkirchturm &#8222;, Autor: cindy<\/p>\n<p>9.&#8220;Auf der Hornisgrinde&#8220;, Autor: mikka1946<\/p>\n<p>10.&#8220;Gutes Storchenjahr&#8220;, Autor: Knut H\u00e4berle<\/p>\n<p>&nbsp;<\/p>\n<p>Wir bedanken uns bei allen Teilnehmer:innen und freuen uns auf einen neuen, spannenden Wettbewerb 2022!<\/p>\n<p>&nbsp;<\/p>\n<p>&nbsp;<\/p>\n","protected":false},"excerpt":{"rendered":"<p>Zum Jahresauftakt pr\u00e4sentieren wir Ihnen die Bilder des Fotowettbewerbs 2021, die die Jury am meisten beeindruckt haben.<\/p>\n","protected":false},"author":73,"featured_media":13625,"comment_status":"open","ping_status":"open","sticky":false,"template":"","format":"standard","meta":{"_links_to":"","_links_to_target":""},"categories":[10],"tags":[2178,2388,806,2761],"yoast_head":"<!-- This site is optimized with the Yoast SEO plugin v19.10 - https:\/\/yoast.com\/wordpress\/plugins\/seo\/ -->\n<title>Jahressieger 2021<\/title>\n<meta name=\"description\" content=\"Zum Jahresauftakt pr\u00e4sentieren wir Ihnen die Bilder des Fotowettbewerbs 2021, die die Jury am meisten beeindruckt haben.\" \/>\n<meta name=\"robots\" content=\"index, follow, max-snippet:-1, max-image-preview:large, max-video-preview:-1\" \/>\n<link rel=\"canonical\" href=\"https:\/\/www.naturparkmagazin.de\/vdn\/jahressieger-2021\/\" \/>\n<meta property=\"og:locale\" content=\"de_DE\" \/>\n<meta property=\"og:type\" content=\"article\" \/>\n<meta property=\"og:title\" content=\"Jahressieger 2021\" \/>\n<meta property=\"og:description\" content=\"Zum Jahresauftakt pr\u00e4sentieren wir Ihnen die Bilder des Fotowettbewerbs 2021, die die Jury am meisten beeindruckt haben.\" \/>\n<meta property=\"og:url\" content=\"https:\/\/www.naturparkmagazin.de\/vdn\/jahressieger-2021\/\" \/>\n<meta property=\"og:site_name\" content=\"Verband Deutscher Naturparke\" \/>\n<meta property=\"article:published_time\" content=\"2021-12-31T13:26:26+00:00\" \/>\n<meta property=\"article:modified_time\" content=\"2022-01-17T09:44:34+00:00\" \/>\n<meta property=\"og:image\" content=\"https:\/\/www.naturparkmagazin.de\/vdn\/wp-content\/uploads\/sites\/3\/futterneid_200x200-Px.jpg\" \/>\n\t<meta property=\"og:image:width\" content=\"200\" \/>\n\t<meta property=\"og:image:height\" content=\"200\" \/>\n\t<meta property=\"og:image:type\" content=\"image\/jpeg\" \/>\n<meta name=\"author\" content=\"manuelamerz\" \/>\n<meta name=\"twitter:label1\" content=\"Verfasst von\" \/>\n\t<meta name=\"twitter:data1\" content=\"manuelamerz\" \/>\n\t<meta name=\"twitter:label2\" content=\"Gesch\u00e4tzte Lesezeit\" \/>\n\t<meta name=\"twitter:data2\" content=\"3\u00a0Minuten\" \/>\n<script type=\"application\/ld+json\" class=\"yoast-schema-graph\">{\"@context\":\"https:\/\/schema.org\",\"@graph\":[{\"@type\":\"WebPage\",\"@id\":\"https:\/\/www.naturparkmagazin.de\/vdn\/jahressieger-2021\/\",\"url\":\"https:\/\/www.naturparkmagazin.de\/vdn\/jahressieger-2021\/\",\"name\":\"Jahressieger 2021\",\"isPartOf\":{\"@id\":\"https:\/\/www.naturparkmagazin.de\/vdn\/#website\"},\"datePublished\":\"2021-12-31T13:26:26+00:00\",\"dateModified\":\"2022-01-17T09:44:34+00:00\",\"author\":{\"@id\":\"https:\/\/www.naturparkmagazin.de\/vdn\/#\/schema\/person\/3cff9b8773ed55f0189255fa9adfd57c\"},\"description\":\"Zum Jahresauftakt pr\u00e4sentieren wir Ihnen die Bilder des Fotowettbewerbs 2021, die die Jury am meisten beeindruckt haben.\",\"breadcrumb\":{\"@id\":\"https:\/\/www.naturparkmagazin.de\/vdn\/jahressieger-2021\/#breadcrumb\"},\"inLanguage\":\"de\",\"potentialAction\":[{\"@type\":\"ReadAction\",\"target\":[\"https:\/\/www.naturparkmagazin.de\/vdn\/jahressieger-2021\/\"]}]},{\"@type\":\"BreadcrumbList\",\"@id\":\"https:\/\/www.naturparkmagazin.de\/vdn\/jahressieger-2021\/#breadcrumb\",\"itemListElement\":[{\"@type\":\"ListItem\",\"position\":1,\"name\":\"Home\",\"item\":\"https:\/\/www.naturparkmagazin.de\/vdn\/\"},{\"@type\":\"ListItem\",\"position\":2,\"name\":\"Jahressieger 2021\"}]},{\"@type\":\"WebSite\",\"@id\":\"https:\/\/www.naturparkmagazin.de\/vdn\/#website\",\"url\":\"https:\/\/www.naturparkmagazin.de\/vdn\/\",\"name\":\"Verband Deutscher Naturparke\",\"description\":\"Eine weitere Naturparkmagazin.de Netzwerk Seite\",\"potentialAction\":[{\"@type\":\"SearchAction\",\"target\":{\"@type\":\"EntryPoint\",\"urlTemplate\":\"https:\/\/www.naturparkmagazin.de\/vdn\/?s={search_term_string}\"},\"query-input\":\"required name=search_term_string\"}],\"inLanguage\":\"de\"},{\"@type\":\"Person\",\"@id\":\"https:\/\/www.naturparkmagazin.de\/vdn\/#\/schema\/person\/3cff9b8773ed55f0189255fa9adfd57c\",\"name\":\"manuelamerz\",\"url\":\"https:\/\/www.naturparkmagazin.de\/vdn\/author\/manuelamerz\/\"}]}<\/script>\n<!-- \/ Yoast SEO plugin. -->","yoast_head_json":{"title":"Jahressieger 2021","description":"Zum Jahresauftakt pr\u00e4sentieren wir Ihnen die Bilder des Fotowettbewerbs 2021, die die Jury am meisten beeindruckt haben.","robots":{"index":"index","follow":"follow","max-snippet":"max-snippet:-1","max-image-preview":"max-image-preview:large","max-video-preview":"max-video-preview:-1"},"canonical":"https:\/\/www.naturparkmagazin.de\/vdn\/jahressieger-2021\/","og_locale":"de_DE","og_type":"article","og_title":"Jahressieger 2021","og_description":"Zum Jahresauftakt pr\u00e4sentieren wir Ihnen die Bilder des Fotowettbewerbs 2021, die die Jury am meisten beeindruckt haben.","og_url":"https:\/\/www.naturparkmagazin.de\/vdn\/jahressieger-2021\/","og_site_name":"Verband Deutscher Naturparke","article_published_time":"2021-12-31T13:26:26+00:00","article_modified_time":"2022-01-17T09:44:34+00:00","og_image":[{"width":200,"height":200,"url":"https:\/\/www.naturparkmagazin.de\/vdn\/wp-content\/uploads\/sites\/3\/futterneid_200x200-Px.jpg","type":"image\/jpeg"}],"author":"manuelamerz","twitter_misc":{"Verfasst von":"manuelamerz","Gesch\u00e4tzte Lesezeit":"3\u00a0Minuten"},"schema":{"@context":"https:\/\/schema.org","@graph":[{"@type":"WebPage","@id":"https:\/\/www.naturparkmagazin.de\/vdn\/jahressieger-2021\/","url":"https:\/\/www.naturparkmagazin.de\/vdn\/jahressieger-2021\/","name":"Jahressieger 2021","isPartOf":{"@id":"https:\/\/www.naturparkmagazin.de\/vdn\/#website"},"datePublished":"2021-12-31T13:26:26+00:00","dateModified":"2022-01-17T09:44:34+00:00","author":{"@id":"https:\/\/www.naturparkmagazin.de\/vdn\/#\/schema\/person\/3cff9b8773ed55f0189255fa9adfd57c"},"description":"Zum Jahresauftakt pr\u00e4sentieren wir Ihnen die Bilder des Fotowettbewerbs 2021, die die Jury am meisten beeindruckt haben.","breadcrumb":{"@id":"https:\/\/www.naturparkmagazin.de\/vdn\/jahressieger-2021\/#breadcrumb"},"inLanguage":"de","potentialAction":[{"@type":"ReadAction","target":["https:\/\/www.naturparkmagazin.de\/vdn\/jahressieger-2021\/"]}]},{"@type":"BreadcrumbList","@id":"https:\/\/www.naturparkmagazin.de\/vdn\/jahressieger-2021\/#breadcrumb","itemListElement":[{"@type":"ListItem","position":1,"name":"Home","item":"https:\/\/www.naturparkmagazin.de\/vdn\/"},{"@type":"ListItem","position":2,"name":"Jahressieger 2021"}]},{"@type":"WebSite","@id":"https:\/\/www.naturparkmagazin.de\/vdn\/#website","url":"https:\/\/www.naturparkmagazin.de\/vdn\/","name":"Verband Deutscher Naturparke","description":"Eine weitere Naturparkmagazin.de Netzwerk Seite","potentialAction":[{"@type":"SearchAction","target":{"@type":"EntryPoint","urlTemplate":"https:\/\/www.naturparkmagazin.de\/vdn\/?s={search_term_string}"},"query-input":"required name=search_term_string"}],"inLanguage":"de"},{"@type":"Person","@id":"https:\/\/www.naturparkmagazin.de\/vdn\/#\/schema\/person\/3cff9b8773ed55f0189255fa9adfd57c","name":"manuelamerz","url":"https:\/\/www.naturparkmagazin.de\/vdn\/author\/manuelamerz\/"}]}},"_links":{"self":[{"href":"https:\/\/www.naturparkmagazin.de\/vdn\/wp-json\/wp\/v2\/posts\/14287"}],"collection":[{"href":"https:\/\/www.naturparkmagazin.de\/vdn\/wp-json\/wp\/v2\/posts"}],"about":[{"href":"https:\/\/www.naturparkmagazin.de\/vdn\/wp-json\/wp\/v2\/types\/post"}],"author":[{"embeddable":true,"href":"https:\/\/www.naturparkmagazin.de\/vdn\/wp-json\/wp\/v2\/users\/73"}],"replies":[{"embeddable":true,"href":"https:\/\/www.naturparkmagazin.de\/vdn\/wp-json\/wp\/v2\/comments?post=14287"}],"version-history":[{"count":4,"href":"https:\/\/www.naturparkmagazin.de\/vdn\/wp-json\/wp\/v2\/posts\/14287\/revisions"}],"predecessor-version":[{"id":14332,"href":"https:\/\/www.naturparkmagazin.de\/vdn\/wp-json\/wp\/v2\/posts\/14287\/revisions\/14332"}],"wp:featuredmedia":[{"embeddable":true,"href":"https:\/\/www.naturparkmagazin.de\/vdn\/wp-json\/wp\/v2\/media\/13625"}],"wp:attachment":[{"href":"https:\/\/www.naturparkmagazin.de\/vdn\/wp-json\/wp\/v2\/media?parent=14287"}],"wp:term":[{"taxonomy":"category","embeddable":true,"href":"https:\/\/www.naturparkmagazin.de\/vdn\/wp-json\/wp\/v2\/categories?post=14287"},{"taxonomy":"post_tag","embeddable":true,"href":"https:\/\/www.naturparkmagazin.de\/vdn\/wp-json\/wp\/v2\/tags?post=14287"}],"curies":[{"name":"wp","href":"https:\/\/api.w.org\/{rel}","templated":true}]}}