{"id":14295,"date":"2021-12-31T14:44:24","date_gmt":"2021-12-31T13:44:24","guid":{"rendered":"https:\/\/www.naturparkmagazin.de\/vdn\/?p=14295"},"modified":"2022-01-17T10:44:22","modified_gmt":"2022-01-17T09:44:22","slug":"leiter-des-wildparks-knuell-dr-wolfgang-froehlich-und-umweltpaedagogin-des-wildparks-sara-engelbrecht","status":"publish","type":"post","link":"https:\/\/www.naturparkmagazin.de\/vdn\/leiter-des-wildparks-knuell-dr-wolfgang-froehlich-und-umweltpaedagogin-des-wildparks-sara-engelbrecht\/","title":{"rendered":"Leiter des Wildparks Kn\u00fcll, Dr. Wolfgang Fr\u00f6hlich, und Umweltp\u00e4dagogin des Wildparks, Sara Engelbrecht"},"content":{"rendered":"<div id=\"attachment_14298\" style=\"width: 510px\" class=\"wp-caption aligncenter\"><a href=\"https:\/\/www.naturparkmagazin.de\/vdn\/wp-content\/uploads\/sites\/3\/Wolfgang-Fr\u00f6hlich-mit-Dachs_Wildpark-Kn\u00fcll_500Px.jpg\"><img aria-describedby=\"caption-attachment-14298\" decoding=\"async\" loading=\"lazy\" class=\"wp-image-14298 size-full\" src=\"https:\/\/www.naturparkmagazin.de\/vdn\/wp-content\/uploads\/sites\/3\/Wolfgang-Fr\u00f6hlich-mit-Dachs_Wildpark-Kn\u00fcll_500Px.jpg\" alt=\"Dr. Wolfgang Fr\u00f6hlich mit Dachs im Wildpark \u00a9 Naturpark Kn\u00fcll\" width=\"500\" height=\"332\" srcset=\"https:\/\/www.naturparkmagazin.de\/vdn\/wp-content\/uploads\/sites\/3\/Wolfgang-Fr\u00f6hlich-mit-Dachs_Wildpark-Kn\u00fcll_500Px.jpg 500w, https:\/\/www.naturparkmagazin.de\/vdn\/wp-content\/uploads\/sites\/3\/Wolfgang-Fr\u00f6hlich-mit-Dachs_Wildpark-Kn\u00fcll_500Px-300x199.jpg 300w, https:\/\/www.naturparkmagazin.de\/vdn\/wp-content\/uploads\/sites\/3\/Wolfgang-Fr\u00f6hlich-mit-Dachs_Wildpark-Kn\u00fcll_500Px-200x133.jpg 200w\" sizes=\"(max-width: 500px) 100vw, 500px\" \/><\/a><p id=\"caption-attachment-14298\" class=\"wp-caption-text\">Dr. Wolfgang Fr\u00f6hlich mit Dachs im Wildpark \u00a9 Naturpark Kn\u00fcll<\/p><\/div>\n<p>Der Leiter des Naturzentrums Wildpark Kn\u00fcll, Dr. Wolfgang Fr\u00f6hlich, ist in der Region Schwalm-Kn\u00fcll aufgewachsen. Sein fr\u00fches Interesse an Pflanzen und Tieren f\u00fchrte zum Studium der Biologie an der Philipps-Universit\u00e4t Marburg mit Schwerpunkt Tiergeographie. W\u00e4hrend des Studiums trat er der Hessischen Gesellschaft f\u00fcr Ornithologie und Naturschutz bei. \u00dcber 10 Jahre hat er den Arbeitskreis Schwalm-Eder geleitet und hessenweit Artenschutzprojekte des Verbandes betreut.<\/p>\n<p>Seit 1998 ist Dr. Wolfgang Fr\u00f6hlich im Naturzentrum Wildpark Kn\u00fcll t\u00e4tig. Hier baute er zun\u00e4chst den Bereich Umweltbildung und das Naturentdeckerhaus auf. 2002 wurde er offiziell zum Leiter des Wildparks ernannt. In seiner Arbeit sind ihm besonders die Aspekte artgerechte Tierhaltung, Erhaltung von bedrohten Tierarten und Umweltbildung wichtig.<\/p>\n<p>&nbsp;<\/p>\n<div id=\"attachment_14299\" style=\"width: 510px\" class=\"wp-caption aligncenter\"><a href=\"https:\/\/www.naturparkmagazin.de\/vdn\/wp-content\/uploads\/sites\/3\/Wolfgang-Fr\u00f6hlich-mit-Gruppe_Katrin-Anders_500Px.jpg\"><img aria-describedby=\"caption-attachment-14299\" decoding=\"async\" loading=\"lazy\" class=\"wp-image-14299 size-full\" src=\"https:\/\/www.naturparkmagazin.de\/vdn\/wp-content\/uploads\/sites\/3\/Wolfgang-Fr\u00f6hlich-mit-Gruppe_Katrin-Anders_500Px.jpg\" alt=\"Wolfgang Fr\u00f6hlich mit Gruppe im Naturpark Kn\u00fcll \u00a9 Katrin Anders\" width=\"500\" height=\"319\" srcset=\"https:\/\/www.naturparkmagazin.de\/vdn\/wp-content\/uploads\/sites\/3\/Wolfgang-Fr\u00f6hlich-mit-Gruppe_Katrin-Anders_500Px.jpg 500w, https:\/\/www.naturparkmagazin.de\/vdn\/wp-content\/uploads\/sites\/3\/Wolfgang-Fr\u00f6hlich-mit-Gruppe_Katrin-Anders_500Px-300x191.jpg 300w, https:\/\/www.naturparkmagazin.de\/vdn\/wp-content\/uploads\/sites\/3\/Wolfgang-Fr\u00f6hlich-mit-Gruppe_Katrin-Anders_500Px-200x128.jpg 200w\" sizes=\"(max-width: 500px) 100vw, 500px\" \/><\/a><p id=\"caption-attachment-14299\" class=\"wp-caption-text\">Wolfgang Fr\u00f6hlich mit Gruppe im Naturpark Kn\u00fcll \u00a9 Katrin Anders<\/p><\/div>\n<p>Dar\u00fcber hinaus liegen seine Schwerpunkte auf der Natur und dem Naturschutz in der Region. Seit \u00fcber 25 Jahren ist er im Vorstand des \u201eVereins f\u00fcr Regionalentwicklung im Kn\u00fcllgebiet e.V.\u201c \u00a0t\u00e4tig und zurzeit einer der beiden stellvertretenden Vorsitzenden. Hier hat er die Weiterentwicklung des Gebietes mitbegleitet und ist in den Aufbau des Naturparks Kn\u00fcll eingebunden.<\/p>\n<p>Sara Engelbrecht ist in der Schwalm aufgewachsen und unternahm schon in der Kindheit viele Ausfl\u00fcge in den Kn\u00fcll.<\/p>\n<p>Ihr Studium und ihr Beruf f\u00fchrten sie zun\u00e4chst in andere Regionen Deutschlands: Das Biologie-Studium nach Braunschweig und G\u00f6ttingen, das Studium der Umweltbildung nach Rostock. Als Umweltp\u00e4dagogin war sie im bayrischen Voralpenland und in der Soester B\u00f6rde aktiv. Seit ihrer R\u00fcckkehr vor \u00fcber 20 Jahren ist sie als Umweltp\u00e4dagogin in der Region t\u00e4tig. Sie ist die Umweltp\u00e4dagogin des Naturzentrums Wildpark Kn\u00fcll. Dort organisiert sie den Bereich der Besucherbetreuung, entwickelt neue Bildungsangebote und Schwerpunktthemen, f\u00fchrt das Naturentdeckerteam und vertritt den Wildparkleiter. Ihre Highlights sind die Touren mit den Schulklassen, Kindergeburtstags-Gruppen oder Erwachsenen. Spezielle F\u00fchrungen f\u00fcr jagdlich Interessierte oder zu umweltpolitischen Themen sorgen f\u00fcr fachlichen Anspruch und Abwechslung.<\/p>\n<p>&nbsp;<\/p>\n<div id=\"attachment_14296\" style=\"width: 510px\" class=\"wp-caption aligncenter\"><a href=\"https:\/\/www.naturparkmagazin.de\/vdn\/wp-content\/uploads\/sites\/3\/Sara-Engelbrecht_Manfred-Delpho_500Px.jpg\"><img aria-describedby=\"caption-attachment-14296\" decoding=\"async\" loading=\"lazy\" class=\"wp-image-14296 size-full\" src=\"https:\/\/www.naturparkmagazin.de\/vdn\/wp-content\/uploads\/sites\/3\/Sara-Engelbrecht_Manfred-Delpho_500Px.jpg\" alt=\"Sarah Engelbrecht mit Gruppe im Wildpark \u00a9 Manfred Delpho\" width=\"500\" height=\"350\" srcset=\"https:\/\/www.naturparkmagazin.de\/vdn\/wp-content\/uploads\/sites\/3\/Sara-Engelbrecht_Manfred-Delpho_500Px.jpg 500w, https:\/\/www.naturparkmagazin.de\/vdn\/wp-content\/uploads\/sites\/3\/Sara-Engelbrecht_Manfred-Delpho_500Px-300x210.jpg 300w, https:\/\/www.naturparkmagazin.de\/vdn\/wp-content\/uploads\/sites\/3\/Sara-Engelbrecht_Manfred-Delpho_500Px-200x140.jpg 200w\" sizes=\"(max-width: 500px) 100vw, 500px\" \/><\/a><p id=\"caption-attachment-14296\" class=\"wp-caption-text\">Sarah Engelbrecht mit Gruppe im Wildpark \u00a9 Manfred Delpho<\/p><\/div>\n<p>Au\u00dferhalb des Wildparks engagiert sie sich bei den Naturschutzverb\u00e4nden NABU und BUND, ist in ihrer Kirchengemeinde aktiv und seit kurzem zertifizierte Natur- und Landschaftsf\u00fchrerin f\u00fcr den Naturpark Kn\u00fcll.<\/p>\n<p>Im Kn\u00fcll reizt sie die landschaftliche Vielfalt: Schmale Bacht\u00e4ler, ausgedehnte W\u00e4lder und abwechslungsreiche Felder und Wiesen. Was sie an den Menschen sch\u00e4tzt, ist die pragmatische Bodenst\u00e4ndigkeit, mit der man sich im Kn\u00fcll auf Neues einstellt, ohne dabei seine eigenen Wurzeln zu vergessen.<\/p>\n<p>Der Wildpark Kn\u00fcll ist ein wichtiger Partner des Naturparks. Gemeinsam wird derzeit die Beteiligung am Projekt \u201eNaturpark-Kitas\u201c vorbereitet. Weiterhin stellt der Wildpark jedes Jahr Wildpferde zur Pflege des Naturschutzgebietes \u201eWaltersberg bei Rengshausen\u201c, einem alten Hutewald, zur Verf\u00fcgung. Hier \u00fcbernehmen die \u201eTarpane\u201c des Parks die Pflege dieses bedeutsamen Gebiets.<\/p>\n<p>Informationen \u00fcber das Naturzentrum Wildpark Kn\u00fcll erh\u00e4lt man unter <a href=\"http:\/\/www.wildpark-knuell.de\">www.wildpark-knuell.de<\/a><\/p>\n<p>&nbsp;<\/p>\n","protected":false},"excerpt":{"rendered":"<p>Der Wildpark Kn\u00fcll ist ein wichtiger Partner des Naturparks und stellt u. a. jedes Jahr Wildpferde zur Pflege des Naturschutzgebietes \u201eWaltersberg bei Rengshausen\u201c zur Verf\u00fcgung. Auch in Sachen Umweltbildung kooperieren Naturpark und Wildpark eng.<\/p>\n","protected":false},"author":73,"featured_media":14297,"comment_status":"open","ping_status":"open","sticky":false,"template":"","format":"standard","meta":{"_links_to":"","_links_to_target":""},"categories":[8],"tags":[2764,2762,2765,1626,2763],"yoast_head":"<!-- This site is optimized with the Yoast SEO plugin v19.10 - https:\/\/yoast.com\/wordpress\/plugins\/seo\/ -->\n<title>Leiter des Wildparks Kn\u00fcll, Dr. Wolfgang Fr\u00f6hlich, und Umweltp\u00e4dagogin des Wildparks, Sara Engelbrecht<\/title>\n<meta name=\"description\" content=\"Der Wildpark Kn\u00fcll ist ein wichtiger Partner des Naturparks und stellt u. a. jedes Jahr Wildpferde zur Pflege des Naturschutzgebietes \u201eWaltersberg bei Rengshausen\u201c zur Verf\u00fcgung. Auch in Sachen Umweltbildung kooperieren Naturpark und Wildpark eng.\" \/>\n<meta name=\"robots\" content=\"index, follow, max-snippet:-1, max-image-preview:large, max-video-preview:-1\" \/>\n<link rel=\"canonical\" href=\"https:\/\/www.naturparkmagazin.de\/vdn\/leiter-des-wildparks-knuell-dr-wolfgang-froehlich-und-umweltpaedagogin-des-wildparks-sara-engelbrecht\/\" \/>\n<meta property=\"og:locale\" content=\"de_DE\" \/>\n<meta property=\"og:type\" content=\"article\" \/>\n<meta property=\"og:title\" content=\"Leiter des Wildparks Kn\u00fcll, Dr. Wolfgang Fr\u00f6hlich, und Umweltp\u00e4dagogin des Wildparks, Sara Engelbrecht\" \/>\n<meta property=\"og:description\" content=\"Der Wildpark Kn\u00fcll ist ein wichtiger Partner des Naturparks und stellt u. a. jedes Jahr Wildpferde zur Pflege des Naturschutzgebietes \u201eWaltersberg bei Rengshausen\u201c zur Verf\u00fcgung. Auch in Sachen Umweltbildung kooperieren Naturpark und Wildpark eng.\" \/>\n<meta property=\"og:url\" content=\"https:\/\/www.naturparkmagazin.de\/vdn\/leiter-des-wildparks-knuell-dr-wolfgang-froehlich-und-umweltpaedagogin-des-wildparks-sara-engelbrecht\/\" \/>\n<meta property=\"og:site_name\" content=\"Verband Deutscher Naturparke\" \/>\n<meta property=\"article:published_time\" content=\"2021-12-31T13:44:24+00:00\" \/>\n<meta property=\"article:modified_time\" content=\"2022-01-17T09:44:22+00:00\" \/>\n<meta property=\"og:image\" content=\"https:\/\/www.naturparkmagazin.de\/vdn\/wp-content\/uploads\/sites\/3\/Wolfgang-Fr\u00f6hlich-mit-Dachs_Wildpark-Kn\u00fcll_200Px.jpg\" \/>\n\t<meta property=\"og:image:width\" content=\"200\" \/>\n\t<meta property=\"og:image:height\" content=\"200\" \/>\n\t<meta property=\"og:image:type\" content=\"image\/jpeg\" \/>\n<meta name=\"author\" content=\"manuelamerz\" \/>\n<meta name=\"twitter:label1\" content=\"Verfasst von\" \/>\n\t<meta name=\"twitter:data1\" content=\"manuelamerz\" \/>\n\t<meta name=\"twitter:label2\" content=\"Gesch\u00e4tzte Lesezeit\" \/>\n\t<meta name=\"twitter:data2\" content=\"3\u00a0Minuten\" \/>\n<script type=\"application\/ld+json\" class=\"yoast-schema-graph\">{\"@context\":\"https:\/\/schema.org\",\"@graph\":[{\"@type\":\"WebPage\",\"@id\":\"https:\/\/www.naturparkmagazin.de\/vdn\/leiter-des-wildparks-knuell-dr-wolfgang-froehlich-und-umweltpaedagogin-des-wildparks-sara-engelbrecht\/\",\"url\":\"https:\/\/www.naturparkmagazin.de\/vdn\/leiter-des-wildparks-knuell-dr-wolfgang-froehlich-und-umweltpaedagogin-des-wildparks-sara-engelbrecht\/\",\"name\":\"Leiter des Wildparks Kn\u00fcll, Dr. Wolfgang Fr\u00f6hlich, und Umweltp\u00e4dagogin des Wildparks, Sara Engelbrecht\",\"isPartOf\":{\"@id\":\"https:\/\/www.naturparkmagazin.de\/vdn\/#website\"},\"datePublished\":\"2021-12-31T13:44:24+00:00\",\"dateModified\":\"2022-01-17T09:44:22+00:00\",\"author\":{\"@id\":\"https:\/\/www.naturparkmagazin.de\/vdn\/#\/schema\/person\/3cff9b8773ed55f0189255fa9adfd57c\"},\"description\":\"Der Wildpark Kn\u00fcll ist ein wichtiger Partner des Naturparks und stellt u. a. jedes Jahr Wildpferde zur Pflege des Naturschutzgebietes \u201eWaltersberg bei Rengshausen\u201c zur Verf\u00fcgung. Auch in Sachen Umweltbildung kooperieren Naturpark und Wildpark eng.\",\"breadcrumb\":{\"@id\":\"https:\/\/www.naturparkmagazin.de\/vdn\/leiter-des-wildparks-knuell-dr-wolfgang-froehlich-und-umweltpaedagogin-des-wildparks-sara-engelbrecht\/#breadcrumb\"},\"inLanguage\":\"de\",\"potentialAction\":[{\"@type\":\"ReadAction\",\"target\":[\"https:\/\/www.naturparkmagazin.de\/vdn\/leiter-des-wildparks-knuell-dr-wolfgang-froehlich-und-umweltpaedagogin-des-wildparks-sara-engelbrecht\/\"]}]},{\"@type\":\"BreadcrumbList\",\"@id\":\"https:\/\/www.naturparkmagazin.de\/vdn\/leiter-des-wildparks-knuell-dr-wolfgang-froehlich-und-umweltpaedagogin-des-wildparks-sara-engelbrecht\/#breadcrumb\",\"itemListElement\":[{\"@type\":\"ListItem\",\"position\":1,\"name\":\"Home\",\"item\":\"https:\/\/www.naturparkmagazin.de\/vdn\/\"},{\"@type\":\"ListItem\",\"position\":2,\"name\":\"Leiter des Wildparks Kn\u00fcll, Dr. Wolfgang Fr\u00f6hlich, und Umweltp\u00e4dagogin des Wildparks, Sara Engelbrecht\"}]},{\"@type\":\"WebSite\",\"@id\":\"https:\/\/www.naturparkmagazin.de\/vdn\/#website\",\"url\":\"https:\/\/www.naturparkmagazin.de\/vdn\/\",\"name\":\"Verband Deutscher Naturparke\",\"description\":\"Eine weitere Naturparkmagazin.de Netzwerk Seite\",\"potentialAction\":[{\"@type\":\"SearchAction\",\"target\":{\"@type\":\"EntryPoint\",\"urlTemplate\":\"https:\/\/www.naturparkmagazin.de\/vdn\/?s={search_term_string}\"},\"query-input\":\"required name=search_term_string\"}],\"inLanguage\":\"de\"},{\"@type\":\"Person\",\"@id\":\"https:\/\/www.naturparkmagazin.de\/vdn\/#\/schema\/person\/3cff9b8773ed55f0189255fa9adfd57c\",\"name\":\"manuelamerz\",\"url\":\"https:\/\/www.naturparkmagazin.de\/vdn\/author\/manuelamerz\/\"}]}<\/script>\n<!-- \/ Yoast SEO plugin. -->","yoast_head_json":{"title":"Leiter des Wildparks Kn\u00fcll, Dr. Wolfgang Fr\u00f6hlich, und Umweltp\u00e4dagogin des Wildparks, Sara Engelbrecht","description":"Der Wildpark Kn\u00fcll ist ein wichtiger Partner des Naturparks und stellt u. a. jedes Jahr Wildpferde zur Pflege des Naturschutzgebietes \u201eWaltersberg bei Rengshausen\u201c zur Verf\u00fcgung. Auch in Sachen Umweltbildung kooperieren Naturpark und Wildpark eng.","robots":{"index":"index","follow":"follow","max-snippet":"max-snippet:-1","max-image-preview":"max-image-preview:large","max-video-preview":"max-video-preview:-1"},"canonical":"https:\/\/www.naturparkmagazin.de\/vdn\/leiter-des-wildparks-knuell-dr-wolfgang-froehlich-und-umweltpaedagogin-des-wildparks-sara-engelbrecht\/","og_locale":"de_DE","og_type":"article","og_title":"Leiter des Wildparks Kn\u00fcll, Dr. Wolfgang Fr\u00f6hlich, und Umweltp\u00e4dagogin des Wildparks, Sara Engelbrecht","og_description":"Der Wildpark Kn\u00fcll ist ein wichtiger Partner des Naturparks und stellt u. a. jedes Jahr Wildpferde zur Pflege des Naturschutzgebietes \u201eWaltersberg bei Rengshausen\u201c zur Verf\u00fcgung. Auch in Sachen Umweltbildung kooperieren Naturpark und Wildpark eng.","og_url":"https:\/\/www.naturparkmagazin.de\/vdn\/leiter-des-wildparks-knuell-dr-wolfgang-froehlich-und-umweltpaedagogin-des-wildparks-sara-engelbrecht\/","og_site_name":"Verband Deutscher Naturparke","article_published_time":"2021-12-31T13:44:24+00:00","article_modified_time":"2022-01-17T09:44:22+00:00","og_image":[{"width":200,"height":200,"url":"https:\/\/www.naturparkmagazin.de\/vdn\/wp-content\/uploads\/sites\/3\/Wolfgang-Fr\u00f6hlich-mit-Dachs_Wildpark-Kn\u00fcll_200Px.jpg","type":"image\/jpeg"}],"author":"manuelamerz","twitter_misc":{"Verfasst von":"manuelamerz","Gesch\u00e4tzte Lesezeit":"3\u00a0Minuten"},"schema":{"@context":"https:\/\/schema.org","@graph":[{"@type":"WebPage","@id":"https:\/\/www.naturparkmagazin.de\/vdn\/leiter-des-wildparks-knuell-dr-wolfgang-froehlich-und-umweltpaedagogin-des-wildparks-sara-engelbrecht\/","url":"https:\/\/www.naturparkmagazin.de\/vdn\/leiter-des-wildparks-knuell-dr-wolfgang-froehlich-und-umweltpaedagogin-des-wildparks-sara-engelbrecht\/","name":"Leiter des Wildparks Kn\u00fcll, Dr. Wolfgang Fr\u00f6hlich, und Umweltp\u00e4dagogin des Wildparks, Sara Engelbrecht","isPartOf":{"@id":"https:\/\/www.naturparkmagazin.de\/vdn\/#website"},"datePublished":"2021-12-31T13:44:24+00:00","dateModified":"2022-01-17T09:44:22+00:00","author":{"@id":"https:\/\/www.naturparkmagazin.de\/vdn\/#\/schema\/person\/3cff9b8773ed55f0189255fa9adfd57c"},"description":"Der Wildpark Kn\u00fcll ist ein wichtiger Partner des Naturparks und stellt u. a. jedes Jahr Wildpferde zur Pflege des Naturschutzgebietes \u201eWaltersberg bei Rengshausen\u201c zur Verf\u00fcgung. Auch in Sachen Umweltbildung kooperieren Naturpark und Wildpark eng.","breadcrumb":{"@id":"https:\/\/www.naturparkmagazin.de\/vdn\/leiter-des-wildparks-knuell-dr-wolfgang-froehlich-und-umweltpaedagogin-des-wildparks-sara-engelbrecht\/#breadcrumb"},"inLanguage":"de","potentialAction":[{"@type":"ReadAction","target":["https:\/\/www.naturparkmagazin.de\/vdn\/leiter-des-wildparks-knuell-dr-wolfgang-froehlich-und-umweltpaedagogin-des-wildparks-sara-engelbrecht\/"]}]},{"@type":"BreadcrumbList","@id":"https:\/\/www.naturparkmagazin.de\/vdn\/leiter-des-wildparks-knuell-dr-wolfgang-froehlich-und-umweltpaedagogin-des-wildparks-sara-engelbrecht\/#breadcrumb","itemListElement":[{"@type":"ListItem","position":1,"name":"Home","item":"https:\/\/www.naturparkmagazin.de\/vdn\/"},{"@type":"ListItem","position":2,"name":"Leiter des Wildparks Kn\u00fcll, Dr. Wolfgang Fr\u00f6hlich, und Umweltp\u00e4dagogin des Wildparks, Sara Engelbrecht"}]},{"@type":"WebSite","@id":"https:\/\/www.naturparkmagazin.de\/vdn\/#website","url":"https:\/\/www.naturparkmagazin.de\/vdn\/","name":"Verband Deutscher Naturparke","description":"Eine weitere Naturparkmagazin.de Netzwerk Seite","potentialAction":[{"@type":"SearchAction","target":{"@type":"EntryPoint","urlTemplate":"https:\/\/www.naturparkmagazin.de\/vdn\/?s={search_term_string}"},"query-input":"required name=search_term_string"}],"inLanguage":"de"},{"@type":"Person","@id":"https:\/\/www.naturparkmagazin.de\/vdn\/#\/schema\/person\/3cff9b8773ed55f0189255fa9adfd57c","name":"manuelamerz","url":"https:\/\/www.naturparkmagazin.de\/vdn\/author\/manuelamerz\/"}]}},"_links":{"self":[{"href":"https:\/\/www.naturparkmagazin.de\/vdn\/wp-json\/wp\/v2\/posts\/14295"}],"collection":[{"href":"https:\/\/www.naturparkmagazin.de\/vdn\/wp-json\/wp\/v2\/posts"}],"about":[{"href":"https:\/\/www.naturparkmagazin.de\/vdn\/wp-json\/wp\/v2\/types\/post"}],"author":[{"embeddable":true,"href":"https:\/\/www.naturparkmagazin.de\/vdn\/wp-json\/wp\/v2\/users\/73"}],"replies":[{"embeddable":true,"href":"https:\/\/www.naturparkmagazin.de\/vdn\/wp-json\/wp\/v2\/comments?post=14295"}],"version-history":[{"count":5,"href":"https:\/\/www.naturparkmagazin.de\/vdn\/wp-json\/wp\/v2\/posts\/14295\/revisions"}],"predecessor-version":[{"id":14336,"href":"https:\/\/www.naturparkmagazin.de\/vdn\/wp-json\/wp\/v2\/posts\/14295\/revisions\/14336"}],"wp:featuredmedia":[{"embeddable":true,"href":"https:\/\/www.naturparkmagazin.de\/vdn\/wp-json\/wp\/v2\/media\/14297"}],"wp:attachment":[{"href":"https:\/\/www.naturparkmagazin.de\/vdn\/wp-json\/wp\/v2\/media?parent=14295"}],"wp:term":[{"taxonomy":"category","embeddable":true,"href":"https:\/\/www.naturparkmagazin.de\/vdn\/wp-json\/wp\/v2\/categories?post=14295"},{"taxonomy":"post_tag","embeddable":true,"href":"https:\/\/www.naturparkmagazin.de\/vdn\/wp-json\/wp\/v2\/tags?post=14295"}],"curies":[{"name":"wp","href":"https:\/\/api.w.org\/{rel}","templated":true}]}}