{"id":14302,"date":"2021-12-31T14:52:55","date_gmt":"2021-12-31T13:52:55","guid":{"rendered":"https:\/\/www.naturparkmagazin.de\/vdn\/?p=14302"},"modified":"2022-01-17T10:44:13","modified_gmt":"2022-01-17T09:44:13","slug":"gemuese-nussbraten-aus-dem-knuell","status":"publish","type":"post","link":"https:\/\/www.naturparkmagazin.de\/vdn\/gemuese-nussbraten-aus-dem-knuell\/","title":{"rendered":"Gem\u00fcse-Nussbraten aus dem Kn\u00fcll"},"content":{"rendered":"<div id=\"attachment_14304\" style=\"width: 510px\" class=\"wp-caption aligncenter\"><a href=\"https:\/\/www.naturparkmagazin.de\/vdn\/wp-content\/uploads\/sites\/3\/karsten_hess_kueche_500Px.jpg\"><img aria-describedby=\"caption-attachment-14304\" decoding=\"async\" loading=\"lazy\" class=\"wp-image-14304 size-full\" src=\"https:\/\/www.naturparkmagazin.de\/vdn\/wp-content\/uploads\/sites\/3\/karsten_hess_kueche_500Px.jpg\" alt=\"Karsten Hess in seinem Reich \u00a9 Karsten Hess\" width=\"500\" height=\"281\" srcset=\"https:\/\/www.naturparkmagazin.de\/vdn\/wp-content\/uploads\/sites\/3\/karsten_hess_kueche_500Px.jpg 500w, https:\/\/www.naturparkmagazin.de\/vdn\/wp-content\/uploads\/sites\/3\/karsten_hess_kueche_500Px-300x169.jpg 300w, https:\/\/www.naturparkmagazin.de\/vdn\/wp-content\/uploads\/sites\/3\/karsten_hess_kueche_500Px-200x112.jpg 200w\" sizes=\"(max-width: 500px) 100vw, 500px\" \/><\/a><p id=\"caption-attachment-14304\" class=\"wp-caption-text\">Karsten Hess in seinem Reich \u00a9 Karsten Hess<\/p><\/div>\n<p>Hotelier und Koch Karsten Hess ist im Kn\u00fcll aufgewachsen. Er versteht es, die Region kulinarisch in Wert zu setzen. Und so steht auch mal Brennesselsuppe, Rehsteaks in Mandeln gebraten oder Holunderbl\u00fctensorbet auf seiner Speisekarte. Seine G\u00e4ste sch\u00e4tzen besonders seine Wild- und Lammgerichte. Das Fleisch daf\u00fcr bezieht der Koch von J\u00e4gern und Sch\u00e4fern aus der Region. Gerade hat er sich als einer der ersten zum ehrenamtlichen Naturparkf\u00fchrer ausbilden lassen. \u201eDas Interesse an unserer sch\u00f6nen Mittelgebirgslandschaft steigt, und da vor allem unsere Tagungsg\u00e4ste nach Feierabend noch auf der Suche nach ein wenig Abwechslung zu Tagungsraum und -thema sind, bietet es sich an, ihnen den Naturpark auf unterhaltsame und kurzweilige Art n\u00e4herzubringen\u201c, berichtet Karsten Hess. \u201eIch liebe meine Heimat, insbesondere den Buchenwald, und es macht mir gro\u00dfe Freude mit meinen G\u00e4sten drau\u00dfen unterwegs zu sein und Ihnen die Besonderheiten des Kn\u00fclls zu zeigen.\u201c<\/p>\n<p><strong>Gem\u00fcse-Nussbraten aus dem Kn\u00fcll<\/strong><\/p>\n<p>Rezept f\u00fcr eine kleine Kastenform, gef\u00fcllt mit Gem\u00fcse-Nussbratenteig<\/p>\n<p>400g gesch\u00e4lte Kartoffeln<\/p>\n<p>200g gesch\u00e4lte Karotten<\/p>\n<p>1 kleine Zwiebel<\/p>\n<p>4 Scheiben Vollkorntoast oder Roggenbrot ohne Kruste<\/p>\n<p>1 Zehe Knoblauch<\/p>\n<p>200g Haseln\u00fcsse, gehackt und ger\u00f6stet<\/p>\n<p>150g geriebener Emmentaler<\/p>\n<p>3 Eier<\/p>\n<p>Salz, Pfeffer, 1 Teel\u00f6ffel Senf, 1 Teel\u00f6ffel Majoran, etwas Muskat und eventuell etwas Koriander<\/p>\n<p>Kartoffeln und Karotten grob reiben, Zwiebel in kleine W\u00fcrfel schneiden, Brot in kleine W\u00fcrfel schneiden, Knoblauch klein hacken, mit den restlichen Zutaten vermengen und in eine gebutterte oder mit Backpapier ausgelegte kleine Kastenform geben.<\/p>\n<p>Im vorgeheizten Backofen bei 160 Grad Umluft ca 60-70 Minuten backen. Den Braten hei\u00df portionieren oder kalt in Scheiben schneiden und in Butter anbraten. Dazu passt eine Tomaten- oder Kr\u00e4uterso\u00dfe, als Beilage einen bunten Salat oder im Winter einen Feldsalat mit Schmandso\u00dfe.<\/p>\n<p>Wir w\u00fcnschen &#8222;Guten Appetit&#8220;!<\/p>\n<p>&nbsp;<\/p>\n","protected":false},"excerpt":{"rendered":"<p>Hotelier und Koch Karsten Hess versteht es, die Region kulinarisch in Wert zu setzen. Zum Beispiel mit einem leckeren Gem\u00fcse-Nussbraten.<\/p>\n","protected":false},"author":73,"featured_media":14303,"comment_status":"open","ping_status":"open","sticky":false,"template":"","format":"standard","meta":{"_links_to":"","_links_to_target":""},"categories":[14],"tags":[2762,582,2766],"yoast_head":"<!-- This site is optimized with the Yoast SEO plugin v19.10 - https:\/\/yoast.com\/wordpress\/plugins\/seo\/ -->\n<title>Gem\u00fcse-Nussbraten aus dem Kn\u00fcll<\/title>\n<meta name=\"description\" content=\"Hotelier und Koch Karsten Hess versteht es, die Region kulinarisch in Wert zu setzen. Zum Beispiel mit einem leckeren Gem\u00fcse-Nussbraten.\" \/>\n<meta name=\"robots\" content=\"index, follow, max-snippet:-1, max-image-preview:large, max-video-preview:-1\" \/>\n<link rel=\"canonical\" href=\"https:\/\/www.naturparkmagazin.de\/vdn\/gemuese-nussbraten-aus-dem-knuell\/\" \/>\n<meta property=\"og:locale\" content=\"de_DE\" \/>\n<meta property=\"og:type\" content=\"article\" \/>\n<meta property=\"og:title\" content=\"Gem\u00fcse-Nussbraten aus dem Kn\u00fcll\" \/>\n<meta property=\"og:description\" content=\"Hotelier und Koch Karsten Hess versteht es, die Region kulinarisch in Wert zu setzen. Zum Beispiel mit einem leckeren Gem\u00fcse-Nussbraten.\" \/>\n<meta property=\"og:url\" content=\"https:\/\/www.naturparkmagazin.de\/vdn\/gemuese-nussbraten-aus-dem-knuell\/\" \/>\n<meta property=\"og:site_name\" content=\"Verband Deutscher Naturparke\" \/>\n<meta property=\"article:published_time\" content=\"2021-12-31T13:52:55+00:00\" \/>\n<meta property=\"article:modified_time\" content=\"2022-01-17T09:44:13+00:00\" \/>\n<meta property=\"og:image\" content=\"https:\/\/www.naturparkmagazin.de\/vdn\/wp-content\/uploads\/sites\/3\/karsten_hess_kueche_200Px.jpg\" \/>\n\t<meta property=\"og:image:width\" content=\"200\" \/>\n\t<meta property=\"og:image:height\" content=\"200\" \/>\n\t<meta property=\"og:image:type\" content=\"image\/jpeg\" \/>\n<meta name=\"author\" content=\"manuelamerz\" \/>\n<meta name=\"twitter:label1\" content=\"Verfasst von\" \/>\n\t<meta name=\"twitter:data1\" content=\"manuelamerz\" \/>\n\t<meta name=\"twitter:label2\" content=\"Gesch\u00e4tzte Lesezeit\" \/>\n\t<meta name=\"twitter:data2\" content=\"2\u00a0Minuten\" \/>\n<script type=\"application\/ld+json\" class=\"yoast-schema-graph\">{\"@context\":\"https:\/\/schema.org\",\"@graph\":[{\"@type\":\"WebPage\",\"@id\":\"https:\/\/www.naturparkmagazin.de\/vdn\/gemuese-nussbraten-aus-dem-knuell\/\",\"url\":\"https:\/\/www.naturparkmagazin.de\/vdn\/gemuese-nussbraten-aus-dem-knuell\/\",\"name\":\"Gem\u00fcse-Nussbraten aus dem Kn\u00fcll\",\"isPartOf\":{\"@id\":\"https:\/\/www.naturparkmagazin.de\/vdn\/#website\"},\"datePublished\":\"2021-12-31T13:52:55+00:00\",\"dateModified\":\"2022-01-17T09:44:13+00:00\",\"author\":{\"@id\":\"https:\/\/www.naturparkmagazin.de\/vdn\/#\/schema\/person\/3cff9b8773ed55f0189255fa9adfd57c\"},\"description\":\"Hotelier und Koch Karsten Hess versteht es, die Region kulinarisch in Wert zu setzen. Zum Beispiel mit einem leckeren Gem\u00fcse-Nussbraten.\",\"breadcrumb\":{\"@id\":\"https:\/\/www.naturparkmagazin.de\/vdn\/gemuese-nussbraten-aus-dem-knuell\/#breadcrumb\"},\"inLanguage\":\"de\",\"potentialAction\":[{\"@type\":\"ReadAction\",\"target\":[\"https:\/\/www.naturparkmagazin.de\/vdn\/gemuese-nussbraten-aus-dem-knuell\/\"]}]},{\"@type\":\"BreadcrumbList\",\"@id\":\"https:\/\/www.naturparkmagazin.de\/vdn\/gemuese-nussbraten-aus-dem-knuell\/#breadcrumb\",\"itemListElement\":[{\"@type\":\"ListItem\",\"position\":1,\"name\":\"Home\",\"item\":\"https:\/\/www.naturparkmagazin.de\/vdn\/\"},{\"@type\":\"ListItem\",\"position\":2,\"name\":\"Gem\u00fcse-Nussbraten aus dem Kn\u00fcll\"}]},{\"@type\":\"WebSite\",\"@id\":\"https:\/\/www.naturparkmagazin.de\/vdn\/#website\",\"url\":\"https:\/\/www.naturparkmagazin.de\/vdn\/\",\"name\":\"Verband Deutscher Naturparke\",\"description\":\"Eine weitere Naturparkmagazin.de Netzwerk Seite\",\"potentialAction\":[{\"@type\":\"SearchAction\",\"target\":{\"@type\":\"EntryPoint\",\"urlTemplate\":\"https:\/\/www.naturparkmagazin.de\/vdn\/?s={search_term_string}\"},\"query-input\":\"required name=search_term_string\"}],\"inLanguage\":\"de\"},{\"@type\":\"Person\",\"@id\":\"https:\/\/www.naturparkmagazin.de\/vdn\/#\/schema\/person\/3cff9b8773ed55f0189255fa9adfd57c\",\"name\":\"manuelamerz\",\"url\":\"https:\/\/www.naturparkmagazin.de\/vdn\/author\/manuelamerz\/\"}]}<\/script>\n<!-- \/ Yoast SEO plugin. -->","yoast_head_json":{"title":"Gem\u00fcse-Nussbraten aus dem Kn\u00fcll","description":"Hotelier und Koch Karsten Hess versteht es, die Region kulinarisch in Wert zu setzen. Zum Beispiel mit einem leckeren Gem\u00fcse-Nussbraten.","robots":{"index":"index","follow":"follow","max-snippet":"max-snippet:-1","max-image-preview":"max-image-preview:large","max-video-preview":"max-video-preview:-1"},"canonical":"https:\/\/www.naturparkmagazin.de\/vdn\/gemuese-nussbraten-aus-dem-knuell\/","og_locale":"de_DE","og_type":"article","og_title":"Gem\u00fcse-Nussbraten aus dem Kn\u00fcll","og_description":"Hotelier und Koch Karsten Hess versteht es, die Region kulinarisch in Wert zu setzen. Zum Beispiel mit einem leckeren Gem\u00fcse-Nussbraten.","og_url":"https:\/\/www.naturparkmagazin.de\/vdn\/gemuese-nussbraten-aus-dem-knuell\/","og_site_name":"Verband Deutscher Naturparke","article_published_time":"2021-12-31T13:52:55+00:00","article_modified_time":"2022-01-17T09:44:13+00:00","og_image":[{"width":200,"height":200,"url":"https:\/\/www.naturparkmagazin.de\/vdn\/wp-content\/uploads\/sites\/3\/karsten_hess_kueche_200Px.jpg","type":"image\/jpeg"}],"author":"manuelamerz","twitter_misc":{"Verfasst von":"manuelamerz","Gesch\u00e4tzte Lesezeit":"2\u00a0Minuten"},"schema":{"@context":"https:\/\/schema.org","@graph":[{"@type":"WebPage","@id":"https:\/\/www.naturparkmagazin.de\/vdn\/gemuese-nussbraten-aus-dem-knuell\/","url":"https:\/\/www.naturparkmagazin.de\/vdn\/gemuese-nussbraten-aus-dem-knuell\/","name":"Gem\u00fcse-Nussbraten aus dem Kn\u00fcll","isPartOf":{"@id":"https:\/\/www.naturparkmagazin.de\/vdn\/#website"},"datePublished":"2021-12-31T13:52:55+00:00","dateModified":"2022-01-17T09:44:13+00:00","author":{"@id":"https:\/\/www.naturparkmagazin.de\/vdn\/#\/schema\/person\/3cff9b8773ed55f0189255fa9adfd57c"},"description":"Hotelier und Koch Karsten Hess versteht es, die Region kulinarisch in Wert zu setzen. Zum Beispiel mit einem leckeren Gem\u00fcse-Nussbraten.","breadcrumb":{"@id":"https:\/\/www.naturparkmagazin.de\/vdn\/gemuese-nussbraten-aus-dem-knuell\/#breadcrumb"},"inLanguage":"de","potentialAction":[{"@type":"ReadAction","target":["https:\/\/www.naturparkmagazin.de\/vdn\/gemuese-nussbraten-aus-dem-knuell\/"]}]},{"@type":"BreadcrumbList","@id":"https:\/\/www.naturparkmagazin.de\/vdn\/gemuese-nussbraten-aus-dem-knuell\/#breadcrumb","itemListElement":[{"@type":"ListItem","position":1,"name":"Home","item":"https:\/\/www.naturparkmagazin.de\/vdn\/"},{"@type":"ListItem","position":2,"name":"Gem\u00fcse-Nussbraten aus dem Kn\u00fcll"}]},{"@type":"WebSite","@id":"https:\/\/www.naturparkmagazin.de\/vdn\/#website","url":"https:\/\/www.naturparkmagazin.de\/vdn\/","name":"Verband Deutscher Naturparke","description":"Eine weitere Naturparkmagazin.de Netzwerk Seite","potentialAction":[{"@type":"SearchAction","target":{"@type":"EntryPoint","urlTemplate":"https:\/\/www.naturparkmagazin.de\/vdn\/?s={search_term_string}"},"query-input":"required name=search_term_string"}],"inLanguage":"de"},{"@type":"Person","@id":"https:\/\/www.naturparkmagazin.de\/vdn\/#\/schema\/person\/3cff9b8773ed55f0189255fa9adfd57c","name":"manuelamerz","url":"https:\/\/www.naturparkmagazin.de\/vdn\/author\/manuelamerz\/"}]}},"_links":{"self":[{"href":"https:\/\/www.naturparkmagazin.de\/vdn\/wp-json\/wp\/v2\/posts\/14302"}],"collection":[{"href":"https:\/\/www.naturparkmagazin.de\/vdn\/wp-json\/wp\/v2\/posts"}],"about":[{"href":"https:\/\/www.naturparkmagazin.de\/vdn\/wp-json\/wp\/v2\/types\/post"}],"author":[{"embeddable":true,"href":"https:\/\/www.naturparkmagazin.de\/vdn\/wp-json\/wp\/v2\/users\/73"}],"replies":[{"embeddable":true,"href":"https:\/\/www.naturparkmagazin.de\/vdn\/wp-json\/wp\/v2\/comments?post=14302"}],"version-history":[{"count":4,"href":"https:\/\/www.naturparkmagazin.de\/vdn\/wp-json\/wp\/v2\/posts\/14302\/revisions"}],"predecessor-version":[{"id":14329,"href":"https:\/\/www.naturparkmagazin.de\/vdn\/wp-json\/wp\/v2\/posts\/14302\/revisions\/14329"}],"wp:featuredmedia":[{"embeddable":true,"href":"https:\/\/www.naturparkmagazin.de\/vdn\/wp-json\/wp\/v2\/media\/14303"}],"wp:attachment":[{"href":"https:\/\/www.naturparkmagazin.de\/vdn\/wp-json\/wp\/v2\/media?parent=14302"}],"wp:term":[{"taxonomy":"category","embeddable":true,"href":"https:\/\/www.naturparkmagazin.de\/vdn\/wp-json\/wp\/v2\/categories?post=14302"},{"taxonomy":"post_tag","embeddable":true,"href":"https:\/\/www.naturparkmagazin.de\/vdn\/wp-json\/wp\/v2\/tags?post=14302"}],"curies":[{"name":"wp","href":"https:\/\/api.w.org\/{rel}","templated":true}]}}