{"id":1431,"date":"2013-06-01T11:05:05","date_gmt":"2013-06-01T09:05:05","guid":{"rendered":"http:\/\/www.naturparkmagazin.de\/vdn\/?p=1431"},"modified":"2013-07-04T11:15:26","modified_gmt":"2013-07-04T09:15:26","slug":"hochwasser-und-naturparke","status":"publish","type":"post","link":"https:\/\/www.naturparkmagazin.de\/vdn\/hochwasser-und-naturparke\/","title":{"rendered":"Hochwasser und Naturparke"},"content":{"rendered":"<p style=\"text-align: center\"><a href=\"https:\/\/www.naturparkmagazin.de\/vdn\/wp-content\/uploads\/sites\/3\/Hochwasser.jpg\"><img decoding=\"async\" loading=\"lazy\" class=\"aligncenter size-medium wp-image-1437\" title=\"Hochwasser im Naturpark Sch\u00f6nbuch - Copyright: VDN\/Simon\" alt=\"Hochwasser\" src=\"https:\/\/www.naturparkmagazin.de\/vdn\/wp-content\/uploads\/sites\/3\/Hochwasser-620x465.jpg\" width=\"620\" height=\"465\" srcset=\"https:\/\/www.naturparkmagazin.de\/vdn\/wp-content\/uploads\/sites\/3\/Hochwasser-620x465.jpg 620w, https:\/\/www.naturparkmagazin.de\/vdn\/wp-content\/uploads\/sites\/3\/Hochwasser-300x225.jpg 300w, https:\/\/www.naturparkmagazin.de\/vdn\/wp-content\/uploads\/sites\/3\/Hochwasser-580x435.jpg 580w, https:\/\/www.naturparkmagazin.de\/vdn\/wp-content\/uploads\/sites\/3\/Hochwasser-420x315.jpg 420w, https:\/\/www.naturparkmagazin.de\/vdn\/wp-content\/uploads\/sites\/3\/Hochwasser-180x135.jpg 180w, https:\/\/www.naturparkmagazin.de\/vdn\/wp-content\/uploads\/sites\/3\/Hochwasser-95x71.jpg 95w, https:\/\/www.naturparkmagazin.de\/vdn\/wp-content\/uploads\/sites\/3\/Hochwasser-670x503.jpg 670w, https:\/\/www.naturparkmagazin.de\/vdn\/wp-content\/uploads\/sites\/3\/Hochwasser-200x150.jpg 200w, https:\/\/www.naturparkmagazin.de\/vdn\/wp-content\/uploads\/sites\/3\/Hochwasser.jpg 800w\" sizes=\"(max-width: 620px) 100vw, 620px\" \/><\/a><\/p>\n<p>In den letzten Tagen und Wochen haben extrem starke Regenf\u00e4lle zu massivem Hochwasser und \u00dcberschwemmungen in weiten Teilen Ost- und S\u00fcddeutschlands gef\u00fchrt. Teile Norddeutschlands sind ebenfalls gef\u00e4hrdet. Auch Naturparkregionen sind betroffen. Unsere Gedanken sind bei den Menschen, die h\u00e4ufig zum wiederholten Male ihre H\u00e4user verlassen mussten und jetzt gro\u00dfe Zerst\u00f6rungen und Sch\u00e4den zu bew\u00e4ltigen haben.<\/p>\n<p>Wenn Sie die durch Hochwasser Gesch\u00e4digten durch Spenden unterst\u00fctzen m\u00f6chten, finden Sie <a title=\"Spendenkonten\" href=\"http:\/\/www.tagesschau.de\/spendenkonten\/spendenkonten102.html\" target=\"_blank\">hier <\/a>entsprechenden Spendenkonten.<\/p>\n<p>F\u00fcr die Zukunft muss alles daf\u00fcr getan werden, Vorsorge zu treffen, damit kommende Hochwasserereignisse weniger stark ausfallen und weniger Sch\u00e4den anrichten. Dies ist ein schwieriges Unterfangen, da viele Faktoren zu ber\u00fccksichtigen und viele Menschen und Institutionen einzubeziehen sind.<\/p>\n<p>Auch Naturparke k\u00f6nnen einen Beitrag leisten, sei es durch die Mitwirkung an der der Renaturierung von Fl\u00fcssen und B\u00e4chen, damit diese dem Hochwasser mehr Raum geben, durch ihre Beitr\u00e4ge zum Klimaschutz oder durch die Mitwirkung an integrierten regionalen Planungen. Auch wenn man den Anteil des Klimawandels bei den in den letzten Jahren geh\u00e4uft auftretenden extrem starken Regenf\u00e4llen nicht exakt definieren kann, so kann es doch nur klug und vorausschauend sein, das Klimaschutzengagement zu st\u00e4rken und das Handeln daran auszurichten, dass Klimaschutz auch dem Hochwasserschutz dient.<\/p>\n","protected":false},"excerpt":{"rendered":"<p>In den letzten Tagen und Wochen haben extrem starke Regenf\u00e4lle zu massivem Hochwasser und \u00dcberschwemmungen in weiten Teilen Ost- und S\u00fcddeutschlands gef\u00fchrt. Auch Naturparkregionen sind betroffen. <\/p>\n","protected":false},"author":14,"featured_media":1437,"comment_status":"open","ping_status":"open","sticky":false,"template":"","format":"standard","meta":{"_links_to":"","_links_to_target":""},"categories":[7],"tags":[],"yoast_head":"<!-- This site is optimized with the Yoast SEO plugin v19.10 - https:\/\/yoast.com\/wordpress\/plugins\/seo\/ -->\n<title>Hochwasser und Naturparke<\/title>\n<meta name=\"description\" content=\"In den letzten Tagen und Wochen haben extrem starke Regenf\u00e4lle zu massivem Hochwasser und \u00dcberschwemmungen in weiten Teilen Ost- und S\u00fcddeutschlands gef\u00fchrt. Auch Naturparkregionen sind betroffen.\" \/>\n<meta name=\"robots\" content=\"index, follow, max-snippet:-1, max-image-preview:large, max-video-preview:-1\" \/>\n<link rel=\"canonical\" href=\"https:\/\/www.naturparkmagazin.de\/vdn\/hochwasser-und-naturparke\/\" \/>\n<meta property=\"og:locale\" content=\"de_DE\" \/>\n<meta property=\"og:type\" content=\"article\" \/>\n<meta property=\"og:title\" content=\"Hochwasser und Naturparke\" \/>\n<meta property=\"og:description\" content=\"In den letzten Tagen und Wochen haben extrem starke Regenf\u00e4lle zu massivem Hochwasser und \u00dcberschwemmungen in weiten Teilen Ost- und S\u00fcddeutschlands gef\u00fchrt. Auch Naturparkregionen sind betroffen.\" \/>\n<meta property=\"og:url\" content=\"https:\/\/www.naturparkmagazin.de\/vdn\/hochwasser-und-naturparke\/\" \/>\n<meta property=\"og:site_name\" content=\"Verband Deutscher Naturparke\" \/>\n<meta property=\"article:published_time\" content=\"2013-06-01T09:05:05+00:00\" \/>\n<meta property=\"article:modified_time\" content=\"2013-07-04T09:15:26+00:00\" \/>\n<meta property=\"og:image\" content=\"https:\/\/www.naturparkmagazin.de\/vdn\/wp-content\/uploads\/sites\/3\/Hochwasser.jpg\" \/>\n\t<meta property=\"og:image:width\" content=\"800\" \/>\n\t<meta property=\"og:image:height\" content=\"600\" \/>\n\t<meta property=\"og:image:type\" content=\"image\/jpeg\" \/>\n<meta name=\"author\" content=\"vdnnational\" \/>\n<meta name=\"twitter:label1\" content=\"Verfasst von\" \/>\n\t<meta name=\"twitter:data1\" content=\"vdnnational\" \/>\n\t<meta name=\"twitter:label2\" content=\"Gesch\u00e4tzte Lesezeit\" \/>\n\t<meta name=\"twitter:data2\" content=\"1\u00a0Minute\" \/>\n<script type=\"application\/ld+json\" class=\"yoast-schema-graph\">{\"@context\":\"https:\/\/schema.org\",\"@graph\":[{\"@type\":\"WebPage\",\"@id\":\"https:\/\/www.naturparkmagazin.de\/vdn\/hochwasser-und-naturparke\/\",\"url\":\"https:\/\/www.naturparkmagazin.de\/vdn\/hochwasser-und-naturparke\/\",\"name\":\"Hochwasser und Naturparke\",\"isPartOf\":{\"@id\":\"https:\/\/www.naturparkmagazin.de\/vdn\/#website\"},\"datePublished\":\"2013-06-01T09:05:05+00:00\",\"dateModified\":\"2013-07-04T09:15:26+00:00\",\"author\":{\"@id\":\"https:\/\/www.naturparkmagazin.de\/vdn\/#\/schema\/person\/e28d931df83318a48d52ae72b08d2bfb\"},\"description\":\"In den letzten Tagen und Wochen haben extrem starke Regenf\u00e4lle zu massivem Hochwasser und \u00dcberschwemmungen in weiten Teilen Ost- und S\u00fcddeutschlands gef\u00fchrt. Auch Naturparkregionen sind betroffen.\",\"breadcrumb\":{\"@id\":\"https:\/\/www.naturparkmagazin.de\/vdn\/hochwasser-und-naturparke\/#breadcrumb\"},\"inLanguage\":\"de\",\"potentialAction\":[{\"@type\":\"ReadAction\",\"target\":[\"https:\/\/www.naturparkmagazin.de\/vdn\/hochwasser-und-naturparke\/\"]}]},{\"@type\":\"BreadcrumbList\",\"@id\":\"https:\/\/www.naturparkmagazin.de\/vdn\/hochwasser-und-naturparke\/#breadcrumb\",\"itemListElement\":[{\"@type\":\"ListItem\",\"position\":1,\"name\":\"Home\",\"item\":\"https:\/\/www.naturparkmagazin.de\/vdn\/\"},{\"@type\":\"ListItem\",\"position\":2,\"name\":\"Hochwasser und Naturparke\"}]},{\"@type\":\"WebSite\",\"@id\":\"https:\/\/www.naturparkmagazin.de\/vdn\/#website\",\"url\":\"https:\/\/www.naturparkmagazin.de\/vdn\/\",\"name\":\"Verband Deutscher Naturparke\",\"description\":\"Eine weitere Naturparkmagazin.de Netzwerk Seite\",\"potentialAction\":[{\"@type\":\"SearchAction\",\"target\":{\"@type\":\"EntryPoint\",\"urlTemplate\":\"https:\/\/www.naturparkmagazin.de\/vdn\/?s={search_term_string}\"},\"query-input\":\"required name=search_term_string\"}],\"inLanguage\":\"de\"},{\"@type\":\"Person\",\"@id\":\"https:\/\/www.naturparkmagazin.de\/vdn\/#\/schema\/person\/e28d931df83318a48d52ae72b08d2bfb\",\"name\":\"vdnnational\",\"url\":\"https:\/\/www.naturparkmagazin.de\/vdn\/author\/vdnnational\/\"}]}<\/script>\n<!-- \/ Yoast SEO plugin. -->","yoast_head_json":{"title":"Hochwasser und Naturparke","description":"In den letzten Tagen und Wochen haben extrem starke Regenf\u00e4lle zu massivem Hochwasser und \u00dcberschwemmungen in weiten Teilen Ost- und S\u00fcddeutschlands gef\u00fchrt. Auch Naturparkregionen sind betroffen.","robots":{"index":"index","follow":"follow","max-snippet":"max-snippet:-1","max-image-preview":"max-image-preview:large","max-video-preview":"max-video-preview:-1"},"canonical":"https:\/\/www.naturparkmagazin.de\/vdn\/hochwasser-und-naturparke\/","og_locale":"de_DE","og_type":"article","og_title":"Hochwasser und Naturparke","og_description":"In den letzten Tagen und Wochen haben extrem starke Regenf\u00e4lle zu massivem Hochwasser und \u00dcberschwemmungen in weiten Teilen Ost- und S\u00fcddeutschlands gef\u00fchrt. Auch Naturparkregionen sind betroffen.","og_url":"https:\/\/www.naturparkmagazin.de\/vdn\/hochwasser-und-naturparke\/","og_site_name":"Verband Deutscher Naturparke","article_published_time":"2013-06-01T09:05:05+00:00","article_modified_time":"2013-07-04T09:15:26+00:00","og_image":[{"width":800,"height":600,"url":"https:\/\/www.naturparkmagazin.de\/vdn\/wp-content\/uploads\/sites\/3\/Hochwasser.jpg","type":"image\/jpeg"}],"author":"vdnnational","twitter_misc":{"Verfasst von":"vdnnational","Gesch\u00e4tzte Lesezeit":"1\u00a0Minute"},"schema":{"@context":"https:\/\/schema.org","@graph":[{"@type":"WebPage","@id":"https:\/\/www.naturparkmagazin.de\/vdn\/hochwasser-und-naturparke\/","url":"https:\/\/www.naturparkmagazin.de\/vdn\/hochwasser-und-naturparke\/","name":"Hochwasser und Naturparke","isPartOf":{"@id":"https:\/\/www.naturparkmagazin.de\/vdn\/#website"},"datePublished":"2013-06-01T09:05:05+00:00","dateModified":"2013-07-04T09:15:26+00:00","author":{"@id":"https:\/\/www.naturparkmagazin.de\/vdn\/#\/schema\/person\/e28d931df83318a48d52ae72b08d2bfb"},"description":"In den letzten Tagen und Wochen haben extrem starke Regenf\u00e4lle zu massivem Hochwasser und \u00dcberschwemmungen in weiten Teilen Ost- und S\u00fcddeutschlands gef\u00fchrt. Auch Naturparkregionen sind betroffen.","breadcrumb":{"@id":"https:\/\/www.naturparkmagazin.de\/vdn\/hochwasser-und-naturparke\/#breadcrumb"},"inLanguage":"de","potentialAction":[{"@type":"ReadAction","target":["https:\/\/www.naturparkmagazin.de\/vdn\/hochwasser-und-naturparke\/"]}]},{"@type":"BreadcrumbList","@id":"https:\/\/www.naturparkmagazin.de\/vdn\/hochwasser-und-naturparke\/#breadcrumb","itemListElement":[{"@type":"ListItem","position":1,"name":"Home","item":"https:\/\/www.naturparkmagazin.de\/vdn\/"},{"@type":"ListItem","position":2,"name":"Hochwasser und Naturparke"}]},{"@type":"WebSite","@id":"https:\/\/www.naturparkmagazin.de\/vdn\/#website","url":"https:\/\/www.naturparkmagazin.de\/vdn\/","name":"Verband Deutscher Naturparke","description":"Eine weitere Naturparkmagazin.de Netzwerk Seite","potentialAction":[{"@type":"SearchAction","target":{"@type":"EntryPoint","urlTemplate":"https:\/\/www.naturparkmagazin.de\/vdn\/?s={search_term_string}"},"query-input":"required name=search_term_string"}],"inLanguage":"de"},{"@type":"Person","@id":"https:\/\/www.naturparkmagazin.de\/vdn\/#\/schema\/person\/e28d931df83318a48d52ae72b08d2bfb","name":"vdnnational","url":"https:\/\/www.naturparkmagazin.de\/vdn\/author\/vdnnational\/"}]}},"_links":{"self":[{"href":"https:\/\/www.naturparkmagazin.de\/vdn\/wp-json\/wp\/v2\/posts\/1431"}],"collection":[{"href":"https:\/\/www.naturparkmagazin.de\/vdn\/wp-json\/wp\/v2\/posts"}],"about":[{"href":"https:\/\/www.naturparkmagazin.de\/vdn\/wp-json\/wp\/v2\/types\/post"}],"author":[{"embeddable":true,"href":"https:\/\/www.naturparkmagazin.de\/vdn\/wp-json\/wp\/v2\/users\/14"}],"replies":[{"embeddable":true,"href":"https:\/\/www.naturparkmagazin.de\/vdn\/wp-json\/wp\/v2\/comments?post=1431"}],"version-history":[{"count":12,"href":"https:\/\/www.naturparkmagazin.de\/vdn\/wp-json\/wp\/v2\/posts\/1431\/revisions"}],"predecessor-version":[{"id":1707,"href":"https:\/\/www.naturparkmagazin.de\/vdn\/wp-json\/wp\/v2\/posts\/1431\/revisions\/1707"}],"wp:featuredmedia":[{"embeddable":true,"href":"https:\/\/www.naturparkmagazin.de\/vdn\/wp-json\/wp\/v2\/media\/1437"}],"wp:attachment":[{"href":"https:\/\/www.naturparkmagazin.de\/vdn\/wp-json\/wp\/v2\/media?parent=1431"}],"wp:term":[{"taxonomy":"category","embeddable":true,"href":"https:\/\/www.naturparkmagazin.de\/vdn\/wp-json\/wp\/v2\/categories?post=1431"},{"taxonomy":"post_tag","embeddable":true,"href":"https:\/\/www.naturparkmagazin.de\/vdn\/wp-json\/wp\/v2\/tags?post=1431"}],"curies":[{"name":"wp","href":"https:\/\/api.w.org\/{rel}","templated":true}]}}