{"id":14323,"date":"2021-12-31T13:11:25","date_gmt":"2021-12-31T12:11:25","guid":{"rendered":"https:\/\/www.naturparkmagazin.de\/vdn\/?p=14323"},"modified":"2022-01-17T10:43:41","modified_gmt":"2022-01-17T09:43:41","slug":"naturpark-kalender","status":"publish","type":"post","link":"https:\/\/www.naturparkmagazin.de\/vdn\/naturpark-kalender\/","title":{"rendered":"Naturpark-Kalender"},"content":{"rendered":"<div id=\"attachment_14325\" style=\"width: 510px\" class=\"wp-caption aligncenter\"><a href=\"https:\/\/www.naturparkmagazin.de\/vdn\/wp-content\/uploads\/sites\/3\/Naturpark-Kalender_500Px.jpg\"><img aria-describedby=\"caption-attachment-14325\" decoding=\"async\" loading=\"lazy\" class=\"size-full wp-image-14325\" src=\"https:\/\/www.naturparkmagazin.de\/vdn\/wp-content\/uploads\/sites\/3\/Naturpark-Kalender_500Px.jpg\" alt=\"Pr\u00e4sentieren den neuen Naturpark-Kalender: Dr. Nico Ritz, Vorsitzender des Zweckverbands Kn\u00fcllgebiet, und Katrin Anders, Gesch\u00e4ftsf\u00fchrerin des Naturparks Kn\u00fcll. \u00a9 Manuela Volke\" width=\"500\" height=\"718\" srcset=\"https:\/\/www.naturparkmagazin.de\/vdn\/wp-content\/uploads\/sites\/3\/Naturpark-Kalender_500Px.jpg 500w, https:\/\/www.naturparkmagazin.de\/vdn\/wp-content\/uploads\/sites\/3\/Naturpark-Kalender_500Px-300x431.jpg 300w, https:\/\/www.naturparkmagazin.de\/vdn\/wp-content\/uploads\/sites\/3\/Naturpark-Kalender_500Px-200x287.jpg 200w\" sizes=\"(max-width: 500px) 100vw, 500px\" \/><\/a><p id=\"caption-attachment-14325\" class=\"wp-caption-text\">Pr\u00e4sentieren den neuen Naturpark-Kalender: Dr. Nico Ritz, Vorsitzender des Zweckverbands Kn\u00fcllgebiet, und Katrin Anders, Gesch\u00e4ftsf\u00fchrerin des Naturparks Kn\u00fcll. \u00a9 Manuela Volke<\/p><\/div>\n<p><strong>Der im vergangenen Sommer durchgef\u00fchrte Fotowettbewerb des Naturparks Kn\u00fcll hat zu einer Vielzahl an tollen Einsendungen gef\u00fchrt. Die 13 von der Jury ausgew\u00e4hlten Bilder haben Eingang gefunden in einen Fotokalender 2022. Er eignet sich hervorragend als Weihnachtsgeschenk.<\/strong><\/p>\n<p>Der Naturpark Kn\u00fcll bezaubert durch seine Vielfalt an Landschaften, Lebensr\u00e4umen, Artenausstattung und Orten. Diese Vielfalt ist insbesondere im Fotowettbewerb des Naturparks deutlich geworden, der im Juni und Juli des vergehenden Jahres ausgelobt war. Eine Jury hat die aus ihrer Sicht 13 repr\u00e4sentativsten Bilder von insgesamt 375 eingereichten ausgew\u00e4hlt, die nach wie vor unter\u00a0<a href=\"https:\/\/fotowettbewerb.naturpark-knuell.de\/\">https:\/\/fotowettbewerb.naturpark-knuell.de<\/a>\u00a0zu bewundern sind.<\/p>\n<p>Aus diesen wurde ein A3-Fotokalender gezaubert, welcher passend zur Weihnachtszeit zum Verkauf bereits war. Faszinierende Landschaften wechseln sich ab mit spannenden Tierarten. Erh\u00e4ltlich ist er f\u00fcr 19,95 \u20ac beim Verlag Cognitio sowie in einigen Einzelhandelsgesch\u00e4ften und Tourist-Informationen. Eine Liste der Verkaufsstellen finden Sie unter\u00a0<a href=\"http:\/\/www.naturpark-knuell.de\/\">www.naturpark-knuell.de<\/a>.<\/p>\n<p>&nbsp;<\/p>\n<p>&nbsp;<\/p>\n","protected":false},"excerpt":{"rendered":"<p>Der im vergangenen Sommer durchgef\u00fchrte Fotowettbewerb des Naturparks Kn\u00fcll hat zu einer Vielzahl an tollen Einsendungen gef\u00fchrt. 13 von einer Jury ausgew\u00e4hlte Bilder haben Eingang gefunden in einen Fotokalender 2022. Er eignet sich hervorragend als Weihnachtsgeschenk.<\/p>\n","protected":false},"author":73,"featured_media":14324,"comment_status":"open","ping_status":"open","sticky":false,"template":"","format":"standard","meta":{"_links_to":"","_links_to_target":""},"categories":[13],"tags":[442,2762,3151],"yoast_head":"<!-- This site is optimized with the Yoast SEO plugin v19.10 - https:\/\/yoast.com\/wordpress\/plugins\/seo\/ -->\n<title>Naturpark-Kalender<\/title>\n<meta name=\"description\" content=\"Der im vergangenen Sommer durchgef\u00fchrte Fotowettbewerb des Naturparks Kn\u00fcll hat zu einer Vielzahl an tollen Einsendungen gef\u00fchrt. 13 von einer Jury ausgew\u00e4hlte Bilder haben Eingang gefunden in einen Fotokalender 2022. Er eignet sich hervorragend als Weihnachtsgeschenk.\" \/>\n<meta name=\"robots\" content=\"index, follow, max-snippet:-1, max-image-preview:large, max-video-preview:-1\" \/>\n<link rel=\"canonical\" href=\"https:\/\/www.naturparkmagazin.de\/vdn\/naturpark-kalender\/\" \/>\n<meta property=\"og:locale\" content=\"de_DE\" \/>\n<meta property=\"og:type\" content=\"article\" \/>\n<meta property=\"og:title\" content=\"Naturpark-Kalender\" \/>\n<meta property=\"og:description\" content=\"Der im vergangenen Sommer durchgef\u00fchrte Fotowettbewerb des Naturparks Kn\u00fcll hat zu einer Vielzahl an tollen Einsendungen gef\u00fchrt. 13 von einer Jury ausgew\u00e4hlte Bilder haben Eingang gefunden in einen Fotokalender 2022. Er eignet sich hervorragend als Weihnachtsgeschenk.\" \/>\n<meta property=\"og:url\" content=\"https:\/\/www.naturparkmagazin.de\/vdn\/naturpark-kalender\/\" \/>\n<meta property=\"og:site_name\" content=\"Verband Deutscher Naturparke\" \/>\n<meta property=\"article:published_time\" content=\"2021-12-31T12:11:25+00:00\" \/>\n<meta property=\"article:modified_time\" content=\"2022-01-17T09:43:41+00:00\" \/>\n<meta property=\"og:image\" content=\"https:\/\/www.naturparkmagazin.de\/vdn\/wp-content\/uploads\/sites\/3\/Naturpark-Kalender_200Px.jpg\" \/>\n\t<meta property=\"og:image:width\" content=\"200\" \/>\n\t<meta property=\"og:image:height\" content=\"200\" \/>\n\t<meta property=\"og:image:type\" content=\"image\/jpeg\" \/>\n<meta name=\"author\" content=\"manuelamerz\" \/>\n<meta name=\"twitter:label1\" content=\"Verfasst von\" \/>\n\t<meta name=\"twitter:data1\" content=\"manuelamerz\" \/>\n\t<meta name=\"twitter:label2\" content=\"Gesch\u00e4tzte Lesezeit\" \/>\n\t<meta name=\"twitter:data2\" content=\"1\u00a0Minute\" \/>\n<script type=\"application\/ld+json\" class=\"yoast-schema-graph\">{\"@context\":\"https:\/\/schema.org\",\"@graph\":[{\"@type\":\"WebPage\",\"@id\":\"https:\/\/www.naturparkmagazin.de\/vdn\/naturpark-kalender\/\",\"url\":\"https:\/\/www.naturparkmagazin.de\/vdn\/naturpark-kalender\/\",\"name\":\"Naturpark-Kalender\",\"isPartOf\":{\"@id\":\"https:\/\/www.naturparkmagazin.de\/vdn\/#website\"},\"datePublished\":\"2021-12-31T12:11:25+00:00\",\"dateModified\":\"2022-01-17T09:43:41+00:00\",\"author\":{\"@id\":\"https:\/\/www.naturparkmagazin.de\/vdn\/#\/schema\/person\/3cff9b8773ed55f0189255fa9adfd57c\"},\"description\":\"Der im vergangenen Sommer durchgef\u00fchrte Fotowettbewerb des Naturparks Kn\u00fcll hat zu einer Vielzahl an tollen Einsendungen gef\u00fchrt. 13 von einer Jury ausgew\u00e4hlte Bilder haben Eingang gefunden in einen Fotokalender 2022. Er eignet sich hervorragend als Weihnachtsgeschenk.\",\"breadcrumb\":{\"@id\":\"https:\/\/www.naturparkmagazin.de\/vdn\/naturpark-kalender\/#breadcrumb\"},\"inLanguage\":\"de\",\"potentialAction\":[{\"@type\":\"ReadAction\",\"target\":[\"https:\/\/www.naturparkmagazin.de\/vdn\/naturpark-kalender\/\"]}]},{\"@type\":\"BreadcrumbList\",\"@id\":\"https:\/\/www.naturparkmagazin.de\/vdn\/naturpark-kalender\/#breadcrumb\",\"itemListElement\":[{\"@type\":\"ListItem\",\"position\":1,\"name\":\"Home\",\"item\":\"https:\/\/www.naturparkmagazin.de\/vdn\/\"},{\"@type\":\"ListItem\",\"position\":2,\"name\":\"Naturpark-Kalender\"}]},{\"@type\":\"WebSite\",\"@id\":\"https:\/\/www.naturparkmagazin.de\/vdn\/#website\",\"url\":\"https:\/\/www.naturparkmagazin.de\/vdn\/\",\"name\":\"Verband Deutscher Naturparke\",\"description\":\"Eine weitere Naturparkmagazin.de Netzwerk Seite\",\"potentialAction\":[{\"@type\":\"SearchAction\",\"target\":{\"@type\":\"EntryPoint\",\"urlTemplate\":\"https:\/\/www.naturparkmagazin.de\/vdn\/?s={search_term_string}\"},\"query-input\":\"required name=search_term_string\"}],\"inLanguage\":\"de\"},{\"@type\":\"Person\",\"@id\":\"https:\/\/www.naturparkmagazin.de\/vdn\/#\/schema\/person\/3cff9b8773ed55f0189255fa9adfd57c\",\"name\":\"manuelamerz\",\"url\":\"https:\/\/www.naturparkmagazin.de\/vdn\/author\/manuelamerz\/\"}]}<\/script>\n<!-- \/ Yoast SEO plugin. -->","yoast_head_json":{"title":"Naturpark-Kalender","description":"Der im vergangenen Sommer durchgef\u00fchrte Fotowettbewerb des Naturparks Kn\u00fcll hat zu einer Vielzahl an tollen Einsendungen gef\u00fchrt. 13 von einer Jury ausgew\u00e4hlte Bilder haben Eingang gefunden in einen Fotokalender 2022. Er eignet sich hervorragend als Weihnachtsgeschenk.","robots":{"index":"index","follow":"follow","max-snippet":"max-snippet:-1","max-image-preview":"max-image-preview:large","max-video-preview":"max-video-preview:-1"},"canonical":"https:\/\/www.naturparkmagazin.de\/vdn\/naturpark-kalender\/","og_locale":"de_DE","og_type":"article","og_title":"Naturpark-Kalender","og_description":"Der im vergangenen Sommer durchgef\u00fchrte Fotowettbewerb des Naturparks Kn\u00fcll hat zu einer Vielzahl an tollen Einsendungen gef\u00fchrt. 13 von einer Jury ausgew\u00e4hlte Bilder haben Eingang gefunden in einen Fotokalender 2022. Er eignet sich hervorragend als Weihnachtsgeschenk.","og_url":"https:\/\/www.naturparkmagazin.de\/vdn\/naturpark-kalender\/","og_site_name":"Verband Deutscher Naturparke","article_published_time":"2021-12-31T12:11:25+00:00","article_modified_time":"2022-01-17T09:43:41+00:00","og_image":[{"width":200,"height":200,"url":"https:\/\/www.naturparkmagazin.de\/vdn\/wp-content\/uploads\/sites\/3\/Naturpark-Kalender_200Px.jpg","type":"image\/jpeg"}],"author":"manuelamerz","twitter_misc":{"Verfasst von":"manuelamerz","Gesch\u00e4tzte Lesezeit":"1\u00a0Minute"},"schema":{"@context":"https:\/\/schema.org","@graph":[{"@type":"WebPage","@id":"https:\/\/www.naturparkmagazin.de\/vdn\/naturpark-kalender\/","url":"https:\/\/www.naturparkmagazin.de\/vdn\/naturpark-kalender\/","name":"Naturpark-Kalender","isPartOf":{"@id":"https:\/\/www.naturparkmagazin.de\/vdn\/#website"},"datePublished":"2021-12-31T12:11:25+00:00","dateModified":"2022-01-17T09:43:41+00:00","author":{"@id":"https:\/\/www.naturparkmagazin.de\/vdn\/#\/schema\/person\/3cff9b8773ed55f0189255fa9adfd57c"},"description":"Der im vergangenen Sommer durchgef\u00fchrte Fotowettbewerb des Naturparks Kn\u00fcll hat zu einer Vielzahl an tollen Einsendungen gef\u00fchrt. 13 von einer Jury ausgew\u00e4hlte Bilder haben Eingang gefunden in einen Fotokalender 2022. Er eignet sich hervorragend als Weihnachtsgeschenk.","breadcrumb":{"@id":"https:\/\/www.naturparkmagazin.de\/vdn\/naturpark-kalender\/#breadcrumb"},"inLanguage":"de","potentialAction":[{"@type":"ReadAction","target":["https:\/\/www.naturparkmagazin.de\/vdn\/naturpark-kalender\/"]}]},{"@type":"BreadcrumbList","@id":"https:\/\/www.naturparkmagazin.de\/vdn\/naturpark-kalender\/#breadcrumb","itemListElement":[{"@type":"ListItem","position":1,"name":"Home","item":"https:\/\/www.naturparkmagazin.de\/vdn\/"},{"@type":"ListItem","position":2,"name":"Naturpark-Kalender"}]},{"@type":"WebSite","@id":"https:\/\/www.naturparkmagazin.de\/vdn\/#website","url":"https:\/\/www.naturparkmagazin.de\/vdn\/","name":"Verband Deutscher Naturparke","description":"Eine weitere Naturparkmagazin.de Netzwerk Seite","potentialAction":[{"@type":"SearchAction","target":{"@type":"EntryPoint","urlTemplate":"https:\/\/www.naturparkmagazin.de\/vdn\/?s={search_term_string}"},"query-input":"required name=search_term_string"}],"inLanguage":"de"},{"@type":"Person","@id":"https:\/\/www.naturparkmagazin.de\/vdn\/#\/schema\/person\/3cff9b8773ed55f0189255fa9adfd57c","name":"manuelamerz","url":"https:\/\/www.naturparkmagazin.de\/vdn\/author\/manuelamerz\/"}]}},"_links":{"self":[{"href":"https:\/\/www.naturparkmagazin.de\/vdn\/wp-json\/wp\/v2\/posts\/14323"}],"collection":[{"href":"https:\/\/www.naturparkmagazin.de\/vdn\/wp-json\/wp\/v2\/posts"}],"about":[{"href":"https:\/\/www.naturparkmagazin.de\/vdn\/wp-json\/wp\/v2\/types\/post"}],"author":[{"embeddable":true,"href":"https:\/\/www.naturparkmagazin.de\/vdn\/wp-json\/wp\/v2\/users\/73"}],"replies":[{"embeddable":true,"href":"https:\/\/www.naturparkmagazin.de\/vdn\/wp-json\/wp\/v2\/comments?post=14323"}],"version-history":[{"count":1,"href":"https:\/\/www.naturparkmagazin.de\/vdn\/wp-json\/wp\/v2\/posts\/14323\/revisions"}],"predecessor-version":[{"id":14326,"href":"https:\/\/www.naturparkmagazin.de\/vdn\/wp-json\/wp\/v2\/posts\/14323\/revisions\/14326"}],"wp:featuredmedia":[{"embeddable":true,"href":"https:\/\/www.naturparkmagazin.de\/vdn\/wp-json\/wp\/v2\/media\/14324"}],"wp:attachment":[{"href":"https:\/\/www.naturparkmagazin.de\/vdn\/wp-json\/wp\/v2\/media?parent=14323"}],"wp:term":[{"taxonomy":"category","embeddable":true,"href":"https:\/\/www.naturparkmagazin.de\/vdn\/wp-json\/wp\/v2\/categories?post=14323"},{"taxonomy":"post_tag","embeddable":true,"href":"https:\/\/www.naturparkmagazin.de\/vdn\/wp-json\/wp\/v2\/tags?post=14323"}],"curies":[{"name":"wp","href":"https:\/\/api.w.org\/{rel}","templated":true}]}}