{"id":14604,"date":"2022-03-28T18:58:25","date_gmt":"2022-03-28T16:58:25","guid":{"rendered":"https:\/\/www.naturparkmagazin.de\/vdn\/?p=14604"},"modified":"2022-03-28T19:23:11","modified_gmt":"2022-03-28T17:23:11","slug":"klimaschutz-in-naturparken","status":"publish","type":"post","link":"https:\/\/www.naturparkmagazin.de\/vdn\/klimaschutz-in-naturparken\/","title":{"rendered":"Klimaschutz in Naturparken"},"content":{"rendered":"<div id=\"attachment_14606\" style=\"width: 510px\" class=\"wp-caption alignnone\"><a href=\"https:\/\/www.naturparkmagazin.de\/vdn\/wp-content\/uploads\/sites\/3\/Liesen_Beweidete-Streuobstwiese-b.jpg\"><img aria-describedby=\"caption-attachment-14606\" decoding=\"async\" loading=\"lazy\" class=\"size-full wp-image-14606\" src=\"https:\/\/www.naturparkmagazin.de\/vdn\/wp-content\/uploads\/sites\/3\/Liesen_Beweidete-Streuobstwiese-b.jpg\" alt=\"Beweidete Streuobstwiese \u00a9 J\u00f6rg Liesen\" width=\"500\" height=\"300\" srcset=\"https:\/\/www.naturparkmagazin.de\/vdn\/wp-content\/uploads\/sites\/3\/Liesen_Beweidete-Streuobstwiese-b.jpg 500w, https:\/\/www.naturparkmagazin.de\/vdn\/wp-content\/uploads\/sites\/3\/Liesen_Beweidete-Streuobstwiese-b-300x180.jpg 300w, https:\/\/www.naturparkmagazin.de\/vdn\/wp-content\/uploads\/sites\/3\/Liesen_Beweidete-Streuobstwiese-b-200x120.jpg 200w\" sizes=\"(max-width: 500px) 100vw, 500px\" \/><\/a><p id=\"caption-attachment-14606\" class=\"wp-caption-text\">Beweidete Streuobstwiese \u00a9 J\u00f6rg Liesen<\/p><\/div>\n<p>Der Lebensmittelh\u00e4ndler Kaufland f\u00f6rdert als Ergebnis des bundesweiten Wettbewerbs \u201eKlimaschutz in Naturparken\u201c neun regionale Klimaschutz-Projekte in Naturparken mit insgesamt 110.000 Euro. Den Wettbewerb f\u00fchren Kaufland und Verband Deutscher Naturparke e.\u00a0V. (VDN) gemeinsam durch. Die Gewinner-Projekte wurden aus 25 eingereichten Wettbewerbsbeitr\u00e4gen von einer fachkundigen Jury ausgew\u00e4hlt, der Vertreter:innen aus Wissenschaft, Naturparken, VDN und Kaufland angeh\u00f6rten.<\/p>\n<p>Naturparke leisten mit ihrer Arbeit in den vier Handlungsfeldern \u201eSchutz\u201c, \u201eErholung\u201c, \u201eBildung\u201c und \u201eEntwicklung\u201c bereits heute einen wichtigen Beitrag f\u00fcr den Klimaschutz, der in Zukunft noch st\u00e4rker ausgebaut werden soll. Der Wettbewerb \u201eKlimaschutz in Naturparken\u201c unterst\u00fctzt die Naturparke dabei. F\u00fcr den Wettbewerb konnten die Tr\u00e4ger der Naturparke Vorschl\u00e4ge f\u00fcr Klimaschutzma\u00dfnahmen mit direkter Wirkung (z.\u00a0B. Anpflanzung von W\u00e4ldern) und indirekter Wirkung (z.\u00a0B. Projekte zur Bildung f\u00fcr nachhaltige Entwicklung &#8211; BNE) einreichen.<\/p>\n<p>Die neun Gewinner-Projekte werden bis sp\u00e4testens Ende Juni 2023 umgesetzt. Sie verbinden in vielf\u00e4ltiger Weise Klimaschutz mit weiteren Zielen wie dem Erhalt der Artenvielfalt: So wird durch den Einsatz von LED-Lampen und Dimmvorrichtungen in der Stra\u00dfenbeleuchtung gleichzeitig der Lichtverschmutzung und dem Insektensterben entgegengewirkt; ein Mitmach-Theater oder eine Naturpark-KlimaWerkstatt nutzen den Wald als au\u00dferschulischen Erlebnis- und Forschungsraum und sensibilisieren Kinder f\u00fcr Klimaschutz und biologische Vielfalt; ehemalige Acker- und Intensiv-Gr\u00fcnlandfl\u00e4chen werden f\u00fcr Klima- und Naturschutz mit heimischen Baumarten bepflanzt; die Bedeutung des Lebensraums Streuobstwiese f\u00fcr Klimaschutz und Biodiversit\u00e4t wird gest\u00e4rkt und sichtbar gemacht und f\u00fcr Klima- und Naturschutz wertvolle Gr\u00fcnfl\u00e4chen werden erhalten.<\/p>\n<p>Gef\u00f6rdert werden Projekte im gesamten Bundesgebiet, konkret in diesen neun Naturparken:<\/p>\n<p><strong><a href=\"http:\/\/www.naturpark-nossentiner-schwinzer-heide.de\/\" target=\"_blank\">Naturpark Nossentiner\/Schwinzer Heide<\/a> (Mecklenburg-Vorpommern): <\/strong><\/p>\n<p>Mit der Umr\u00fcstung von herk\u00f6mmlichen Stra\u00dfenlampen auf eine energiesparende LED-Beleuchtung in einer Stra\u00dfe einer kleinen Naturpark-Gemeinde wird ein vorzeigbares Beispiel f\u00fcr rund 300 weitere Lampen geschaffen, die im Naturpark Nossentiner\/Schwinzer Heide auf LED umger\u00fcstet werden sollen. Durch LED-Stra\u00dfenlampen wird Energie eingespart und gleichzeitig ein wertvoller Beitrag zum Artenschutz geleistet. Denn damit wird das Insekten\u00adsterben unmittelbar reduziert. Mittels intelligenter Abschalteinrichtungen und Dimmvor\u00adrichtungen wird der Stromverbrauch zus\u00e4tzlich gesenkt. Das Projekt unterst\u00fctzt den eingeschlagenen Weg des Naturparks, der \u201cErste Norddeutsche Sternenpark\u201c zu werden und tr\u00e4gt so dazu bei, biologische Vielfalt mit einer nachhaltigen Tourismus- und Regionalent\u00adwicklung zu verkn\u00fcpfen.<\/p>\n<p>&nbsp;<\/p>\n<p><strong><a href=\"https:\/\/naturpark-flaeming.de\/\" target=\"_blank\">Naturpark Fl\u00e4ming <\/a>(Sachsen-Anhalt):<\/strong><\/p>\n<p>Durch Nachpflanzung alter Obstsorten als Hochstamm und Pflegema\u00dfnahmen an bestehenden Obstb\u00e4umen wird der Naturpark dazu beitragen, eine alte Streuobstwiese auf dem Apollensberg zu erhalten. Gleichzeitig werden ein Umweltbildungspfad erneuert und dort zuk\u00fcnftig Umweltbildungsma\u00dfnahmen umgesetzt. Die beiden Ma\u00dfnahmen zu Erhalt und Pflege der Streuobstwiese sowie zur aktiven Bildung f\u00fcr nachhaltige Entwicklung (BNE) tragen zum Klimaschutz durch CO<sub>2<\/sub>-Bindung, zum Erhalt der Biodiversit\u00e4t und zur Wasserspeicherung im Boden bei.<\/p>\n<p>&nbsp;<\/p>\n<p><strong><a href=\"https:\/\/www.naturpark-saale-unstrut.de\/\" target=\"_blank\">Naturpark Saale-Unstrut-Triasland<\/a> (Sachsen-Anhalt):<\/strong><\/p>\n<p>In einem waldarmen Teil des Naturparks Saale-Unstrut-Triasland wird ein ca. ein Hektar gro\u00dfer Wald auf ehemaligen Acker- und Intensiv-Gr\u00fcnlandfl\u00e4chen vor allem mit heimischen Baumarten des regionaltypischen Stieleichen-Hainbuchenwaldes bepflanzt. Diese sind an zuk\u00fcnftige Klimaver\u00e4nderungen ebenso gut angepasst wie die nicht-heimischen Baumarten Douglasie oder Roteiche und dienen sp\u00e4ter zahlreichen Arten als wertvoller Lebensraum. F\u00fcr weitere in der Region vorgesehene Erstaufforstungen soll somit gezeigt werden, dass eine Klimawandel-Resilienz auch mit heimischen Baumarten erreicht wird. Neben der direkten Klimaschutzwirkung dieser Ma\u00dfnahme durch CO<sub>2<\/sub>-Bindung in den B\u00e4umen entstehen weitere positive Wirkungen durch Wasserspeicherung und K\u00fchlungseffekte f\u00fcr das Mikroklima.<\/p>\n<p>&nbsp;<\/p>\n<p><strong><a href=\"https:\/\/www.naturpark-lauenburgische-seen.de\/\" target=\"_blank\">Naturpark Lauenburgische Seen<\/a> (Schleswig-Holstein):<\/strong><\/p>\n<p>Ein Mitmach-Theater-Konzept f\u00fcr Grundschulkinder der Naturpark-Schulen ist Teil der aktiven BNE-Arbeit im Naturpark. Der Wald wird hier als au\u00dferschulischer Erlebnis- und Forschungsraum genutzt. Klimaschutz, Erhalt der Biodiversit\u00e4t und \u00d6kosystemleistungen werden im Mitmach-Theater als Wirkungen des Waldes spielerisch dargestellt und k\u00f6nnen durch direkte Eindr\u00fccke aus dem Wald vermittelt werden. Das Mitmach-Theater ist eine Kombination aus \u201eTheater zum Zuschauen\u201c- und Workshop-Elementen. Als \u00f6ffentlichkeitswirksames und kindgerechtes Angebot an verschiedenen Schulen im Naturpark dient das Mitmach-Theater als hervorragender Multiplikator daf\u00fcr, dass Klimaschutz und Erhalt der Biodiversit\u00e4t als eine zentrale Lebensgrundlage f\u00fcr diese und zuk\u00fcnftige Generationen wahrgenommen werden.<\/p>\n<p>&nbsp;<\/p>\n<p><strong><a href=\"https:\/\/www.naturparkschlei.de\/\" target=\"_blank\">Naturpark Schlei <\/a>(Schleswig-Holstein)<\/strong><\/p>\n<p>In dem kooperativen Bildungsprojekt \u201eKlimafeste Landwirtschaft\u201c werden Sch\u00fcler:innen der Berufsausbildung zu Landwirt:innen die Schnittstellen ihrer k\u00fcnftigen Arbeit zu Fragen des Klimaschutzes und auch des Biodiversit\u00e4ts- und Gew\u00e4sserschutzes nahe gebracht. Praxisbezogene Feldexkursionen in der Region tragen dazu bei, dass der Naturpark Schlei einen kooperativen Natur- und Gew\u00e4sserschutz gemeinsam mit Landnutzer:innen und Eigent\u00fcmer:innen in der Schleiregion umsetzt. Dazu z\u00e4hlt auch eine begleitende Beratung der Landwirtschaft zur Umsetzung von Agrarumwelt- und Klimama\u00dfnahmen, um auch auf Betriebsebene die Bewirtschaftung klimavertr\u00e4glicher zu gestalten.<\/p>\n<p>&nbsp;<\/p>\n<p><strong><a href=\"https:\/\/www.naturparkhirschwald.de\/\" target=\"_blank\">Naturpark Hirschwald<\/a> (Bayern):<\/strong><\/p>\n<p>Der Naturpark Hirschwald unterst\u00fctzt seine Mitgliedsgemeinde Markt Kastl in Zusammenarbeit mit Landwirten dabei, CO<sub>2<\/sub> durch Humusanreicherung in B\u00f6den zu binden. Zu den Ma\u00dfnahmen geh\u00f6ren Hecken- und Biotopbaumpflege, Anlage von Totholz- und Steinhaufen, Obstbaumpflanzungen, Humusuntersuchungen, Verwerten von Schnittgut und Bildungsma\u00dfnahmen. Die Ma\u00dfnahmen werden vom Fachzentrum Energie und Landtechnik in Triesdorf (FEL) begleitet. Die durch die Ma\u00dfnahmen insgesamt erreichte Humussicherung und der Humusaufbau tragen zum Klimaschutz ebenso wie zum Erhalt der Biodiversit\u00e4t bei.<\/p>\n<p>&nbsp;<\/p>\n<p><strong><a href=\"https:\/\/www.naturpark-spessart.de\/\" target=\"_blank\">Naturpark Spessart<\/a> (Bayern)<\/strong><\/p>\n<p>Extensiv genutztes Feucht-Gr\u00fcnland und Moorstandorte tragen durch CO<sub>2<\/sub>-Bindung wesentlich zum Klimaschutz sowie zum Erhalt der biologischen Vielfalt bei. Um den Erhalt dieser Lebensr\u00e4ume zu unterst\u00fctzen, hat der Naturpark Spessart 2011 gemeinsam mit Partnern die Initiative \u201eGr\u00fcnland Spessart\u201c gegr\u00fcndet. Ziel ist es, diese wertvollen Fl\u00e4chen durch eine extensive Beweidung ohne maschinellen Einsatz klimaschonender und weniger kostenintensiv zu erhalten, damit sie nicht zuwachsen und ihre positive Wirkung f\u00fcr den Natur- und Klimaschutz erhalten bleibt. Gleichzeitig arbeiten Sch\u00e4fer:innen, Landwirt:innen, Metzgereien und Gastronomiebetriebe eng zusammen, um hochwertige, regionale Fleisch- und Wurstprodukte zu produzieren, zu vermarkten und ein h\u00f6heres Einkommen zu erzielen. Mit der F\u00f6rderung von speziell Lammprodukten aus extensiver Gr\u00fcnlandnutzung wird so ein wichtiger Beitrag geleistet, um wertvolle Gr\u00fcnlandstandorte und deren Beitrag zu Klima- und Naturschutz langfristig zu erhalten.<\/p>\n<p>&nbsp;<\/p>\n<p><strong><a href=\"https:\/\/www.naturpark.org\/\" target=\"_blank\">Naturpark Saar-Hunsr\u00fcck<\/a> (Rheinland-Pfalz\/Saarland) <\/strong><\/p>\n<p>Sch\u00fcler:innen und Lehrkr\u00e4fte einer Realschule werden aktiv in die Anpflanzung hochst\u00e4mmige Obstb\u00e4ume regionaler Sorten und in die Pflege der B\u00e4ume auf einer benachbarten alten Streuobstwiese eingebunden. Au\u00dferdem werden sie im Rahmen eines p\u00e4dagogischen Begleitkonzeptes zu den Themen Lebensraum Streuobstwiese, historische Kulturlandschaft und Obstbaumschnitt als BNE-Multiplikatoren (Bildung f\u00fcr nachhaltige Entwicklung) geschult. Neben der direkten Klimawirksamkeit durch die Pflanzung und Pflege der Streuobstwiese werden die Sch\u00fcler:innen so f\u00fcr \u00f6kologische und klimaschutzrelevante Fragen sensibilisiert und lernen Gestaltungs- und Handlungskompetenzen f\u00fcr eine verantwortungsbewusste und nachhaltige Gestaltung der Zukunft.<\/p>\n<p>&nbsp;<\/p>\n<p><strong><a href=\"https:\/\/www.naturparkschwarzwald.de\/\" target=\"_blank\">Naturpark Schwarzwald Mitte\/Nord<\/a> (Baden-W\u00fcrttemberg):<\/strong><\/p>\n<p>Unter dem Motto \u201eNaturpark-KlimaWerkstatt \u2013 Sensibilisierungsmodule f\u00fcr Kinder\u201c wird der Naturpark mit dem \u201eKlimakochtheater\u201c und dem \u201eKlimakochtopf\u201c ein erstes klimaschutz\u00adfokussiertes Bildungsangebot f\u00fcr Naturpark-Kinderg\u00e4rten und Naturpark-Schulen schaffen. Die Kinder kommen dem komplexen und anspruchsvollen Thema Klimaschutz in dem f\u00fcr sie besonders alltagsrelevanten Bereich Ern\u00e4hrung auf die Spur und lernen auf erlebnisreiche und kreative Weise durch Experimente, Rollenspiele und eigenes Schaffen. Mit f\u00e4cher\u00fcbergreifenden Arbeitsmaterialien erhalten die Lehrkr\u00e4fte konkrete Anregungen, die Inhalte des Moduls Klimakochtopf in die Lebenswirklichkeit der Kinder zu \u00fcbertragen. Ziel ist, den Blick der Kinder daf\u00fcr zu schulen, klimafreundliche Produkte zu erkennen und zu konsumieren.<\/p>\n<p>&nbsp;<\/p>\n","protected":false},"excerpt":{"rendered":"<p>Das Unternehmens Kaufland f\u00f6rdert neun regionale Klimaschutz-Projekte in Naturparken, die von einer fachkundigen Jury ausgew\u00e4hlt wurden.<\/p>\n","protected":false},"author":73,"featured_media":14605,"comment_status":"open","ping_status":"open","sticky":false,"template":"","format":"standard","meta":{"_links_to":"","_links_to_target":""},"categories":[7],"tags":[1636,1586,1601,263,522,735,3154,470,1635,1054],"yoast_head":"<!-- This site is optimized with the Yoast SEO plugin v19.10 - https:\/\/yoast.com\/wordpress\/plugins\/seo\/ -->\n<title>Klimaschutz in Naturparken<\/title>\n<meta name=\"description\" content=\"Das Unternehmens Kaufland f\u00f6rdert neun regionale Klimaschutz-Projekte in Naturparken, die von einer fachkundigen Jury ausgew\u00e4hlt wurden.\" \/>\n<meta name=\"robots\" content=\"index, follow, max-snippet:-1, max-image-preview:large, max-video-preview:-1\" \/>\n<link rel=\"canonical\" href=\"https:\/\/www.naturparkmagazin.de\/vdn\/klimaschutz-in-naturparken\/\" \/>\n<meta property=\"og:locale\" content=\"de_DE\" \/>\n<meta property=\"og:type\" content=\"article\" \/>\n<meta property=\"og:title\" content=\"Klimaschutz in Naturparken\" \/>\n<meta property=\"og:description\" content=\"Das Unternehmens Kaufland f\u00f6rdert neun regionale Klimaschutz-Projekte in Naturparken, die von einer fachkundigen Jury ausgew\u00e4hlt wurden.\" \/>\n<meta property=\"og:url\" content=\"https:\/\/www.naturparkmagazin.de\/vdn\/klimaschutz-in-naturparken\/\" \/>\n<meta property=\"og:site_name\" content=\"Verband Deutscher Naturparke\" \/>\n<meta property=\"article:published_time\" content=\"2022-03-28T16:58:25+00:00\" \/>\n<meta property=\"article:modified_time\" content=\"2022-03-28T17:23:11+00:00\" \/>\n<meta property=\"og:image\" content=\"https:\/\/www.naturparkmagazin.de\/vdn\/wp-content\/uploads\/sites\/3\/Liesen_Beweidete-Streuobstwiese-bf.jpg\" \/>\n\t<meta property=\"og:image:width\" content=\"200\" \/>\n\t<meta property=\"og:image:height\" content=\"200\" \/>\n\t<meta property=\"og:image:type\" content=\"image\/jpeg\" \/>\n<meta name=\"author\" content=\"manuelamerz\" \/>\n<meta name=\"twitter:label1\" content=\"Verfasst von\" \/>\n\t<meta name=\"twitter:data1\" content=\"manuelamerz\" \/>\n\t<meta name=\"twitter:label2\" content=\"Gesch\u00e4tzte Lesezeit\" \/>\n\t<meta name=\"twitter:data2\" content=\"6\u00a0Minuten\" \/>\n<script type=\"application\/ld+json\" class=\"yoast-schema-graph\">{\"@context\":\"https:\/\/schema.org\",\"@graph\":[{\"@type\":\"WebPage\",\"@id\":\"https:\/\/www.naturparkmagazin.de\/vdn\/klimaschutz-in-naturparken\/\",\"url\":\"https:\/\/www.naturparkmagazin.de\/vdn\/klimaschutz-in-naturparken\/\",\"name\":\"Klimaschutz in Naturparken\",\"isPartOf\":{\"@id\":\"https:\/\/www.naturparkmagazin.de\/vdn\/#website\"},\"datePublished\":\"2022-03-28T16:58:25+00:00\",\"dateModified\":\"2022-03-28T17:23:11+00:00\",\"author\":{\"@id\":\"https:\/\/www.naturparkmagazin.de\/vdn\/#\/schema\/person\/3cff9b8773ed55f0189255fa9adfd57c\"},\"description\":\"Das Unternehmens Kaufland f\u00f6rdert neun regionale Klimaschutz-Projekte in Naturparken, die von einer fachkundigen Jury ausgew\u00e4hlt wurden.\",\"breadcrumb\":{\"@id\":\"https:\/\/www.naturparkmagazin.de\/vdn\/klimaschutz-in-naturparken\/#breadcrumb\"},\"inLanguage\":\"de\",\"potentialAction\":[{\"@type\":\"ReadAction\",\"target\":[\"https:\/\/www.naturparkmagazin.de\/vdn\/klimaschutz-in-naturparken\/\"]}]},{\"@type\":\"BreadcrumbList\",\"@id\":\"https:\/\/www.naturparkmagazin.de\/vdn\/klimaschutz-in-naturparken\/#breadcrumb\",\"itemListElement\":[{\"@type\":\"ListItem\",\"position\":1,\"name\":\"Home\",\"item\":\"https:\/\/www.naturparkmagazin.de\/vdn\/\"},{\"@type\":\"ListItem\",\"position\":2,\"name\":\"Klimaschutz in Naturparken\"}]},{\"@type\":\"WebSite\",\"@id\":\"https:\/\/www.naturparkmagazin.de\/vdn\/#website\",\"url\":\"https:\/\/www.naturparkmagazin.de\/vdn\/\",\"name\":\"Verband Deutscher Naturparke\",\"description\":\"Eine weitere Naturparkmagazin.de Netzwerk Seite\",\"potentialAction\":[{\"@type\":\"SearchAction\",\"target\":{\"@type\":\"EntryPoint\",\"urlTemplate\":\"https:\/\/www.naturparkmagazin.de\/vdn\/?s={search_term_string}\"},\"query-input\":\"required name=search_term_string\"}],\"inLanguage\":\"de\"},{\"@type\":\"Person\",\"@id\":\"https:\/\/www.naturparkmagazin.de\/vdn\/#\/schema\/person\/3cff9b8773ed55f0189255fa9adfd57c\",\"name\":\"manuelamerz\",\"url\":\"https:\/\/www.naturparkmagazin.de\/vdn\/author\/manuelamerz\/\"}]}<\/script>\n<!-- \/ Yoast SEO plugin. -->","yoast_head_json":{"title":"Klimaschutz in Naturparken","description":"Das Unternehmens Kaufland f\u00f6rdert neun regionale Klimaschutz-Projekte in Naturparken, die von einer fachkundigen Jury ausgew\u00e4hlt wurden.","robots":{"index":"index","follow":"follow","max-snippet":"max-snippet:-1","max-image-preview":"max-image-preview:large","max-video-preview":"max-video-preview:-1"},"canonical":"https:\/\/www.naturparkmagazin.de\/vdn\/klimaschutz-in-naturparken\/","og_locale":"de_DE","og_type":"article","og_title":"Klimaschutz in Naturparken","og_description":"Das Unternehmens Kaufland f\u00f6rdert neun regionale Klimaschutz-Projekte in Naturparken, die von einer fachkundigen Jury ausgew\u00e4hlt wurden.","og_url":"https:\/\/www.naturparkmagazin.de\/vdn\/klimaschutz-in-naturparken\/","og_site_name":"Verband Deutscher Naturparke","article_published_time":"2022-03-28T16:58:25+00:00","article_modified_time":"2022-03-28T17:23:11+00:00","og_image":[{"width":200,"height":200,"url":"https:\/\/www.naturparkmagazin.de\/vdn\/wp-content\/uploads\/sites\/3\/Liesen_Beweidete-Streuobstwiese-bf.jpg","type":"image\/jpeg"}],"author":"manuelamerz","twitter_misc":{"Verfasst von":"manuelamerz","Gesch\u00e4tzte Lesezeit":"6\u00a0Minuten"},"schema":{"@context":"https:\/\/schema.org","@graph":[{"@type":"WebPage","@id":"https:\/\/www.naturparkmagazin.de\/vdn\/klimaschutz-in-naturparken\/","url":"https:\/\/www.naturparkmagazin.de\/vdn\/klimaschutz-in-naturparken\/","name":"Klimaschutz in Naturparken","isPartOf":{"@id":"https:\/\/www.naturparkmagazin.de\/vdn\/#website"},"datePublished":"2022-03-28T16:58:25+00:00","dateModified":"2022-03-28T17:23:11+00:00","author":{"@id":"https:\/\/www.naturparkmagazin.de\/vdn\/#\/schema\/person\/3cff9b8773ed55f0189255fa9adfd57c"},"description":"Das Unternehmens Kaufland f\u00f6rdert neun regionale Klimaschutz-Projekte in Naturparken, die von einer fachkundigen Jury ausgew\u00e4hlt wurden.","breadcrumb":{"@id":"https:\/\/www.naturparkmagazin.de\/vdn\/klimaschutz-in-naturparken\/#breadcrumb"},"inLanguage":"de","potentialAction":[{"@type":"ReadAction","target":["https:\/\/www.naturparkmagazin.de\/vdn\/klimaschutz-in-naturparken\/"]}]},{"@type":"BreadcrumbList","@id":"https:\/\/www.naturparkmagazin.de\/vdn\/klimaschutz-in-naturparken\/#breadcrumb","itemListElement":[{"@type":"ListItem","position":1,"name":"Home","item":"https:\/\/www.naturparkmagazin.de\/vdn\/"},{"@type":"ListItem","position":2,"name":"Klimaschutz in Naturparken"}]},{"@type":"WebSite","@id":"https:\/\/www.naturparkmagazin.de\/vdn\/#website","url":"https:\/\/www.naturparkmagazin.de\/vdn\/","name":"Verband Deutscher Naturparke","description":"Eine weitere Naturparkmagazin.de Netzwerk Seite","potentialAction":[{"@type":"SearchAction","target":{"@type":"EntryPoint","urlTemplate":"https:\/\/www.naturparkmagazin.de\/vdn\/?s={search_term_string}"},"query-input":"required name=search_term_string"}],"inLanguage":"de"},{"@type":"Person","@id":"https:\/\/www.naturparkmagazin.de\/vdn\/#\/schema\/person\/3cff9b8773ed55f0189255fa9adfd57c","name":"manuelamerz","url":"https:\/\/www.naturparkmagazin.de\/vdn\/author\/manuelamerz\/"}]}},"_links":{"self":[{"href":"https:\/\/www.naturparkmagazin.de\/vdn\/wp-json\/wp\/v2\/posts\/14604"}],"collection":[{"href":"https:\/\/www.naturparkmagazin.de\/vdn\/wp-json\/wp\/v2\/posts"}],"about":[{"href":"https:\/\/www.naturparkmagazin.de\/vdn\/wp-json\/wp\/v2\/types\/post"}],"author":[{"embeddable":true,"href":"https:\/\/www.naturparkmagazin.de\/vdn\/wp-json\/wp\/v2\/users\/73"}],"replies":[{"embeddable":true,"href":"https:\/\/www.naturparkmagazin.de\/vdn\/wp-json\/wp\/v2\/comments?post=14604"}],"version-history":[{"count":5,"href":"https:\/\/www.naturparkmagazin.de\/vdn\/wp-json\/wp\/v2\/posts\/14604\/revisions"}],"predecessor-version":[{"id":14611,"href":"https:\/\/www.naturparkmagazin.de\/vdn\/wp-json\/wp\/v2\/posts\/14604\/revisions\/14611"}],"wp:featuredmedia":[{"embeddable":true,"href":"https:\/\/www.naturparkmagazin.de\/vdn\/wp-json\/wp\/v2\/media\/14605"}],"wp:attachment":[{"href":"https:\/\/www.naturparkmagazin.de\/vdn\/wp-json\/wp\/v2\/media?parent=14604"}],"wp:term":[{"taxonomy":"category","embeddable":true,"href":"https:\/\/www.naturparkmagazin.de\/vdn\/wp-json\/wp\/v2\/categories?post=14604"},{"taxonomy":"post_tag","embeddable":true,"href":"https:\/\/www.naturparkmagazin.de\/vdn\/wp-json\/wp\/v2\/tags?post=14604"}],"curies":[{"name":"wp","href":"https:\/\/api.w.org\/{rel}","templated":true}]}}