{"id":14633,"date":"2022-04-21T13:28:09","date_gmt":"2022-04-21T11:28:09","guid":{"rendered":"https:\/\/www.naturparkmagazin.de\/vdn\/?p=14633"},"modified":"2022-04-21T17:00:18","modified_gmt":"2022-04-21T15:00:18","slug":"naturpark-wandertag-2022-mit-veranstaltungen-und-gewinnspiel","status":"publish","type":"post","link":"https:\/\/www.naturparkmagazin.de\/vdn\/naturpark-wandertag-2022-mit-veranstaltungen-und-gewinnspiel\/","title":{"rendered":"Naturpark-Wandertag 2022 mit Veranstaltungen und Gewinnspiel"},"content":{"rendered":"<p>Zwei Jahre in Folge musste der Naturpark-Wandertag wegen der Corona-Pandemie ausfallen \u2013 nun ist er endlich wieder zur\u00fcck!<\/p>\n<p>Die Naturparke in ihrer ganzen Vielfalt entdecken \u2013 das ist das Ziel des Wandertags der Deutschen Naturparke, der in diesem Jahr am 29. Mai 2022 stattfindet. In den 104 Naturparken in Deutschland finden am letzten Maiwochenende ganz besondere Veranstaltungen statt. Dabei stehen das gemeinsame Naturerlebnis und das Gl\u00fcck, mit allen Sinnen die Natur zu erleben, im Mittelpunkt. Zahlreiche Erlebnistouren werden von fachkundigen F\u00fchrern begleitet. Ob Fahrradwanderung, Vogelstimmentour oder fantastische Reise zu Mythen und Sagen \u2013 au\u00dfergew\u00f6hnliche Erlebnisse sind am Naturpark-Wandertag 2022 garantiert.<\/p>\n<p>Zum \u201eNaturpark-Wandertag&#8220; k\u00f6nnen Natur- und Geoparke ihre Veranstaltungen &#8211; diesmal unter dem Motto <strong>\u201eWir sind Natur \u2013 entdecken, erleben, verbunden f\u00fchlen\u201c<\/strong> &#8211; anbieten &#8211; nat\u00fcrlich immer unter Ber\u00fccksichtigung der entsprechenden Corona-Verordnungen und M\u00f6glichkeiten.<\/p>\n<p><a href=\"https:\/\/www.naturparkmagazin.de\/vdn\/wp-content\/uploads\/sites\/3\/Button-2022-web.jpg\"><img decoding=\"async\" loading=\"lazy\" class=\"alignnone size-full wp-image-14635\" src=\"https:\/\/www.naturparkmagazin.de\/vdn\/wp-content\/uploads\/sites\/3\/Button-2022-web.jpg\" alt=\"Button Naturpark-Wandertag 2022\" width=\"399\" height=\"401\" srcset=\"https:\/\/www.naturparkmagazin.de\/vdn\/wp-content\/uploads\/sites\/3\/Button-2022-web.jpg 399w, https:\/\/www.naturparkmagazin.de\/vdn\/wp-content\/uploads\/sites\/3\/Button-2022-web-300x302.jpg 300w, https:\/\/www.naturparkmagazin.de\/vdn\/wp-content\/uploads\/sites\/3\/Button-2022-web-200x201.jpg 200w, https:\/\/www.naturparkmagazin.de\/vdn\/wp-content\/uploads\/sites\/3\/Button-2022-web-30x30.jpg 30w\" sizes=\"(max-width: 399px) 100vw, 399px\" \/><\/a><\/p>\n<p>Alle eingestellten Angebote werden nicht nur in der Angebotssuche unter dem jeweiligen Naturpark, sondern zus\u00e4tzlich auf der Website des VDN e. V. unter dem Stichwort &#8222;<a href=\"https:\/\/www.naturparke.de\/naturparke-erleben\/naturpark-wandertag-2022.html\">Naturpark-Wandertag 2022<\/a>&#8220; ausgelesen. So k\u00f6nnen Besucher:innen sich einen guten \u00dcberblick \u00fcber alle stattfindenden Veranstaltungen in ihrem Naturpark machen.<\/p>\n<p>Natur- und Geoparke k\u00f6nnen ihre Wanderaktionen auch zusammen mit ihren Naturpark-Botschafter:innen kommunizieren.<\/p>\n<p>Der Naturpark-Wandertag findet seit 2014 immer am letzten Sonntag im Mai statt \u2013 anl\u00e4sslich des \u201eEurop\u00e4ischen Tags der Parke&#8220;, der vom europ\u00e4ischen Dachverband EUROPARC Federation am 24. Mai gefeiert wird. Hier geht es zur <a href=\"https:\/\/www.europarc.org\/nature\/european-day-of-parks\/\">englischsprachigen Website<\/a> mit allen Informationen und eingestellten Events:<\/p>\n<p><a href=\"https:\/\/www.naturparkmagazin.de\/vdn\/wp-content\/uploads\/sites\/3\/EDoP_Banner_DE_Transparent_2022.png\"><img decoding=\"async\" loading=\"lazy\" class=\"size-medium wp-image-14657\" src=\"https:\/\/www.naturparkmagazin.de\/vdn\/wp-content\/uploads\/sites\/3\/EDoP_Banner_DE_Transparent_2022-620x366.png\" alt=\"Das aktuelle Logo zum Europ\u00e4ischen Tag der Parke 2022: Wir sind Natur.\" width=\"620\" height=\"366\" srcset=\"https:\/\/www.naturparkmagazin.de\/vdn\/wp-content\/uploads\/sites\/3\/EDoP_Banner_DE_Transparent_2022-620x366.png 620w, https:\/\/www.naturparkmagazin.de\/vdn\/wp-content\/uploads\/sites\/3\/EDoP_Banner_DE_Transparent_2022-300x177.png 300w, https:\/\/www.naturparkmagazin.de\/vdn\/wp-content\/uploads\/sites\/3\/EDoP_Banner_DE_Transparent_2022-940x554.png 940w, https:\/\/www.naturparkmagazin.de\/vdn\/wp-content\/uploads\/sites\/3\/EDoP_Banner_DE_Transparent_2022-670x395.png 670w, https:\/\/www.naturparkmagazin.de\/vdn\/wp-content\/uploads\/sites\/3\/EDoP_Banner_DE_Transparent_2022-200x118.png 200w, https:\/\/www.naturparkmagazin.de\/vdn\/wp-content\/uploads\/sites\/3\/EDoP_Banner_DE_Transparent_2022.png 1616w\" sizes=\"(max-width: 620px) 100vw, 620px\" \/><\/a><\/p>\n<p>&nbsp;<\/p>\n<p>Schutzgebiete sind ideale Orte, um die Natur zu entdecken, zu erleben und sich mit ihr verbunden zu f\u00fchlen. In einem immer st\u00e4rker urban gepr\u00e4gten Europa k\u00f6nnen die Menschen sich an diesen Orten wirklich erden und f\u00fchlen, dass auch sie Teil der Natur sind.<\/p>\n<p><strong>NEU: Gemeinsames Gewinnspiel aller Nationalen Naturlandschaften &#8211; \u201eWir sind Natur \u2013 entdecken, erleben, verbunden f\u00fchlen\u201c<\/strong><\/p>\n<p>In diesem Jahr findet zum \u201eEurop\u00e4ischen Tag der Parke\u201c erstmals eine gemeinsame Gewinnspiel-Kooperation der beiden Dachverb\u00e4nde VDN e. V. und NNL e. V. f\u00fcr die Nationalen Naturlandschaften, dem B\u00fcndnis der deutschen Nationalparke, Naturparke, Biosph\u00e4renreservate und Wildnisgebiete, statt.<\/p>\n<div id=\"attachment_14640\" style=\"width: 630px\" class=\"wp-caption alignnone\"><a href=\"https:\/\/www.naturparkmagazin.de\/vdn\/wp-content\/uploads\/sites\/3\/Wanderung_Bayerischer-Wald_Daniela_Bloechinger.jpg\"><img aria-describedby=\"caption-attachment-14640\" decoding=\"async\" loading=\"lazy\" class=\"size-medium wp-image-14640\" src=\"https:\/\/www.naturparkmagazin.de\/vdn\/wp-content\/uploads\/sites\/3\/Wanderung_Bayerischer-Wald_Daniela_Bloechinger-620x349.jpg\" alt=\"Wanderung im Bayerischen Wald. \u00a9 Daniela Bloechinger\" width=\"620\" height=\"349\" srcset=\"https:\/\/www.naturparkmagazin.de\/vdn\/wp-content\/uploads\/sites\/3\/Wanderung_Bayerischer-Wald_Daniela_Bloechinger-620x349.jpg 620w, https:\/\/www.naturparkmagazin.de\/vdn\/wp-content\/uploads\/sites\/3\/Wanderung_Bayerischer-Wald_Daniela_Bloechinger-300x169.jpg 300w, https:\/\/www.naturparkmagazin.de\/vdn\/wp-content\/uploads\/sites\/3\/Wanderung_Bayerischer-Wald_Daniela_Bloechinger-940x529.jpg 940w, https:\/\/www.naturparkmagazin.de\/vdn\/wp-content\/uploads\/sites\/3\/Wanderung_Bayerischer-Wald_Daniela_Bloechinger-670x377.jpg 670w, https:\/\/www.naturparkmagazin.de\/vdn\/wp-content\/uploads\/sites\/3\/Wanderung_Bayerischer-Wald_Daniela_Bloechinger-200x113.jpg 200w, https:\/\/www.naturparkmagazin.de\/vdn\/wp-content\/uploads\/sites\/3\/Wanderung_Bayerischer-Wald_Daniela_Bloechinger.jpg 1280w\" sizes=\"(max-width: 620px) 100vw, 620px\" \/><\/a><p id=\"caption-attachment-14640\" class=\"wp-caption-text\">Wanderung im Bayerischen Wald. \u00a9 Daniela Bl\u00f6chinger<\/p><\/div>\n<p>Unter dem diesj\u00e4hrigen Motto \u201eWir sind Natur \u2013 entdecken, erleben, verbunden f\u00fchlen\u201c stellen wir gemeinsam eure denkw\u00fcrdigsten Momente in und mit der Natur in den Mittelpunkt.<\/p>\n<p>Das Foto-Gewinnspiel bietet die gute Gelegenheit, in der Natur unterwegs zu sein und mit einem eigenen Foto und Zitat zum Ausdruck zu bringen, was euren Lieblingsplatz in einer Nationalen Naturlandschaft so einzigartig macht.<\/p>\n<p>Wer ein Foto mit einem Zitat aus seiner liebsten Nationalen Naturlandschaft \u2013 einem Nationalpark, Naturpark, Biosph\u00e4renreservat oder Wildnisgebiet &#8211; einsendet, hat die Chance auf attraktive Gewinne. Alle Teilnahmebedingungen finden sich auf der Website der Nationalen Naturlandschaften:\n<a href=\"https:\/\/nationale-naturlandschaften.de\/meinennl\">https:\/\/nationale-naturlandschaften.de\/meinennl<\/a><\/p>\n<p><a href=\"https:\/\/www.naturparkmagazin.de\/vdn\/wp-content\/uploads\/sites\/3\/Aktion-NNL-Postkarte.png\"><img decoding=\"async\" loading=\"lazy\" class=\"alignnone size-full wp-image-14638\" src=\"https:\/\/www.naturparkmagazin.de\/vdn\/wp-content\/uploads\/sites\/3\/Aktion-NNL-Postkarte.png\" alt=\"Gewinnspiel-Aktion NNL-Postkarte\" width=\"530\" height=\"298\" srcset=\"https:\/\/www.naturparkmagazin.de\/vdn\/wp-content\/uploads\/sites\/3\/Aktion-NNL-Postkarte.png 530w, https:\/\/www.naturparkmagazin.de\/vdn\/wp-content\/uploads\/sites\/3\/Aktion-NNL-Postkarte-300x169.png 300w, https:\/\/www.naturparkmagazin.de\/vdn\/wp-content\/uploads\/sites\/3\/Aktion-NNL-Postkarte-200x112.png 200w\" sizes=\"(max-width: 530px) 100vw, 530px\" \/><\/a><\/p>\n","protected":false},"excerpt":{"rendered":"<p>Er ist wieder da: Der Naturpark-Wandertag findet am 29. Mai 2022 statt &#8211;  anl\u00e4sslich des &#8222;Europ\u00e4ischen Tags der Parke&#8220;, der j\u00e4hrlich am 24. Mai gefeiert wird. Gemeinsames Gewinnspiel von VDN e. V. und NNL e. V.<\/p>\n","protected":false},"author":73,"featured_media":14635,"comment_status":"open","ping_status":"open","sticky":false,"template":"","format":"standard","meta":{"_links_to":"","_links_to_target":""},"categories":[51],"tags":[2758,309,81,2877,436],"yoast_head":"<!-- This site is optimized with the Yoast SEO plugin v19.10 - https:\/\/yoast.com\/wordpress\/plugins\/seo\/ -->\n<title>Naturpark-Wandertag 2022 mit Veranstaltungen und Gewinnspiel<\/title>\n<meta name=\"description\" content=\"Er ist wieder da: Der Naturpark-Wandertag findet am 29. Mai 2022 statt - anl\u00e4sslich des &quot;Europ\u00e4ischen Tags der Parke&quot;, der j\u00e4hrlich am 24. Mai gefeiert wird. Gemeinsames Gewinnspiel von VDN e. V. und NNL e. V.\" \/>\n<meta name=\"robots\" content=\"index, follow, max-snippet:-1, max-image-preview:large, max-video-preview:-1\" \/>\n<link rel=\"canonical\" href=\"https:\/\/www.naturparkmagazin.de\/vdn\/naturpark-wandertag-2022-mit-veranstaltungen-und-gewinnspiel\/\" \/>\n<meta property=\"og:locale\" content=\"de_DE\" \/>\n<meta property=\"og:type\" content=\"article\" \/>\n<meta property=\"og:title\" content=\"Naturpark-Wandertag 2022 mit Veranstaltungen und Gewinnspiel\" \/>\n<meta property=\"og:description\" content=\"Er ist wieder da: Der Naturpark-Wandertag findet am 29. Mai 2022 statt - anl\u00e4sslich des &quot;Europ\u00e4ischen Tags der Parke&quot;, der j\u00e4hrlich am 24. Mai gefeiert wird. Gemeinsames Gewinnspiel von VDN e. V. und NNL e. V.\" \/>\n<meta property=\"og:url\" content=\"https:\/\/www.naturparkmagazin.de\/vdn\/naturpark-wandertag-2022-mit-veranstaltungen-und-gewinnspiel\/\" \/>\n<meta property=\"og:site_name\" content=\"Verband Deutscher Naturparke\" \/>\n<meta property=\"article:published_time\" content=\"2022-04-21T11:28:09+00:00\" \/>\n<meta property=\"article:modified_time\" content=\"2022-04-21T15:00:18+00:00\" \/>\n<meta property=\"og:image\" content=\"https:\/\/www.naturparkmagazin.de\/vdn\/wp-content\/uploads\/sites\/3\/Button-2022-web.jpg\" \/>\n\t<meta property=\"og:image:width\" content=\"399\" \/>\n\t<meta property=\"og:image:height\" content=\"401\" \/>\n\t<meta property=\"og:image:type\" content=\"image\/jpeg\" \/>\n<meta name=\"author\" content=\"manuelamerz\" \/>\n<meta name=\"twitter:label1\" content=\"Verfasst von\" \/>\n\t<meta name=\"twitter:data1\" content=\"manuelamerz\" \/>\n\t<meta name=\"twitter:label2\" content=\"Gesch\u00e4tzte Lesezeit\" \/>\n\t<meta name=\"twitter:data2\" content=\"2\u00a0Minuten\" \/>\n<script type=\"application\/ld+json\" class=\"yoast-schema-graph\">{\"@context\":\"https:\/\/schema.org\",\"@graph\":[{\"@type\":\"WebPage\",\"@id\":\"https:\/\/www.naturparkmagazin.de\/vdn\/naturpark-wandertag-2022-mit-veranstaltungen-und-gewinnspiel\/\",\"url\":\"https:\/\/www.naturparkmagazin.de\/vdn\/naturpark-wandertag-2022-mit-veranstaltungen-und-gewinnspiel\/\",\"name\":\"Naturpark-Wandertag 2022 mit Veranstaltungen und Gewinnspiel\",\"isPartOf\":{\"@id\":\"https:\/\/www.naturparkmagazin.de\/vdn\/#website\"},\"datePublished\":\"2022-04-21T11:28:09+00:00\",\"dateModified\":\"2022-04-21T15:00:18+00:00\",\"author\":{\"@id\":\"https:\/\/www.naturparkmagazin.de\/vdn\/#\/schema\/person\/3cff9b8773ed55f0189255fa9adfd57c\"},\"description\":\"Er ist wieder da: Der Naturpark-Wandertag findet am 29. Mai 2022 statt - anl\u00e4sslich des \\\"Europ\u00e4ischen Tags der Parke\\\", der j\u00e4hrlich am 24. Mai gefeiert wird. Gemeinsames Gewinnspiel von VDN e. V. und NNL e. V.\",\"breadcrumb\":{\"@id\":\"https:\/\/www.naturparkmagazin.de\/vdn\/naturpark-wandertag-2022-mit-veranstaltungen-und-gewinnspiel\/#breadcrumb\"},\"inLanguage\":\"de\",\"potentialAction\":[{\"@type\":\"ReadAction\",\"target\":[\"https:\/\/www.naturparkmagazin.de\/vdn\/naturpark-wandertag-2022-mit-veranstaltungen-und-gewinnspiel\/\"]}]},{\"@type\":\"BreadcrumbList\",\"@id\":\"https:\/\/www.naturparkmagazin.de\/vdn\/naturpark-wandertag-2022-mit-veranstaltungen-und-gewinnspiel\/#breadcrumb\",\"itemListElement\":[{\"@type\":\"ListItem\",\"position\":1,\"name\":\"Home\",\"item\":\"https:\/\/www.naturparkmagazin.de\/vdn\/\"},{\"@type\":\"ListItem\",\"position\":2,\"name\":\"Naturpark-Wandertag 2022 mit Veranstaltungen und Gewinnspiel\"}]},{\"@type\":\"WebSite\",\"@id\":\"https:\/\/www.naturparkmagazin.de\/vdn\/#website\",\"url\":\"https:\/\/www.naturparkmagazin.de\/vdn\/\",\"name\":\"Verband Deutscher Naturparke\",\"description\":\"Eine weitere Naturparkmagazin.de Netzwerk Seite\",\"potentialAction\":[{\"@type\":\"SearchAction\",\"target\":{\"@type\":\"EntryPoint\",\"urlTemplate\":\"https:\/\/www.naturparkmagazin.de\/vdn\/?s={search_term_string}\"},\"query-input\":\"required name=search_term_string\"}],\"inLanguage\":\"de\"},{\"@type\":\"Person\",\"@id\":\"https:\/\/www.naturparkmagazin.de\/vdn\/#\/schema\/person\/3cff9b8773ed55f0189255fa9adfd57c\",\"name\":\"manuelamerz\",\"url\":\"https:\/\/www.naturparkmagazin.de\/vdn\/author\/manuelamerz\/\"}]}<\/script>\n<!-- \/ Yoast SEO plugin. -->","yoast_head_json":{"title":"Naturpark-Wandertag 2022 mit Veranstaltungen und Gewinnspiel","description":"Er ist wieder da: Der Naturpark-Wandertag findet am 29. Mai 2022 statt - anl\u00e4sslich des \"Europ\u00e4ischen Tags der Parke\", der j\u00e4hrlich am 24. Mai gefeiert wird. Gemeinsames Gewinnspiel von VDN e. V. und NNL e. V.","robots":{"index":"index","follow":"follow","max-snippet":"max-snippet:-1","max-image-preview":"max-image-preview:large","max-video-preview":"max-video-preview:-1"},"canonical":"https:\/\/www.naturparkmagazin.de\/vdn\/naturpark-wandertag-2022-mit-veranstaltungen-und-gewinnspiel\/","og_locale":"de_DE","og_type":"article","og_title":"Naturpark-Wandertag 2022 mit Veranstaltungen und Gewinnspiel","og_description":"Er ist wieder da: Der Naturpark-Wandertag findet am 29. Mai 2022 statt - anl\u00e4sslich des \"Europ\u00e4ischen Tags der Parke\", der j\u00e4hrlich am 24. Mai gefeiert wird. Gemeinsames Gewinnspiel von VDN e. V. und NNL e. V.","og_url":"https:\/\/www.naturparkmagazin.de\/vdn\/naturpark-wandertag-2022-mit-veranstaltungen-und-gewinnspiel\/","og_site_name":"Verband Deutscher Naturparke","article_published_time":"2022-04-21T11:28:09+00:00","article_modified_time":"2022-04-21T15:00:18+00:00","og_image":[{"width":399,"height":401,"url":"https:\/\/www.naturparkmagazin.de\/vdn\/wp-content\/uploads\/sites\/3\/Button-2022-web.jpg","type":"image\/jpeg"}],"author":"manuelamerz","twitter_misc":{"Verfasst von":"manuelamerz","Gesch\u00e4tzte Lesezeit":"2\u00a0Minuten"},"schema":{"@context":"https:\/\/schema.org","@graph":[{"@type":"WebPage","@id":"https:\/\/www.naturparkmagazin.de\/vdn\/naturpark-wandertag-2022-mit-veranstaltungen-und-gewinnspiel\/","url":"https:\/\/www.naturparkmagazin.de\/vdn\/naturpark-wandertag-2022-mit-veranstaltungen-und-gewinnspiel\/","name":"Naturpark-Wandertag 2022 mit Veranstaltungen und Gewinnspiel","isPartOf":{"@id":"https:\/\/www.naturparkmagazin.de\/vdn\/#website"},"datePublished":"2022-04-21T11:28:09+00:00","dateModified":"2022-04-21T15:00:18+00:00","author":{"@id":"https:\/\/www.naturparkmagazin.de\/vdn\/#\/schema\/person\/3cff9b8773ed55f0189255fa9adfd57c"},"description":"Er ist wieder da: Der Naturpark-Wandertag findet am 29. Mai 2022 statt - anl\u00e4sslich des \"Europ\u00e4ischen Tags der Parke\", der j\u00e4hrlich am 24. Mai gefeiert wird. Gemeinsames Gewinnspiel von VDN e. V. und NNL e. V.","breadcrumb":{"@id":"https:\/\/www.naturparkmagazin.de\/vdn\/naturpark-wandertag-2022-mit-veranstaltungen-und-gewinnspiel\/#breadcrumb"},"inLanguage":"de","potentialAction":[{"@type":"ReadAction","target":["https:\/\/www.naturparkmagazin.de\/vdn\/naturpark-wandertag-2022-mit-veranstaltungen-und-gewinnspiel\/"]}]},{"@type":"BreadcrumbList","@id":"https:\/\/www.naturparkmagazin.de\/vdn\/naturpark-wandertag-2022-mit-veranstaltungen-und-gewinnspiel\/#breadcrumb","itemListElement":[{"@type":"ListItem","position":1,"name":"Home","item":"https:\/\/www.naturparkmagazin.de\/vdn\/"},{"@type":"ListItem","position":2,"name":"Naturpark-Wandertag 2022 mit Veranstaltungen und Gewinnspiel"}]},{"@type":"WebSite","@id":"https:\/\/www.naturparkmagazin.de\/vdn\/#website","url":"https:\/\/www.naturparkmagazin.de\/vdn\/","name":"Verband Deutscher Naturparke","description":"Eine weitere Naturparkmagazin.de Netzwerk Seite","potentialAction":[{"@type":"SearchAction","target":{"@type":"EntryPoint","urlTemplate":"https:\/\/www.naturparkmagazin.de\/vdn\/?s={search_term_string}"},"query-input":"required name=search_term_string"}],"inLanguage":"de"},{"@type":"Person","@id":"https:\/\/www.naturparkmagazin.de\/vdn\/#\/schema\/person\/3cff9b8773ed55f0189255fa9adfd57c","name":"manuelamerz","url":"https:\/\/www.naturparkmagazin.de\/vdn\/author\/manuelamerz\/"}]}},"_links":{"self":[{"href":"https:\/\/www.naturparkmagazin.de\/vdn\/wp-json\/wp\/v2\/posts\/14633"}],"collection":[{"href":"https:\/\/www.naturparkmagazin.de\/vdn\/wp-json\/wp\/v2\/posts"}],"about":[{"href":"https:\/\/www.naturparkmagazin.de\/vdn\/wp-json\/wp\/v2\/types\/post"}],"author":[{"embeddable":true,"href":"https:\/\/www.naturparkmagazin.de\/vdn\/wp-json\/wp\/v2\/users\/73"}],"replies":[{"embeddable":true,"href":"https:\/\/www.naturparkmagazin.de\/vdn\/wp-json\/wp\/v2\/comments?post=14633"}],"version-history":[{"count":9,"href":"https:\/\/www.naturparkmagazin.de\/vdn\/wp-json\/wp\/v2\/posts\/14633\/revisions"}],"predecessor-version":[{"id":14658,"href":"https:\/\/www.naturparkmagazin.de\/vdn\/wp-json\/wp\/v2\/posts\/14633\/revisions\/14658"}],"wp:featuredmedia":[{"embeddable":true,"href":"https:\/\/www.naturparkmagazin.de\/vdn\/wp-json\/wp\/v2\/media\/14635"}],"wp:attachment":[{"href":"https:\/\/www.naturparkmagazin.de\/vdn\/wp-json\/wp\/v2\/media?parent=14633"}],"wp:term":[{"taxonomy":"category","embeddable":true,"href":"https:\/\/www.naturparkmagazin.de\/vdn\/wp-json\/wp\/v2\/categories?post=14633"},{"taxonomy":"post_tag","embeddable":true,"href":"https:\/\/www.naturparkmagazin.de\/vdn\/wp-json\/wp\/v2\/tags?post=14633"}],"curies":[{"name":"wp","href":"https:\/\/api.w.org\/{rel}","templated":true}]}}