{"id":14666,"date":"2022-04-30T13:33:08","date_gmt":"2022-04-30T11:33:08","guid":{"rendered":"https:\/\/www.naturparkmagazin.de\/vdn\/?p=14666"},"modified":"2022-05-17T11:26:02","modified_gmt":"2022-05-17T09:26:02","slug":"naturpark-suedeifel","status":"publish","type":"post","link":"https:\/\/www.naturparkmagazin.de\/vdn\/naturpark-suedeifel\/","title":{"rendered":"Naturpark S\u00fcdeifel"},"content":{"rendered":"<div id=\"attachment_14670\" style=\"width: 510px\" class=\"wp-caption aligncenter\"><a href=\"https:\/\/www.naturparkmagazin.de\/vdn\/wp-content\/uploads\/sites\/3\/Portrait_Naturpark_S\u00fcdeifel-\u00a9-Naturpark_S\u00fcdeifel_Charly_Schlederb.jpg\"><img aria-describedby=\"caption-attachment-14670\" decoding=\"async\" loading=\"lazy\" class=\"size-full wp-image-14670\" src=\"https:\/\/www.naturparkmagazin.de\/vdn\/wp-content\/uploads\/sites\/3\/Portrait_Naturpark_S\u00fcdeifel-\u00a9-Naturpark_S\u00fcdeifel_Charly_Schlederb.jpg\" alt=\"Naturpark S\u00fcdeifel \u00a9 Naturpark S\u00fcdeifel \/ Charly Schleder\" width=\"500\" height=\"300\" srcset=\"https:\/\/www.naturparkmagazin.de\/vdn\/wp-content\/uploads\/sites\/3\/Portrait_Naturpark_S\u00fcdeifel-\u00a9-Naturpark_S\u00fcdeifel_Charly_Schlederb.jpg 500w, https:\/\/www.naturparkmagazin.de\/vdn\/wp-content\/uploads\/sites\/3\/Portrait_Naturpark_S\u00fcdeifel-\u00a9-Naturpark_S\u00fcdeifel_Charly_Schlederb-300x180.jpg 300w, https:\/\/www.naturparkmagazin.de\/vdn\/wp-content\/uploads\/sites\/3\/Portrait_Naturpark_S\u00fcdeifel-\u00a9-Naturpark_S\u00fcdeifel_Charly_Schlederb-200x120.jpg 200w\" sizes=\"(max-width: 500px) 100vw, 500px\" \/><\/a><p id=\"caption-attachment-14670\" class=\"wp-caption-text\">Naturpark S\u00fcdeifel \u00a9 Naturpark S\u00fcdeifel \/ Charly Schleder<\/p><\/div>\n<p>Der Naturpark S\u00fcdeifel wurde 1958 gegr\u00fcndet und ist damit der \u00e4lteste Naturpark in Rheinland-Pfalz und der zweit\u00e4lteste Deutschlands. Als deutscher Teil des ersten l\u00e4nderverbindenden Naturparks in Europa, dem Deutsch-Luxemburgischen Naturpark, erstreckt er sich \u00fcber eine Fl\u00e4che von 432 km\u00b2 und hat ca. 30.000 Einwohner. Der Naturpark S\u00fcdeifel ist ein Schutzgebiet in der Eifel, das sich aufgrund seiner landschaftlichen Vielfalt und dem damit verbundenen Artenreichtum der hier beheimateten Flora und Fauna f\u00fcr ein intensives Naturerleben besonders eignet<strong>.<\/strong> Natur ist dabei nicht nur Kulisse f\u00fcr touristische Aktivit\u00e4ten, sondern Grundlage f\u00fcr einen nachhaltigen Tourismus<strong>.<\/strong> Denn der Naturpark h\u00e4lt f\u00fcr G\u00e4ste und Einheimische viele nachhaltige M\u00f6glichkeiten bereit, Natur zu erleben und sich in ihr zu erholen, ohne die Natur zu gef\u00e4hrden.<\/p>\n<p>&nbsp;<\/p>\n<div id=\"attachment_14711\" style=\"width: 510px\" class=\"wp-caption aligncenter\"><a href=\"https:\/\/www.naturparkmagazin.de\/vdn\/wp-content\/uploads\/sites\/3\/img-0111_500x300.jpg\"><img aria-describedby=\"caption-attachment-14711\" decoding=\"async\" loading=\"lazy\" class=\"size-full wp-image-14711\" src=\"https:\/\/www.naturparkmagazin.de\/vdn\/wp-content\/uploads\/sites\/3\/img-0111_500x300.jpg\" alt=\"Orchideenwiese mit Manns-Knabenkraut \u00a9 VDN-Fotoportal\/trekker\" width=\"500\" height=\"333\" srcset=\"https:\/\/www.naturparkmagazin.de\/vdn\/wp-content\/uploads\/sites\/3\/img-0111_500x300.jpg 500w, https:\/\/www.naturparkmagazin.de\/vdn\/wp-content\/uploads\/sites\/3\/img-0111_500x300-300x200.jpg 300w, https:\/\/www.naturparkmagazin.de\/vdn\/wp-content\/uploads\/sites\/3\/img-0111_500x300-200x133.jpg 200w\" sizes=\"(max-width: 500px) 100vw, 500px\" \/><\/a><p id=\"caption-attachment-14711\" class=\"wp-caption-text\">Orchideenwiese mit Manns-Knabenkraut \u00a9 VDN-Fotoportal\/trekker<\/p><\/div>\n<p>Der Nordteil &#8211; der Islek &#8211; ist noch als Teilgebiet der eigentlichen Eifel anzusehen und wird durch H\u00f6henz\u00fcge bis zu 570 m mit rauem Klima und durch nach S\u00fcden immer tiefer eingeschnittene Flusst\u00e4ler gekennzeichnet. Gro\u00dfe Teile der H\u00f6henlagen blieben Jahrhunderte lang unbesiedelt und mit Wald bedeckt. Trotzdem ist im Islek ein weitgef\u00e4chertes Spektrum von Lebensr\u00e4umen zu finden. Das sich s\u00fcdlich des Islek anschlie\u00dfende &#8222;Bitburger Gutland&#8220;, das durch ausgedehnte \u00c4cker und Wiesenfl\u00e4chen gekennzeichnet ist, weist ein deutlich milderes Klima mit geringeren Niederschl\u00e4gen auf. Da das Gutland zu den w\u00e4rmsten Regionen Mitteleuropas geh\u00f6rt, konnten viele mediterrane Pflanzen- und Tierarten aus dem S\u00fcden bis hierher vordringen und haben heute ihre nordwestliche Verbreitungsgrenze in diesem Gebiet. In g\u00fcnstigen Lagen kann man zum Teil sehr seltene Orchideen, Schmetterlinge und weitere Kostbarkeiten der Natur beobachten.<\/p>\n<p>&nbsp;<\/p>\n<div id=\"attachment_14712\" style=\"width: 510px\" class=\"wp-caption aligncenter\"><a href=\"https:\/\/www.naturparkmagazin.de\/vdn\/wp-content\/uploads\/sites\/3\/img-4488_500x300.jpg\"><img aria-describedby=\"caption-attachment-14712\" decoding=\"async\" loading=\"lazy\" class=\"size-full wp-image-14712\" src=\"https:\/\/www.naturparkmagazin.de\/vdn\/wp-content\/uploads\/sites\/3\/img-4488_500x300.jpg\" alt=\"Kleiner Sonnenr\u00f6schenbl\u00e4uling \u00a9 VDN-Fotoportal\/trekker\" width=\"500\" height=\"333\" srcset=\"https:\/\/www.naturparkmagazin.de\/vdn\/wp-content\/uploads\/sites\/3\/img-4488_500x300.jpg 500w, https:\/\/www.naturparkmagazin.de\/vdn\/wp-content\/uploads\/sites\/3\/img-4488_500x300-300x200.jpg 300w, https:\/\/www.naturparkmagazin.de\/vdn\/wp-content\/uploads\/sites\/3\/img-4488_500x300-200x133.jpg 200w\" sizes=\"(max-width: 500px) 100vw, 500px\" \/><\/a><p id=\"caption-attachment-14712\" class=\"wp-caption-text\">Kleiner Sonnenr\u00f6schenbl\u00e4uling \u00a9 VDN-Fotoportal\/trekker<\/p><\/div>\n<p>Landschaftlich besonders reizvoll ist das Gebiet des Luxemburger Sandsteins im S\u00fcden des Naturparks. In den T\u00e4lern von Sauer und Pr\u00fcm bildet er bis \u00fcber 30 m hohe, schroff abfallende Felsformationen mit tiefen und breiten Spalten, Kl\u00fcften, H\u00f6hlen und Schluchten. Das zwischen den beiden Fl\u00fcssen liegende &#8222;Ferschweiler Plateau&#8220; stellt eine nat\u00fcrliche Festung dar und war schon in der Jungsteinzeit vorhanden.<\/p>\n<p>Mit den im Naturpark S\u00fcdeifel verf\u00fcgbaren Rollstuhlzugger\u00e4ten k\u00f6nnen auf ausgew\u00e4hlten Wegen auch mobilit\u00e4tseingeschr\u00e4nkte Personen die gesamte Bandbreite des Naturparks erleben. So wird Natur f\u00fcr Alle erlebbar.<\/p>\n<p>Lebendiges Wissen vermitteln die Erlebnis- und Infozentren im Naturpark.<\/p>\n<p>Einen besonderen Gaumengenuss versprechen typische Eifelspezialit\u00e4ten der Gastst\u00e4tten und Restaurants im Naturpark S\u00fcdeifel.<\/p>\n<p>&nbsp;<\/p>\n<p>&nbsp;<\/p>\n","protected":false},"excerpt":{"rendered":"<p>Der Naturpark S\u00fcdeifel bildet den deutschen Teil des grenz\u00fcberschreitenden Deutsch-Luxemburgischen Naturparks. Er ist der erste grenz\u00fcberschreitende Naturpark in Europa. Auf dem Gebiet des Naturparks sind drei Kernzonen mit einer Fl\u00e4che von jeweils 500 ha ausgewiesen.<\/p>\n","protected":false},"author":73,"featured_media":14672,"comment_status":"open","ping_status":"open","sticky":false,"template":"","format":"standard","meta":{"_links_to":"","_links_to_target":""},"categories":[15],"tags":[1760,2902,2900,2905,2901,2899,2903,2184,2904],"yoast_head":"<!-- This site is optimized with the Yoast SEO plugin v19.10 - https:\/\/yoast.com\/wordpress\/plugins\/seo\/ -->\n<title>Naturpark S\u00fcdeifel<\/title>\n<meta name=\"description\" content=\"Der Naturpark S\u00fcdeifel bildet den deutschen Teil des grenz\u00fcberschreitenden Deutsch-Luxemburgischen Naturparks. Er ist der erste grenz\u00fcberschreitende Naturpark in Europa. Auf dem Gebiet des Naturparks sind drei Kernzonen mit einer Fl\u00e4che von jeweils 500 ha ausgewiesen.\" \/>\n<meta name=\"robots\" content=\"index, follow, max-snippet:-1, max-image-preview:large, max-video-preview:-1\" \/>\n<link rel=\"canonical\" href=\"https:\/\/www.naturparkmagazin.de\/vdn\/naturpark-suedeifel\/\" \/>\n<meta property=\"og:locale\" content=\"de_DE\" \/>\n<meta property=\"og:type\" content=\"article\" \/>\n<meta property=\"og:title\" content=\"Naturpark S\u00fcdeifel\" \/>\n<meta property=\"og:description\" content=\"Der Naturpark S\u00fcdeifel bildet den deutschen Teil des grenz\u00fcberschreitenden Deutsch-Luxemburgischen Naturparks. Er ist der erste grenz\u00fcberschreitende Naturpark in Europa. Auf dem Gebiet des Naturparks sind drei Kernzonen mit einer Fl\u00e4che von jeweils 500 ha ausgewiesen.\" \/>\n<meta property=\"og:url\" content=\"https:\/\/www.naturparkmagazin.de\/vdn\/naturpark-suedeifel\/\" \/>\n<meta property=\"og:site_name\" content=\"Verband Deutscher Naturparke\" \/>\n<meta property=\"article:published_time\" content=\"2022-04-30T11:33:08+00:00\" \/>\n<meta property=\"article:modified_time\" content=\"2022-05-17T09:26:02+00:00\" \/>\n<meta property=\"og:image\" content=\"https:\/\/www.naturparkmagazin.de\/vdn\/wp-content\/uploads\/sites\/3\/Portrait_Naturpark_S\u00fcdeifel-\u00a9-Naturpark_S\u00fcdeifel_Charly_Schlederbf.jpg\" \/>\n\t<meta property=\"og:image:width\" content=\"200\" \/>\n\t<meta property=\"og:image:height\" content=\"200\" \/>\n\t<meta property=\"og:image:type\" content=\"image\/jpeg\" \/>\n<meta name=\"author\" content=\"manuelamerz\" \/>\n<meta name=\"twitter:label1\" content=\"Verfasst von\" \/>\n\t<meta name=\"twitter:data1\" content=\"manuelamerz\" \/>\n\t<meta name=\"twitter:label2\" content=\"Gesch\u00e4tzte Lesezeit\" \/>\n\t<meta name=\"twitter:data2\" content=\"2\u00a0Minuten\" \/>\n<script type=\"application\/ld+json\" class=\"yoast-schema-graph\">{\"@context\":\"https:\/\/schema.org\",\"@graph\":[{\"@type\":\"WebPage\",\"@id\":\"https:\/\/www.naturparkmagazin.de\/vdn\/naturpark-suedeifel\/\",\"url\":\"https:\/\/www.naturparkmagazin.de\/vdn\/naturpark-suedeifel\/\",\"name\":\"Naturpark S\u00fcdeifel\",\"isPartOf\":{\"@id\":\"https:\/\/www.naturparkmagazin.de\/vdn\/#website\"},\"datePublished\":\"2022-04-30T11:33:08+00:00\",\"dateModified\":\"2022-05-17T09:26:02+00:00\",\"author\":{\"@id\":\"https:\/\/www.naturparkmagazin.de\/vdn\/#\/schema\/person\/3cff9b8773ed55f0189255fa9adfd57c\"},\"description\":\"Der Naturpark S\u00fcdeifel bildet den deutschen Teil des grenz\u00fcberschreitenden Deutsch-Luxemburgischen Naturparks. Er ist der erste grenz\u00fcberschreitende Naturpark in Europa. Auf dem Gebiet des Naturparks sind drei Kernzonen mit einer Fl\u00e4che von jeweils 500 ha ausgewiesen.\",\"breadcrumb\":{\"@id\":\"https:\/\/www.naturparkmagazin.de\/vdn\/naturpark-suedeifel\/#breadcrumb\"},\"inLanguage\":\"de\",\"potentialAction\":[{\"@type\":\"ReadAction\",\"target\":[\"https:\/\/www.naturparkmagazin.de\/vdn\/naturpark-suedeifel\/\"]}]},{\"@type\":\"BreadcrumbList\",\"@id\":\"https:\/\/www.naturparkmagazin.de\/vdn\/naturpark-suedeifel\/#breadcrumb\",\"itemListElement\":[{\"@type\":\"ListItem\",\"position\":1,\"name\":\"Home\",\"item\":\"https:\/\/www.naturparkmagazin.de\/vdn\/\"},{\"@type\":\"ListItem\",\"position\":2,\"name\":\"Naturpark S\u00fcdeifel\"}]},{\"@type\":\"WebSite\",\"@id\":\"https:\/\/www.naturparkmagazin.de\/vdn\/#website\",\"url\":\"https:\/\/www.naturparkmagazin.de\/vdn\/\",\"name\":\"Verband Deutscher Naturparke\",\"description\":\"Eine weitere Naturparkmagazin.de Netzwerk Seite\",\"potentialAction\":[{\"@type\":\"SearchAction\",\"target\":{\"@type\":\"EntryPoint\",\"urlTemplate\":\"https:\/\/www.naturparkmagazin.de\/vdn\/?s={search_term_string}\"},\"query-input\":\"required name=search_term_string\"}],\"inLanguage\":\"de\"},{\"@type\":\"Person\",\"@id\":\"https:\/\/www.naturparkmagazin.de\/vdn\/#\/schema\/person\/3cff9b8773ed55f0189255fa9adfd57c\",\"name\":\"manuelamerz\",\"url\":\"https:\/\/www.naturparkmagazin.de\/vdn\/author\/manuelamerz\/\"}]}<\/script>\n<!-- \/ Yoast SEO plugin. -->","yoast_head_json":{"title":"Naturpark S\u00fcdeifel","description":"Der Naturpark S\u00fcdeifel bildet den deutschen Teil des grenz\u00fcberschreitenden Deutsch-Luxemburgischen Naturparks. Er ist der erste grenz\u00fcberschreitende Naturpark in Europa. Auf dem Gebiet des Naturparks sind drei Kernzonen mit einer Fl\u00e4che von jeweils 500 ha ausgewiesen.","robots":{"index":"index","follow":"follow","max-snippet":"max-snippet:-1","max-image-preview":"max-image-preview:large","max-video-preview":"max-video-preview:-1"},"canonical":"https:\/\/www.naturparkmagazin.de\/vdn\/naturpark-suedeifel\/","og_locale":"de_DE","og_type":"article","og_title":"Naturpark S\u00fcdeifel","og_description":"Der Naturpark S\u00fcdeifel bildet den deutschen Teil des grenz\u00fcberschreitenden Deutsch-Luxemburgischen Naturparks. Er ist der erste grenz\u00fcberschreitende Naturpark in Europa. Auf dem Gebiet des Naturparks sind drei Kernzonen mit einer Fl\u00e4che von jeweils 500 ha ausgewiesen.","og_url":"https:\/\/www.naturparkmagazin.de\/vdn\/naturpark-suedeifel\/","og_site_name":"Verband Deutscher Naturparke","article_published_time":"2022-04-30T11:33:08+00:00","article_modified_time":"2022-05-17T09:26:02+00:00","og_image":[{"width":200,"height":200,"url":"https:\/\/www.naturparkmagazin.de\/vdn\/wp-content\/uploads\/sites\/3\/Portrait_Naturpark_S\u00fcdeifel-\u00a9-Naturpark_S\u00fcdeifel_Charly_Schlederbf.jpg","type":"image\/jpeg"}],"author":"manuelamerz","twitter_misc":{"Verfasst von":"manuelamerz","Gesch\u00e4tzte Lesezeit":"2\u00a0Minuten"},"schema":{"@context":"https:\/\/schema.org","@graph":[{"@type":"WebPage","@id":"https:\/\/www.naturparkmagazin.de\/vdn\/naturpark-suedeifel\/","url":"https:\/\/www.naturparkmagazin.de\/vdn\/naturpark-suedeifel\/","name":"Naturpark S\u00fcdeifel","isPartOf":{"@id":"https:\/\/www.naturparkmagazin.de\/vdn\/#website"},"datePublished":"2022-04-30T11:33:08+00:00","dateModified":"2022-05-17T09:26:02+00:00","author":{"@id":"https:\/\/www.naturparkmagazin.de\/vdn\/#\/schema\/person\/3cff9b8773ed55f0189255fa9adfd57c"},"description":"Der Naturpark S\u00fcdeifel bildet den deutschen Teil des grenz\u00fcberschreitenden Deutsch-Luxemburgischen Naturparks. Er ist der erste grenz\u00fcberschreitende Naturpark in Europa. Auf dem Gebiet des Naturparks sind drei Kernzonen mit einer Fl\u00e4che von jeweils 500 ha ausgewiesen.","breadcrumb":{"@id":"https:\/\/www.naturparkmagazin.de\/vdn\/naturpark-suedeifel\/#breadcrumb"},"inLanguage":"de","potentialAction":[{"@type":"ReadAction","target":["https:\/\/www.naturparkmagazin.de\/vdn\/naturpark-suedeifel\/"]}]},{"@type":"BreadcrumbList","@id":"https:\/\/www.naturparkmagazin.de\/vdn\/naturpark-suedeifel\/#breadcrumb","itemListElement":[{"@type":"ListItem","position":1,"name":"Home","item":"https:\/\/www.naturparkmagazin.de\/vdn\/"},{"@type":"ListItem","position":2,"name":"Naturpark S\u00fcdeifel"}]},{"@type":"WebSite","@id":"https:\/\/www.naturparkmagazin.de\/vdn\/#website","url":"https:\/\/www.naturparkmagazin.de\/vdn\/","name":"Verband Deutscher Naturparke","description":"Eine weitere Naturparkmagazin.de Netzwerk Seite","potentialAction":[{"@type":"SearchAction","target":{"@type":"EntryPoint","urlTemplate":"https:\/\/www.naturparkmagazin.de\/vdn\/?s={search_term_string}"},"query-input":"required name=search_term_string"}],"inLanguage":"de"},{"@type":"Person","@id":"https:\/\/www.naturparkmagazin.de\/vdn\/#\/schema\/person\/3cff9b8773ed55f0189255fa9adfd57c","name":"manuelamerz","url":"https:\/\/www.naturparkmagazin.de\/vdn\/author\/manuelamerz\/"}]}},"_links":{"self":[{"href":"https:\/\/www.naturparkmagazin.de\/vdn\/wp-json\/wp\/v2\/posts\/14666"}],"collection":[{"href":"https:\/\/www.naturparkmagazin.de\/vdn\/wp-json\/wp\/v2\/posts"}],"about":[{"href":"https:\/\/www.naturparkmagazin.de\/vdn\/wp-json\/wp\/v2\/types\/post"}],"author":[{"embeddable":true,"href":"https:\/\/www.naturparkmagazin.de\/vdn\/wp-json\/wp\/v2\/users\/73"}],"replies":[{"embeddable":true,"href":"https:\/\/www.naturparkmagazin.de\/vdn\/wp-json\/wp\/v2\/comments?post=14666"}],"version-history":[{"count":6,"href":"https:\/\/www.naturparkmagazin.de\/vdn\/wp-json\/wp\/v2\/posts\/14666\/revisions"}],"predecessor-version":[{"id":14671,"href":"https:\/\/www.naturparkmagazin.de\/vdn\/wp-json\/wp\/v2\/posts\/14666\/revisions\/14671"}],"wp:featuredmedia":[{"embeddable":true,"href":"https:\/\/www.naturparkmagazin.de\/vdn\/wp-json\/wp\/v2\/media\/14672"}],"wp:attachment":[{"href":"https:\/\/www.naturparkmagazin.de\/vdn\/wp-json\/wp\/v2\/media?parent=14666"}],"wp:term":[{"taxonomy":"category","embeddable":true,"href":"https:\/\/www.naturparkmagazin.de\/vdn\/wp-json\/wp\/v2\/categories?post=14666"},{"taxonomy":"post_tag","embeddable":true,"href":"https:\/\/www.naturparkmagazin.de\/vdn\/wp-json\/wp\/v2\/tags?post=14666"}],"curies":[{"name":"wp","href":"https:\/\/api.w.org\/{rel}","templated":true}]}}