{"id":14780,"date":"2022-05-31T13:55:09","date_gmt":"2022-05-31T11:55:09","guid":{"rendered":"https:\/\/www.naturparkmagazin.de\/vdn\/?p=14780"},"modified":"2022-06-15T11:37:31","modified_gmt":"2022-06-15T09:37:31","slug":"naturparkvertreterinnen-tagten-im-mai-im-natur-und-geopark-vulkaneifel-in-daun","status":"publish","type":"post","link":"https:\/\/www.naturparkmagazin.de\/vdn\/naturparkvertreterinnen-tagten-im-mai-im-natur-und-geopark-vulkaneifel-in-daun\/","title":{"rendered":"Naturparkvertreter:innen tagten im Mai im Natur- und Geopark Vulkaneifel in Daun"},"content":{"rendered":"<div id=\"attachment_14782\" style=\"width: 993px\" class=\"wp-caption aligncenter\"><a href=\"https:\/\/www.naturparkmagazin.de\/vdn\/wp-content\/uploads\/sites\/3\/Natur-und-Geopark-Vulkaneifel.jpg\"><img aria-describedby=\"caption-attachment-14782\" decoding=\"async\" loading=\"lazy\" class=\"wp-image-14782\" src=\"https:\/\/www.naturparkmagazin.de\/vdn\/wp-content\/uploads\/sites\/3\/Natur-und-Geopark-Vulkaneifel.jpg\" alt=\"Panoramablick im Natur- und Geopark Vulkaneifel\" width=\"983\" height=\"383\" srcset=\"https:\/\/www.naturparkmagazin.de\/vdn\/wp-content\/uploads\/sites\/3\/Natur-und-Geopark-Vulkaneifel.jpg 1386w, https:\/\/www.naturparkmagazin.de\/vdn\/wp-content\/uploads\/sites\/3\/Natur-und-Geopark-Vulkaneifel-300x117.jpg 300w, https:\/\/www.naturparkmagazin.de\/vdn\/wp-content\/uploads\/sites\/3\/Natur-und-Geopark-Vulkaneifel-620x242.jpg 620w, https:\/\/www.naturparkmagazin.de\/vdn\/wp-content\/uploads\/sites\/3\/Natur-und-Geopark-Vulkaneifel-940x366.jpg 940w, https:\/\/www.naturparkmagazin.de\/vdn\/wp-content\/uploads\/sites\/3\/Natur-und-Geopark-Vulkaneifel-670x261.jpg 670w, https:\/\/www.naturparkmagazin.de\/vdn\/wp-content\/uploads\/sites\/3\/Natur-und-Geopark-Vulkaneifel-200x78.jpg 200w\" sizes=\"(max-width: 983px) 100vw, 983px\" \/><\/a><p id=\"caption-attachment-14782\" class=\"wp-caption-text\">Panoramablick im Natur- und Geopark Vulkaneifel. \u00a9 Natur- und Geopark Vulkaneifel<\/p><\/div>\n<p>Die Fr\u00fchjahrstagung der Naturparkleiter:innen und Gesch\u00e4ftsf\u00fchrer:innen konnte damit zum ersten Mal seit drei Jahren wieder live stattfinden.<\/p>\n<p>Hans Peter B\u00f6ffgen, Vorsitzender Aufsichtsrat der Natur- und Geopark Vulkaneifel GmbH, er\u00f6ffnete die Festveranstaltung in Daun, Friedel Heuwinkel, Pr\u00e4sident des Verbandes Deutscher Naturparke (VDN), begr\u00fc\u00dfte die G\u00e4ste. Die Highlights der Arbeit des Natur- und Geoparks Vulkaneifel stellte im Anschluss Dr. Andreas Sch\u00fcller, Gesch\u00e4ftsf\u00fchrer der Natur- und Geopark Vulkaneifel GmbH, heraus.<\/p>\n<p>Die Tagungsthemen am Dienstagnachmittag waren u.\u00a0a. die Rolle der Naturparke f\u00fcr Klimaschutz, Biologische Vielfalt und nachhaltige Entwicklung im Kontext der aktuellen politischen Schwerpunktsetzungen, die Kooperation mit den Nationalen Geoparks sowie die Umsetzung der Neuausrichtung der Kooperation des VDN e.\u00a0V. mit NNL e.\u00a0V. Ferner berichtete Daniela Torgau, Gesch\u00e4ftsf\u00fchrerin Naturpark S\u00fcdeifel, \u00fcber die Arbeit der Arbeitsgemeinschaft der Naturparke in Rheinland-Pfalz.<\/p>\n<div id=\"attachment_14807\" style=\"width: 941px\" class=\"wp-caption aligncenter\"><a href=\"https:\/\/www.naturparkmagazin.de\/vdn\/wp-content\/uploads\/sites\/3\/Gruppenbild-Tagung-Vulkaneifel-P-Appelhans-VDN-WP.jpg\"><img aria-describedby=\"caption-attachment-14807\" decoding=\"async\" loading=\"lazy\" class=\"wp-image-14807\" src=\"https:\/\/www.naturparkmagazin.de\/vdn\/wp-content\/uploads\/sites\/3\/Gruppenbild-Tagung-Vulkaneifel-P-Appelhans-VDN-WP.jpg\" alt=\"Gruppenbild VDN-Tagung Vulkaneifel\" width=\"931\" height=\"620\" srcset=\"https:\/\/www.naturparkmagazin.de\/vdn\/wp-content\/uploads\/sites\/3\/Gruppenbild-Tagung-Vulkaneifel-P-Appelhans-VDN-WP.jpg 1114w, https:\/\/www.naturparkmagazin.de\/vdn\/wp-content\/uploads\/sites\/3\/Gruppenbild-Tagung-Vulkaneifel-P-Appelhans-VDN-WP-300x200.jpg 300w, https:\/\/www.naturparkmagazin.de\/vdn\/wp-content\/uploads\/sites\/3\/Gruppenbild-Tagung-Vulkaneifel-P-Appelhans-VDN-WP-620x413.jpg 620w, https:\/\/www.naturparkmagazin.de\/vdn\/wp-content\/uploads\/sites\/3\/Gruppenbild-Tagung-Vulkaneifel-P-Appelhans-VDN-WP-940x626.jpg 940w, https:\/\/www.naturparkmagazin.de\/vdn\/wp-content\/uploads\/sites\/3\/Gruppenbild-Tagung-Vulkaneifel-P-Appelhans-VDN-WP-670x446.jpg 670w, https:\/\/www.naturparkmagazin.de\/vdn\/wp-content\/uploads\/sites\/3\/Gruppenbild-Tagung-Vulkaneifel-P-Appelhans-VDN-WP-200x133.jpg 200w\" sizes=\"(max-width: 931px) 100vw, 931px\" \/><\/a><p id=\"caption-attachment-14807\" class=\"wp-caption-text\">Die Gesch\u00e4ftsf\u00fchrer:innen und Leiter:innen der deutschen Naturparke bei ihrer Exkursion auf dem M\u00e4useberg am Weinfelder Maar. \u00a9 VDN\/P. Appelhans<\/p><\/div>\n<p>In zwei Exkursionen stellte der Natur- und Geopark Vulkaneifel den G\u00e4sten aus den bundesweiten Naturparken seine Arbeit vor: Am Dienstag lernten die Teilnehmer:innen bei einer 3-st\u00fcndigen Wanderung zu den \u201eAugen der Eifel\u201c Teile von Eifelsteig, Vulkaneifel-Pfaden, \u00f6rtlichen Wanderwegen und des Mountainbike-Trailparks Vulkaneifel kennen, die an den Maaren vorbeif\u00fchren. Am Weinfelder Maar wurde eine Beweidungsma\u00dfnahme mit Ziegen zur Offenhaltung des Maartrichters vorgestellt. In den Gerolsteiner Dolomiten auf dem Gerolsteiner \u201eFelsenpfad\u201c waren die G\u00e4ste am Mittwoch auf einer 2. Exkursion unterwegs und lernten hier die geologische Entstehungsgeschichte der Vulkaneifel kennen.<\/p>\n<div id=\"attachment_14808\" style=\"width: 917px\" class=\"wp-caption aligncenter\"><a href=\"https:\/\/www.naturparkmagazin.de\/vdn\/wp-content\/uploads\/sites\/3\/Liesen_Exkursion-Dauner-Maare_Biotoppflege-mit-Burenziege1-WP.jpg\"><img aria-describedby=\"caption-attachment-14808\" decoding=\"async\" loading=\"lazy\" class=\"wp-image-14808 size-full\" src=\"https:\/\/www.naturparkmagazin.de\/vdn\/wp-content\/uploads\/sites\/3\/Liesen_Exkursion-Dauner-Maare_Biotoppflege-mit-Burenziege1-WP.jpg\" alt=\"Exkursion an die Dauner Maare\" width=\"907\" height=\"605\" srcset=\"https:\/\/www.naturparkmagazin.de\/vdn\/wp-content\/uploads\/sites\/3\/Liesen_Exkursion-Dauner-Maare_Biotoppflege-mit-Burenziege1-WP.jpg 907w, https:\/\/www.naturparkmagazin.de\/vdn\/wp-content\/uploads\/sites\/3\/Liesen_Exkursion-Dauner-Maare_Biotoppflege-mit-Burenziege1-WP-300x200.jpg 300w, https:\/\/www.naturparkmagazin.de\/vdn\/wp-content\/uploads\/sites\/3\/Liesen_Exkursion-Dauner-Maare_Biotoppflege-mit-Burenziege1-WP-620x414.jpg 620w, https:\/\/www.naturparkmagazin.de\/vdn\/wp-content\/uploads\/sites\/3\/Liesen_Exkursion-Dauner-Maare_Biotoppflege-mit-Burenziege1-WP-670x447.jpg 670w, https:\/\/www.naturparkmagazin.de\/vdn\/wp-content\/uploads\/sites\/3\/Liesen_Exkursion-Dauner-Maare_Biotoppflege-mit-Burenziege1-WP-200x133.jpg 200w\" sizes=\"(max-width: 907px) 100vw, 907px\" \/><\/a><p id=\"caption-attachment-14808\" class=\"wp-caption-text\">Biotoppflege an den Dauner Maaren mit Burenziege zur Offenhaltung des Maartrichters. \u00a9 VDN\/J. Liesen<\/p><\/div>\n<p>Insgesamt gibt es heute 104 Naturparke in Deutschland. Diese gro\u00dfr\u00e4umigen Landschaften, die \u00fcberwiegend aus Landschafts- und Naturschutzgebieten bestehen, nehmen ca. 28 Prozent der Fl\u00e4che Deutschlands ein und eignen sich besonders zur Erholung und zum bewussten Erleben der Natur. J\u00e4hrlich l\u00e4dt der Dachverband der Naturparke, der Verband Deutscher Naturparke (VDN), zur Tagung der Gesch\u00e4ftsf\u00fchrer:innen und Leiter:innen der deutschen Naturparke ein.<\/p>\n<p><strong>\u00dcber den VDN e.\u00a0V. und das B\u00fcndnis Nationalen Naturlandschaften <\/strong><\/p>\n<p>Der Verband Deutscher Naturparke e.\u00a0V. ist der Dachverband der deutschen Naturparke. Er ist zusammen mit dem Verband Nationale Naturlandschaften e.\u00a0V. Tr\u00e4ger der Dachmarke \u201eNationale Naturlandschaften\u201c. Die Nationalen Naturlandschaften (NNL) bewahren als B\u00fcndnis der deutschen Nationalparke, Naturparke, Biosph\u00e4renreservate und Wildnisgebiete auf rund einem Drittel der Fl\u00e4che Deutschlands gemeinsam mit allen Menschen faszinierende Natur, vermitteln Freude beim Erleben der Natur und gestalten die Zukunft mit Zuversicht nachhaltig. <a href=\"https:\/\/nationale-naturlandschaften.de\">https:\/\/nationale-naturlandschaften.de<\/a><\/p>\n<p>Der VDN e.\u00a0V. ist seit 1963 der Dachverband der Naturparke in Deutschland und hat aktuell 103 Mitglieder, darunter die sieben Naturparke in Rheinland-Pfalz. Der Verband unterst\u00fctzt seine Mitglieder dabei, sich zu Vorbildlandschaften zu entwickeln, f\u00f6rdert den Erfahrungsaustausch und die Zusammenarbeit zwischen den Naturparken in Deutschland und Europa und betreibt Lobby- und \u00d6ffentlichkeitsarbeit f\u00fcr seine Mitglieder.<\/p>\n<p>Informationen zum Natur- und Geopark Vulkaneifel erhalten Sie unter <a href=\"https:\/\/www.geopark-vulkaneifel.de\/\">https:\/\/www.geopark-vulkaneifel.de<\/a><\/p>\n","protected":false},"excerpt":{"rendered":"<p>Vom 16. bis 18. Mai 2022 trafen sich fast 60 Vertreter:innen aus ca. 50 deutschen Naturparken im Natur- und Geopark Vulkaneifel, um sich \u00fcber aktuelle Themen ihrer Arbeit auszutauschen. <\/p>\n","protected":false},"author":51,"featured_media":14807,"comment_status":"open","ping_status":"open","sticky":false,"template":"","format":"standard","meta":{"_links_to":"","_links_to_target":""},"categories":[7],"tags":[],"yoast_head":"<!-- This site is optimized with the Yoast SEO plugin v19.10 - https:\/\/yoast.com\/wordpress\/plugins\/seo\/ -->\n<title>Naturparkvertreter:innen tagten im Mai im Natur- und Geopark Vulkaneifel in Daun<\/title>\n<meta name=\"description\" content=\"Vom 16. bis 18. Mai 2022 trafen sich fast 60 Vertreter:innen aus ca. 50 deutschen Naturparken im Natur- und Geopark Vulkaneifel, um sich \u00fcber aktuelle Themen ihrer Arbeit auszutauschen.\" \/>\n<meta name=\"robots\" content=\"index, follow, max-snippet:-1, max-image-preview:large, max-video-preview:-1\" \/>\n<link rel=\"canonical\" href=\"https:\/\/www.naturparkmagazin.de\/vdn\/naturparkvertreterinnen-tagten-im-mai-im-natur-und-geopark-vulkaneifel-in-daun\/\" \/>\n<meta property=\"og:locale\" content=\"de_DE\" \/>\n<meta property=\"og:type\" content=\"article\" \/>\n<meta property=\"og:title\" content=\"Naturparkvertreter:innen tagten im Mai im Natur- und Geopark Vulkaneifel in Daun\" \/>\n<meta property=\"og:description\" content=\"Vom 16. bis 18. Mai 2022 trafen sich fast 60 Vertreter:innen aus ca. 50 deutschen Naturparken im Natur- und Geopark Vulkaneifel, um sich \u00fcber aktuelle Themen ihrer Arbeit auszutauschen.\" \/>\n<meta property=\"og:url\" content=\"https:\/\/www.naturparkmagazin.de\/vdn\/naturparkvertreterinnen-tagten-im-mai-im-natur-und-geopark-vulkaneifel-in-daun\/\" \/>\n<meta property=\"og:site_name\" content=\"Verband Deutscher Naturparke\" \/>\n<meta property=\"article:published_time\" content=\"2022-05-31T11:55:09+00:00\" \/>\n<meta property=\"article:modified_time\" content=\"2022-06-15T09:37:31+00:00\" \/>\n<meta property=\"og:image\" content=\"https:\/\/www.naturparkmagazin.de\/vdn\/wp-content\/uploads\/sites\/3\/Gruppenbild-Tagung-Vulkaneifel-P-Appelhans-VDN-WP.jpg\" \/>\n\t<meta property=\"og:image:width\" content=\"1114\" \/>\n\t<meta property=\"og:image:height\" content=\"742\" \/>\n\t<meta property=\"og:image:type\" content=\"image\/jpeg\" \/>\n<meta name=\"author\" content=\"beatrixlosem\" \/>\n<meta name=\"twitter:label1\" content=\"Verfasst von\" \/>\n\t<meta name=\"twitter:data1\" content=\"beatrixlosem\" \/>\n\t<meta name=\"twitter:label2\" content=\"Gesch\u00e4tzte Lesezeit\" \/>\n\t<meta name=\"twitter:data2\" content=\"3\u00a0Minuten\" \/>\n<script type=\"application\/ld+json\" class=\"yoast-schema-graph\">{\"@context\":\"https:\/\/schema.org\",\"@graph\":[{\"@type\":\"WebPage\",\"@id\":\"https:\/\/www.naturparkmagazin.de\/vdn\/naturparkvertreterinnen-tagten-im-mai-im-natur-und-geopark-vulkaneifel-in-daun\/\",\"url\":\"https:\/\/www.naturparkmagazin.de\/vdn\/naturparkvertreterinnen-tagten-im-mai-im-natur-und-geopark-vulkaneifel-in-daun\/\",\"name\":\"Naturparkvertreter:innen tagten im Mai im Natur- und Geopark Vulkaneifel in Daun\",\"isPartOf\":{\"@id\":\"https:\/\/www.naturparkmagazin.de\/vdn\/#website\"},\"datePublished\":\"2022-05-31T11:55:09+00:00\",\"dateModified\":\"2022-06-15T09:37:31+00:00\",\"author\":{\"@id\":\"https:\/\/www.naturparkmagazin.de\/vdn\/#\/schema\/person\/d71357578c318b6db03be60b1f60396b\"},\"description\":\"Vom 16. bis 18. Mai 2022 trafen sich fast 60 Vertreter:innen aus ca. 50 deutschen Naturparken im Natur- und Geopark Vulkaneifel, um sich \u00fcber aktuelle Themen ihrer Arbeit auszutauschen.\",\"breadcrumb\":{\"@id\":\"https:\/\/www.naturparkmagazin.de\/vdn\/naturparkvertreterinnen-tagten-im-mai-im-natur-und-geopark-vulkaneifel-in-daun\/#breadcrumb\"},\"inLanguage\":\"de\",\"potentialAction\":[{\"@type\":\"ReadAction\",\"target\":[\"https:\/\/www.naturparkmagazin.de\/vdn\/naturparkvertreterinnen-tagten-im-mai-im-natur-und-geopark-vulkaneifel-in-daun\/\"]}]},{\"@type\":\"BreadcrumbList\",\"@id\":\"https:\/\/www.naturparkmagazin.de\/vdn\/naturparkvertreterinnen-tagten-im-mai-im-natur-und-geopark-vulkaneifel-in-daun\/#breadcrumb\",\"itemListElement\":[{\"@type\":\"ListItem\",\"position\":1,\"name\":\"Home\",\"item\":\"https:\/\/www.naturparkmagazin.de\/vdn\/\"},{\"@type\":\"ListItem\",\"position\":2,\"name\":\"Naturparkvertreter:innen tagten im Mai im Natur- und Geopark Vulkaneifel in Daun\"}]},{\"@type\":\"WebSite\",\"@id\":\"https:\/\/www.naturparkmagazin.de\/vdn\/#website\",\"url\":\"https:\/\/www.naturparkmagazin.de\/vdn\/\",\"name\":\"Verband Deutscher Naturparke\",\"description\":\"Eine weitere Naturparkmagazin.de Netzwerk Seite\",\"potentialAction\":[{\"@type\":\"SearchAction\",\"target\":{\"@type\":\"EntryPoint\",\"urlTemplate\":\"https:\/\/www.naturparkmagazin.de\/vdn\/?s={search_term_string}\"},\"query-input\":\"required name=search_term_string\"}],\"inLanguage\":\"de\"},{\"@type\":\"Person\",\"@id\":\"https:\/\/www.naturparkmagazin.de\/vdn\/#\/schema\/person\/d71357578c318b6db03be60b1f60396b\",\"name\":\"beatrixlosem\",\"url\":\"https:\/\/www.naturparkmagazin.de\/vdn\/author\/beatrixlosem\/\"}]}<\/script>\n<!-- \/ Yoast SEO plugin. -->","yoast_head_json":{"title":"Naturparkvertreter:innen tagten im Mai im Natur- und Geopark Vulkaneifel in Daun","description":"Vom 16. bis 18. Mai 2022 trafen sich fast 60 Vertreter:innen aus ca. 50 deutschen Naturparken im Natur- und Geopark Vulkaneifel, um sich \u00fcber aktuelle Themen ihrer Arbeit auszutauschen.","robots":{"index":"index","follow":"follow","max-snippet":"max-snippet:-1","max-image-preview":"max-image-preview:large","max-video-preview":"max-video-preview:-1"},"canonical":"https:\/\/www.naturparkmagazin.de\/vdn\/naturparkvertreterinnen-tagten-im-mai-im-natur-und-geopark-vulkaneifel-in-daun\/","og_locale":"de_DE","og_type":"article","og_title":"Naturparkvertreter:innen tagten im Mai im Natur- und Geopark Vulkaneifel in Daun","og_description":"Vom 16. bis 18. Mai 2022 trafen sich fast 60 Vertreter:innen aus ca. 50 deutschen Naturparken im Natur- und Geopark Vulkaneifel, um sich \u00fcber aktuelle Themen ihrer Arbeit auszutauschen.","og_url":"https:\/\/www.naturparkmagazin.de\/vdn\/naturparkvertreterinnen-tagten-im-mai-im-natur-und-geopark-vulkaneifel-in-daun\/","og_site_name":"Verband Deutscher Naturparke","article_published_time":"2022-05-31T11:55:09+00:00","article_modified_time":"2022-06-15T09:37:31+00:00","og_image":[{"width":1114,"height":742,"url":"https:\/\/www.naturparkmagazin.de\/vdn\/wp-content\/uploads\/sites\/3\/Gruppenbild-Tagung-Vulkaneifel-P-Appelhans-VDN-WP.jpg","type":"image\/jpeg"}],"author":"beatrixlosem","twitter_misc":{"Verfasst von":"beatrixlosem","Gesch\u00e4tzte Lesezeit":"3\u00a0Minuten"},"schema":{"@context":"https:\/\/schema.org","@graph":[{"@type":"WebPage","@id":"https:\/\/www.naturparkmagazin.de\/vdn\/naturparkvertreterinnen-tagten-im-mai-im-natur-und-geopark-vulkaneifel-in-daun\/","url":"https:\/\/www.naturparkmagazin.de\/vdn\/naturparkvertreterinnen-tagten-im-mai-im-natur-und-geopark-vulkaneifel-in-daun\/","name":"Naturparkvertreter:innen tagten im Mai im Natur- und Geopark Vulkaneifel in Daun","isPartOf":{"@id":"https:\/\/www.naturparkmagazin.de\/vdn\/#website"},"datePublished":"2022-05-31T11:55:09+00:00","dateModified":"2022-06-15T09:37:31+00:00","author":{"@id":"https:\/\/www.naturparkmagazin.de\/vdn\/#\/schema\/person\/d71357578c318b6db03be60b1f60396b"},"description":"Vom 16. bis 18. Mai 2022 trafen sich fast 60 Vertreter:innen aus ca. 50 deutschen Naturparken im Natur- und Geopark Vulkaneifel, um sich \u00fcber aktuelle Themen ihrer Arbeit auszutauschen.","breadcrumb":{"@id":"https:\/\/www.naturparkmagazin.de\/vdn\/naturparkvertreterinnen-tagten-im-mai-im-natur-und-geopark-vulkaneifel-in-daun\/#breadcrumb"},"inLanguage":"de","potentialAction":[{"@type":"ReadAction","target":["https:\/\/www.naturparkmagazin.de\/vdn\/naturparkvertreterinnen-tagten-im-mai-im-natur-und-geopark-vulkaneifel-in-daun\/"]}]},{"@type":"BreadcrumbList","@id":"https:\/\/www.naturparkmagazin.de\/vdn\/naturparkvertreterinnen-tagten-im-mai-im-natur-und-geopark-vulkaneifel-in-daun\/#breadcrumb","itemListElement":[{"@type":"ListItem","position":1,"name":"Home","item":"https:\/\/www.naturparkmagazin.de\/vdn\/"},{"@type":"ListItem","position":2,"name":"Naturparkvertreter:innen tagten im Mai im Natur- und Geopark Vulkaneifel in Daun"}]},{"@type":"WebSite","@id":"https:\/\/www.naturparkmagazin.de\/vdn\/#website","url":"https:\/\/www.naturparkmagazin.de\/vdn\/","name":"Verband Deutscher Naturparke","description":"Eine weitere Naturparkmagazin.de Netzwerk Seite","potentialAction":[{"@type":"SearchAction","target":{"@type":"EntryPoint","urlTemplate":"https:\/\/www.naturparkmagazin.de\/vdn\/?s={search_term_string}"},"query-input":"required name=search_term_string"}],"inLanguage":"de"},{"@type":"Person","@id":"https:\/\/www.naturparkmagazin.de\/vdn\/#\/schema\/person\/d71357578c318b6db03be60b1f60396b","name":"beatrixlosem","url":"https:\/\/www.naturparkmagazin.de\/vdn\/author\/beatrixlosem\/"}]}},"_links":{"self":[{"href":"https:\/\/www.naturparkmagazin.de\/vdn\/wp-json\/wp\/v2\/posts\/14780"}],"collection":[{"href":"https:\/\/www.naturparkmagazin.de\/vdn\/wp-json\/wp\/v2\/posts"}],"about":[{"href":"https:\/\/www.naturparkmagazin.de\/vdn\/wp-json\/wp\/v2\/types\/post"}],"author":[{"embeddable":true,"href":"https:\/\/www.naturparkmagazin.de\/vdn\/wp-json\/wp\/v2\/users\/51"}],"replies":[{"embeddable":true,"href":"https:\/\/www.naturparkmagazin.de\/vdn\/wp-json\/wp\/v2\/comments?post=14780"}],"version-history":[{"count":3,"href":"https:\/\/www.naturparkmagazin.de\/vdn\/wp-json\/wp\/v2\/posts\/14780\/revisions"}],"predecessor-version":[{"id":14816,"href":"https:\/\/www.naturparkmagazin.de\/vdn\/wp-json\/wp\/v2\/posts\/14780\/revisions\/14816"}],"wp:featuredmedia":[{"embeddable":true,"href":"https:\/\/www.naturparkmagazin.de\/vdn\/wp-json\/wp\/v2\/media\/14807"}],"wp:attachment":[{"href":"https:\/\/www.naturparkmagazin.de\/vdn\/wp-json\/wp\/v2\/media?parent=14780"}],"wp:term":[{"taxonomy":"category","embeddable":true,"href":"https:\/\/www.naturparkmagazin.de\/vdn\/wp-json\/wp\/v2\/categories?post=14780"},{"taxonomy":"post_tag","embeddable":true,"href":"https:\/\/www.naturparkmagazin.de\/vdn\/wp-json\/wp\/v2\/tags?post=14780"}],"curies":[{"name":"wp","href":"https:\/\/api.w.org\/{rel}","templated":true}]}}