{"id":1498,"date":"2013-07-03T11:00:30","date_gmt":"2013-07-03T09:00:30","guid":{"rendered":"http:\/\/www.naturparkmagazin.de\/vdn\/?p=1498"},"modified":"2013-07-03T17:59:40","modified_gmt":"2013-07-03T15:59:40","slug":"forschungsprojekt-zu-erneuerbaren-energien-in-naturparken","status":"publish","type":"post","link":"https:\/\/www.naturparkmagazin.de\/vdn\/forschungsprojekt-zu-erneuerbaren-energien-in-naturparken\/","title":{"rendered":"Forschungsprojekt zu Erneuerbaren Energien in Naturparken"},"content":{"rendered":"<p style=\"text-align: center\"><a href=\"https:\/\/www.naturparkmagazin.de\/vdn\/wp-content\/uploads\/sites\/3\/Markus-Liesen2.jpg\"><img decoding=\"async\" loading=\"lazy\" class=\"aligncenter size-medium wp-image-1502\" title=\"Umstritten: Windkraftanlagen in Naturparken - Copyright: Markus Liesen\" alt=\"Markus Liesen2\" src=\"https:\/\/www.naturparkmagazin.de\/vdn\/wp-content\/uploads\/sites\/3\/Markus-Liesen2-620x464.jpg\" width=\"620\" height=\"464\" \/><\/a><\/p>\n<p>\u00a0Der Ausbau der Erneuerbaren Energien im Zuge der f\u00fcr den Klimaschutz und eine nachhaltige Energieerzeugung wichtigen Energiewende ver\u00e4ndert Natur und Landschaft in starkem Ausma\u00df. Der gro\u00dffl\u00e4chige Anbau von Energiemais und Windkraftanlagen stehen hierbei im Zentrum.<\/p>\n<p>In einem gerade beginnenden Forschungs- und Entwicklungsvorhaben zur Nutzung von Windkraft und Biomasse insbesondere in Naturparken und Biosph\u00e4renreservaten \u00a0ist der Verband Deutscher Naturparke gemeinsam mit Europarc Deutschland Partner des Instituts f\u00fcr l\u00e4ndliche Strukturforschung der Universit\u00e4t Frankfurt a.M. und der Universit\u00e4t Kassel. Gef\u00f6rdert wird das Projekt vom Bundesamt f\u00fcr Naturschutz (BfN) mit Mitteln des Bundesumweltministeriums.<\/p>\n<p>Da auch Naturparke und Biosph\u00e4renreservate zunehmend zu Suchr\u00e4umen f\u00fcr den Ausbau der Erneuerbaren Energien geworden sind, soll in diesem Vorhaben untersucht werde, inwiefern in diesen Gebieten eine naturvertr\u00e4gliche Nutzung der Erneuerbaren Energien m\u00f6glich ist und wie sie naturvertr\u00e4glich gesteuert und umgesetzt werden kann. Ber\u00fccksichtigt werden m\u00fcssen dabei neben Schutzgebietszielen Arten- und Biotopschutz, Wasser- und Bodenschutz und auch die nachteiligen Ver\u00e4nderungen im Landschaftsbild mit ihren Auswirkungen auf die Erholungsm\u00f6glichkeiten. Das Projekt soll Ende 2015 abgeschlossen sein.<\/p>\n","protected":false},"excerpt":{"rendered":"<p>Der Ausbau der Erneuerbaren Energien im Zuge der f\u00fcr den Klimaschutz und eine nachhaltige Energieerzeugung wichtigen Energiewende ver\u00e4ndert Natur und Landschaft in starkem Ausma\u00df. Der gro\u00dffl\u00e4chige Anbau von Energiemais und Windkraftanlagen stehen hierbei im Zentrum.<\/p>\n","protected":false},"author":14,"featured_media":1502,"comment_status":"open","ping_status":"open","sticky":false,"template":"","format":"standard","meta":{"_links_to":"","_links_to_target":""},"categories":[7],"tags":[],"yoast_head":"<!-- This site is optimized with the Yoast SEO plugin v19.10 - https:\/\/yoast.com\/wordpress\/plugins\/seo\/ -->\n<title>Forschungsprojekt zu Erneuerbaren Energien in Naturparken<\/title>\n<meta name=\"description\" content=\"Der Ausbau der Erneuerbaren Energien im Zuge der f\u00fcr den Klimaschutz und eine nachhaltige Energieerzeugung wichtigen Energiewende ver\u00e4ndert Natur und Landschaft in starkem Ausma\u00df. Der gro\u00dffl\u00e4chige Anbau von Energiemais und Windkraftanlagen stehen hierbei im Zentrum.\" \/>\n<meta name=\"robots\" content=\"index, follow, max-snippet:-1, max-image-preview:large, max-video-preview:-1\" \/>\n<link rel=\"canonical\" href=\"https:\/\/www.naturparkmagazin.de\/vdn\/forschungsprojekt-zu-erneuerbaren-energien-in-naturparken\/\" \/>\n<meta property=\"og:locale\" content=\"de_DE\" \/>\n<meta property=\"og:type\" content=\"article\" \/>\n<meta property=\"og:title\" content=\"Forschungsprojekt zu Erneuerbaren Energien in Naturparken\" \/>\n<meta property=\"og:description\" content=\"Der Ausbau der Erneuerbaren Energien im Zuge der f\u00fcr den Klimaschutz und eine nachhaltige Energieerzeugung wichtigen Energiewende ver\u00e4ndert Natur und Landschaft in starkem Ausma\u00df. Der gro\u00dffl\u00e4chige Anbau von Energiemais und Windkraftanlagen stehen hierbei im Zentrum.\" \/>\n<meta property=\"og:url\" content=\"https:\/\/www.naturparkmagazin.de\/vdn\/forschungsprojekt-zu-erneuerbaren-energien-in-naturparken\/\" \/>\n<meta property=\"og:site_name\" content=\"Verband Deutscher Naturparke\" \/>\n<meta property=\"article:published_time\" content=\"2013-07-03T09:00:30+00:00\" \/>\n<meta property=\"article:modified_time\" content=\"2013-07-03T15:59:40+00:00\" \/>\n<meta property=\"og:image\" content=\"https:\/\/www.naturparkmagazin.de\/vdn\/wp-content\/uploads\/sites\/3\/Markus-Liesen2.jpg\" \/>\n\t<meta property=\"og:image:width\" content=\"1025\" \/>\n\t<meta property=\"og:image:height\" content=\"768\" \/>\n\t<meta property=\"og:image:type\" content=\"image\/jpeg\" \/>\n<meta name=\"author\" content=\"vdnnational\" \/>\n<meta name=\"twitter:label1\" content=\"Verfasst von\" \/>\n\t<meta name=\"twitter:data1\" content=\"vdnnational\" \/>\n\t<meta name=\"twitter:label2\" content=\"Gesch\u00e4tzte Lesezeit\" \/>\n\t<meta name=\"twitter:data2\" content=\"1\u00a0Minute\" \/>\n<script type=\"application\/ld+json\" class=\"yoast-schema-graph\">{\"@context\":\"https:\/\/schema.org\",\"@graph\":[{\"@type\":\"WebPage\",\"@id\":\"https:\/\/www.naturparkmagazin.de\/vdn\/forschungsprojekt-zu-erneuerbaren-energien-in-naturparken\/\",\"url\":\"https:\/\/www.naturparkmagazin.de\/vdn\/forschungsprojekt-zu-erneuerbaren-energien-in-naturparken\/\",\"name\":\"Forschungsprojekt zu Erneuerbaren Energien in Naturparken\",\"isPartOf\":{\"@id\":\"https:\/\/www.naturparkmagazin.de\/vdn\/#website\"},\"datePublished\":\"2013-07-03T09:00:30+00:00\",\"dateModified\":\"2013-07-03T15:59:40+00:00\",\"author\":{\"@id\":\"https:\/\/www.naturparkmagazin.de\/vdn\/#\/schema\/person\/e28d931df83318a48d52ae72b08d2bfb\"},\"description\":\"Der Ausbau der Erneuerbaren Energien im Zuge der f\u00fcr den Klimaschutz und eine nachhaltige Energieerzeugung wichtigen Energiewende ver\u00e4ndert Natur und Landschaft in starkem Ausma\u00df. Der gro\u00dffl\u00e4chige Anbau von Energiemais und Windkraftanlagen stehen hierbei im Zentrum.\",\"breadcrumb\":{\"@id\":\"https:\/\/www.naturparkmagazin.de\/vdn\/forschungsprojekt-zu-erneuerbaren-energien-in-naturparken\/#breadcrumb\"},\"inLanguage\":\"de\",\"potentialAction\":[{\"@type\":\"ReadAction\",\"target\":[\"https:\/\/www.naturparkmagazin.de\/vdn\/forschungsprojekt-zu-erneuerbaren-energien-in-naturparken\/\"]}]},{\"@type\":\"BreadcrumbList\",\"@id\":\"https:\/\/www.naturparkmagazin.de\/vdn\/forschungsprojekt-zu-erneuerbaren-energien-in-naturparken\/#breadcrumb\",\"itemListElement\":[{\"@type\":\"ListItem\",\"position\":1,\"name\":\"Home\",\"item\":\"https:\/\/www.naturparkmagazin.de\/vdn\/\"},{\"@type\":\"ListItem\",\"position\":2,\"name\":\"Forschungsprojekt zu Erneuerbaren Energien in Naturparken\"}]},{\"@type\":\"WebSite\",\"@id\":\"https:\/\/www.naturparkmagazin.de\/vdn\/#website\",\"url\":\"https:\/\/www.naturparkmagazin.de\/vdn\/\",\"name\":\"Verband Deutscher Naturparke\",\"description\":\"Eine weitere Naturparkmagazin.de Netzwerk Seite\",\"potentialAction\":[{\"@type\":\"SearchAction\",\"target\":{\"@type\":\"EntryPoint\",\"urlTemplate\":\"https:\/\/www.naturparkmagazin.de\/vdn\/?s={search_term_string}\"},\"query-input\":\"required name=search_term_string\"}],\"inLanguage\":\"de\"},{\"@type\":\"Person\",\"@id\":\"https:\/\/www.naturparkmagazin.de\/vdn\/#\/schema\/person\/e28d931df83318a48d52ae72b08d2bfb\",\"name\":\"vdnnational\",\"url\":\"https:\/\/www.naturparkmagazin.de\/vdn\/author\/vdnnational\/\"}]}<\/script>\n<!-- \/ Yoast SEO plugin. -->","yoast_head_json":{"title":"Forschungsprojekt zu Erneuerbaren Energien in Naturparken","description":"Der Ausbau der Erneuerbaren Energien im Zuge der f\u00fcr den Klimaschutz und eine nachhaltige Energieerzeugung wichtigen Energiewende ver\u00e4ndert Natur und Landschaft in starkem Ausma\u00df. Der gro\u00dffl\u00e4chige Anbau von Energiemais und Windkraftanlagen stehen hierbei im Zentrum.","robots":{"index":"index","follow":"follow","max-snippet":"max-snippet:-1","max-image-preview":"max-image-preview:large","max-video-preview":"max-video-preview:-1"},"canonical":"https:\/\/www.naturparkmagazin.de\/vdn\/forschungsprojekt-zu-erneuerbaren-energien-in-naturparken\/","og_locale":"de_DE","og_type":"article","og_title":"Forschungsprojekt zu Erneuerbaren Energien in Naturparken","og_description":"Der Ausbau der Erneuerbaren Energien im Zuge der f\u00fcr den Klimaschutz und eine nachhaltige Energieerzeugung wichtigen Energiewende ver\u00e4ndert Natur und Landschaft in starkem Ausma\u00df. Der gro\u00dffl\u00e4chige Anbau von Energiemais und Windkraftanlagen stehen hierbei im Zentrum.","og_url":"https:\/\/www.naturparkmagazin.de\/vdn\/forschungsprojekt-zu-erneuerbaren-energien-in-naturparken\/","og_site_name":"Verband Deutscher Naturparke","article_published_time":"2013-07-03T09:00:30+00:00","article_modified_time":"2013-07-03T15:59:40+00:00","og_image":[{"width":1025,"height":768,"url":"https:\/\/www.naturparkmagazin.de\/vdn\/wp-content\/uploads\/sites\/3\/Markus-Liesen2.jpg","type":"image\/jpeg"}],"author":"vdnnational","twitter_misc":{"Verfasst von":"vdnnational","Gesch\u00e4tzte Lesezeit":"1\u00a0Minute"},"schema":{"@context":"https:\/\/schema.org","@graph":[{"@type":"WebPage","@id":"https:\/\/www.naturparkmagazin.de\/vdn\/forschungsprojekt-zu-erneuerbaren-energien-in-naturparken\/","url":"https:\/\/www.naturparkmagazin.de\/vdn\/forschungsprojekt-zu-erneuerbaren-energien-in-naturparken\/","name":"Forschungsprojekt zu Erneuerbaren Energien in Naturparken","isPartOf":{"@id":"https:\/\/www.naturparkmagazin.de\/vdn\/#website"},"datePublished":"2013-07-03T09:00:30+00:00","dateModified":"2013-07-03T15:59:40+00:00","author":{"@id":"https:\/\/www.naturparkmagazin.de\/vdn\/#\/schema\/person\/e28d931df83318a48d52ae72b08d2bfb"},"description":"Der Ausbau der Erneuerbaren Energien im Zuge der f\u00fcr den Klimaschutz und eine nachhaltige Energieerzeugung wichtigen Energiewende ver\u00e4ndert Natur und Landschaft in starkem Ausma\u00df. Der gro\u00dffl\u00e4chige Anbau von Energiemais und Windkraftanlagen stehen hierbei im Zentrum.","breadcrumb":{"@id":"https:\/\/www.naturparkmagazin.de\/vdn\/forschungsprojekt-zu-erneuerbaren-energien-in-naturparken\/#breadcrumb"},"inLanguage":"de","potentialAction":[{"@type":"ReadAction","target":["https:\/\/www.naturparkmagazin.de\/vdn\/forschungsprojekt-zu-erneuerbaren-energien-in-naturparken\/"]}]},{"@type":"BreadcrumbList","@id":"https:\/\/www.naturparkmagazin.de\/vdn\/forschungsprojekt-zu-erneuerbaren-energien-in-naturparken\/#breadcrumb","itemListElement":[{"@type":"ListItem","position":1,"name":"Home","item":"https:\/\/www.naturparkmagazin.de\/vdn\/"},{"@type":"ListItem","position":2,"name":"Forschungsprojekt zu Erneuerbaren Energien in Naturparken"}]},{"@type":"WebSite","@id":"https:\/\/www.naturparkmagazin.de\/vdn\/#website","url":"https:\/\/www.naturparkmagazin.de\/vdn\/","name":"Verband Deutscher Naturparke","description":"Eine weitere Naturparkmagazin.de Netzwerk Seite","potentialAction":[{"@type":"SearchAction","target":{"@type":"EntryPoint","urlTemplate":"https:\/\/www.naturparkmagazin.de\/vdn\/?s={search_term_string}"},"query-input":"required name=search_term_string"}],"inLanguage":"de"},{"@type":"Person","@id":"https:\/\/www.naturparkmagazin.de\/vdn\/#\/schema\/person\/e28d931df83318a48d52ae72b08d2bfb","name":"vdnnational","url":"https:\/\/www.naturparkmagazin.de\/vdn\/author\/vdnnational\/"}]}},"_links":{"self":[{"href":"https:\/\/www.naturparkmagazin.de\/vdn\/wp-json\/wp\/v2\/posts\/1498"}],"collection":[{"href":"https:\/\/www.naturparkmagazin.de\/vdn\/wp-json\/wp\/v2\/posts"}],"about":[{"href":"https:\/\/www.naturparkmagazin.de\/vdn\/wp-json\/wp\/v2\/types\/post"}],"author":[{"embeddable":true,"href":"https:\/\/www.naturparkmagazin.de\/vdn\/wp-json\/wp\/v2\/users\/14"}],"replies":[{"embeddable":true,"href":"https:\/\/www.naturparkmagazin.de\/vdn\/wp-json\/wp\/v2\/comments?post=1498"}],"version-history":[{"count":11,"href":"https:\/\/www.naturparkmagazin.de\/vdn\/wp-json\/wp\/v2\/posts\/1498\/revisions"}],"predecessor-version":[{"id":1767,"href":"https:\/\/www.naturparkmagazin.de\/vdn\/wp-json\/wp\/v2\/posts\/1498\/revisions\/1767"}],"wp:featuredmedia":[{"embeddable":true,"href":"https:\/\/www.naturparkmagazin.de\/vdn\/wp-json\/wp\/v2\/media\/1502"}],"wp:attachment":[{"href":"https:\/\/www.naturparkmagazin.de\/vdn\/wp-json\/wp\/v2\/media?parent=1498"}],"wp:term":[{"taxonomy":"category","embeddable":true,"href":"https:\/\/www.naturparkmagazin.de\/vdn\/wp-json\/wp\/v2\/categories?post=1498"},{"taxonomy":"post_tag","embeddable":true,"href":"https:\/\/www.naturparkmagazin.de\/vdn\/wp-json\/wp\/v2\/tags?post=1498"}],"curies":[{"name":"wp","href":"https:\/\/api.w.org\/{rel}","templated":true}]}}