{"id":15052,"date":"2022-08-15T13:45:42","date_gmt":"2022-08-15T11:45:42","guid":{"rendered":"https:\/\/www.naturparkmagazin.de\/vdn\/?p=15052"},"modified":"2022-09-19T11:53:15","modified_gmt":"2022-09-19T09:53:15","slug":"nationale-naturlandschaften-schatzkammern-der-natur","status":"publish","type":"post","link":"https:\/\/www.naturparkmagazin.de\/vdn\/nationale-naturlandschaften-schatzkammern-der-natur\/","title":{"rendered":"Nationale Naturlandschaften \u2013 Schatzkammern der Natur"},"content":{"rendered":"<div id=\"attachment_15053\" style=\"width: 510px\" class=\"wp-caption alignnone\"><a href=\"https:\/\/www.naturparkmagazin.de\/vdn\/wp-content\/uploads\/sites\/3\/Caravan-Salonb.jpg\"><img aria-describedby=\"caption-attachment-15053\" decoding=\"async\" loading=\"lazy\" class=\"size-full wp-image-15053\" src=\"https:\/\/www.naturparkmagazin.de\/vdn\/wp-content\/uploads\/sites\/3\/Caravan-Salonb.jpg\" alt=\"Caravan Salon 2022 \u00a9 VDN \/ Merz\" width=\"500\" height=\"300\" srcset=\"https:\/\/www.naturparkmagazin.de\/vdn\/wp-content\/uploads\/sites\/3\/Caravan-Salonb.jpg 500w, https:\/\/www.naturparkmagazin.de\/vdn\/wp-content\/uploads\/sites\/3\/Caravan-Salonb-300x180.jpg 300w, https:\/\/www.naturparkmagazin.de\/vdn\/wp-content\/uploads\/sites\/3\/Caravan-Salonb-200x120.jpg 200w\" sizes=\"(max-width: 500px) 100vw, 500px\" \/><\/a><p id=\"caption-attachment-15053\" class=\"wp-caption-text\">Caravan Salon 2022 \u00a9 VDN \/ Merz<\/p><\/div>\n<p>Der Verband Deutscher Naturparke e.V. begr\u00fc\u00dft Sie gemeinsam mit Nationale Naturlandschaften e.V. noch bis zum 04.09.2022 auf dem Caravan Salon in D\u00fcsseldorf! Sie finden uns und sowie die Naturparke Siebengebirge, Hohe Mark, Schwalm-Nette und Arnsberger Wald sowie den Nationalpark Harz und den Nationalpark und Biosph\u00e4renreservat Schleswig-Holsteinisches Wattenmeer in <strong>Halle 3, Stand E08.<\/strong> Gemeinsam informieren wir \u00fcber die Nationalen Naturlandschaften und einen naturvertr\u00e4glichen Aufenthalt vor Ort. Auch kleine Messeg\u00e4ste kommen auf ihre Kosten, denn unser Stand ist eine Station der vom Deutschen Wanderverband organisierten Rallye f\u00fcr Kinder.<\/p>\n<p>Ganz in der N\u00e4he unseres Messestands findet sich die Event-B\u00fchne Travel &amp; Nature CONNECTED. Hier wird rund um Caravaning-Tourismus, Outdoor-Aktivit\u00e4ten und Naturerlebnis von Ausstellern ein buntes Programm gestaltet. \u00dcber die Nationalen Naturlandschaften, ihre sch\u00f6nen und sch\u00fctzenswerten Landschaften, ihre engagierten Akteure und Gastgeber sowie \u00fcber M\u00f6glichkeiten selbst im Urlaub mit anzupacken informieren wir Sie am Dienstag, 30.08. um 11:30 Uhr. Das B\u00fchnenprogramm k\u00f6nnen Sie sich \u00fcbrigens auch noch im Nachgang der Messe auf der Website der Caravan Salon ansehen.<\/p>\n<p>Weiterf\u00fchrende Informationen zur Caravan Salon 2022 finden Sie unter <a href=\"http:\/\/www.caravansalon.de\">www.caravansalon.de<\/a>, zu Naturparken in Deutschland auf <a href=\"http:\/\/www.naturparke.de\">www.naturparke.de<\/a> und zu den Nationalen Naturlandschaften auf <a href=\"http:\/\/www.nationale-naturlandschaften.de\">www.nationale-naturlandschaften.de<\/a>.<\/p>\n<p>Wir freuen uns auf Ihren Besuch!<\/p>\n<p>&nbsp;<\/p>\n<p>&nbsp;<\/p>\n","protected":false},"excerpt":{"rendered":"<p>Noch bis zum 4. September stellen sich 5 Nationale Naturlandschaften auf dem Caravan Salon in D\u00fcsseldorf vor.<\/p>\n","protected":false},"author":73,"featured_media":15054,"comment_status":"open","ping_status":"open","sticky":false,"template":"","format":"standard","meta":{"_links_to":"","_links_to_target":""},"categories":[7],"tags":[2611,3054,3056,2513,2610,539,3154,3055,2612,1054],"yoast_head":"<!-- This site is optimized with the Yoast SEO plugin v19.10 - https:\/\/yoast.com\/wordpress\/plugins\/seo\/ -->\n<title>Nationale Naturlandschaften \u2013 Schatzkammern der Natur<\/title>\n<meta name=\"description\" content=\"Noch bis zum 4. September stellen sich 5 Nationale Naturlandschaften auf dem Caravan Salon in D\u00fcsseldorf vor.\" \/>\n<meta name=\"robots\" content=\"index, follow, max-snippet:-1, max-image-preview:large, max-video-preview:-1\" \/>\n<link rel=\"canonical\" href=\"https:\/\/www.naturparkmagazin.de\/vdn\/nationale-naturlandschaften-schatzkammern-der-natur\/\" \/>\n<meta property=\"og:locale\" content=\"de_DE\" \/>\n<meta property=\"og:type\" content=\"article\" \/>\n<meta property=\"og:title\" content=\"Nationale Naturlandschaften \u2013 Schatzkammern der Natur\" \/>\n<meta property=\"og:description\" content=\"Noch bis zum 4. September stellen sich 5 Nationale Naturlandschaften auf dem Caravan Salon in D\u00fcsseldorf vor.\" \/>\n<meta property=\"og:url\" content=\"https:\/\/www.naturparkmagazin.de\/vdn\/nationale-naturlandschaften-schatzkammern-der-natur\/\" \/>\n<meta property=\"og:site_name\" content=\"Verband Deutscher Naturparke\" \/>\n<meta property=\"article:published_time\" content=\"2022-08-15T11:45:42+00:00\" \/>\n<meta property=\"article:modified_time\" content=\"2022-09-19T09:53:15+00:00\" \/>\n<meta property=\"og:image\" content=\"https:\/\/www.naturparkmagazin.de\/vdn\/wp-content\/uploads\/sites\/3\/Caravan-Salonbf.jpg\" \/>\n\t<meta property=\"og:image:width\" content=\"200\" \/>\n\t<meta property=\"og:image:height\" content=\"200\" \/>\n\t<meta property=\"og:image:type\" content=\"image\/jpeg\" \/>\n<meta name=\"author\" content=\"manuelamerz\" \/>\n<meta name=\"twitter:label1\" content=\"Verfasst von\" \/>\n\t<meta name=\"twitter:data1\" content=\"manuelamerz\" \/>\n\t<meta name=\"twitter:label2\" content=\"Gesch\u00e4tzte Lesezeit\" \/>\n\t<meta name=\"twitter:data2\" content=\"1\u00a0Minute\" \/>\n<script type=\"application\/ld+json\" class=\"yoast-schema-graph\">{\"@context\":\"https:\/\/schema.org\",\"@graph\":[{\"@type\":\"WebPage\",\"@id\":\"https:\/\/www.naturparkmagazin.de\/vdn\/nationale-naturlandschaften-schatzkammern-der-natur\/\",\"url\":\"https:\/\/www.naturparkmagazin.de\/vdn\/nationale-naturlandschaften-schatzkammern-der-natur\/\",\"name\":\"Nationale Naturlandschaften \u2013 Schatzkammern der Natur\",\"isPartOf\":{\"@id\":\"https:\/\/www.naturparkmagazin.de\/vdn\/#website\"},\"datePublished\":\"2022-08-15T11:45:42+00:00\",\"dateModified\":\"2022-09-19T09:53:15+00:00\",\"author\":{\"@id\":\"https:\/\/www.naturparkmagazin.de\/vdn\/#\/schema\/person\/3cff9b8773ed55f0189255fa9adfd57c\"},\"description\":\"Noch bis zum 4. September stellen sich 5 Nationale Naturlandschaften auf dem Caravan Salon in D\u00fcsseldorf vor.\",\"breadcrumb\":{\"@id\":\"https:\/\/www.naturparkmagazin.de\/vdn\/nationale-naturlandschaften-schatzkammern-der-natur\/#breadcrumb\"},\"inLanguage\":\"de\",\"potentialAction\":[{\"@type\":\"ReadAction\",\"target\":[\"https:\/\/www.naturparkmagazin.de\/vdn\/nationale-naturlandschaften-schatzkammern-der-natur\/\"]}]},{\"@type\":\"BreadcrumbList\",\"@id\":\"https:\/\/www.naturparkmagazin.de\/vdn\/nationale-naturlandschaften-schatzkammern-der-natur\/#breadcrumb\",\"itemListElement\":[{\"@type\":\"ListItem\",\"position\":1,\"name\":\"Home\",\"item\":\"https:\/\/www.naturparkmagazin.de\/vdn\/\"},{\"@type\":\"ListItem\",\"position\":2,\"name\":\"Nationale Naturlandschaften \u2013 Schatzkammern der Natur\"}]},{\"@type\":\"WebSite\",\"@id\":\"https:\/\/www.naturparkmagazin.de\/vdn\/#website\",\"url\":\"https:\/\/www.naturparkmagazin.de\/vdn\/\",\"name\":\"Verband Deutscher Naturparke\",\"description\":\"Eine weitere Naturparkmagazin.de Netzwerk Seite\",\"potentialAction\":[{\"@type\":\"SearchAction\",\"target\":{\"@type\":\"EntryPoint\",\"urlTemplate\":\"https:\/\/www.naturparkmagazin.de\/vdn\/?s={search_term_string}\"},\"query-input\":\"required name=search_term_string\"}],\"inLanguage\":\"de\"},{\"@type\":\"Person\",\"@id\":\"https:\/\/www.naturparkmagazin.de\/vdn\/#\/schema\/person\/3cff9b8773ed55f0189255fa9adfd57c\",\"name\":\"manuelamerz\",\"url\":\"https:\/\/www.naturparkmagazin.de\/vdn\/author\/manuelamerz\/\"}]}<\/script>\n<!-- \/ Yoast SEO plugin. -->","yoast_head_json":{"title":"Nationale Naturlandschaften \u2013 Schatzkammern der Natur","description":"Noch bis zum 4. September stellen sich 5 Nationale Naturlandschaften auf dem Caravan Salon in D\u00fcsseldorf vor.","robots":{"index":"index","follow":"follow","max-snippet":"max-snippet:-1","max-image-preview":"max-image-preview:large","max-video-preview":"max-video-preview:-1"},"canonical":"https:\/\/www.naturparkmagazin.de\/vdn\/nationale-naturlandschaften-schatzkammern-der-natur\/","og_locale":"de_DE","og_type":"article","og_title":"Nationale Naturlandschaften \u2013 Schatzkammern der Natur","og_description":"Noch bis zum 4. September stellen sich 5 Nationale Naturlandschaften auf dem Caravan Salon in D\u00fcsseldorf vor.","og_url":"https:\/\/www.naturparkmagazin.de\/vdn\/nationale-naturlandschaften-schatzkammern-der-natur\/","og_site_name":"Verband Deutscher Naturparke","article_published_time":"2022-08-15T11:45:42+00:00","article_modified_time":"2022-09-19T09:53:15+00:00","og_image":[{"width":200,"height":200,"url":"https:\/\/www.naturparkmagazin.de\/vdn\/wp-content\/uploads\/sites\/3\/Caravan-Salonbf.jpg","type":"image\/jpeg"}],"author":"manuelamerz","twitter_misc":{"Verfasst von":"manuelamerz","Gesch\u00e4tzte Lesezeit":"1\u00a0Minute"},"schema":{"@context":"https:\/\/schema.org","@graph":[{"@type":"WebPage","@id":"https:\/\/www.naturparkmagazin.de\/vdn\/nationale-naturlandschaften-schatzkammern-der-natur\/","url":"https:\/\/www.naturparkmagazin.de\/vdn\/nationale-naturlandschaften-schatzkammern-der-natur\/","name":"Nationale Naturlandschaften \u2013 Schatzkammern der Natur","isPartOf":{"@id":"https:\/\/www.naturparkmagazin.de\/vdn\/#website"},"datePublished":"2022-08-15T11:45:42+00:00","dateModified":"2022-09-19T09:53:15+00:00","author":{"@id":"https:\/\/www.naturparkmagazin.de\/vdn\/#\/schema\/person\/3cff9b8773ed55f0189255fa9adfd57c"},"description":"Noch bis zum 4. September stellen sich 5 Nationale Naturlandschaften auf dem Caravan Salon in D\u00fcsseldorf vor.","breadcrumb":{"@id":"https:\/\/www.naturparkmagazin.de\/vdn\/nationale-naturlandschaften-schatzkammern-der-natur\/#breadcrumb"},"inLanguage":"de","potentialAction":[{"@type":"ReadAction","target":["https:\/\/www.naturparkmagazin.de\/vdn\/nationale-naturlandschaften-schatzkammern-der-natur\/"]}]},{"@type":"BreadcrumbList","@id":"https:\/\/www.naturparkmagazin.de\/vdn\/nationale-naturlandschaften-schatzkammern-der-natur\/#breadcrumb","itemListElement":[{"@type":"ListItem","position":1,"name":"Home","item":"https:\/\/www.naturparkmagazin.de\/vdn\/"},{"@type":"ListItem","position":2,"name":"Nationale Naturlandschaften \u2013 Schatzkammern der Natur"}]},{"@type":"WebSite","@id":"https:\/\/www.naturparkmagazin.de\/vdn\/#website","url":"https:\/\/www.naturparkmagazin.de\/vdn\/","name":"Verband Deutscher Naturparke","description":"Eine weitere Naturparkmagazin.de Netzwerk Seite","potentialAction":[{"@type":"SearchAction","target":{"@type":"EntryPoint","urlTemplate":"https:\/\/www.naturparkmagazin.de\/vdn\/?s={search_term_string}"},"query-input":"required name=search_term_string"}],"inLanguage":"de"},{"@type":"Person","@id":"https:\/\/www.naturparkmagazin.de\/vdn\/#\/schema\/person\/3cff9b8773ed55f0189255fa9adfd57c","name":"manuelamerz","url":"https:\/\/www.naturparkmagazin.de\/vdn\/author\/manuelamerz\/"}]}},"_links":{"self":[{"href":"https:\/\/www.naturparkmagazin.de\/vdn\/wp-json\/wp\/v2\/posts\/15052"}],"collection":[{"href":"https:\/\/www.naturparkmagazin.de\/vdn\/wp-json\/wp\/v2\/posts"}],"about":[{"href":"https:\/\/www.naturparkmagazin.de\/vdn\/wp-json\/wp\/v2\/types\/post"}],"author":[{"embeddable":true,"href":"https:\/\/www.naturparkmagazin.de\/vdn\/wp-json\/wp\/v2\/users\/73"}],"replies":[{"embeddable":true,"href":"https:\/\/www.naturparkmagazin.de\/vdn\/wp-json\/wp\/v2\/comments?post=15052"}],"version-history":[{"count":1,"href":"https:\/\/www.naturparkmagazin.de\/vdn\/wp-json\/wp\/v2\/posts\/15052\/revisions"}],"predecessor-version":[{"id":15055,"href":"https:\/\/www.naturparkmagazin.de\/vdn\/wp-json\/wp\/v2\/posts\/15052\/revisions\/15055"}],"wp:featuredmedia":[{"embeddable":true,"href":"https:\/\/www.naturparkmagazin.de\/vdn\/wp-json\/wp\/v2\/media\/15054"}],"wp:attachment":[{"href":"https:\/\/www.naturparkmagazin.de\/vdn\/wp-json\/wp\/v2\/media?parent=15052"}],"wp:term":[{"taxonomy":"category","embeddable":true,"href":"https:\/\/www.naturparkmagazin.de\/vdn\/wp-json\/wp\/v2\/categories?post=15052"},{"taxonomy":"post_tag","embeddable":true,"href":"https:\/\/www.naturparkmagazin.de\/vdn\/wp-json\/wp\/v2\/tags?post=15052"}],"curies":[{"name":"wp","href":"https:\/\/api.w.org\/{rel}","templated":true}]}}