{"id":1511,"date":"2013-07-03T10:05:38","date_gmt":"2013-07-03T08:05:38","guid":{"rendered":"http:\/\/www.naturparkmagazin.de\/vdn\/?p=1511"},"modified":"2013-07-05T10:21:15","modified_gmt":"2013-07-05T08:21:15","slug":"deutsche-telekom-wird-partner-bei-herzenssache-natur","status":"publish","type":"post","link":"https:\/\/www.naturparkmagazin.de\/vdn\/deutsche-telekom-wird-partner-bei-herzenssache-natur\/","title":{"rendered":"Deutsche Telekom unterst\u00fctzt Herzenssache Natur"},"content":{"rendered":"<p style=\"text-align: center\"><a href=\"https:\/\/www.naturparkmagazin.de\/vdn\/wp-content\/uploads\/sites\/3\/Telekom_1T3_Alpha.jpg\"><img decoding=\"async\" loading=\"lazy\" class=\"size-full wp-image-1643 aligncenter\" title=\"Neuer Unterst\u00fctzer: Deutsche Telekom\" alt=\"Telekom_1T3_Alpha\" src=\"https:\/\/www.naturparkmagazin.de\/vdn\/wp-content\/uploads\/sites\/3\/Telekom_1T3_Alpha.jpg\" width=\"531\" height=\"300\" srcset=\"https:\/\/www.naturparkmagazin.de\/vdn\/wp-content\/uploads\/sites\/3\/Telekom_1T3_Alpha.jpg 531w, https:\/\/www.naturparkmagazin.de\/vdn\/wp-content\/uploads\/sites\/3\/Telekom_1T3_Alpha-300x169.jpg 300w, https:\/\/www.naturparkmagazin.de\/vdn\/wp-content\/uploads\/sites\/3\/Telekom_1T3_Alpha-200x113.jpg 200w\" sizes=\"(max-width: 531px) 100vw, 531px\" \/><\/a><\/p>\n<p>Neben dem Versicherungskonzern Generali Deutschland unterst\u00fctzt im Jahr 2013 auch die Deutsche Telekom das Projekt \u201eHerzenssache Natur\u201c des Verbandes Deutscher Naturparke e.V..<\/p>\n<p>&nbsp;<\/p>\n<p>Im Freiwilligenprojekt \u201eHerzenssache Natur\u201c bieten 12 Naturparke in Deutschland konkrete Unterst\u00fctzungsm\u00f6glichkeiten f\u00fcr b\u00fcrgerschaftliches Engagement f\u00fcr Naturschutz und nachhaltige Entwicklung an. Dazu geh\u00f6ren praktische Naturschutzeins\u00e4tze wie das \u201eEntkusseln\u201c von Heidefl\u00e4chen und Mooren, Baumpflanzungen, die Betreuung von Infozentren oder Infopfaden, die F\u00fchrung von Gruppen, Rangereins\u00e4tze in Schutzgebieten, der Bau von Infot\u00fcrmen oder Infopfaden und vieles andere mehr.<\/p>\n<p>&nbsp;<\/p>\n<p>Die Deutsche Telekom f\u00f6rdert \u201eHerzenssache Natur\u201c finanziell und nimmt die Projekte in ihr Programm engagement@telekom auf. Damit bietet der Bonner Konzern allen Mitarbeitern die Chance sich ehrenamtlich auch in Naturparken zu engagieren.<\/p>\n<p><a href=\"https:\/\/www.naturparkmagazin.de\/vdn\/wp-content\/uploads\/sites\/3\/Generali-Berichte-d-NRP-Barnim-2012-1.jpg\"><img decoding=\"async\" loading=\"lazy\" class=\"size-medium wp-image-1513 alignright\" title=\"B\u00fcrgerengagement im Naturpark Barnim - Copyright: Naturpark Barnim\" alt=\"Generali- Berichte d NRP- Barnim- 2012 (1)\" src=\"https:\/\/www.naturparkmagazin.de\/vdn\/wp-content\/uploads\/sites\/3\/Generali-Berichte-d-NRP-Barnim-2012-1-620x479.jpg\" width=\"620\" height=\"479\" \/><\/a><\/p>\n<p>&nbsp;<\/p>\n<p>Weitere Infos zu den Projekten finden Sie unter <a href=\"http:\/\/www.naturparke.de\/engagement\/general\">www.naturparke.de\/engagement\/generali\u00a0 <\/a>und <a href=\"https:\/\/engagement.telekom.de\/engagement\/admin\/zapps\/inter_cv\/public\/\" target=\"_blank\">engagement@telekom<\/a><\/p>\n<p>&nbsp;<\/p>\n<p>&nbsp;<\/p>\n","protected":false},"excerpt":{"rendered":"<p>Neben dem Versicherungskonzern Generali Deutschland unterst\u00fctzt im Jahr 2013 nun auch die Deutsche Telekom das Projekt \u201eHerzenssache Natur\u201c des Verbandes Deutscher Naturparke e.V.. <\/p>\n","protected":false},"author":14,"featured_media":1513,"comment_status":"open","ping_status":"open","sticky":false,"template":"","format":"standard","meta":{"_links_to":"","_links_to_target":""},"categories":[7],"tags":[],"yoast_head":"<!-- This site is optimized with the Yoast SEO plugin v19.10 - https:\/\/yoast.com\/wordpress\/plugins\/seo\/ -->\n<title>Deutsche Telekom unterst\u00fctzt Herzenssache Natur<\/title>\n<meta name=\"description\" content=\"Neben dem Versicherungskonzern Generali Deutschland unterst\u00fctzt im Jahr 2013 nun auch die Deutsche Telekom das Projekt \u201eHerzenssache Natur\u201c des Verbandes Deutscher Naturparke e.V..\" \/>\n<meta name=\"robots\" content=\"index, follow, max-snippet:-1, max-image-preview:large, max-video-preview:-1\" \/>\n<link rel=\"canonical\" href=\"https:\/\/www.naturparkmagazin.de\/vdn\/deutsche-telekom-wird-partner-bei-herzenssache-natur\/\" \/>\n<meta property=\"og:locale\" content=\"de_DE\" \/>\n<meta property=\"og:type\" content=\"article\" \/>\n<meta property=\"og:title\" content=\"Deutsche Telekom unterst\u00fctzt Herzenssache Natur\" \/>\n<meta property=\"og:description\" content=\"Neben dem Versicherungskonzern Generali Deutschland unterst\u00fctzt im Jahr 2013 nun auch die Deutsche Telekom das Projekt \u201eHerzenssache Natur\u201c des Verbandes Deutscher Naturparke e.V..\" \/>\n<meta property=\"og:url\" content=\"https:\/\/www.naturparkmagazin.de\/vdn\/deutsche-telekom-wird-partner-bei-herzenssache-natur\/\" \/>\n<meta property=\"og:site_name\" content=\"Verband Deutscher Naturparke\" \/>\n<meta property=\"article:published_time\" content=\"2013-07-03T08:05:38+00:00\" \/>\n<meta property=\"article:modified_time\" content=\"2013-07-05T08:21:15+00:00\" \/>\n<meta property=\"og:image\" content=\"https:\/\/www.naturparkmagazin.de\/vdn\/wp-content\/uploads\/sites\/3\/Generali-Berichte-d-NRP-Barnim-2012-1.jpg\" \/>\n\t<meta property=\"og:image:width\" content=\"650\" \/>\n\t<meta property=\"og:image:height\" content=\"503\" \/>\n\t<meta property=\"og:image:type\" content=\"image\/jpeg\" \/>\n<meta name=\"author\" content=\"vdnnational\" \/>\n<meta name=\"twitter:label1\" content=\"Verfasst von\" \/>\n\t<meta name=\"twitter:data1\" content=\"vdnnational\" \/>\n\t<meta name=\"twitter:label2\" content=\"Gesch\u00e4tzte Lesezeit\" \/>\n\t<meta name=\"twitter:data2\" content=\"1\u00a0Minute\" \/>\n<script type=\"application\/ld+json\" class=\"yoast-schema-graph\">{\"@context\":\"https:\/\/schema.org\",\"@graph\":[{\"@type\":\"WebPage\",\"@id\":\"https:\/\/www.naturparkmagazin.de\/vdn\/deutsche-telekom-wird-partner-bei-herzenssache-natur\/\",\"url\":\"https:\/\/www.naturparkmagazin.de\/vdn\/deutsche-telekom-wird-partner-bei-herzenssache-natur\/\",\"name\":\"Deutsche Telekom unterst\u00fctzt Herzenssache Natur\",\"isPartOf\":{\"@id\":\"https:\/\/www.naturparkmagazin.de\/vdn\/#website\"},\"datePublished\":\"2013-07-03T08:05:38+00:00\",\"dateModified\":\"2013-07-05T08:21:15+00:00\",\"author\":{\"@id\":\"https:\/\/www.naturparkmagazin.de\/vdn\/#\/schema\/person\/e28d931df83318a48d52ae72b08d2bfb\"},\"description\":\"Neben dem Versicherungskonzern Generali Deutschland unterst\u00fctzt im Jahr 2013 nun auch die Deutsche Telekom das Projekt \u201eHerzenssache Natur\u201c des Verbandes Deutscher Naturparke e.V..\",\"breadcrumb\":{\"@id\":\"https:\/\/www.naturparkmagazin.de\/vdn\/deutsche-telekom-wird-partner-bei-herzenssache-natur\/#breadcrumb\"},\"inLanguage\":\"de\",\"potentialAction\":[{\"@type\":\"ReadAction\",\"target\":[\"https:\/\/www.naturparkmagazin.de\/vdn\/deutsche-telekom-wird-partner-bei-herzenssache-natur\/\"]}]},{\"@type\":\"BreadcrumbList\",\"@id\":\"https:\/\/www.naturparkmagazin.de\/vdn\/deutsche-telekom-wird-partner-bei-herzenssache-natur\/#breadcrumb\",\"itemListElement\":[{\"@type\":\"ListItem\",\"position\":1,\"name\":\"Home\",\"item\":\"https:\/\/www.naturparkmagazin.de\/vdn\/\"},{\"@type\":\"ListItem\",\"position\":2,\"name\":\"Deutsche Telekom unterst\u00fctzt Herzenssache Natur\"}]},{\"@type\":\"WebSite\",\"@id\":\"https:\/\/www.naturparkmagazin.de\/vdn\/#website\",\"url\":\"https:\/\/www.naturparkmagazin.de\/vdn\/\",\"name\":\"Verband Deutscher Naturparke\",\"description\":\"Eine weitere Naturparkmagazin.de Netzwerk Seite\",\"potentialAction\":[{\"@type\":\"SearchAction\",\"target\":{\"@type\":\"EntryPoint\",\"urlTemplate\":\"https:\/\/www.naturparkmagazin.de\/vdn\/?s={search_term_string}\"},\"query-input\":\"required name=search_term_string\"}],\"inLanguage\":\"de\"},{\"@type\":\"Person\",\"@id\":\"https:\/\/www.naturparkmagazin.de\/vdn\/#\/schema\/person\/e28d931df83318a48d52ae72b08d2bfb\",\"name\":\"vdnnational\",\"url\":\"https:\/\/www.naturparkmagazin.de\/vdn\/author\/vdnnational\/\"}]}<\/script>\n<!-- \/ Yoast SEO plugin. -->","yoast_head_json":{"title":"Deutsche Telekom unterst\u00fctzt Herzenssache Natur","description":"Neben dem Versicherungskonzern Generali Deutschland unterst\u00fctzt im Jahr 2013 nun auch die Deutsche Telekom das Projekt \u201eHerzenssache Natur\u201c des Verbandes Deutscher Naturparke e.V..","robots":{"index":"index","follow":"follow","max-snippet":"max-snippet:-1","max-image-preview":"max-image-preview:large","max-video-preview":"max-video-preview:-1"},"canonical":"https:\/\/www.naturparkmagazin.de\/vdn\/deutsche-telekom-wird-partner-bei-herzenssache-natur\/","og_locale":"de_DE","og_type":"article","og_title":"Deutsche Telekom unterst\u00fctzt Herzenssache Natur","og_description":"Neben dem Versicherungskonzern Generali Deutschland unterst\u00fctzt im Jahr 2013 nun auch die Deutsche Telekom das Projekt \u201eHerzenssache Natur\u201c des Verbandes Deutscher Naturparke e.V..","og_url":"https:\/\/www.naturparkmagazin.de\/vdn\/deutsche-telekom-wird-partner-bei-herzenssache-natur\/","og_site_name":"Verband Deutscher Naturparke","article_published_time":"2013-07-03T08:05:38+00:00","article_modified_time":"2013-07-05T08:21:15+00:00","og_image":[{"width":650,"height":503,"url":"https:\/\/www.naturparkmagazin.de\/vdn\/wp-content\/uploads\/sites\/3\/Generali-Berichte-d-NRP-Barnim-2012-1.jpg","type":"image\/jpeg"}],"author":"vdnnational","twitter_misc":{"Verfasst von":"vdnnational","Gesch\u00e4tzte Lesezeit":"1\u00a0Minute"},"schema":{"@context":"https:\/\/schema.org","@graph":[{"@type":"WebPage","@id":"https:\/\/www.naturparkmagazin.de\/vdn\/deutsche-telekom-wird-partner-bei-herzenssache-natur\/","url":"https:\/\/www.naturparkmagazin.de\/vdn\/deutsche-telekom-wird-partner-bei-herzenssache-natur\/","name":"Deutsche Telekom unterst\u00fctzt Herzenssache Natur","isPartOf":{"@id":"https:\/\/www.naturparkmagazin.de\/vdn\/#website"},"datePublished":"2013-07-03T08:05:38+00:00","dateModified":"2013-07-05T08:21:15+00:00","author":{"@id":"https:\/\/www.naturparkmagazin.de\/vdn\/#\/schema\/person\/e28d931df83318a48d52ae72b08d2bfb"},"description":"Neben dem Versicherungskonzern Generali Deutschland unterst\u00fctzt im Jahr 2013 nun auch die Deutsche Telekom das Projekt \u201eHerzenssache Natur\u201c des Verbandes Deutscher Naturparke e.V..","breadcrumb":{"@id":"https:\/\/www.naturparkmagazin.de\/vdn\/deutsche-telekom-wird-partner-bei-herzenssache-natur\/#breadcrumb"},"inLanguage":"de","potentialAction":[{"@type":"ReadAction","target":["https:\/\/www.naturparkmagazin.de\/vdn\/deutsche-telekom-wird-partner-bei-herzenssache-natur\/"]}]},{"@type":"BreadcrumbList","@id":"https:\/\/www.naturparkmagazin.de\/vdn\/deutsche-telekom-wird-partner-bei-herzenssache-natur\/#breadcrumb","itemListElement":[{"@type":"ListItem","position":1,"name":"Home","item":"https:\/\/www.naturparkmagazin.de\/vdn\/"},{"@type":"ListItem","position":2,"name":"Deutsche Telekom unterst\u00fctzt Herzenssache Natur"}]},{"@type":"WebSite","@id":"https:\/\/www.naturparkmagazin.de\/vdn\/#website","url":"https:\/\/www.naturparkmagazin.de\/vdn\/","name":"Verband Deutscher Naturparke","description":"Eine weitere Naturparkmagazin.de Netzwerk Seite","potentialAction":[{"@type":"SearchAction","target":{"@type":"EntryPoint","urlTemplate":"https:\/\/www.naturparkmagazin.de\/vdn\/?s={search_term_string}"},"query-input":"required name=search_term_string"}],"inLanguage":"de"},{"@type":"Person","@id":"https:\/\/www.naturparkmagazin.de\/vdn\/#\/schema\/person\/e28d931df83318a48d52ae72b08d2bfb","name":"vdnnational","url":"https:\/\/www.naturparkmagazin.de\/vdn\/author\/vdnnational\/"}]}},"_links":{"self":[{"href":"https:\/\/www.naturparkmagazin.de\/vdn\/wp-json\/wp\/v2\/posts\/1511"}],"collection":[{"href":"https:\/\/www.naturparkmagazin.de\/vdn\/wp-json\/wp\/v2\/posts"}],"about":[{"href":"https:\/\/www.naturparkmagazin.de\/vdn\/wp-json\/wp\/v2\/types\/post"}],"author":[{"embeddable":true,"href":"https:\/\/www.naturparkmagazin.de\/vdn\/wp-json\/wp\/v2\/users\/14"}],"replies":[{"embeddable":true,"href":"https:\/\/www.naturparkmagazin.de\/vdn\/wp-json\/wp\/v2\/comments?post=1511"}],"version-history":[{"count":16,"href":"https:\/\/www.naturparkmagazin.de\/vdn\/wp-json\/wp\/v2\/posts\/1511\/revisions"}],"predecessor-version":[{"id":1722,"href":"https:\/\/www.naturparkmagazin.de\/vdn\/wp-json\/wp\/v2\/posts\/1511\/revisions\/1722"}],"wp:featuredmedia":[{"embeddable":true,"href":"https:\/\/www.naturparkmagazin.de\/vdn\/wp-json\/wp\/v2\/media\/1513"}],"wp:attachment":[{"href":"https:\/\/www.naturparkmagazin.de\/vdn\/wp-json\/wp\/v2\/media?parent=1511"}],"wp:term":[{"taxonomy":"category","embeddable":true,"href":"https:\/\/www.naturparkmagazin.de\/vdn\/wp-json\/wp\/v2\/categories?post=1511"},{"taxonomy":"post_tag","embeddable":true,"href":"https:\/\/www.naturparkmagazin.de\/vdn\/wp-json\/wp\/v2\/tags?post=1511"}],"curies":[{"name":"wp","href":"https:\/\/api.w.org\/{rel}","templated":true}]}}