{"id":15110,"date":"2022-09-28T15:11:22","date_gmt":"2022-09-28T13:11:22","guid":{"rendered":"https:\/\/www.naturparkmagazin.de\/vdn\/?p=15110"},"modified":"2022-09-28T16:07:45","modified_gmt":"2022-09-28T14:07:45","slug":"mathias-allgaeuer-mathias-allgaeuer-geschaeftsfuehrer-des-naturparks-schoenbuch","status":"publish","type":"post","link":"https:\/\/www.naturparkmagazin.de\/vdn\/mathias-allgaeuer-mathias-allgaeuer-geschaeftsfuehrer-des-naturparks-schoenbuch\/","title":{"rendered":"Mathias Allg\u00e4uer, Gesch\u00e4ftsf\u00fchrer des Naturparks Sch\u00f6nbuch"},"content":{"rendered":"<div id=\"attachment_15111\" style=\"width: 460px\" class=\"wp-caption alignnone\"><a href=\"https:\/\/www.naturparkmagazin.de\/vdn\/wp-content\/uploads\/sites\/3\/Mathias_Allg\u00e4uer_300.jpg\"><img aria-describedby=\"caption-attachment-15111\" decoding=\"async\" loading=\"lazy\" class=\"wp-image-15111 size-full\" src=\"https:\/\/www.naturparkmagazin.de\/vdn\/wp-content\/uploads\/sites\/3\/Mathias_Allg\u00e4uer_300.jpg\" alt=\" @ Mathias Allg\u00e4uer, Gesch\u00e4ftsf\u00fchrer Naturpark Sch\u00f6nbuch\" width=\"450\" height=\"300\" srcset=\"https:\/\/www.naturparkmagazin.de\/vdn\/wp-content\/uploads\/sites\/3\/Mathias_Allg\u00e4uer_300.jpg 450w, https:\/\/www.naturparkmagazin.de\/vdn\/wp-content\/uploads\/sites\/3\/Mathias_Allg\u00e4uer_300-300x200.jpg 300w, https:\/\/www.naturparkmagazin.de\/vdn\/wp-content\/uploads\/sites\/3\/Mathias_Allg\u00e4uer_300-200x133.jpg 200w\" sizes=\"(max-width: 450px) 100vw, 450px\" \/><\/a><p id=\"caption-attachment-15111\" class=\"wp-caption-text\">Mathias Allg\u00e4uer, Gesch\u00e4ftsf\u00fchrer Naturpark Sch\u00f6nbuch @ Naturpark Sch\u00f6nbuch<\/p><\/div>\n<p>Seit knapp 25 Jahren ist Mathias Allg\u00e4uer Gesch\u00e4ftsf\u00fchrer des Naturparks Sch\u00f6nbuch und damit hat er die Entwicklung des jetzt 50j\u00e4hrigen Naturparks sicherlich stark mitgepr\u00e4gt. Im oberschw\u00e4bischen Bad Waldsee aufgewachsen, studierte Allg\u00e4uer von 1985-1989 an der Rottenburger Hochschule f\u00fcr Forstwirtschaft. Seine erste Stelle trat der frisch gebackene F\u00f6rster im November 1989 an der Forstdirektion T\u00fcbingen in die Abteilung \u201eHolzverkauf, Jagd und Wegebau\u201c an.<\/p>\n<p>Als er sich im Jahr 1998 auf den Posten des Gesch\u00e4ftsf\u00fchrers bewarb, sah das Aufgabenfeld in der Naturpark-Gesch\u00e4ftsstelle im Vergleich zu heute ganz anders aus: weitgehend auf sich allein gestellt, arbeitete Allg\u00e4uer f\u00fcr den Naturpark ganz ohne Personal.<\/p>\n<p>Im Jahr 2005 war Mathias Allg\u00e4uer Mitgr\u00fcnder der AG Naturparke, ein Zusammenschluss der sieben Naturparke Baden-W\u00fcrttembergs, um sie vor allem auf politischer Ebene zu st\u00e4rken. In seine Amtszeit f\u00e4llt auch die Umgestaltung des Informationszentrums, die Einf\u00fchrung eines modernen Besucherleitsystems, des beliebten Naturpark-Veranstaltungsprogramms sowie die inzwischen nicht mehr wegzudenkenden Formate des \u201eBl\u00fchenden Naturparks\u201c oder der \u201eNaturpark-Schule\u201c. Gemeinsam mit den Forst\u00e4mtern, den Landkreisen und vielen Ehrenamtlichen wurde in den vergangenen Jahren auch viele Waldtage und M\u00e4rkte organisiert.\n2014 erhielt der Sch\u00f6nbuch die bundesweite Auszeichnung \u201eWaldgebiet des Jahres\u201c. Zweimal wurde dem Naturpark Sch\u00f6nbuch unter Allg\u00e4uer die Urkunde als Qualit\u00e4tsnaturpark verliehen. Mit dem F\u00f6rderverein Naturpark Sch\u00f6nbuch e.V., deren Gesch\u00e4ftsf\u00fchrer Mathias Allg\u00e4uer ebenfalls seit 1998 ist, konnten in den vergangenen Jahren einige Umwelt- und Kleindenkmalpreise gewonnen werden. Das wichtigste an diesem Verein sind f\u00fcr den 58J\u00e4hrigen allerdings die vielen wertvollen Begegnungen und Freundschaften, die er in den vergangenen 24 Jahren bei den j\u00e4hrlichen Landschaftspflegeaktionen und Messeeins\u00e4tzen schlie\u00dfen konnte. <em>\u201eDie Verbundenheit der Menschen dieser Region mit ihrem Sch\u00f6nbuch war f\u00fcr mich immer schon etwas ganz Besonderes\u201c<\/em>, freut sich Mathias Allg\u00e4uer r\u00fcckblickend.<\/p>\n<p>Mit den Jahren in der Gesch\u00e4ftsstelle ver\u00e4nderten sich nicht nur die Aufgaben, es kamen auch viele neue hinzu. Das sogenannte \u201eWartburger Programm\u201c des Verbands Deutscher Naturparke stellte die vier S\u00e4ulen in das Aufgabenspektrum der Naturparke: Natur- und Landschaftsschutz, Nachhaltiger Tourismus und Erholung, Bildung f\u00fcr nachhaltige Entwicklung und Nachhaltige Regionalentwicklung. Ein Gl\u00fcck f\u00fcr Allg\u00e4uer, dass er regelm\u00e4\u00dfig Unterst\u00fctzung von Studierenden erhielt, die in der Gesch\u00e4ftsstelle ein mehrmonatiges Praktikum absolvieren. Viele von ihnen besch\u00e4ftigte er weiter als Minijobber. Sicher ist es der Hartn\u00e4ckigkeit Allg\u00e4uers und seiner Mitstreiter aus der AG Naturparke zu verdanken, dass im Jahr 2018 die Finanzmittel vom Land Baden-W\u00fcrttemberg so aufgestockt wurden, dass er f\u00fcr den Naturpark Sch\u00f6nbuch Personal einstellen konnte. Derzeit arbeiten au\u00dfer dem Gesch\u00e4ftsf\u00fchrer eine Vollzeitkraft, drei Teilzeitkr\u00e4fte, drei Mini-Jobber und ein Praktikant in der Gesch\u00e4ftsstelle, um den vielen Aufgaben gerecht zu werden.<\/p>\n<p>Die Arbeit als Gesch\u00e4ftsf\u00fchrer macht Mathias Allg\u00e4uer Spa\u00df, das merkt jeder, der mit ihm zu tun hat. Wann immer das Telefon klingelt, nimmt er sich Zeit f\u00fcr die Fragen und Belange, die an ihn herangetragen werden. Selbst am Wochenende streift er liebend gern mit Dackel Fred durch den Sch\u00f6nbuch. Bei seinen Wanderungen zur Falkenkopfh\u00fctte oder an den Birkensee f\u00e4ngt er immer wieder Stimmungen in sch\u00f6nen Fotos ein. Und obwohl er das seit 25 Jahren macht, l\u00e4sst die Begeisterung f\u00fcr dieses sch\u00f6ne Fleckchen Erde nicht nach. Beste Voraussetzungen also, dass dem Naturpark Sch\u00f6nbuch der Gesch\u00e4ftsf\u00fchrer noch lange erhalten bleibt. Und was, wenn nicht das, w\u00fcrde sich der Naturpark zu seinem runden Geburtstag sonst w\u00fcnschen?<\/p>\n<p>&nbsp;<\/p>\n","protected":false},"excerpt":{"rendered":"<p>Seit knapp 25 Jahren leitet Mathias Allg\u00e4uer den Naturpark Sch\u00f6nbuch <\/p>\n","protected":false},"author":73,"featured_media":15112,"comment_status":"open","ping_status":"open","sticky":false,"template":"","format":"standard","meta":{"_links_to":"","_links_to_target":""},"categories":[8],"tags":[2072,3087,2856,3085,3086,1094,2341,3088,810,1341],"yoast_head":"<!-- This site is optimized with the Yoast SEO plugin v19.10 - https:\/\/yoast.com\/wordpress\/plugins\/seo\/ -->\n<title>Mathias Allg\u00e4uer, Gesch\u00e4ftsf\u00fchrer des Naturparks Sch\u00f6nbuch<\/title>\n<meta name=\"description\" content=\"Seit knapp 25 Jahren leitet Mathias Allg\u00e4uer den Naturpark Sch\u00f6nbuch\" \/>\n<meta name=\"robots\" content=\"index, follow, max-snippet:-1, max-image-preview:large, max-video-preview:-1\" \/>\n<link rel=\"canonical\" href=\"https:\/\/www.naturparkmagazin.de\/vdn\/mathias-allgaeuer-mathias-allgaeuer-geschaeftsfuehrer-des-naturparks-schoenbuch\/\" \/>\n<meta property=\"og:locale\" content=\"de_DE\" \/>\n<meta property=\"og:type\" content=\"article\" \/>\n<meta property=\"og:title\" content=\"Mathias Allg\u00e4uer, Gesch\u00e4ftsf\u00fchrer des Naturparks Sch\u00f6nbuch\" \/>\n<meta property=\"og:description\" content=\"Seit knapp 25 Jahren leitet Mathias Allg\u00e4uer den Naturpark Sch\u00f6nbuch\" \/>\n<meta property=\"og:url\" content=\"https:\/\/www.naturparkmagazin.de\/vdn\/mathias-allgaeuer-mathias-allgaeuer-geschaeftsfuehrer-des-naturparks-schoenbuch\/\" \/>\n<meta property=\"og:site_name\" content=\"Verband Deutscher Naturparke\" \/>\n<meta property=\"article:published_time\" content=\"2022-09-28T13:11:22+00:00\" \/>\n<meta property=\"article:modified_time\" content=\"2022-09-28T14:07:45+00:00\" \/>\n<meta property=\"og:image\" content=\"https:\/\/www.naturparkmagazin.de\/vdn\/wp-content\/uploads\/sites\/3\/Mathias_Allg\u00e4uer_Q_200.jpg\" \/>\n\t<meta property=\"og:image:width\" content=\"200\" \/>\n\t<meta property=\"og:image:height\" content=\"200\" \/>\n\t<meta property=\"og:image:type\" content=\"image\/jpeg\" \/>\n<meta name=\"author\" content=\"manuelamerz\" \/>\n<meta name=\"twitter:label1\" content=\"Verfasst von\" \/>\n\t<meta name=\"twitter:data1\" content=\"manuelamerz\" \/>\n\t<meta name=\"twitter:label2\" content=\"Gesch\u00e4tzte Lesezeit\" \/>\n\t<meta name=\"twitter:data2\" content=\"3\u00a0Minuten\" \/>\n<script type=\"application\/ld+json\" class=\"yoast-schema-graph\">{\"@context\":\"https:\/\/schema.org\",\"@graph\":[{\"@type\":\"WebPage\",\"@id\":\"https:\/\/www.naturparkmagazin.de\/vdn\/mathias-allgaeuer-mathias-allgaeuer-geschaeftsfuehrer-des-naturparks-schoenbuch\/\",\"url\":\"https:\/\/www.naturparkmagazin.de\/vdn\/mathias-allgaeuer-mathias-allgaeuer-geschaeftsfuehrer-des-naturparks-schoenbuch\/\",\"name\":\"Mathias Allg\u00e4uer, Gesch\u00e4ftsf\u00fchrer des Naturparks Sch\u00f6nbuch\",\"isPartOf\":{\"@id\":\"https:\/\/www.naturparkmagazin.de\/vdn\/#website\"},\"datePublished\":\"2022-09-28T13:11:22+00:00\",\"dateModified\":\"2022-09-28T14:07:45+00:00\",\"author\":{\"@id\":\"https:\/\/www.naturparkmagazin.de\/vdn\/#\/schema\/person\/3cff9b8773ed55f0189255fa9adfd57c\"},\"description\":\"Seit knapp 25 Jahren leitet Mathias Allg\u00e4uer den Naturpark Sch\u00f6nbuch\",\"breadcrumb\":{\"@id\":\"https:\/\/www.naturparkmagazin.de\/vdn\/mathias-allgaeuer-mathias-allgaeuer-geschaeftsfuehrer-des-naturparks-schoenbuch\/#breadcrumb\"},\"inLanguage\":\"de\",\"potentialAction\":[{\"@type\":\"ReadAction\",\"target\":[\"https:\/\/www.naturparkmagazin.de\/vdn\/mathias-allgaeuer-mathias-allgaeuer-geschaeftsfuehrer-des-naturparks-schoenbuch\/\"]}]},{\"@type\":\"BreadcrumbList\",\"@id\":\"https:\/\/www.naturparkmagazin.de\/vdn\/mathias-allgaeuer-mathias-allgaeuer-geschaeftsfuehrer-des-naturparks-schoenbuch\/#breadcrumb\",\"itemListElement\":[{\"@type\":\"ListItem\",\"position\":1,\"name\":\"Home\",\"item\":\"https:\/\/www.naturparkmagazin.de\/vdn\/\"},{\"@type\":\"ListItem\",\"position\":2,\"name\":\"Mathias Allg\u00e4uer, Gesch\u00e4ftsf\u00fchrer des Naturparks Sch\u00f6nbuch\"}]},{\"@type\":\"WebSite\",\"@id\":\"https:\/\/www.naturparkmagazin.de\/vdn\/#website\",\"url\":\"https:\/\/www.naturparkmagazin.de\/vdn\/\",\"name\":\"Verband Deutscher Naturparke\",\"description\":\"Eine weitere Naturparkmagazin.de Netzwerk Seite\",\"potentialAction\":[{\"@type\":\"SearchAction\",\"target\":{\"@type\":\"EntryPoint\",\"urlTemplate\":\"https:\/\/www.naturparkmagazin.de\/vdn\/?s={search_term_string}\"},\"query-input\":\"required name=search_term_string\"}],\"inLanguage\":\"de\"},{\"@type\":\"Person\",\"@id\":\"https:\/\/www.naturparkmagazin.de\/vdn\/#\/schema\/person\/3cff9b8773ed55f0189255fa9adfd57c\",\"name\":\"manuelamerz\",\"url\":\"https:\/\/www.naturparkmagazin.de\/vdn\/author\/manuelamerz\/\"}]}<\/script>\n<!-- \/ Yoast SEO plugin. -->","yoast_head_json":{"title":"Mathias Allg\u00e4uer, Gesch\u00e4ftsf\u00fchrer des Naturparks Sch\u00f6nbuch","description":"Seit knapp 25 Jahren leitet Mathias Allg\u00e4uer den Naturpark Sch\u00f6nbuch","robots":{"index":"index","follow":"follow","max-snippet":"max-snippet:-1","max-image-preview":"max-image-preview:large","max-video-preview":"max-video-preview:-1"},"canonical":"https:\/\/www.naturparkmagazin.de\/vdn\/mathias-allgaeuer-mathias-allgaeuer-geschaeftsfuehrer-des-naturparks-schoenbuch\/","og_locale":"de_DE","og_type":"article","og_title":"Mathias Allg\u00e4uer, Gesch\u00e4ftsf\u00fchrer des Naturparks Sch\u00f6nbuch","og_description":"Seit knapp 25 Jahren leitet Mathias Allg\u00e4uer den Naturpark Sch\u00f6nbuch","og_url":"https:\/\/www.naturparkmagazin.de\/vdn\/mathias-allgaeuer-mathias-allgaeuer-geschaeftsfuehrer-des-naturparks-schoenbuch\/","og_site_name":"Verband Deutscher Naturparke","article_published_time":"2022-09-28T13:11:22+00:00","article_modified_time":"2022-09-28T14:07:45+00:00","og_image":[{"width":200,"height":200,"url":"https:\/\/www.naturparkmagazin.de\/vdn\/wp-content\/uploads\/sites\/3\/Mathias_Allg\u00e4uer_Q_200.jpg","type":"image\/jpeg"}],"author":"manuelamerz","twitter_misc":{"Verfasst von":"manuelamerz","Gesch\u00e4tzte Lesezeit":"3\u00a0Minuten"},"schema":{"@context":"https:\/\/schema.org","@graph":[{"@type":"WebPage","@id":"https:\/\/www.naturparkmagazin.de\/vdn\/mathias-allgaeuer-mathias-allgaeuer-geschaeftsfuehrer-des-naturparks-schoenbuch\/","url":"https:\/\/www.naturparkmagazin.de\/vdn\/mathias-allgaeuer-mathias-allgaeuer-geschaeftsfuehrer-des-naturparks-schoenbuch\/","name":"Mathias Allg\u00e4uer, Gesch\u00e4ftsf\u00fchrer des Naturparks Sch\u00f6nbuch","isPartOf":{"@id":"https:\/\/www.naturparkmagazin.de\/vdn\/#website"},"datePublished":"2022-09-28T13:11:22+00:00","dateModified":"2022-09-28T14:07:45+00:00","author":{"@id":"https:\/\/www.naturparkmagazin.de\/vdn\/#\/schema\/person\/3cff9b8773ed55f0189255fa9adfd57c"},"description":"Seit knapp 25 Jahren leitet Mathias Allg\u00e4uer den Naturpark Sch\u00f6nbuch","breadcrumb":{"@id":"https:\/\/www.naturparkmagazin.de\/vdn\/mathias-allgaeuer-mathias-allgaeuer-geschaeftsfuehrer-des-naturparks-schoenbuch\/#breadcrumb"},"inLanguage":"de","potentialAction":[{"@type":"ReadAction","target":["https:\/\/www.naturparkmagazin.de\/vdn\/mathias-allgaeuer-mathias-allgaeuer-geschaeftsfuehrer-des-naturparks-schoenbuch\/"]}]},{"@type":"BreadcrumbList","@id":"https:\/\/www.naturparkmagazin.de\/vdn\/mathias-allgaeuer-mathias-allgaeuer-geschaeftsfuehrer-des-naturparks-schoenbuch\/#breadcrumb","itemListElement":[{"@type":"ListItem","position":1,"name":"Home","item":"https:\/\/www.naturparkmagazin.de\/vdn\/"},{"@type":"ListItem","position":2,"name":"Mathias Allg\u00e4uer, Gesch\u00e4ftsf\u00fchrer des Naturparks Sch\u00f6nbuch"}]},{"@type":"WebSite","@id":"https:\/\/www.naturparkmagazin.de\/vdn\/#website","url":"https:\/\/www.naturparkmagazin.de\/vdn\/","name":"Verband Deutscher Naturparke","description":"Eine weitere Naturparkmagazin.de Netzwerk Seite","potentialAction":[{"@type":"SearchAction","target":{"@type":"EntryPoint","urlTemplate":"https:\/\/www.naturparkmagazin.de\/vdn\/?s={search_term_string}"},"query-input":"required name=search_term_string"}],"inLanguage":"de"},{"@type":"Person","@id":"https:\/\/www.naturparkmagazin.de\/vdn\/#\/schema\/person\/3cff9b8773ed55f0189255fa9adfd57c","name":"manuelamerz","url":"https:\/\/www.naturparkmagazin.de\/vdn\/author\/manuelamerz\/"}]}},"_links":{"self":[{"href":"https:\/\/www.naturparkmagazin.de\/vdn\/wp-json\/wp\/v2\/posts\/15110"}],"collection":[{"href":"https:\/\/www.naturparkmagazin.de\/vdn\/wp-json\/wp\/v2\/posts"}],"about":[{"href":"https:\/\/www.naturparkmagazin.de\/vdn\/wp-json\/wp\/v2\/types\/post"}],"author":[{"embeddable":true,"href":"https:\/\/www.naturparkmagazin.de\/vdn\/wp-json\/wp\/v2\/users\/73"}],"replies":[{"embeddable":true,"href":"https:\/\/www.naturparkmagazin.de\/vdn\/wp-json\/wp\/v2\/comments?post=15110"}],"version-history":[{"count":3,"href":"https:\/\/www.naturparkmagazin.de\/vdn\/wp-json\/wp\/v2\/posts\/15110\/revisions"}],"predecessor-version":[{"id":15116,"href":"https:\/\/www.naturparkmagazin.de\/vdn\/wp-json\/wp\/v2\/posts\/15110\/revisions\/15116"}],"wp:featuredmedia":[{"embeddable":true,"href":"https:\/\/www.naturparkmagazin.de\/vdn\/wp-json\/wp\/v2\/media\/15112"}],"wp:attachment":[{"href":"https:\/\/www.naturparkmagazin.de\/vdn\/wp-json\/wp\/v2\/media?parent=15110"}],"wp:term":[{"taxonomy":"category","embeddable":true,"href":"https:\/\/www.naturparkmagazin.de\/vdn\/wp-json\/wp\/v2\/categories?post=15110"},{"taxonomy":"post_tag","embeddable":true,"href":"https:\/\/www.naturparkmagazin.de\/vdn\/wp-json\/wp\/v2\/tags?post=15110"}],"curies":[{"name":"wp","href":"https:\/\/api.w.org\/{rel}","templated":true}]}}