{"id":15117,"date":"2022-09-28T15:27:21","date_gmt":"2022-09-28T13:27:21","guid":{"rendered":"https:\/\/www.naturparkmagazin.de\/vdn\/?p=15117"},"modified":"2022-09-28T16:07:15","modified_gmt":"2022-09-28T14:07:15","slug":"50-jahre-naturpark-schoenbuch-am-1-und-2-oktober-2022-feiern-wir-wie-wild","status":"publish","type":"post","link":"https:\/\/www.naturparkmagazin.de\/vdn\/50-jahre-naturpark-schoenbuch-am-1-und-2-oktober-2022-feiern-wir-wie-wild\/","title":{"rendered":"50 Jahre Naturpark Sch\u00f6nbuch \u2013 am 1. und 2. Oktober 2022 feiern wir wie wild"},"content":{"rendered":"<div id=\"attachment_15118\" style=\"width: 460px\" class=\"wp-caption alignnone\"><a href=\"https:\/\/www.naturparkmagazin.de\/vdn\/wp-content\/uploads\/sites\/3\/Veranstaltung-1_Beitragsbild_300.jpg\"><img aria-describedby=\"caption-attachment-15118\" decoding=\"async\" loading=\"lazy\" class=\"size-full wp-image-15118\" src=\"https:\/\/www.naturparkmagazin.de\/vdn\/wp-content\/uploads\/sites\/3\/Veranstaltung-1_Beitragsbild_300.jpg\" alt=\"@ Naturpark Sch\u00f6nbuch\" width=\"450\" height=\"266\" srcset=\"https:\/\/www.naturparkmagazin.de\/vdn\/wp-content\/uploads\/sites\/3\/Veranstaltung-1_Beitragsbild_300.jpg 450w, https:\/\/www.naturparkmagazin.de\/vdn\/wp-content\/uploads\/sites\/3\/Veranstaltung-1_Beitragsbild_300-300x177.jpg 300w, https:\/\/www.naturparkmagazin.de\/vdn\/wp-content\/uploads\/sites\/3\/Veranstaltung-1_Beitragsbild_300-200x118.jpg 200w\" sizes=\"(max-width: 450px) 100vw, 450px\" \/><\/a><p id=\"caption-attachment-15118\" class=\"wp-caption-text\">@ Naturpark Sch\u00f6nbuch<\/p><\/div>\n<p>Vor 50 Jahren wurden die Pl\u00e4ne, einen Flughafen im Sch\u00f6nbuch zu bauen, durch massive Proteste seitens der B\u00fcrger abgewendet. Stattdessen stellte die damalige Regierung das Gebiet unter Schutz und schuf damit das erste Gro\u00dfschutzgebiet, den ersten Naturpark Baden\u2010W\u00fcrttembergs. Heute schauen wir mit Stolz auf 50 Jahre Naturparkarbeit zur\u00fcck und laden Sie ein, dies am\u00a0<strong>1. und 2. Oktober 2022<\/strong>\u00a0mit uns geb\u00fchrend zu feiern.<\/p>\n<p>Kommen Sie f\u00fcr die zentrale Feier nach Bebenhausen. Hier, am Sitz der Gesch\u00e4ftsstelle des Naturparks und im wunderbaren Ambiente des Klosters, stellen wir ein buntes Programm f\u00fcr Jung und Alt zusammen.\nAnhand vieler Mitmachaktionen, Info\u2010 und Verkaufsst\u00e4nde m\u00f6chten wir Ihnen unsere Arbeit, unsere Partner, regionale Produkte und K\u00f6stlichkeiten pr\u00e4sentieren. Auf einem etwa 3,5 km langen Parcours k\u00f6nnen sich die Besucher \u00fcber das f\u00fcr den Naturpark Sch\u00f6nbuch so wichtige Thema Wald in allen seinen Facetten informieren.<\/p>\n<p><strong>Samstag 12:00-17:00 Uhr, Sonntag 11:00-17:00 Uhr<\/strong><\/p>\n<p>Weitere Informationen finden Sie\u00a0<a href=\"https:\/\/www.naturpark-schoenbuch.de\/fileadmin\/user_upload\/Programmflyer_Naturparkjubilaeum_2022_Einzelseiten.pdf\">im Faltblatt.<\/a><\/p>\n<p>An dieser Stelle m\u00f6chten wir uns bei unseren Partnern ForstBW Forstbezirk Sch\u00f6nbuch, bei den teilnehmenden unteren Forstbeh\u00f6rden der Landrats\u00e4mter B\u00f6blingen, Esslingen, Reutlingen und T\u00fcbingen sowie bei den vielen ehrenamtlich t\u00e4tigen Menschen, die uns bei unserer Jubil\u00e4umsfeier unterst\u00fctzen, bedanken.<\/p>\n<p>Kommen Sie vorbei, wir freuen uns auf Sie!\nIhr Naturpark\u2010Team<\/p>\n<p>&nbsp;<\/p>\n","protected":false},"excerpt":{"rendered":"<p>Geburtstagsparty f\u00fcr den Naturpark Sch\u00f6nbuch in Bebenhausen \u2013 feiern Sie mit!<\/p>\n","protected":false},"author":73,"featured_media":15119,"comment_status":"open","ping_status":"open","sticky":false,"template":"","format":"standard","meta":{"_links_to":"","_links_to_target":""},"categories":[617],"tags":[2072,3089,3091,3090,1081,2958,2341,288],"yoast_head":"<!-- This site is optimized with the Yoast SEO plugin v19.10 - https:\/\/yoast.com\/wordpress\/plugins\/seo\/ -->\n<title>50 Jahre Naturpark Sch\u00f6nbuch \u2013 am 1. und 2. Oktober 2022 feiern wir wie wild<\/title>\n<meta name=\"description\" content=\"Geburtstagsparty f\u00fcr den Naturpark Sch\u00f6nbuch in Bebenhausen \u2013 feiern Sie mit!\" \/>\n<meta name=\"robots\" content=\"index, follow, max-snippet:-1, max-image-preview:large, max-video-preview:-1\" \/>\n<link rel=\"canonical\" href=\"https:\/\/www.naturparkmagazin.de\/vdn\/50-jahre-naturpark-schoenbuch-am-1-und-2-oktober-2022-feiern-wir-wie-wild\/\" \/>\n<meta property=\"og:locale\" content=\"de_DE\" \/>\n<meta property=\"og:type\" content=\"article\" \/>\n<meta property=\"og:title\" content=\"50 Jahre Naturpark Sch\u00f6nbuch \u2013 am 1. und 2. Oktober 2022 feiern wir wie wild\" \/>\n<meta property=\"og:description\" content=\"Geburtstagsparty f\u00fcr den Naturpark Sch\u00f6nbuch in Bebenhausen \u2013 feiern Sie mit!\" \/>\n<meta property=\"og:url\" content=\"https:\/\/www.naturparkmagazin.de\/vdn\/50-jahre-naturpark-schoenbuch-am-1-und-2-oktober-2022-feiern-wir-wie-wild\/\" \/>\n<meta property=\"og:site_name\" content=\"Verband Deutscher Naturparke\" \/>\n<meta property=\"article:published_time\" content=\"2022-09-28T13:27:21+00:00\" \/>\n<meta property=\"article:modified_time\" content=\"2022-09-28T14:07:15+00:00\" \/>\n<meta property=\"og:image\" content=\"https:\/\/www.naturparkmagazin.de\/vdn\/wp-content\/uploads\/sites\/3\/Veranstaltung1_Hirsch_Q_200-.jpg\" \/>\n\t<meta property=\"og:image:width\" content=\"200\" \/>\n\t<meta property=\"og:image:height\" content=\"200\" \/>\n\t<meta property=\"og:image:type\" content=\"image\/jpeg\" \/>\n<meta name=\"author\" content=\"manuelamerz\" \/>\n<meta name=\"twitter:label1\" content=\"Verfasst von\" \/>\n\t<meta name=\"twitter:data1\" content=\"manuelamerz\" \/>\n\t<meta name=\"twitter:label2\" content=\"Gesch\u00e4tzte Lesezeit\" \/>\n\t<meta name=\"twitter:data2\" content=\"1\u00a0Minute\" \/>\n<script type=\"application\/ld+json\" class=\"yoast-schema-graph\">{\"@context\":\"https:\/\/schema.org\",\"@graph\":[{\"@type\":\"WebPage\",\"@id\":\"https:\/\/www.naturparkmagazin.de\/vdn\/50-jahre-naturpark-schoenbuch-am-1-und-2-oktober-2022-feiern-wir-wie-wild\/\",\"url\":\"https:\/\/www.naturparkmagazin.de\/vdn\/50-jahre-naturpark-schoenbuch-am-1-und-2-oktober-2022-feiern-wir-wie-wild\/\",\"name\":\"50 Jahre Naturpark Sch\u00f6nbuch \u2013 am 1. und 2. Oktober 2022 feiern wir wie wild\",\"isPartOf\":{\"@id\":\"https:\/\/www.naturparkmagazin.de\/vdn\/#website\"},\"datePublished\":\"2022-09-28T13:27:21+00:00\",\"dateModified\":\"2022-09-28T14:07:15+00:00\",\"author\":{\"@id\":\"https:\/\/www.naturparkmagazin.de\/vdn\/#\/schema\/person\/3cff9b8773ed55f0189255fa9adfd57c\"},\"description\":\"Geburtstagsparty f\u00fcr den Naturpark Sch\u00f6nbuch in Bebenhausen \u2013 feiern Sie mit!\",\"breadcrumb\":{\"@id\":\"https:\/\/www.naturparkmagazin.de\/vdn\/50-jahre-naturpark-schoenbuch-am-1-und-2-oktober-2022-feiern-wir-wie-wild\/#breadcrumb\"},\"inLanguage\":\"de\",\"potentialAction\":[{\"@type\":\"ReadAction\",\"target\":[\"https:\/\/www.naturparkmagazin.de\/vdn\/50-jahre-naturpark-schoenbuch-am-1-und-2-oktober-2022-feiern-wir-wie-wild\/\"]}]},{\"@type\":\"BreadcrumbList\",\"@id\":\"https:\/\/www.naturparkmagazin.de\/vdn\/50-jahre-naturpark-schoenbuch-am-1-und-2-oktober-2022-feiern-wir-wie-wild\/#breadcrumb\",\"itemListElement\":[{\"@type\":\"ListItem\",\"position\":1,\"name\":\"Home\",\"item\":\"https:\/\/www.naturparkmagazin.de\/vdn\/\"},{\"@type\":\"ListItem\",\"position\":2,\"name\":\"50 Jahre Naturpark Sch\u00f6nbuch \u2013 am 1. und 2. Oktober 2022 feiern wir wie wild\"}]},{\"@type\":\"WebSite\",\"@id\":\"https:\/\/www.naturparkmagazin.de\/vdn\/#website\",\"url\":\"https:\/\/www.naturparkmagazin.de\/vdn\/\",\"name\":\"Verband Deutscher Naturparke\",\"description\":\"Eine weitere Naturparkmagazin.de Netzwerk Seite\",\"potentialAction\":[{\"@type\":\"SearchAction\",\"target\":{\"@type\":\"EntryPoint\",\"urlTemplate\":\"https:\/\/www.naturparkmagazin.de\/vdn\/?s={search_term_string}\"},\"query-input\":\"required name=search_term_string\"}],\"inLanguage\":\"de\"},{\"@type\":\"Person\",\"@id\":\"https:\/\/www.naturparkmagazin.de\/vdn\/#\/schema\/person\/3cff9b8773ed55f0189255fa9adfd57c\",\"name\":\"manuelamerz\",\"url\":\"https:\/\/www.naturparkmagazin.de\/vdn\/author\/manuelamerz\/\"}]}<\/script>\n<!-- \/ Yoast SEO plugin. -->","yoast_head_json":{"title":"50 Jahre Naturpark Sch\u00f6nbuch \u2013 am 1. und 2. Oktober 2022 feiern wir wie wild","description":"Geburtstagsparty f\u00fcr den Naturpark Sch\u00f6nbuch in Bebenhausen \u2013 feiern Sie mit!","robots":{"index":"index","follow":"follow","max-snippet":"max-snippet:-1","max-image-preview":"max-image-preview:large","max-video-preview":"max-video-preview:-1"},"canonical":"https:\/\/www.naturparkmagazin.de\/vdn\/50-jahre-naturpark-schoenbuch-am-1-und-2-oktober-2022-feiern-wir-wie-wild\/","og_locale":"de_DE","og_type":"article","og_title":"50 Jahre Naturpark Sch\u00f6nbuch \u2013 am 1. und 2. Oktober 2022 feiern wir wie wild","og_description":"Geburtstagsparty f\u00fcr den Naturpark Sch\u00f6nbuch in Bebenhausen \u2013 feiern Sie mit!","og_url":"https:\/\/www.naturparkmagazin.de\/vdn\/50-jahre-naturpark-schoenbuch-am-1-und-2-oktober-2022-feiern-wir-wie-wild\/","og_site_name":"Verband Deutscher Naturparke","article_published_time":"2022-09-28T13:27:21+00:00","article_modified_time":"2022-09-28T14:07:15+00:00","og_image":[{"width":200,"height":200,"url":"https:\/\/www.naturparkmagazin.de\/vdn\/wp-content\/uploads\/sites\/3\/Veranstaltung1_Hirsch_Q_200-.jpg","type":"image\/jpeg"}],"author":"manuelamerz","twitter_misc":{"Verfasst von":"manuelamerz","Gesch\u00e4tzte Lesezeit":"1\u00a0Minute"},"schema":{"@context":"https:\/\/schema.org","@graph":[{"@type":"WebPage","@id":"https:\/\/www.naturparkmagazin.de\/vdn\/50-jahre-naturpark-schoenbuch-am-1-und-2-oktober-2022-feiern-wir-wie-wild\/","url":"https:\/\/www.naturparkmagazin.de\/vdn\/50-jahre-naturpark-schoenbuch-am-1-und-2-oktober-2022-feiern-wir-wie-wild\/","name":"50 Jahre Naturpark Sch\u00f6nbuch \u2013 am 1. und 2. Oktober 2022 feiern wir wie wild","isPartOf":{"@id":"https:\/\/www.naturparkmagazin.de\/vdn\/#website"},"datePublished":"2022-09-28T13:27:21+00:00","dateModified":"2022-09-28T14:07:15+00:00","author":{"@id":"https:\/\/www.naturparkmagazin.de\/vdn\/#\/schema\/person\/3cff9b8773ed55f0189255fa9adfd57c"},"description":"Geburtstagsparty f\u00fcr den Naturpark Sch\u00f6nbuch in Bebenhausen \u2013 feiern Sie mit!","breadcrumb":{"@id":"https:\/\/www.naturparkmagazin.de\/vdn\/50-jahre-naturpark-schoenbuch-am-1-und-2-oktober-2022-feiern-wir-wie-wild\/#breadcrumb"},"inLanguage":"de","potentialAction":[{"@type":"ReadAction","target":["https:\/\/www.naturparkmagazin.de\/vdn\/50-jahre-naturpark-schoenbuch-am-1-und-2-oktober-2022-feiern-wir-wie-wild\/"]}]},{"@type":"BreadcrumbList","@id":"https:\/\/www.naturparkmagazin.de\/vdn\/50-jahre-naturpark-schoenbuch-am-1-und-2-oktober-2022-feiern-wir-wie-wild\/#breadcrumb","itemListElement":[{"@type":"ListItem","position":1,"name":"Home","item":"https:\/\/www.naturparkmagazin.de\/vdn\/"},{"@type":"ListItem","position":2,"name":"50 Jahre Naturpark Sch\u00f6nbuch \u2013 am 1. und 2. Oktober 2022 feiern wir wie wild"}]},{"@type":"WebSite","@id":"https:\/\/www.naturparkmagazin.de\/vdn\/#website","url":"https:\/\/www.naturparkmagazin.de\/vdn\/","name":"Verband Deutscher Naturparke","description":"Eine weitere Naturparkmagazin.de Netzwerk Seite","potentialAction":[{"@type":"SearchAction","target":{"@type":"EntryPoint","urlTemplate":"https:\/\/www.naturparkmagazin.de\/vdn\/?s={search_term_string}"},"query-input":"required name=search_term_string"}],"inLanguage":"de"},{"@type":"Person","@id":"https:\/\/www.naturparkmagazin.de\/vdn\/#\/schema\/person\/3cff9b8773ed55f0189255fa9adfd57c","name":"manuelamerz","url":"https:\/\/www.naturparkmagazin.de\/vdn\/author\/manuelamerz\/"}]}},"_links":{"self":[{"href":"https:\/\/www.naturparkmagazin.de\/vdn\/wp-json\/wp\/v2\/posts\/15117"}],"collection":[{"href":"https:\/\/www.naturparkmagazin.de\/vdn\/wp-json\/wp\/v2\/posts"}],"about":[{"href":"https:\/\/www.naturparkmagazin.de\/vdn\/wp-json\/wp\/v2\/types\/post"}],"author":[{"embeddable":true,"href":"https:\/\/www.naturparkmagazin.de\/vdn\/wp-json\/wp\/v2\/users\/73"}],"replies":[{"embeddable":true,"href":"https:\/\/www.naturparkmagazin.de\/vdn\/wp-json\/wp\/v2\/comments?post=15117"}],"version-history":[{"count":1,"href":"https:\/\/www.naturparkmagazin.de\/vdn\/wp-json\/wp\/v2\/posts\/15117\/revisions"}],"predecessor-version":[{"id":15120,"href":"https:\/\/www.naturparkmagazin.de\/vdn\/wp-json\/wp\/v2\/posts\/15117\/revisions\/15120"}],"wp:featuredmedia":[{"embeddable":true,"href":"https:\/\/www.naturparkmagazin.de\/vdn\/wp-json\/wp\/v2\/media\/15119"}],"wp:attachment":[{"href":"https:\/\/www.naturparkmagazin.de\/vdn\/wp-json\/wp\/v2\/media?parent=15117"}],"wp:term":[{"taxonomy":"category","embeddable":true,"href":"https:\/\/www.naturparkmagazin.de\/vdn\/wp-json\/wp\/v2\/categories?post=15117"},{"taxonomy":"post_tag","embeddable":true,"href":"https:\/\/www.naturparkmagazin.de\/vdn\/wp-json\/wp\/v2\/tags?post=15117"}],"curies":[{"name":"wp","href":"https:\/\/api.w.org\/{rel}","templated":true}]}}