{"id":1521,"date":"2013-07-03T12:09:15","date_gmt":"2013-07-03T10:09:15","guid":{"rendered":"http:\/\/www.naturparkmagazin.de\/vdn\/?p=1521"},"modified":"2014-01-24T18:57:59","modified_gmt":"2014-01-24T16:57:59","slug":"naturpark-schwaebisch-fraenkischer-wald","status":"publish","type":"post","link":"https:\/\/www.naturparkmagazin.de\/vdn\/naturpark-schwaebisch-fraenkischer-wald\/","title":{"rendered":"Naturpark Schw\u00e4bisch-Fr\u00e4nkischer Wald"},"content":{"rendered":"<p style=\"text-align: center;\"><a href=\"https:\/\/www.naturparkmagazin.de\/vdn\/wp-content\/uploads\/sites\/3\/9895abl2.jpg\"><img decoding=\"async\" loading=\"lazy\" class=\"aligncenter size-medium wp-image-1522\" title=\"Der Naturpark Schw\u00e4bisch-Fr\u00e4nkischer Wald bei Waldenburg - Copyright: VDN\/Gerhard Stier\" alt=\"9895abl2\" src=\"https:\/\/www.naturparkmagazin.de\/vdn\/wp-content\/uploads\/sites\/3\/9895abl2-620x412.jpg\" width=\"620\" height=\"412\" \/><\/a><\/p>\n<p>Der Naturpark <a href=\"https:\/\/www.naturparkmagazin.de\/schwaebisch-fraenkischer-wald\/\" target=\"_blank\">Schw\u00e4bisch-Fr\u00e4nkischer Wald<\/a> liegt in Baden-W\u00fcrttemberg vor den Toren der Landeshauptstadt Stuttgart. Das gr\u00fcne, waldreiche Herz der ca. 900 km\u00b2 gro\u00dfen reich strukturierten Kultur- und Erholungslandschaft bilden die f\u00fcnf Naturr\u00e4ume Welzheimer Wald im S\u00fcden, Murrhardter und Mainhardter Wald im Zentrum sowie L\u00f6wensteiner und Waldenburger Berge im Norden. Diese Landschaften werden begrenzt durch die St\u00e4dte Backnang, Heilbronn, \u00d6hringen, Schw\u00e4bisch Hall, Gaildorf, Lorch und Schorndorf.<\/p>\n<p>Die durch traditionelle Wirtschaftsweisen gepr\u00e4gte Mittelgebirgslandschaft beherbergt neben einer bedeutenden Arten- und Biotopvielfalt ein hervorragendes Erholungspotential. Zum Wandern und Radfahren ist der Naturpark mit seinen gut vernetzten Wegen geradezu pr\u00e4destiniert. Naturerlebnis und viele Informationen bieten zahlreiche Naturlehrpfade mit abwechslungsreicher Thematik. Geologie-, Pflanzen-, Vogel-, Wald-, Wein- oder Heimatkundliche Lehrpfade erwarten naturinteressierte Besucher. F\u00fcr geschichtlich und kulturell Interessierte bietet sich im Naturpark eine historische Rundreise beispielsweise entlang des UNESCO-Weltkulturerbes \u201eObergermanisch-R\u00e4tischer Limes\u201c an. Rekonstruierte Wacht\u00fcrme, Kastelle sowie die r\u00f6mische Vermessungskunst k\u00f6nnen entlang des Limeswanderweges bestaunt werden und machen den Naturpark zu einem lebendigen Geschichtsbuch der R\u00f6merzeit.<\/p>\n<p>Die historisch gewachsene Landschaft im Schw\u00e4bisch-Fr\u00e4nkischen Wald in ihrer Eigenart und Sch\u00f6nheit als Heimat f\u00fcr die hier lebende Bev\u00f6lkerung und als Lebensraum f\u00fcr die vielf\u00e4ltige einheimische Tier- und Pflanzenwelt zu pflegen und zu entwickeln ist Aufgabe und Ziel des Naturparks. Die Landwirte leisten dabei mit ihrer landschaftsschonenden und umweltvertr\u00e4glichen Bewirtschaftung einen wichtigen Beitrag. Der Naturpark hat es sich daher zur Aufgabe gemacht, die Direktvermarkter in der Region zu st\u00e4rken.<\/p>\n<p>Mehr Informationen zum Naturpark Schw\u00e4bisch-Fr\u00e4nkischer Wald finden Sie unter <a href=\"http:\/\/www.naturpark-sfw.de\">www.naturpark-sfw.de<\/a><\/p>\n<p>&nbsp;<\/p>\n<p>&nbsp;<\/p>\n","protected":false},"excerpt":{"rendered":"<p>Der Naturpark Schw\u00e4bisch-Fr\u00e4nkischer Wald liegt in Baden-W\u00fcrttemberg vor den Toren der Landeshauptstadt Stuttgart. Das gr\u00fcne, waldreiche Herz der ca. 900 km\u00b2 gro\u00dfen reich strukturierten Kultur- und Erholungslandschaft bilden die f\u00fcnf Naturr\u00e4ume Welzheimer Wald im S\u00fcden, Murrhardter und Mainhardter Wald im Zentrum sowie L\u00f6wensteiner und Waldenburger Berge im Norden. Diese Landschaften werden begrenzt durch die St\u00e4dte<\/p>\n","protected":false},"author":14,"featured_media":1522,"comment_status":"open","ping_status":"open","sticky":false,"template":"","format":"standard","meta":{"_links_to":"","_links_to_target":""},"categories":[15],"tags":[],"yoast_head":"<!-- This site is optimized with the Yoast SEO plugin v19.10 - https:\/\/yoast.com\/wordpress\/plugins\/seo\/ -->\n<title>Naturpark Schw\u00e4bisch-Fr\u00e4nkischer Wald<\/title>\n<meta name=\"description\" content=\"Der Naturpark Schw\u00e4bisch-Fr\u00e4nkischer Wald liegt in Baden-W\u00fcrttemberg vor den Toren der Landeshauptstadt Stuttgart. Das gr\u00fcne, waldreiche Herz der ca. 900\" \/>\n<meta name=\"robots\" content=\"index, follow, max-snippet:-1, max-image-preview:large, max-video-preview:-1\" \/>\n<link rel=\"canonical\" href=\"https:\/\/www.naturparkmagazin.de\/vdn\/naturpark-schwaebisch-fraenkischer-wald\/\" \/>\n<meta property=\"og:locale\" content=\"de_DE\" \/>\n<meta property=\"og:type\" content=\"article\" \/>\n<meta property=\"og:title\" content=\"Naturpark Schw\u00e4bisch-Fr\u00e4nkischer Wald\" \/>\n<meta property=\"og:description\" content=\"Der Naturpark Schw\u00e4bisch-Fr\u00e4nkischer Wald liegt in Baden-W\u00fcrttemberg vor den Toren der Landeshauptstadt Stuttgart. Das gr\u00fcne, waldreiche Herz der ca. 900\" \/>\n<meta property=\"og:url\" content=\"https:\/\/www.naturparkmagazin.de\/vdn\/naturpark-schwaebisch-fraenkischer-wald\/\" \/>\n<meta property=\"og:site_name\" content=\"Verband Deutscher Naturparke\" \/>\n<meta property=\"article:published_time\" content=\"2013-07-03T10:09:15+00:00\" \/>\n<meta property=\"article:modified_time\" content=\"2014-01-24T16:57:59+00:00\" \/>\n<meta property=\"og:image\" content=\"https:\/\/www.naturparkmagazin.de\/vdn\/wp-content\/uploads\/sites\/3\/9895abl2.jpg\" \/>\n\t<meta property=\"og:image:width\" content=\"1023\" \/>\n\t<meta property=\"og:image:height\" content=\"681\" \/>\n\t<meta property=\"og:image:type\" content=\"image\/jpeg\" \/>\n<meta name=\"author\" content=\"vdnnational\" \/>\n<meta name=\"twitter:label1\" content=\"Verfasst von\" \/>\n\t<meta name=\"twitter:data1\" content=\"vdnnational\" \/>\n\t<meta name=\"twitter:label2\" content=\"Gesch\u00e4tzte Lesezeit\" \/>\n\t<meta name=\"twitter:data2\" content=\"1\u00a0Minute\" \/>\n<script type=\"application\/ld+json\" class=\"yoast-schema-graph\">{\"@context\":\"https:\/\/schema.org\",\"@graph\":[{\"@type\":\"WebPage\",\"@id\":\"https:\/\/www.naturparkmagazin.de\/vdn\/naturpark-schwaebisch-fraenkischer-wald\/\",\"url\":\"https:\/\/www.naturparkmagazin.de\/vdn\/naturpark-schwaebisch-fraenkischer-wald\/\",\"name\":\"Naturpark Schw\u00e4bisch-Fr\u00e4nkischer Wald\",\"isPartOf\":{\"@id\":\"https:\/\/www.naturparkmagazin.de\/vdn\/#website\"},\"datePublished\":\"2013-07-03T10:09:15+00:00\",\"dateModified\":\"2014-01-24T16:57:59+00:00\",\"author\":{\"@id\":\"https:\/\/www.naturparkmagazin.de\/vdn\/#\/schema\/person\/e28d931df83318a48d52ae72b08d2bfb\"},\"description\":\"Der Naturpark Schw\u00e4bisch-Fr\u00e4nkischer Wald liegt in Baden-W\u00fcrttemberg vor den Toren der Landeshauptstadt Stuttgart. Das gr\u00fcne, waldreiche Herz der ca. 900\",\"breadcrumb\":{\"@id\":\"https:\/\/www.naturparkmagazin.de\/vdn\/naturpark-schwaebisch-fraenkischer-wald\/#breadcrumb\"},\"inLanguage\":\"de\",\"potentialAction\":[{\"@type\":\"ReadAction\",\"target\":[\"https:\/\/www.naturparkmagazin.de\/vdn\/naturpark-schwaebisch-fraenkischer-wald\/\"]}]},{\"@type\":\"BreadcrumbList\",\"@id\":\"https:\/\/www.naturparkmagazin.de\/vdn\/naturpark-schwaebisch-fraenkischer-wald\/#breadcrumb\",\"itemListElement\":[{\"@type\":\"ListItem\",\"position\":1,\"name\":\"Home\",\"item\":\"https:\/\/www.naturparkmagazin.de\/vdn\/\"},{\"@type\":\"ListItem\",\"position\":2,\"name\":\"Naturpark Schw\u00e4bisch-Fr\u00e4nkischer Wald\"}]},{\"@type\":\"WebSite\",\"@id\":\"https:\/\/www.naturparkmagazin.de\/vdn\/#website\",\"url\":\"https:\/\/www.naturparkmagazin.de\/vdn\/\",\"name\":\"Verband Deutscher Naturparke\",\"description\":\"Eine weitere Naturparkmagazin.de Netzwerk Seite\",\"potentialAction\":[{\"@type\":\"SearchAction\",\"target\":{\"@type\":\"EntryPoint\",\"urlTemplate\":\"https:\/\/www.naturparkmagazin.de\/vdn\/?s={search_term_string}\"},\"query-input\":\"required name=search_term_string\"}],\"inLanguage\":\"de\"},{\"@type\":\"Person\",\"@id\":\"https:\/\/www.naturparkmagazin.de\/vdn\/#\/schema\/person\/e28d931df83318a48d52ae72b08d2bfb\",\"name\":\"vdnnational\",\"url\":\"https:\/\/www.naturparkmagazin.de\/vdn\/author\/vdnnational\/\"}]}<\/script>\n<!-- \/ Yoast SEO plugin. -->","yoast_head_json":{"title":"Naturpark Schw\u00e4bisch-Fr\u00e4nkischer Wald","description":"Der Naturpark Schw\u00e4bisch-Fr\u00e4nkischer Wald liegt in Baden-W\u00fcrttemberg vor den Toren der Landeshauptstadt Stuttgart. Das gr\u00fcne, waldreiche Herz der ca. 900","robots":{"index":"index","follow":"follow","max-snippet":"max-snippet:-1","max-image-preview":"max-image-preview:large","max-video-preview":"max-video-preview:-1"},"canonical":"https:\/\/www.naturparkmagazin.de\/vdn\/naturpark-schwaebisch-fraenkischer-wald\/","og_locale":"de_DE","og_type":"article","og_title":"Naturpark Schw\u00e4bisch-Fr\u00e4nkischer Wald","og_description":"Der Naturpark Schw\u00e4bisch-Fr\u00e4nkischer Wald liegt in Baden-W\u00fcrttemberg vor den Toren der Landeshauptstadt Stuttgart. Das gr\u00fcne, waldreiche Herz der ca. 900","og_url":"https:\/\/www.naturparkmagazin.de\/vdn\/naturpark-schwaebisch-fraenkischer-wald\/","og_site_name":"Verband Deutscher Naturparke","article_published_time":"2013-07-03T10:09:15+00:00","article_modified_time":"2014-01-24T16:57:59+00:00","og_image":[{"width":1023,"height":681,"url":"https:\/\/www.naturparkmagazin.de\/vdn\/wp-content\/uploads\/sites\/3\/9895abl2.jpg","type":"image\/jpeg"}],"author":"vdnnational","twitter_misc":{"Verfasst von":"vdnnational","Gesch\u00e4tzte Lesezeit":"1\u00a0Minute"},"schema":{"@context":"https:\/\/schema.org","@graph":[{"@type":"WebPage","@id":"https:\/\/www.naturparkmagazin.de\/vdn\/naturpark-schwaebisch-fraenkischer-wald\/","url":"https:\/\/www.naturparkmagazin.de\/vdn\/naturpark-schwaebisch-fraenkischer-wald\/","name":"Naturpark Schw\u00e4bisch-Fr\u00e4nkischer Wald","isPartOf":{"@id":"https:\/\/www.naturparkmagazin.de\/vdn\/#website"},"datePublished":"2013-07-03T10:09:15+00:00","dateModified":"2014-01-24T16:57:59+00:00","author":{"@id":"https:\/\/www.naturparkmagazin.de\/vdn\/#\/schema\/person\/e28d931df83318a48d52ae72b08d2bfb"},"description":"Der Naturpark Schw\u00e4bisch-Fr\u00e4nkischer Wald liegt in Baden-W\u00fcrttemberg vor den Toren der Landeshauptstadt Stuttgart. Das gr\u00fcne, waldreiche Herz der ca. 900","breadcrumb":{"@id":"https:\/\/www.naturparkmagazin.de\/vdn\/naturpark-schwaebisch-fraenkischer-wald\/#breadcrumb"},"inLanguage":"de","potentialAction":[{"@type":"ReadAction","target":["https:\/\/www.naturparkmagazin.de\/vdn\/naturpark-schwaebisch-fraenkischer-wald\/"]}]},{"@type":"BreadcrumbList","@id":"https:\/\/www.naturparkmagazin.de\/vdn\/naturpark-schwaebisch-fraenkischer-wald\/#breadcrumb","itemListElement":[{"@type":"ListItem","position":1,"name":"Home","item":"https:\/\/www.naturparkmagazin.de\/vdn\/"},{"@type":"ListItem","position":2,"name":"Naturpark Schw\u00e4bisch-Fr\u00e4nkischer Wald"}]},{"@type":"WebSite","@id":"https:\/\/www.naturparkmagazin.de\/vdn\/#website","url":"https:\/\/www.naturparkmagazin.de\/vdn\/","name":"Verband Deutscher Naturparke","description":"Eine weitere Naturparkmagazin.de Netzwerk Seite","potentialAction":[{"@type":"SearchAction","target":{"@type":"EntryPoint","urlTemplate":"https:\/\/www.naturparkmagazin.de\/vdn\/?s={search_term_string}"},"query-input":"required name=search_term_string"}],"inLanguage":"de"},{"@type":"Person","@id":"https:\/\/www.naturparkmagazin.de\/vdn\/#\/schema\/person\/e28d931df83318a48d52ae72b08d2bfb","name":"vdnnational","url":"https:\/\/www.naturparkmagazin.de\/vdn\/author\/vdnnational\/"}]}},"_links":{"self":[{"href":"https:\/\/www.naturparkmagazin.de\/vdn\/wp-json\/wp\/v2\/posts\/1521"}],"collection":[{"href":"https:\/\/www.naturparkmagazin.de\/vdn\/wp-json\/wp\/v2\/posts"}],"about":[{"href":"https:\/\/www.naturparkmagazin.de\/vdn\/wp-json\/wp\/v2\/types\/post"}],"author":[{"embeddable":true,"href":"https:\/\/www.naturparkmagazin.de\/vdn\/wp-json\/wp\/v2\/users\/14"}],"replies":[{"embeddable":true,"href":"https:\/\/www.naturparkmagazin.de\/vdn\/wp-json\/wp\/v2\/comments?post=1521"}],"version-history":[{"count":6,"href":"https:\/\/www.naturparkmagazin.de\/vdn\/wp-json\/wp\/v2\/posts\/1521\/revisions"}],"predecessor-version":[{"id":3106,"href":"https:\/\/www.naturparkmagazin.de\/vdn\/wp-json\/wp\/v2\/posts\/1521\/revisions\/3106"}],"wp:featuredmedia":[{"embeddable":true,"href":"https:\/\/www.naturparkmagazin.de\/vdn\/wp-json\/wp\/v2\/media\/1522"}],"wp:attachment":[{"href":"https:\/\/www.naturparkmagazin.de\/vdn\/wp-json\/wp\/v2\/media?parent=1521"}],"wp:term":[{"taxonomy":"category","embeddable":true,"href":"https:\/\/www.naturparkmagazin.de\/vdn\/wp-json\/wp\/v2\/categories?post=1521"},{"taxonomy":"post_tag","embeddable":true,"href":"https:\/\/www.naturparkmagazin.de\/vdn\/wp-json\/wp\/v2\/tags?post=1521"}],"curies":[{"name":"wp","href":"https:\/\/api.w.org\/{rel}","templated":true}]}}