{"id":15216,"date":"2022-10-30T12:12:58","date_gmt":"2022-10-30T11:12:58","guid":{"rendered":"https:\/\/www.naturparkmagazin.de\/vdn\/?p=15216"},"modified":"2022-11-16T13:38:06","modified_gmt":"2022-11-16T12:38:06","slug":"willkommen-im-naturpark-spessart","status":"publish","type":"post","link":"https:\/\/www.naturparkmagazin.de\/vdn\/willkommen-im-naturpark-spessart\/","title":{"rendered":"Willkommen im Naturpark Spessart!"},"content":{"rendered":"<div id=\"attachment_15217\" style=\"width: 510px\" class=\"wp-caption aligncenter\"><a href=\"https:\/\/www.naturparkmagazin.de\/vdn\/wp-content\/uploads\/sites\/3\/Portrait_Blick-\u00fcber-Spessartwald_Oliver-Kaiser_kl.jpg\"><img aria-describedby=\"caption-attachment-15217\" decoding=\"async\" loading=\"lazy\" class=\"size-full wp-image-15217\" src=\"https:\/\/www.naturparkmagazin.de\/vdn\/wp-content\/uploads\/sites\/3\/Portrait_Blick-\u00fcber-Spessartwald_Oliver-Kaiser_kl.jpg\" alt=\"Blick \u00fcber das Waldmeer des Spessarts bei Neuh\u00fctten (Foto: Oliver Kaiser)\" width=\"500\" height=\"333\" srcset=\"https:\/\/www.naturparkmagazin.de\/vdn\/wp-content\/uploads\/sites\/3\/Portrait_Blick-\u00fcber-Spessartwald_Oliver-Kaiser_kl.jpg 500w, https:\/\/www.naturparkmagazin.de\/vdn\/wp-content\/uploads\/sites\/3\/Portrait_Blick-\u00fcber-Spessartwald_Oliver-Kaiser_kl-300x200.jpg 300w, https:\/\/www.naturparkmagazin.de\/vdn\/wp-content\/uploads\/sites\/3\/Portrait_Blick-\u00fcber-Spessartwald_Oliver-Kaiser_kl-200x133.jpg 200w\" sizes=\"(max-width: 500px) 100vw, 500px\" \/><\/a><p id=\"caption-attachment-15217\" class=\"wp-caption-text\">Blick \u00fcber das Waldmeer des Spessarts bei Neuh\u00fctten. \u00a9 Oliver Kaiser<\/p><\/div>\n<p>Der Spessart \u2013 Ort der Mythen und Legenden. Wassernixen sollen einst in den B\u00e4chen und Fl\u00fcssen gelebt und Wandersleute verzaubert haben. Adlige Jagdgesellschaften und R\u00e4uber durchstreiften die W\u00e4lder. In den Nachkriegsjahren wurde die Region durch den Film \u201eDas Wirtshaus im Spessart\u201c deutschlandweit bekannt. Das Wasserschloss in Mespelbrunn diente als Drehort f\u00fcr die romantische R\u00e4uberballade.<\/p>\n<div id=\"attachment_15223\" style=\"width: 510px\" class=\"wp-caption aligncenter\"><a href=\"https:\/\/www.naturparkmagazin.de\/vdn\/wp-content\/uploads\/sites\/3\/Portrait_Wasserschloss-Mespelbrunn-Spessart-Mainland-Holger-Leue_kl.jpg\"><img aria-describedby=\"caption-attachment-15223\" decoding=\"async\" loading=\"lazy\" class=\"wp-image-15223 size-full\" src=\"https:\/\/www.naturparkmagazin.de\/vdn\/wp-content\/uploads\/sites\/3\/Portrait_Wasserschloss-Mespelbrunn-Spessart-Mainland-Holger-Leue_kl.jpg\" alt=\"Das ber\u00fchmte Wasserschloss in Mespelbrunn kann im Rahmen von F\u00fchrungen besichtigt werden (Foto: Spessart-Mainland Holger Leue)\" width=\"500\" height=\"333\" srcset=\"https:\/\/www.naturparkmagazin.de\/vdn\/wp-content\/uploads\/sites\/3\/Portrait_Wasserschloss-Mespelbrunn-Spessart-Mainland-Holger-Leue_kl.jpg 500w, https:\/\/www.naturparkmagazin.de\/vdn\/wp-content\/uploads\/sites\/3\/Portrait_Wasserschloss-Mespelbrunn-Spessart-Mainland-Holger-Leue_kl-300x200.jpg 300w, https:\/\/www.naturparkmagazin.de\/vdn\/wp-content\/uploads\/sites\/3\/Portrait_Wasserschloss-Mespelbrunn-Spessart-Mainland-Holger-Leue_kl-200x133.jpg 200w\" sizes=\"(max-width: 500px) 100vw, 500px\" \/><\/a><p id=\"caption-attachment-15223\" class=\"wp-caption-text\">Das ber\u00fchmte Wasserschloss in Mespelbrunn kann im Rahmen von F\u00fchrungen besichtigt werden. \u00a9 Spessart-Mainland, Holger Leue<\/p><\/div>\n<p>Betrachtet man den Spessart aus der Luft, gleicht er einem \u201eWaldmeer\u201c: Wie Inseln in einem gr\u00fcnen Ozean liegen die wenigen Siedlungen und landwirtschaftlich genutzten Fl\u00e4chen darin. Mehr als 70 Prozent der Fl\u00e4che sind von Wald bedeckt; im Zentralspessart sogar 85 Prozent. Damit geh\u00f6ren wir zu den gr\u00f6\u00dften zusammenh\u00e4ngenden Laubwaldgebieten in Mitteleuropa. Die bewaldeten H\u00f6henz\u00fcge werden von gro\u00dfen Flusst\u00e4lern eingerahmt \u2013 gem\u00e4\u00df dem Merkspruch \u201eKinzig, Sinn und Main schlie\u00dfen rings den Spessart ein.<\/p>\n<p><strong>Geschichte<\/strong><\/p>\n<p>Den Adligen dienten die weitl\u00e4ufigen W\u00e4lder \u00fcber Jahrhunderte als Jagdgebiet. Erst im 12. und 13. Jahrhundert duldete die Obrigkeit die Ansiedlung von Bergbausiedlungen und Glash\u00fctten. Die Produkte dieser Glas- und Spiegelmanufakturen waren gefragt und brachten bescheidenen Wohlstand in die D\u00f6rfer.\nNach dem Niedergang des Glasmacherwesens blieben die karge Landwirtschaft und die Forstwirtschaft als Einnahmequelle. Holz wurde europaweit verkauft, zum Beispiel f\u00fcr den Schiffsbau. Auch Venedig ruht auf Eichenpf\u00e4hlen aus dem Spechtswald. Heute sind unsere Eichen als Furnier weltweit gefragt.<\/p>\n<p><strong>Schutz<\/strong><\/p>\n<p>Um die wertvollen W\u00e4lder zu sch\u00fctzen, und f\u00fcr die Erholungsnutzung zu sichern, wies die bayerische Staatsregierung 1960 den 1.700 km\u00b2 gro\u00dfen bayerischen Teil des Spessarts als Naturpark aus. 1963 wurde der Naturpark Spessart e.V. als zugeh\u00f6rige Tr\u00e4gerverein gegr\u00fcndet. Heute haben wir zehn Mitarbeitende, darunter drei Naturpark-Ranger:innen und zwei Gebietsbetreuer f\u00fcr Gr\u00fcnland. Dazu kommen fast 80 ehrenamtlich aktive Naturparkf\u00fchrerinnen und \u2013f\u00fchrer.<\/p>\n<div id=\"attachment_15221\" style=\"width: 510px\" class=\"wp-caption aligncenter\"><a href=\"https:\/\/www.naturparkmagazin.de\/vdn\/wp-content\/uploads\/sites\/3\/Portrait_Totholz-im-NSG-Rohrberg_Oliver-Kaiser_kl.jpg\"><img aria-describedby=\"caption-attachment-15221\" decoding=\"async\" loading=\"lazy\" class=\"wp-image-15221 size-full\" src=\"https:\/\/www.naturparkmagazin.de\/vdn\/wp-content\/uploads\/sites\/3\/Portrait_Totholz-im-NSG-Rohrberg_Oliver-Kaiser_kl.jpg\" alt=\"Totholz im Naturschutzgebiet Rohrberg (Foto: Oliver Kaiser)\" width=\"500\" height=\"375\" srcset=\"https:\/\/www.naturparkmagazin.de\/vdn\/wp-content\/uploads\/sites\/3\/Portrait_Totholz-im-NSG-Rohrberg_Oliver-Kaiser_kl.jpg 500w, https:\/\/www.naturparkmagazin.de\/vdn\/wp-content\/uploads\/sites\/3\/Portrait_Totholz-im-NSG-Rohrberg_Oliver-Kaiser_kl-300x225.jpg 300w, https:\/\/www.naturparkmagazin.de\/vdn\/wp-content\/uploads\/sites\/3\/Portrait_Totholz-im-NSG-Rohrberg_Oliver-Kaiser_kl-420x315.jpg 420w, https:\/\/www.naturparkmagazin.de\/vdn\/wp-content\/uploads\/sites\/3\/Portrait_Totholz-im-NSG-Rohrberg_Oliver-Kaiser_kl-180x135.jpg 180w, https:\/\/www.naturparkmagazin.de\/vdn\/wp-content\/uploads\/sites\/3\/Portrait_Totholz-im-NSG-Rohrberg_Oliver-Kaiser_kl-95x71.jpg 95w, https:\/\/www.naturparkmagazin.de\/vdn\/wp-content\/uploads\/sites\/3\/Portrait_Totholz-im-NSG-Rohrberg_Oliver-Kaiser_kl-200x150.jpg 200w\" sizes=\"(max-width: 500px) 100vw, 500px\" \/><\/a><p id=\"caption-attachment-15221\" class=\"wp-caption-text\">Totholz im Naturschutzgebiet Rohrberg. \u00a9 Oliver Kaiser<\/p><\/div>\n<p><strong>Freizeit und Erholung<\/strong><\/p>\n<p>Der Spessart lockt Reisende: Mit einer intakten Natur- und vielseitigen Kulturlandschaft sowie \u2013 dank engagierter Menschen \u2013 einem vielf\u00e4ltigen Freizeitangebot.<\/p>\n<p>Vor allem als Wandereldorado sind wir bundesweit bekannt: Unser \u201eR\u00c4UBERLAND\u201c geh\u00f6rt zu den wenigen \u201eQualit\u00e4tsregionen Wanderbares Deutschland\u201c. Au\u00dferdem verlaufen drei zertifizierte Fernwanderwege durch den Naturpark Spessart. Unsere \u00fcber 100 Europ\u00e4ischen Kulturwege sind einzigartig in Deutschland; hinzu kommen zahlreiche Lehr- und Erlebnispfade sowie zertifizierte barrierefreie Wege.<\/p>\n<div id=\"attachment_15220\" style=\"width: 510px\" class=\"wp-caption aligncenter\"><a href=\"https:\/\/www.naturparkmagazin.de\/vdn\/wp-content\/uploads\/sites\/3\/Portrait_Rast-an-der-Gemeindem\u00fchle-Rothenbuch-Spessart-Mainland-Holger-Leue_kl.jpg\"><img aria-describedby=\"caption-attachment-15220\" decoding=\"async\" loading=\"lazy\" class=\"wp-image-15220 size-full\" src=\"https:\/\/www.naturparkmagazin.de\/vdn\/wp-content\/uploads\/sites\/3\/Portrait_Rast-an-der-Gemeindem\u00fchle-Rothenbuch-Spessart-Mainland-Holger-Leue_kl.jpg\" alt=\"Rast an der Gemeindem\u00fchle Rothenbuch (Foto: Spessart-Mainland Holger Leue)\" width=\"500\" height=\"333\" srcset=\"https:\/\/www.naturparkmagazin.de\/vdn\/wp-content\/uploads\/sites\/3\/Portrait_Rast-an-der-Gemeindem\u00fchle-Rothenbuch-Spessart-Mainland-Holger-Leue_kl.jpg 500w, https:\/\/www.naturparkmagazin.de\/vdn\/wp-content\/uploads\/sites\/3\/Portrait_Rast-an-der-Gemeindem\u00fchle-Rothenbuch-Spessart-Mainland-Holger-Leue_kl-300x200.jpg 300w, https:\/\/www.naturparkmagazin.de\/vdn\/wp-content\/uploads\/sites\/3\/Portrait_Rast-an-der-Gemeindem\u00fchle-Rothenbuch-Spessart-Mainland-Holger-Leue_kl-200x133.jpg 200w\" sizes=\"(max-width: 500px) 100vw, 500px\" \/><\/a><p id=\"caption-attachment-15220\" class=\"wp-caption-text\">Rast an der Gemeindem\u00fchle Rothenbuch. \u00a9 Spessart-Mainland, Holger Leue<\/p><\/div>\n<p>F\u00fcr Radfahrende hat der Spessart viel zu bieten. Genussradler:innen sch\u00e4tzen die idyllischen Fluss- und Bacht\u00e4ler mit ihren sanften Bergen. Radelnde mit Pedelecs nutzen das preisegekr\u00f6nte Ladenetz \u201eWald erFahren\u201c. Wer sich lieber ambitioniert auf\u2018s Mountainbike oder Rennrad schwingt, findet passende Routen und Trails bei \u201eBikewald Spessart\u201c.<\/p>\n<div id=\"attachment_15219\" style=\"width: 510px\" class=\"wp-caption aligncenter\"><a href=\"https:\/\/www.naturparkmagazin.de\/vdn\/wp-content\/uploads\/sites\/3\/Portrait_Mountainbiker_Spessart-Mainland-Holger-Leue_kl.jpg\"><img aria-describedby=\"caption-attachment-15219\" decoding=\"async\" loading=\"lazy\" class=\"wp-image-15219 size-full\" src=\"https:\/\/www.naturparkmagazin.de\/vdn\/wp-content\/uploads\/sites\/3\/Portrait_Mountainbiker_Spessart-Mainland-Holger-Leue_kl.jpg\" alt=\"Der Naturpark Spessart bietet zahlreiche attraktive Trails und Touren f\u00fcr Radfahrer und Mountainbiker (Foto: Spessart-Mainland Holger Leue)\" width=\"500\" height=\"333\" srcset=\"https:\/\/www.naturparkmagazin.de\/vdn\/wp-content\/uploads\/sites\/3\/Portrait_Mountainbiker_Spessart-Mainland-Holger-Leue_kl.jpg 500w, https:\/\/www.naturparkmagazin.de\/vdn\/wp-content\/uploads\/sites\/3\/Portrait_Mountainbiker_Spessart-Mainland-Holger-Leue_kl-300x200.jpg 300w, https:\/\/www.naturparkmagazin.de\/vdn\/wp-content\/uploads\/sites\/3\/Portrait_Mountainbiker_Spessart-Mainland-Holger-Leue_kl-200x133.jpg 200w\" sizes=\"(max-width: 500px) 100vw, 500px\" \/><\/a><p id=\"caption-attachment-15219\" class=\"wp-caption-text\">Der Naturpark Spessart bietet zahlreiche attraktive Trails und Touren f\u00fcr Radfahrer und Mountainbiker. \u00a9: Spessart-Mainland, Holger Leue<\/p><\/div>\n<p>Egal, wie man sich fortbewegt: Unsere Burglandschaft mit Schl\u00f6ssern, Kl\u00f6stern und hoch \u00fcber dem Main thronenden Ruinen sucht bundesweit ihresgleichen. Die Ufer des Mains und die Weinberge laden zum Flanieren und Genie\u00dfen ein. Malerische St\u00e4dte wie Aschaffenburg, Lohr, Miltenberg, Gem\u00fcnden, Karlstadt und Marktheidenfeld bieten historisches Fachwerk-Flair in pittoresken Gassen.<\/p>\n<div id=\"attachment_15218\" style=\"width: 510px\" class=\"wp-caption aligncenter\"><a href=\"https:\/\/www.naturparkmagazin.de\/vdn\/wp-content\/uploads\/sites\/3\/Portrait_Mainschleife-bei-Keuzwertheim_Dieter-Stockmann_kl.jpg\"><img aria-describedby=\"caption-attachment-15218\" decoding=\"async\" loading=\"lazy\" class=\"wp-image-15218 size-full\" src=\"https:\/\/www.naturparkmagazin.de\/vdn\/wp-content\/uploads\/sites\/3\/Portrait_Mainschleife-bei-Keuzwertheim_Dieter-Stockmann_kl.jpg\" alt=\"Der Main umrahmt den Naturpark von drei Seiten - hier die Mainschleife bei Keuzwertheim (Foto: Dieter Stockmann)\" width=\"500\" height=\"333\" srcset=\"https:\/\/www.naturparkmagazin.de\/vdn\/wp-content\/uploads\/sites\/3\/Portrait_Mainschleife-bei-Keuzwertheim_Dieter-Stockmann_kl.jpg 500w, https:\/\/www.naturparkmagazin.de\/vdn\/wp-content\/uploads\/sites\/3\/Portrait_Mainschleife-bei-Keuzwertheim_Dieter-Stockmann_kl-300x200.jpg 300w, https:\/\/www.naturparkmagazin.de\/vdn\/wp-content\/uploads\/sites\/3\/Portrait_Mainschleife-bei-Keuzwertheim_Dieter-Stockmann_kl-200x133.jpg 200w\" sizes=\"(max-width: 500px) 100vw, 500px\" \/><\/a><p id=\"caption-attachment-15218\" class=\"wp-caption-text\">Der Main umrahmt den Naturpark von drei Seiten &#8211; hier die Mainschleife bei Keuzwertheim. \u00a9 Dieter Stockmann<\/p><\/div>\n<p>&nbsp;<\/p>\n","protected":false},"excerpt":{"rendered":"<p>Betrachtet man den Spessart aus der Luft, gleicht er einem \u201eWaldmeer\u201c; mehr als 70 Prozent der Fl\u00e4che sind von Wald bedeckt. Doch auch geschichtlich hat der Spessart viel zu bieten.<\/p>\n","protected":false},"author":73,"featured_media":15223,"comment_status":"open","ping_status":"open","sticky":false,"template":"","format":"standard","meta":{"_links_to":"","_links_to_target":""},"categories":[15],"tags":[262,744,238,91,1235],"yoast_head":"<!-- This site is optimized with the Yoast SEO plugin v19.10 - https:\/\/yoast.com\/wordpress\/plugins\/seo\/ -->\n<title>Willkommen im Naturpark Spessart!<\/title>\n<meta name=\"description\" content=\"Betrachtet man den Spessart aus der Luft, gleicht er einem \u201eWaldmeer\u201c; mehr als 70 Prozent der Fl\u00e4che sind von Wald bedeckt. Doch auch geschichtlich hat der Spessart viel zu bieten.\" \/>\n<meta name=\"robots\" content=\"index, follow, max-snippet:-1, max-image-preview:large, max-video-preview:-1\" \/>\n<link rel=\"canonical\" href=\"https:\/\/www.naturparkmagazin.de\/vdn\/willkommen-im-naturpark-spessart\/\" \/>\n<meta property=\"og:locale\" content=\"de_DE\" \/>\n<meta property=\"og:type\" content=\"article\" \/>\n<meta property=\"og:title\" content=\"Willkommen im Naturpark Spessart!\" \/>\n<meta property=\"og:description\" content=\"Betrachtet man den Spessart aus der Luft, gleicht er einem \u201eWaldmeer\u201c; mehr als 70 Prozent der Fl\u00e4che sind von Wald bedeckt. Doch auch geschichtlich hat der Spessart viel zu bieten.\" \/>\n<meta property=\"og:url\" content=\"https:\/\/www.naturparkmagazin.de\/vdn\/willkommen-im-naturpark-spessart\/\" \/>\n<meta property=\"og:site_name\" content=\"Verband Deutscher Naturparke\" \/>\n<meta property=\"article:published_time\" content=\"2022-10-30T11:12:58+00:00\" \/>\n<meta property=\"article:modified_time\" content=\"2022-11-16T12:38:06+00:00\" \/>\n<meta property=\"og:image\" content=\"https:\/\/www.naturparkmagazin.de\/vdn\/wp-content\/uploads\/sites\/3\/Portrait_Wasserschloss-Mespelbrunn-Spessart-Mainland-Holger-Leue_kl.jpg\" \/>\n\t<meta property=\"og:image:width\" content=\"500\" \/>\n\t<meta property=\"og:image:height\" content=\"333\" \/>\n\t<meta property=\"og:image:type\" content=\"image\/jpeg\" \/>\n<meta name=\"author\" content=\"manuelamerz\" \/>\n<meta name=\"twitter:label1\" content=\"Verfasst von\" \/>\n\t<meta name=\"twitter:data1\" content=\"manuelamerz\" \/>\n\t<meta name=\"twitter:label2\" content=\"Gesch\u00e4tzte Lesezeit\" \/>\n\t<meta name=\"twitter:data2\" content=\"3\u00a0Minuten\" \/>\n<script type=\"application\/ld+json\" class=\"yoast-schema-graph\">{\"@context\":\"https:\/\/schema.org\",\"@graph\":[{\"@type\":\"WebPage\",\"@id\":\"https:\/\/www.naturparkmagazin.de\/vdn\/willkommen-im-naturpark-spessart\/\",\"url\":\"https:\/\/www.naturparkmagazin.de\/vdn\/willkommen-im-naturpark-spessart\/\",\"name\":\"Willkommen im Naturpark Spessart!\",\"isPartOf\":{\"@id\":\"https:\/\/www.naturparkmagazin.de\/vdn\/#website\"},\"datePublished\":\"2022-10-30T11:12:58+00:00\",\"dateModified\":\"2022-11-16T12:38:06+00:00\",\"author\":{\"@id\":\"https:\/\/www.naturparkmagazin.de\/vdn\/#\/schema\/person\/3cff9b8773ed55f0189255fa9adfd57c\"},\"description\":\"Betrachtet man den Spessart aus der Luft, gleicht er einem \u201eWaldmeer\u201c; mehr als 70 Prozent der Fl\u00e4che sind von Wald bedeckt. Doch auch geschichtlich hat der Spessart viel zu bieten.\",\"breadcrumb\":{\"@id\":\"https:\/\/www.naturparkmagazin.de\/vdn\/willkommen-im-naturpark-spessart\/#breadcrumb\"},\"inLanguage\":\"de\",\"potentialAction\":[{\"@type\":\"ReadAction\",\"target\":[\"https:\/\/www.naturparkmagazin.de\/vdn\/willkommen-im-naturpark-spessart\/\"]}]},{\"@type\":\"BreadcrumbList\",\"@id\":\"https:\/\/www.naturparkmagazin.de\/vdn\/willkommen-im-naturpark-spessart\/#breadcrumb\",\"itemListElement\":[{\"@type\":\"ListItem\",\"position\":1,\"name\":\"Home\",\"item\":\"https:\/\/www.naturparkmagazin.de\/vdn\/\"},{\"@type\":\"ListItem\",\"position\":2,\"name\":\"Willkommen im Naturpark Spessart!\"}]},{\"@type\":\"WebSite\",\"@id\":\"https:\/\/www.naturparkmagazin.de\/vdn\/#website\",\"url\":\"https:\/\/www.naturparkmagazin.de\/vdn\/\",\"name\":\"Verband Deutscher Naturparke\",\"description\":\"Eine weitere Naturparkmagazin.de Netzwerk Seite\",\"potentialAction\":[{\"@type\":\"SearchAction\",\"target\":{\"@type\":\"EntryPoint\",\"urlTemplate\":\"https:\/\/www.naturparkmagazin.de\/vdn\/?s={search_term_string}\"},\"query-input\":\"required name=search_term_string\"}],\"inLanguage\":\"de\"},{\"@type\":\"Person\",\"@id\":\"https:\/\/www.naturparkmagazin.de\/vdn\/#\/schema\/person\/3cff9b8773ed55f0189255fa9adfd57c\",\"name\":\"manuelamerz\",\"url\":\"https:\/\/www.naturparkmagazin.de\/vdn\/author\/manuelamerz\/\"}]}<\/script>\n<!-- \/ Yoast SEO plugin. -->","yoast_head_json":{"title":"Willkommen im Naturpark Spessart!","description":"Betrachtet man den Spessart aus der Luft, gleicht er einem \u201eWaldmeer\u201c; mehr als 70 Prozent der Fl\u00e4che sind von Wald bedeckt. Doch auch geschichtlich hat der Spessart viel zu bieten.","robots":{"index":"index","follow":"follow","max-snippet":"max-snippet:-1","max-image-preview":"max-image-preview:large","max-video-preview":"max-video-preview:-1"},"canonical":"https:\/\/www.naturparkmagazin.de\/vdn\/willkommen-im-naturpark-spessart\/","og_locale":"de_DE","og_type":"article","og_title":"Willkommen im Naturpark Spessart!","og_description":"Betrachtet man den Spessart aus der Luft, gleicht er einem \u201eWaldmeer\u201c; mehr als 70 Prozent der Fl\u00e4che sind von Wald bedeckt. Doch auch geschichtlich hat der Spessart viel zu bieten.","og_url":"https:\/\/www.naturparkmagazin.de\/vdn\/willkommen-im-naturpark-spessart\/","og_site_name":"Verband Deutscher Naturparke","article_published_time":"2022-10-30T11:12:58+00:00","article_modified_time":"2022-11-16T12:38:06+00:00","og_image":[{"width":500,"height":333,"url":"https:\/\/www.naturparkmagazin.de\/vdn\/wp-content\/uploads\/sites\/3\/Portrait_Wasserschloss-Mespelbrunn-Spessart-Mainland-Holger-Leue_kl.jpg","type":"image\/jpeg"}],"author":"manuelamerz","twitter_misc":{"Verfasst von":"manuelamerz","Gesch\u00e4tzte Lesezeit":"3\u00a0Minuten"},"schema":{"@context":"https:\/\/schema.org","@graph":[{"@type":"WebPage","@id":"https:\/\/www.naturparkmagazin.de\/vdn\/willkommen-im-naturpark-spessart\/","url":"https:\/\/www.naturparkmagazin.de\/vdn\/willkommen-im-naturpark-spessart\/","name":"Willkommen im Naturpark Spessart!","isPartOf":{"@id":"https:\/\/www.naturparkmagazin.de\/vdn\/#website"},"datePublished":"2022-10-30T11:12:58+00:00","dateModified":"2022-11-16T12:38:06+00:00","author":{"@id":"https:\/\/www.naturparkmagazin.de\/vdn\/#\/schema\/person\/3cff9b8773ed55f0189255fa9adfd57c"},"description":"Betrachtet man den Spessart aus der Luft, gleicht er einem \u201eWaldmeer\u201c; mehr als 70 Prozent der Fl\u00e4che sind von Wald bedeckt. Doch auch geschichtlich hat der Spessart viel zu bieten.","breadcrumb":{"@id":"https:\/\/www.naturparkmagazin.de\/vdn\/willkommen-im-naturpark-spessart\/#breadcrumb"},"inLanguage":"de","potentialAction":[{"@type":"ReadAction","target":["https:\/\/www.naturparkmagazin.de\/vdn\/willkommen-im-naturpark-spessart\/"]}]},{"@type":"BreadcrumbList","@id":"https:\/\/www.naturparkmagazin.de\/vdn\/willkommen-im-naturpark-spessart\/#breadcrumb","itemListElement":[{"@type":"ListItem","position":1,"name":"Home","item":"https:\/\/www.naturparkmagazin.de\/vdn\/"},{"@type":"ListItem","position":2,"name":"Willkommen im Naturpark Spessart!"}]},{"@type":"WebSite","@id":"https:\/\/www.naturparkmagazin.de\/vdn\/#website","url":"https:\/\/www.naturparkmagazin.de\/vdn\/","name":"Verband Deutscher Naturparke","description":"Eine weitere Naturparkmagazin.de Netzwerk Seite","potentialAction":[{"@type":"SearchAction","target":{"@type":"EntryPoint","urlTemplate":"https:\/\/www.naturparkmagazin.de\/vdn\/?s={search_term_string}"},"query-input":"required name=search_term_string"}],"inLanguage":"de"},{"@type":"Person","@id":"https:\/\/www.naturparkmagazin.de\/vdn\/#\/schema\/person\/3cff9b8773ed55f0189255fa9adfd57c","name":"manuelamerz","url":"https:\/\/www.naturparkmagazin.de\/vdn\/author\/manuelamerz\/"}]}},"_links":{"self":[{"href":"https:\/\/www.naturparkmagazin.de\/vdn\/wp-json\/wp\/v2\/posts\/15216"}],"collection":[{"href":"https:\/\/www.naturparkmagazin.de\/vdn\/wp-json\/wp\/v2\/posts"}],"about":[{"href":"https:\/\/www.naturparkmagazin.de\/vdn\/wp-json\/wp\/v2\/types\/post"}],"author":[{"embeddable":true,"href":"https:\/\/www.naturparkmagazin.de\/vdn\/wp-json\/wp\/v2\/users\/73"}],"replies":[{"embeddable":true,"href":"https:\/\/www.naturparkmagazin.de\/vdn\/wp-json\/wp\/v2\/comments?post=15216"}],"version-history":[{"count":4,"href":"https:\/\/www.naturparkmagazin.de\/vdn\/wp-json\/wp\/v2\/posts\/15216\/revisions"}],"predecessor-version":[{"id":15237,"href":"https:\/\/www.naturparkmagazin.de\/vdn\/wp-json\/wp\/v2\/posts\/15216\/revisions\/15237"}],"wp:featuredmedia":[{"embeddable":true,"href":"https:\/\/www.naturparkmagazin.de\/vdn\/wp-json\/wp\/v2\/media\/15223"}],"wp:attachment":[{"href":"https:\/\/www.naturparkmagazin.de\/vdn\/wp-json\/wp\/v2\/media?parent=15216"}],"wp:term":[{"taxonomy":"category","embeddable":true,"href":"https:\/\/www.naturparkmagazin.de\/vdn\/wp-json\/wp\/v2\/categories?post=15216"},{"taxonomy":"post_tag","embeddable":true,"href":"https:\/\/www.naturparkmagazin.de\/vdn\/wp-json\/wp\/v2\/tags?post=15216"}],"curies":[{"name":"wp","href":"https:\/\/api.w.org\/{rel}","templated":true}]}}